{"id":8669,"date":"2020-12-19T00:00:03","date_gmt":"2020-12-19T06:00:03","guid":{"rendered":"https:\/\/webadedios.com\/blog\/2020\/actividades\/mis-twitts-del-2020-12-12-al-2020-12-18\/"},"modified":"2020-12-19T00:00:03","modified_gmt":"2020-12-19T06:00:03","slug":"mis-twitts-del-2020-12-12-al-2020-12-18","status":"publish","type":"post","link":"https:\/\/webadedios.com\/blog\/2020\/actividades\/mis-twitts-del-2020-12-12-al-2020-12-18\/","title":{"rendered":"Mis twitts del 2020-12-12 al 2020-12-18"},"content":{"rendered":"<ul class=\"ws_tweet_list\">\n<li class=\"ws_tweet\">RT <a href=\"https:\/\/twitter.com\/andresguzbj\">@andresguzbj<\/a>: el uso del cajero, que ella trabajaba en BBVA (mi mam\u00e1 tiene a\u00f1os usando los cajeros autom\u00e1ticos), la reacci\u00f3n de mi mam\u00e1\u2026 <a class=\"ws_tweet_time\" href=\"https:\/\/twitter.com\/webadedios\/statuses\/1340061494319472649\">-&gt;<\/a><\/li>\n<li class=\"ws_tweet\">RT <a href=\"https:\/\/twitter.com\/kraftbot3000\">@kraftbot3000<\/a>: Ojo, nucha atenci\u00f3n con \u00e9stos ladrones! D\u00e9n rt por favor!<br \/>\n<a href=\"https:\/\/twitter.com\/miguelanh\">@miguelanh<\/a> <a href=\"https:\/\/twitter.com\/JJDiazMachuca\">@JJDiazMachuca<\/a> <a href=\"https:\/\/twitter.com\/alex_dm71\">@alex_dm71<\/a> <a href=\"https:\/\/twitter.com\/MariettoPonce\">@MariettoPonce<\/a> <a href=\"https:\/\/twitter.com\/pmigoya\">@pmigoya<\/a> <a href=\"https:\/\/twitter.com\/a\">@a<\/a>\u2026 <a class=\"ws_tweet_time\" href=\"https:\/\/twitter.com\/webadedios\/statuses\/1340061389839339521\">-&gt;<\/a><\/li>\n<li class=\"ws_tweet\">RT <a href=\"https:\/\/twitter.com\/GARCIPAVON\">@GARCIPAVON<\/a>: Les dejo esto a los chairines, y me ir\u00e9 lentamente&#8230;. \u00a1upss! \ud83e\udd2d\ud83e\udd2d\ud83e\udd2d <a href=\"https:\/\/t.co\/9xJuphwhkR\" rel=\"nofollow\">https:\/\/t.co\/9xJuphwhkR<\/a> <a class=\"ws_tweet_time\" href=\"https:\/\/twitter.com\/webadedios\/statuses\/1340040541074059274\">-&gt;<\/a><\/li>\n<li class=\"ws_tweet\"><a href=\"https:\/\/twitter.com\/search?q=%23starwars&amp;src=hash\">#starwars<\/a> <a href=\"https:\/\/twitter.com\/search?q=%23DisneyPlus&amp;src=hash\">#DisneyPlus<\/a><br \/>\n<a href=\"https:\/\/twitter.com\/search?q=%23TheMandalorian&amp;src=hash\">#TheMandalorian<\/a> <a href=\"https:\/\/twitter.com\/search?q=%23ObiWan&amp;src=hash\">#ObiWan<\/a> <a href=\"https:\/\/twitter.com\/search?q=%23RangersOfTheNewRepublic&amp;src=hash\">#RangersOfTheNewRepublic<\/a> <a href=\"https:\/\/twitter.com\/search?q=%23Ahsoka&amp;src=hash\">#Ahsoka<\/a> y m\u00e1s <a href=\"https:\/\/t.co\/dTyd5OVDiQ\" rel=\"nofollow\">https:\/\/t.co\/dTyd5OVDiQ<\/a> <a class=\"ws_tweet_time\" href=\"https:\/\/twitter.com\/webadedios\/statuses\/1340039224251346947\">-&gt;<\/a><\/li>\n<li class=\"ws_tweet\">No se si &quot;The Book of Boba Fett&quot; ser\u00e1 lo que sigue en de The mandalorian o un spinoff <a class=\"ws_tweet_time\" href=\"https:\/\/twitter.com\/webadedios\/statuses\/1340038485311406086\">-&gt;<\/a><\/li>\n<li class=\"ws_tweet\">Ahorita hay 10 nuevos proyectos de star wars en marcha (ir\u00e1n saliendo entre 2021-2023) <a class=\"ws_tweet_time\" href=\"https:\/\/twitter.com\/webadedios\/statuses\/1340038220428554243\">-&gt;<\/a><\/li>\n<li class=\"ws_tweet\">Disney anuncia 2 nuevas series de <a href=\"https:\/\/twitter.com\/search?q=%23StarWars&amp;src=hash\">#StarWars<\/a> exclusivas para Disney+. Un live-action <a href=\"https:\/\/twitter.com\/search?q=%23AhsokaTano&amp;src=hash\">#AhsokaTano<\/a>\n<p>Y la otra es una series de los Rangers. <a class=\"ws_tweet_time\" href=\"https:\/\/twitter.com\/webadedios\/statuses\/1340037826474364929\">-&gt;<\/a><\/li>\n<li class=\"ws_tweet\"><a href=\"https:\/\/twitter.com\/search?q=%23TheMandalorian&amp;src=hash\">#TheMandalorian<\/a><br \/>\n!<\/p>\n<p>\u2022 <a href=\"https:\/\/twitter.com\/search?q=%23AhsokaTano&amp;src=hash\">#AhsokaTano<\/a><\/p>\n<p>\u2022 <a href=\"https:\/\/twitter.com\/search?q=%23BoKatan&amp;src=hash\">#BoKatan<\/a><\/p>\n<p>\u2022 <a href=\"https:\/\/twitter.com\/search?q=%23MoffGideon&amp;src=hash\">#MoffGideon<\/a><\/p>\n<p>\u2022 <a href=\"https:\/\/twitter.com\/search?q=%23FennecShand&amp;src=hash\">#FennecShand<\/a><\/p>\n<p>\u2022 <a href=\"https:\/\/twitter.com\/search?q=%23CaraDune&amp;src=hash\">#CaraDune<\/a><\/p>\n<p>\u2022 <a href=\"https:\/\/twitter.com\/search?q=%23CobbVanth&amp;src=hash\">#CobbVanth<\/a><\/p>\n<p>\u2022\u2026 <a href=\"https:\/\/t.co\/kZZ1tE7Umm\" rel=\"nofollow\">https:\/\/t.co\/kZZ1tE7Umm<\/a> <a class=\"ws_tweet_time\" href=\"https:\/\/twitter.com\/webadedios\/statuses\/1340037325741568004\">-&gt;<\/a><\/li>\n<li class=\"ws_tweet\">Un aumento al salario m\u00ednimo genera presiones inflacionarias pero no necesariamente inflaci\u00f3n. <a class=\"ws_tweet_time\" href=\"https:\/\/twitter.com\/webadedios\/statuses\/1340036538202263553\">-&gt;<\/a><\/li>\n<li class=\"ws_tweet\">RT <a href=\"https:\/\/twitter.com\/NBALAKERSBLOG\">@NBALAKERSBLOG<\/a>: En la encuesta 2020-21 de GMs, <a href=\"https:\/\/twitter.com\/MONSTATREZZ\">@MONSTATREZZ<\/a> fue votado como el 4\u00b0 movimiento m\u00e1s sorpresivo de la temporada baja. <a href=\"https:\/\/twitter.com\/RealJ\">@RealJ<\/a>\u2026 <a class=\"ws_tweet_time\" href=\"https:\/\/twitter.com\/webadedios\/statuses\/1340036433713762304\">-&gt;<\/a><\/li>\n<li class=\"ws_tweet\">RT <a href=\"https:\/\/twitter.com\/NBALAKERSBLOG\">@NBALAKERSBLOG<\/a>: Lakers en la encuesta 2020-21 de GMs:\n<p>1\u00b0 candidatos al t\u00edtulo<br \/>\n1\u00b0 en el Oeste<br \/>\n1\u00b0 equipo que mejor se arm\u00f3 en temporada b\u2026 <a class=\"ws_tweet_time\" href=\"https:\/\/twitter.com\/webadedios\/statuses\/1340036356077203463\">-&gt;<\/a><\/li>\n<li class=\"ws_tweet\">RT <a href=\"https:\/\/twitter.com\/_Big_Bear_76\">@_Big_Bear_76<\/a>: <a href=\"https:\/\/twitter.com\/SChecoPerez\">@SChecoPerez<\/a> Felicidades campe\u00f3n, vendr\u00e1n muchos \u00e9xitos <a class=\"ws_tweet_time\" href=\"https:\/\/twitter.com\/webadedios\/statuses\/1340036301681246210\">-&gt;<\/a><\/li>\n<li class=\"ws_tweet\">[Blog] Pron\u00f3sticos Semana 15 NFL 2020 &#8211; <a href=\"https:\/\/t.co\/TWP4dhIzqV\" rel=\"nofollow\">https:\/\/t.co\/TWP4dhIzqV<\/a> <a class=\"ws_tweet_time\" href=\"https:\/\/twitter.com\/webadedios\/statuses\/1340006876818358274\">-&gt;<\/a><\/li>\n<li class=\"ws_tweet\">RT <a href=\"https:\/\/twitter.com\/NBAMEX\">@NBAMEX<\/a>: Se cumplen 3 a\u00f1os de la ceremonia en la que los <a href=\"https:\/\/twitter.com\/Lakers\">@Lakers<\/a> retiraron los jersey 8\u20e3 y 2\u20e34\u20e3 de Kobe Bryant \ud83d\udc0d\ud83d\udda4. Aquella noche del 18\u2026 <a class=\"ws_tweet_time\" href=\"https:\/\/twitter.com\/webadedios\/statuses\/1340004714331693057\">-&gt;<\/a><\/li>\n<li class=\"ws_tweet\">Ni mirra ni oro ni incienso, estas navidades quiero un abrazo intenso <a class=\"ws_tweet_time\" href=\"https:\/\/twitter.com\/webadedios\/statuses\/1340004457296347136\">-&gt;<\/a><\/li>\n<li class=\"ws_tweet\">RT <a href=\"https:\/\/twitter.com\/GobCDMX\">@GobCDMX<\/a>: Nuestra Ciudad y el <a href=\"https:\/\/twitter.com\/Edomex\">@Edomex<\/a> volvemos a <a href=\"https:\/\/twitter.com\/search?q=%23Sem&amp;src=hash\">#Sem<\/a>\u00e1foroRojo \ud83d\udea6\ud83d\udd34; anunciamos la suspensi\u00f3n de actividades no esenciales a partir de ma\u00f1\u2026 <a class=\"ws_tweet_time\" href=\"https:\/\/twitter.com\/webadedios\/statuses\/1340003874330062849\">-&gt;<\/a><\/li>\n<li class=\"ws_tweet\">CDMX y Edomex activan sem\u00e1foro rojo epidemiol\u00f3gico\n<p>no se que nivel de rojo <a class=\"ws_tweet_time\" href=\"https:\/\/twitter.com\/webadedios\/statuses\/1340003790502682628\">-&gt;<\/a><\/li>\n<li class=\"ws_tweet\">El piloto mexicano Sergio Checo P\u00e9rez (<a href=\"https:\/\/twitter.com\/SChecoPerez\">@SChecoPerez<\/a><br \/>\n) ya es piloto de Red Bull para la pr\u00f3xima temporada de la F1. <a class=\"ws_tweet_time\" href=\"https:\/\/twitter.com\/webadedios\/statuses\/1340003417289330688\">-&gt;<\/a><\/li>\n<li class=\"ws_tweet\"><a href=\"https:\/\/twitter.com\/search?q=%23LukeSkywalker&amp;src=hash\">#LukeSkywalker<\/a> llegando a salvar el 2020 <a class=\"ws_tweet_time\" href=\"https:\/\/twitter.com\/webadedios\/statuses\/1340002866929524737\">-&gt;<\/a><\/li>\n<li class=\"ws_tweet\">El final de temporada de <a href=\"https:\/\/twitter.com\/search?q=%23Mandalorian&amp;src=hash\">#Mandalorian<\/a> fue lo mejor que le ha pasado a la comunidad de star wars en a\u00f1os\n<p>&#8230; Bueno,\u2026 <a href=\"https:\/\/t.co\/uKi3kEmKEg\" rel=\"nofollow\">https:\/\/t.co\/uKi3kEmKEg<\/a> <a class=\"ws_tweet_time\" href=\"https:\/\/twitter.com\/webadedios\/statuses\/1340002723245256706\">-&gt;<\/a><\/li>\n<li class=\"ws_tweet\">Gracias a <a href=\"https:\/\/twitter.com\/search?q=%23TheMandalorian&amp;src=hash\">#TheMandalorian<\/a>, hiciste el final de este 2020 algo espectacular!!! <a class=\"ws_tweet_time\" href=\"https:\/\/twitter.com\/webadedios\/statuses\/1340002329337196545\">-&gt;<\/a><\/li>\n<li class=\"ws_tweet\">Que la fuerza te acompa\u00f1e <a href=\"https:\/\/twitter.com\/search?q=%23TheMandalorian&amp;src=hash\">#TheMandalorian<\/a>\n<p>por que la fuerza esta contigo <a class=\"ws_tweet_time\" href=\"https:\/\/twitter.com\/webadedios\/statuses\/1340002231169499136\">-&gt;<\/a><\/li>\n<li class=\"ws_tweet\">tremendo final de la segunda temporada de <a href=\"https:\/\/twitter.com\/search?q=%23TheMandalorian&amp;src=hash\">#TheMandalorian<\/a>\n<p>final \u00e9pico <a class=\"ws_tweet_time\" href=\"https:\/\/twitter.com\/webadedios\/statuses\/1340002020518969345\">-&gt;<\/a><\/li>\n<li class=\"ws_tweet\">No estoy llorando. No estoy llorando. No estoy llorando. No estoy llorando.\n<p><a href=\"https:\/\/twitter.com\/search?q=%23TheMandalorian&amp;src=hash\">#TheMandalorian<\/a> <a class=\"ws_tweet_time\" href=\"https:\/\/twitter.com\/webadedios\/statuses\/1340001855762542595\">-&gt;<\/a><\/li>\n<li class=\"ws_tweet\">&quot;Soy un Jedi, como mi padre antes de m\u00ed&quot;<br \/>\n<a href=\"https:\/\/twitter.com\/search?q=%23TheMandalorian&amp;src=hash\">#TheMandalorian<\/a> <a class=\"ws_tweet_time\" href=\"https:\/\/twitter.com\/webadedios\/statuses\/1340001485208178688\">-&gt;<\/a><\/li>\n<li class=\"ws_tweet\">final de temporada \u00e9pico<br \/>\n<a href=\"https:\/\/twitter.com\/search?q=%23TheMandalorian&amp;src=hash\">#TheMandalorian<\/a> <\/p>\n<p>hasta llore de la emoci\u00f3n <a class=\"ws_tweet_time\" href=\"https:\/\/twitter.com\/webadedios\/statuses\/1340001113546874880\">-&gt;<\/a><\/li>\n<li class=\"ws_tweet\">que buen final, no me lo vi venir<br \/>\n<a href=\"https:\/\/twitter.com\/search?q=%23TheMandalorian&amp;src=hash\">#TheMandalorian<\/a> <a class=\"ws_tweet_time\" href=\"https:\/\/twitter.com\/webadedios\/statuses\/1340000932772405250\">-&gt;<\/a><\/li>\n<li class=\"ws_tweet\">Esto si es Star Wars! <a href=\"https:\/\/twitter.com\/search?q=%23TheMandalorian&amp;src=hash\">#TheMandalorian<\/a><br \/>\n <a href=\"https:\/\/twitter.com\/search?q=%23LukeSkywalker&amp;src=hash\">#LukeSkywalker<\/a> <a href=\"https:\/\/t.co\/iOCetFPRbF\" rel=\"nofollow\">https:\/\/t.co\/iOCetFPRbF<\/a> <a class=\"ws_tweet_time\" href=\"https:\/\/twitter.com\/webadedios\/statuses\/1340000672004120576\">-&gt;<\/a><\/li>\n<li class=\"ws_tweet\">GRACIAS por entregarnos este maravilloso momento. <a href=\"https:\/\/twitter.com\/search?q=%23TheMandalorian&amp;src=hash\">#TheMandalorian<\/a>\n<p><a href=\"https:\/\/twitter.com\/themandalorian\">@themandalorian<\/a><\/p>\n<p><a href=\"https:\/\/twitter.com\/search?q=%23Mandalorian&amp;src=hash\">#Mandalorian<\/a><br \/>\n <a href=\"https:\/\/twitter.com\/search?q=%23Grogu&amp;src=hash\">#Grogu<\/a><br \/>\n <a href=\"https:\/\/twitter.com\/search?q=%23BoKatan&amp;src=hash\">#BoKatan<\/a>\u2026 <a href=\"https:\/\/t.co\/YJHj2L4Pe9\" rel=\"nofollow\">https:\/\/t.co\/YJHj2L4Pe9<\/a> <a class=\"ws_tweet_time\" href=\"https:\/\/twitter.com\/webadedios\/statuses\/1340000418236149763\">-&gt;<\/a><\/li>\n<li class=\"ws_tweet\"><a href=\"https:\/\/twitter.com\/search?q=%23TheMandalorian&amp;src=hash\">#TheMandalorian<\/a> es de lo mejor que le ha pasado a Star Wars <a class=\"ws_tweet_time\" href=\"https:\/\/twitter.com\/webadedios\/statuses\/1340000264150020099\">-&gt;<\/a><\/li>\n<li class=\"ws_tweet\">Impresionante\n<p><a href=\"https:\/\/twitter.com\/search?q=%23TheMandalorian&amp;src=hash\">#TheMandalorian<\/a><br \/>\n <a href=\"https:\/\/twitter.com\/search?q=%23TheChild&amp;src=hash\">#TheChild<\/a> <a class=\"ws_tweet_time\" href=\"https:\/\/twitter.com\/webadedios\/statuses\/1340000116137189376\">-&gt;<\/a><\/li>\n<li class=\"ws_tweet\">Parece que continuaremos <a href=\"https:\/\/twitter.com\/search?q=%23TheMandalorian&amp;src=hash\">#TheMandalorian<\/a> con <a href=\"https:\/\/twitter.com\/search?q=%23BobaFett&amp;src=hash\">#BobaFett<\/a>, a esperar hasta el 2021 <a class=\"ws_tweet_time\" href=\"https:\/\/twitter.com\/webadedios\/statuses\/1339999910767243266\">-&gt;<\/a><\/li>\n<li class=\"ws_tweet\">Que gran final de The Mandalorian, me hizo explotar la cabeza de emoci\u00f3n <a class=\"ws_tweet_time\" href=\"https:\/\/twitter.com\/webadedios\/statuses\/1339999550279479302\">-&gt;<\/a><\/li>\n<li class=\"ws_tweet\">vamos a ver  <a href=\"https:\/\/twitter.com\/search?q=%23TheMandalorian&amp;src=hash\">#TheMandalorian<\/a>\n<p>y algo pas\u00f3, por que veo que twitter se esta volviendo loco <a class=\"ws_tweet_time\" href=\"https:\/\/twitter.com\/webadedios\/statuses\/1339960503054037000\">-&gt;<\/a><\/li>\n<li class=\"ws_tweet\">RT <a href=\"https:\/\/twitter.com\/irmoralesl\">@irmoralesl<\/a>: Pareciera que AMLO le debe muchos favores a alguien: suelta criminales, incentiva el lavado de dinero, anula la cooperaci\u00f3n\u2026 <a class=\"ws_tweet_time\" href=\"https:\/\/twitter.com\/webadedios\/statuses\/1339949209152335872\">-&gt;<\/a><\/li>\n<li class=\"ws_tweet\">Hoy hubiera sido el cumplea\u00f1os de Gianco, se te extra\u00f1a amigo <a class=\"ws_tweet_time\" href=\"https:\/\/twitter.com\/webadedios\/statuses\/1339949168916312066\">-&gt;<\/a><\/li>\n<li class=\"ws_tweet\">El gobierno de <a href=\"https:\/\/twitter.com\/lopezobrador_\">@lopezobrador_<\/a> es el peor de todos los tiempos, eso hace que, los gobiernos del PRI sean menos peores que Morena. <a class=\"ws_tweet_time\" href=\"https:\/\/twitter.com\/webadedios\/statuses\/1339854624778571779\">-&gt;<\/a><\/li>\n<li class=\"ws_tweet\">RT <a href=\"https:\/\/twitter.com\/PaolaSaeb\">@PaolaSaeb<\/a>: Hace  unos meses a la magistrada  Celia Maya la nomin\u00f3 AMLO para ser ministra de la SCJN argumentando q era apartidista e im\u2026 <a class=\"ws_tweet_time\" href=\"https:\/\/twitter.com\/webadedios\/statuses\/1339854132723781632\">-&gt;<\/a><\/li>\n<li class=\"ws_tweet\">RT <a href=\"https:\/\/twitter.com\/VotoUtil2021\">@VotoUtil2021<\/a>: Quiero vivir lo suficiente para contarle a las nuevas generaciones, como sobrevivimos al COVID-19 y al gobierno m\u00e1s crimi\u2026 <a class=\"ws_tweet_time\" href=\"https:\/\/twitter.com\/webadedios\/statuses\/1339853935419469824\">-&gt;<\/a><\/li>\n<li class=\"ws_tweet\">RT <a href=\"https:\/\/twitter.com\/Antizombies\">@Antizombies<\/a>: <a href=\"https:\/\/twitter.com\/LOVREGA\">@LOVREGA<\/a> \u00c9ste PRI?<br \/>\nPorque est\u00e1n en Morena<br \/>\nPunto. <a href=\"https:\/\/t.co\/eYMH1H8WWA\" rel=\"nofollow\">https:\/\/t.co\/eYMH1H8WWA<\/a> <a class=\"ws_tweet_time\" href=\"https:\/\/twitter.com\/webadedios\/statuses\/1339853857648742401\">-&gt;<\/a><\/li>\n<li class=\"ws_tweet\">RT <a href=\"https:\/\/twitter.com\/fuedicho\">@fuedicho<\/a>: \u201cHasta un ateo necesita a Dios para negarlo\u201d.<br \/>\nMiguel de Unamuno<br \/>\n<a href=\"https:\/\/twitter.com\/search?q=%23Fuedicho&amp;src=hash\">#Fuedicho<\/a> <a href=\"https:\/\/t.co\/NFxjTTqhlZ\" rel=\"nofollow\">https:\/\/t.co\/NFxjTTqhlZ<\/a> <a class=\"ws_tweet_time\" href=\"https:\/\/twitter.com\/webadedios\/statuses\/1339853721396793344\">-&gt;<\/a><\/li>\n<li class=\"ws_tweet\">despu\u00e9s de 8 meses fui al cine a ver mujer maravilla <a class=\"ws_tweet_time\" href=\"https:\/\/twitter.com\/webadedios\/statuses\/1339851467054862336\">-&gt;<\/a><\/li>\n<li class=\"ws_tweet\">RT <a href=\"https:\/\/twitter.com\/MaxKaiser75\">@MaxKaiser75<\/a>: En medio de la PEOR crisis econ\u00f3mica de la historia de este pa\u00eds el presidente cree que la mejor idea es una guerra abiert\u2026 <a class=\"ws_tweet_time\" href=\"https:\/\/twitter.com\/webadedios\/statuses\/1339849795259785216\">-&gt;<\/a><\/li>\n<li class=\"ws_tweet\">RT <a href=\"https:\/\/twitter.com\/RiosCorona222\">@RiosCorona222<\/a>: \u201cQueremos que nos roben otros\u201d vociferaban los amlovers\n<p>Bartlett, Irma Er\u00e9ndira, Monreal, Mario Delgado, Yeidckol, Nah\u2026 <a class=\"ws_tweet_time\" href=\"https:\/\/twitter.com\/webadedios\/statuses\/1339848966515601408\">-&gt;<\/a><\/li>\n<li class=\"ws_tweet\">RT <a href=\"https:\/\/twitter.com\/fmartinmoreno\">@fmartinmoreno<\/a>: \u00bfLlegar\u00e1 a la SEP un secretario marxista-leninista-stalinista que pretender\u00e1 educar a la ni\u00f1ez mexicana con doctrinas ec\u2026 <a class=\"ws_tweet_time\" href=\"https:\/\/twitter.com\/webadedios\/statuses\/1339848800291201025\">-&gt;<\/a><\/li>\n<li class=\"ws_tweet\">RT <a href=\"https:\/\/twitter.com\/FelipeCalderon\">@FelipeCalderon<\/a>: Qu\u00e9 terrible, qu\u00e9 pena&#8230; <a href=\"https:\/\/t.co\/MqbwOKI23L\" rel=\"nofollow\">https:\/\/t.co\/MqbwOKI23L<\/a> <a class=\"ws_tweet_time\" href=\"https:\/\/twitter.com\/webadedios\/statuses\/1339848632955260928\">-&gt;<\/a><\/li>\n<li class=\"ws_tweet\">RT <a href=\"https:\/\/twitter.com\/Misha_MashallaH\">@Misha_MashallaH<\/a>: \ud83d\ude02\ud83d\ude02\ud83d\ude02 Genio el que lo hizo. \ud83d\udc4f\ud83c\udffb\ud83d\udc4f\ud83c\udffb\ud83e\udd23\ud83e\udd23\ud83e\udd23 <a href=\"https:\/\/t.co\/Jx7Ur5htcI\" rel=\"nofollow\">https:\/\/t.co\/Jx7Ur5htcI<\/a> <a class=\"ws_tweet_time\" href=\"https:\/\/twitter.com\/webadedios\/statuses\/1339848583630237696\">-&gt;<\/a><\/li>\n<li class=\"ws_tweet\">El IMSS supera su pico m\u00e1ximo de hospitalizaciones por COVID-19 <a class=\"ws_tweet_time\" href=\"https:\/\/twitter.com\/webadedios\/statuses\/1339621293692469248\">-&gt;<\/a><\/li>\n<li class=\"ws_tweet\">En 30 d\u00edas, habr\u00e1 m\u00e1s muertes por COVID, m\u00e1s pobres, m\u00e1s deuda, m\u00e1s desempleo, una fea cuesta de enero, no se ve c\u00f3\u2026 <a href=\"https:\/\/t.co\/VNtSn8l6Vp\" rel=\"nofollow\">https:\/\/t.co\/VNtSn8l6Vp<\/a> <a class=\"ws_tweet_time\" href=\"https:\/\/twitter.com\/webadedios\/statuses\/1339621030214680577\">-&gt;<\/a><\/li>\n<li class=\"ws_tweet\">Tendremos la peor cuesta de enero. <a class=\"ws_tweet_time\" href=\"https:\/\/twitter.com\/webadedios\/statuses\/1339620808621232130\">-&gt;<\/a><\/li>\n<li class=\"ws_tweet\">Preparense para la cuesta de enero, va a subir todo de precio <a class=\"ws_tweet_time\" href=\"https:\/\/twitter.com\/webadedios\/statuses\/1339620615762956288\">-&gt;<\/a><\/li>\n<li class=\"ws_tweet\">wonder woman con la armadura de sagitario\n<p>\u00e9pico <a class=\"ws_tweet_time\" href=\"https:\/\/twitter.com\/webadedios\/statuses\/1339605212881969153\">-&gt;<\/a><\/li>\n<li class=\"ws_tweet\">El presidente franc\u00e9s Macron da positivo por COVID-19 <a class=\"ws_tweet_time\" href=\"https:\/\/twitter.com\/webadedios\/statuses\/1339604924368347136\">-&gt;<\/a><\/li>\n<li class=\"ws_tweet\">Carlos Vela llega al Club Am\u00e9rica&#8230;\n<p>en espera de que sea cierto <a class=\"ws_tweet_time\" href=\"https:\/\/twitter.com\/webadedios\/statuses\/1339604091312418816\">-&gt;<\/a><\/li>\n<li class=\"ws_tweet\">RT <a href=\"https:\/\/twitter.com\/Electroshock00\">@Electroshock00<\/a>: Si esto es realidad en ese a\u00f1o puede cambiar el paradigma del coche el\u00e9ctrico y de alguna marca.\n<p>Toyota prepara un co\u2026 <a class=\"ws_tweet_time\" href=\"https:\/\/twitter.com\/webadedios\/statuses\/1339601646238662661\">-&gt;<\/a><\/li>\n<li class=\"ws_tweet\">RT <a href=\"https:\/\/twitter.com\/aracelibs\">@aracelibs<\/a>: Enero 2020   \/   Diciembre 2020 <a href=\"https:\/\/t.co\/Tktr6N5yaQ\" rel=\"nofollow\">https:\/\/t.co\/Tktr6N5yaQ<\/a> <a class=\"ws_tweet_time\" href=\"https:\/\/twitter.com\/webadedios\/statuses\/1339601505255477257\">-&gt;<\/a><\/li>\n<li class=\"ws_tweet\">Amigo que le vas a Cruz Azul, te mando un fuerte abrazo, te toco un 2&#215;1 este a\u00f1o.<br \/>\n <a href=\"https:\/\/twitter.com\/search?q=%23cruzazuleada&amp;src=hash\">#cruzazuleada<\/a> <a class=\"ws_tweet_time\" href=\"https:\/\/twitter.com\/webadedios\/statuses\/1339601292965019650\">-&gt;<\/a><\/li>\n<li class=\"ws_tweet\">Ordiales se debe ir, Siboldi tuvo buenos n\u00fameros a pesar de los troncos que ten\u00eda de banca. <a class=\"ws_tweet_time\" href=\"https:\/\/twitter.com\/webadedios\/statuses\/1339597500181692417\">-&gt;<\/a><\/li>\n<li class=\"ws_tweet\">Muchos huevos en gritarle a siboldi <a href=\"https:\/\/twitter.com\/Caragliom9\">@Caragliom9<\/a><br \/>\n  y a la hora buena no haces ni madres <a class=\"ws_tweet_time\" href=\"https:\/\/twitter.com\/webadedios\/statuses\/1339597376395231232\">-&gt;<\/a><\/li>\n<\/ul>\n<!--CusAds0-->\n<div style=\"font-size: 0px; height: 0px; line-height: 0px; margin: 0; padding: 0; clear: both;\"><\/div>","protected":false},"excerpt":{"rendered":"<p>Mis twitts del 2020-12-12 al 2020-12-18<\/p>\n","protected":false},"author":1,"featured_media":0,"comment_status":"open","ping_status":"open","sticky":false,"template":"","format":"standard","meta":{"footnotes":""},"categories":[2],"tags":[1878,966,1876,1877,1720,60],"class_list":["post-8669","post","type-post","status-publish","format-standard","hentry","category-actividades","tag-digo","tag-red","tag-social","tag-tuits","tag-tweets","tag-twitter"],"_links":{"self":[{"href":"https:\/\/webadedios.com\/blog\/wp-json\/wp\/v2\/posts\/8669","targetHints":{"allow":["GET"]}}],"collection":[{"href":"https:\/\/webadedios.com\/blog\/wp-json\/wp\/v2\/posts"}],"about":[{"href":"https:\/\/webadedios.com\/blog\/wp-json\/wp\/v2\/types\/post"}],"author":[{"embeddable":true,"href":"https:\/\/webadedios.com\/blog\/wp-json\/wp\/v2\/users\/1"}],"replies":[{"embeddable":true,"href":"https:\/\/webadedios.com\/blog\/wp-json\/wp\/v2\/comments?post=8669"}],"version-history":[{"count":0,"href":"https:\/\/webadedios.com\/blog\/wp-json\/wp\/v2\/posts\/8669\/revisions"}],"wp:attachment":[{"href":"https:\/\/webadedios.com\/blog\/wp-json\/wp\/v2\/media?parent=8669"}],"wp:term":[{"taxonomy":"category","embeddable":true,"href":"https:\/\/webadedios.com\/blog\/wp-json\/wp\/v2\/categories?post=8669"},{"taxonomy":"post_tag","embeddable":true,"href":"https:\/\/webadedios.com\/blog\/wp-json\/wp\/v2\/tags?post=8669"}],"curies":[{"name":"wp","href":"https:\/\/api.w.org\/{rel}","templated":true}]}}