{"id":8610,"date":"2020-08-19T05:40:00","date_gmt":"2020-08-19T10:40:00","guid":{"rendered":"http:\/\/webadedios.com\/blog\/?p=8610"},"modified":"2020-08-19T05:40:00","modified_gmt":"2020-08-19T10:40:00","slug":"mis-twitts-del-2020-08-12-al-2020-08-18","status":"publish","type":"post","link":"https:\/\/webadedios.com\/blog\/2020\/actividades\/mis-twitts-del-2020-08-12-al-2020-08-18\/","title":{"rendered":"Mis twitts del 2020-08-12 al 2020-08-18"},"content":{"rendered":"<ul class=\"ws_tweet_list\">\n<li class=\"ws_tweet\">16 a\u00f1os pasaron para que un equipo franc\u00e9s volviera a una final de Champions (Monaco 2004).\n<p>PSG se convierte en e\u2026 <a href=\"https:\/\/t.co\/D1iGdd1mcd\" rel=\"nofollow\">https:\/\/t.co\/D1iGdd1mcd<\/a> <a class=\"ws_tweet_time\" href=\"https:\/\/twitter.com\/webadedios\/statuses\/1295832170087489546\">-&gt;<\/a><\/li>\n<li class=\"ws_tweet\">Recital de \u00c1ngel Di Mar\u00eda: dos asistencias y un gol <a class=\"ws_tweet_time\" href=\"https:\/\/twitter.com\/webadedios\/statuses\/1295831919188418560\">-&gt;<\/a><\/li>\n<li class=\"ws_tweet\">RT <a href=\"https:\/\/twitter.com\/EzequielDaray\">@EzequielDaray<\/a>: Una iron\u00eda para el BVB que sea la tercera final de Champions consecutiva que disputar\u00e1 un equipo dirigido por un entrena\u2026 <a class=\"ws_tweet_time\" href=\"https:\/\/twitter.com\/webadedios\/statuses\/1295831844529803269\">-&gt;<\/a><\/li>\n<li class=\"ws_tweet\">\u00a1Paris Saint-Germain clasifica a la final de la UCL por primera vez en la historia!\n<p> Champions League <a class=\"ws_tweet_time\" href=\"https:\/\/twitter.com\/webadedios\/statuses\/1295831672139796481\">-&gt;<\/a><\/li>\n<li class=\"ws_tweet\">Seg\u00fan Claudia Sheinbaum el D\u00eda del Padre era ayer\u2026 pero ni ella se acord\u00f3 <a class=\"ws_tweet_time\" href=\"https:\/\/twitter.com\/webadedios\/statuses\/1295831323320487936\">-&gt;<\/a><\/li>\n<li class=\"ws_tweet\">RT <a href=\"https:\/\/twitter.com\/ElFinanciero_Mx\">@ElFinanciero_Mx<\/a>: <a href=\"https:\/\/twitter.com\/search?q=%23MonerosFinancieros&amp;src=hash\">#MonerosFinancieros<\/a>: Yo4Tube, de <a href=\"https:\/\/twitter.com\/monerorictus\">@monerorictus<\/a>. <a href=\"https:\/\/t.co\/yQsvK0V3eR\" rel=\"nofollow\">https:\/\/t.co\/yQsvK0V3eR<\/a> <a href=\"https:\/\/t.co\/pLa3OmzjXu\" rel=\"nofollow\">https:\/\/t.co\/pLa3OmzjXu<\/a> <a class=\"ws_tweet_time\" href=\"https:\/\/twitter.com\/webadedios\/statuses\/1295773189184933888\">-&gt;<\/a><\/li>\n<li class=\"ws_tweet\"><a href=\"https:\/\/twitter.com\/search?q=%23DisneyPlus&amp;src=hash\">#DisneyPlus<\/a> confirm\u00f3 su llegada a Latinoam\u00e9rica el 17 de noviembre. <a class=\"ws_tweet_time\" href=\"https:\/\/twitter.com\/webadedios\/statuses\/1295773003230457859\">-&gt;<\/a><\/li>\n<li class=\"ws_tweet\"><a href=\"https:\/\/twitter.com\/search?q=%23DisneyPlus&amp;src=hash\">#DisneyPlus<\/a> confirm\u00f3 su llegada a Latinoam\u00e9rica el 17 de noviembre.\n<p>\u00bfC\u00f3mo competir\u00e1 en M\u00e9xico? \ud83d\udc47 <a href=\"https:\/\/t.co\/SJEeIuWgOR\" rel=\"nofollow\">https:\/\/t.co\/SJEeIuWgOR<\/a> <a class=\"ws_tweet_time\" href=\"https:\/\/twitter.com\/webadedios\/statuses\/1295772876096901122\">-&gt;<\/a><\/li>\n<li class=\"ws_tweet\">RT <a href=\"https:\/\/twitter.com\/danieloso\">@danieloso<\/a>: Ya m\u00e1s o menos me explicaron lo que  pas\u00f3 con los medicamentos de los ni\u00f1os con c\u00e1ncer en MX.\n<p>Resulta que la convocatoria d\u2026 <a class=\"ws_tweet_time\" href=\"https:\/\/twitter.com\/webadedios\/statuses\/1295616807882182658\">-&gt;<\/a><\/li>\n<li class=\"ws_tweet\">RT <a href=\"https:\/\/twitter.com\/dinomadridmx\">@dinomadridmx<\/a>: Lo de Rene Bejarano es cosa de ni\u00f1os en comparaci\u00f3n a esto.<br \/>\n<a href=\"https:\/\/t.co\/h58hBaTUIm\" rel=\"nofollow\">https:\/\/t.co\/h58hBaTUIm<\/a> <a class=\"ws_tweet_time\" href=\"https:\/\/twitter.com\/webadedios\/statuses\/1295497416985251840\">-&gt;<\/a><\/li>\n<li class=\"ws_tweet\"><a href=\"https:\/\/twitter.com\/search?q=%23Telegram&amp;src=hash\">#Telegram<\/a> tiene mayores ventajas que WhatsApp como unirte a canales de tu inter\u00e9s, evitar que le tomen screenshots\u2026 <a href=\"https:\/\/t.co\/BHGGFg0F57\" rel=\"nofollow\">https:\/\/t.co\/BHGGFg0F57<\/a> <a class=\"ws_tweet_time\" href=\"https:\/\/twitter.com\/webadedios\/statuses\/1295444072195334145\">-&gt;<\/a><\/li>\n<li class=\"ws_tweet\">La estad\u00edstica acompa\u00f1a a Lillini, su proyecto (gusten o no las formas) sigue sumando<br \/>\nPumas <a class=\"ws_tweet_time\" href=\"https:\/\/twitter.com\/webadedios\/statuses\/1295443667759570944\">-&gt;<\/a><\/li>\n<li class=\"ws_tweet\">RT <a href=\"https:\/\/twitter.com\/Faitelson_ESPN\">@Faitelson_ESPN<\/a>: Pumas ha tomado una decisi\u00f3n l\u00f3gica e inteligente: Andr\u00e9s Lillini seguir\u00e1 como entrenador por el resto de la temporada.\u2026 <a class=\"ws_tweet_time\" href=\"https:\/\/twitter.com\/webadedios\/statuses\/1295438313235664896\">-&gt;<\/a><\/li>\n<li class=\"ws_tweet\">RT <a href=\"https:\/\/twitter.com\/PumasMX\">@PumasMX<\/a>: El Ing. Leopoldo Silva, a nombre de la Junta Directiva y en presencia del vpdte. Miguel Robles y del pdte. deportivo Jes\u00fas Ram\u2026 <a class=\"ws_tweet_time\" href=\"https:\/\/twitter.com\/webadedios\/statuses\/1295438266460667904\">-&gt;<\/a><\/li>\n<li class=\"ws_tweet\">Chairos, me da pena decirles que van a volver a subir las tarifas de la energ\u00eda el\u00e9ctrica aka &quot;la luz&quot;, llamenle aj\u2026 <a href=\"https:\/\/t.co\/SwG5Nnlsbs\" rel=\"nofollow\">https:\/\/t.co\/SwG5Nnlsbs<\/a> <a class=\"ws_tweet_time\" href=\"https:\/\/twitter.com\/webadedios\/statuses\/1295416387884789763\">-&gt;<\/a><\/li>\n<li class=\"ws_tweet\">la 4t pretende medir la \u201cfelicidad\u201d como indicador econ\u00f3mico, aunque solo contar\u00e1 la de los chairos&#8230; que por cierto, cada vez son menos <a class=\"ws_tweet_time\" href=\"https:\/\/twitter.com\/webadedios\/statuses\/1295395637412933632\">-&gt;<\/a><\/li>\n<li class=\"ws_tweet\">RT <a href=\"https:\/\/twitter.com\/webcamsdemexico\">@webcamsdemexico<\/a>: Tener un perrito en tu vida es tener la felicidad garantizada \ud83d\ude01\ud83e\udd17\ud83d\udc36\ud83e\udd23\n<p>V\u00eda: <a href=\"https:\/\/twitter.com\/R2017Alicia\">@R2017Alicia<\/a>.<br \/>\n<a href=\"https:\/\/t.co\/4YpEGXxB6t\" rel=\"nofollow\">https:\/\/t.co\/4YpEGXxB6t<\/a> <a class=\"ws_tweet_time\" href=\"https:\/\/twitter.com\/webadedios\/statuses\/1295394760904060928\">-&gt;<\/a><\/li>\n<li class=\"ws_tweet\">RT <a href=\"https:\/\/twitter.com\/KarloxE\">@KarloxE<\/a>: &quot;La felicidad.&quot; <a href=\"https:\/\/t.co\/s83BDMCl1H\" rel=\"nofollow\">https:\/\/t.co\/s83BDMCl1H<\/a> <a class=\"ws_tweet_time\" href=\"https:\/\/twitter.com\/webadedios\/statuses\/1295394642733670401\">-&gt;<\/a><\/li>\n<li class=\"ws_tweet\">RT <a href=\"https:\/\/twitter.com\/dicesmx\">@dicesmx<\/a>: Si todos usamos el cubrebocas durante 50 d\u00edas (no como el Presidente) nos cuidamos y contribuimos a salvar vidas <a href=\"https:\/\/twitter.com\/MoneroRictus\">@MoneroRictus<\/a>\u2026 <a class=\"ws_tweet_time\" href=\"https:\/\/twitter.com\/webadedios\/statuses\/1295355200929255424\">-&gt;<\/a><\/li>\n<li class=\"ws_tweet\">RT <a href=\"https:\/\/twitter.com\/JJDiazMachuca\">@JJDiazMachuca<\/a>: Miguelito no tiene quimios,ni se hospeda en hotel de lujo en Acapulco,no tiene un IPhone y ni Apple Watch como el Chocof\u2026 <a class=\"ws_tweet_time\" href=\"https:\/\/twitter.com\/webadedios\/statuses\/1295245236025921537\">-&gt;<\/a><\/li>\n<li class=\"ws_tweet\">RT <a href=\"https:\/\/twitter.com\/Windwer\">@Windwer<\/a>: &#039;El <a href=\"https:\/\/twitter.com\/search?q=%23tren&amp;src=hash\">#tren<\/a>\ud83d\ude84de alta velocidad (AVE) no es <a href=\"https:\/\/twitter.com\/search?q=%23sostenible&amp;src=hash\">#sostenible<\/a>, emite much\u00edsimo, pero le ponen pegatinas verdes&#039;\n<p>Vamos a ver la contamin\u2026 <a class=\"ws_tweet_time\" href=\"https:\/\/twitter.com\/webadedios\/statuses\/1295042609593933826\">-&gt;<\/a><\/li>\n<li class=\"ws_tweet\">la tarjeta flink  ya la recib\u00ed en mi domicilio, cuenca aun en espera\n<p>punto para flink <a class=\"ws_tweet_time\" href=\"https:\/\/twitter.com\/webadedios\/statuses\/1295042502081286144\">-&gt;<\/a><\/li>\n<li class=\"ws_tweet\">RT <a href=\"https:\/\/twitter.com\/elmatadorpr\">@elmatadorpr<\/a>: Qu\u00e9 opino de los haters? Jaja I DON\u2019T CARE WHAT YOU SAY ANYMORE THIS IS MY LIFE!! \ud83c\udfbc <a href=\"https:\/\/t.co\/MAEBznVBHI\" rel=\"nofollow\">https:\/\/t.co\/MAEBznVBHI<\/a> <a class=\"ws_tweet_time\" href=\"https:\/\/twitter.com\/webadedios\/statuses\/1295034452742111232\">-&gt;<\/a><\/li>\n<li class=\"ws_tweet\">RT <a href=\"https:\/\/twitter.com\/QuotesforGoal\">@QuotesforGoal<\/a>: &quot;Las mayores tiran\u00edas se perpet\u00faan siempre en nombre de las causas m\u00e1s nobles&quot;\n<p>Thomas Paine <a class=\"ws_tweet_time\" href=\"https:\/\/twitter.com\/webadedios\/statuses\/1295034240430735360\">-&gt;<\/a><\/li>\n<li class=\"ws_tweet\">Los ni\u00f1os con c\u00e1ncer no importan el \u00fanicoque importa es el hijo del presidente\n<p><a href=\"https:\/\/twitter.com\/search?q=%23ConElChocoflanNo&amp;src=hash\">#ConElChocoflanNo<\/a> <a class=\"ws_tweet_time\" href=\"https:\/\/twitter.com\/webadedios\/statuses\/1295033762431094785\">-&gt;<\/a><\/li>\n<li class=\"ws_tweet\">RT <a href=\"https:\/\/twitter.com\/Paola_for_men\">@Paola_for_men<\/a>: <a href=\"https:\/\/twitter.com\/search?q=%23ConElChocoflanNo&amp;src=hash\">#ConElChocoflanNo<\/a><br \/>\nTiene toda raz\u00f3n al defender con car\u00e1cter a su hijo, PERO de igual manera, millones de madres que luch\u2026 <a class=\"ws_tweet_time\" href=\"https:\/\/twitter.com\/webadedios\/statuses\/1295033475947540481\">-&gt;<\/a><\/li>\n<li class=\"ws_tweet\">No s\u00e9 por qu\u00e9 les indigna que le digan chocoflan al chocoflan y no les indigne la inseguridad, la falta de medicame\u2026 <a href=\"https:\/\/t.co\/6zbpFyTijJ\" rel=\"nofollow\">https:\/\/t.co\/6zbpFyTijJ<\/a> <a class=\"ws_tweet_time\" href=\"https:\/\/twitter.com\/webadedios\/statuses\/1294918001943339008\">-&gt;<\/a><\/li>\n<li class=\"ws_tweet\">\u201cNo ataquen al hijo del presidente por sus vacaciones, que bajeza\u201d <a href=\"https:\/\/twitter.com\/search?q=%23ConLosNinosNo&amp;src=hash\">#ConLosNinosNo<\/a>\n<p>pero por otro lado<\/p>\n<p>\u201cLos ni\u00f1os\u2026 <a href=\"https:\/\/t.co\/GECZ8vpiNe\" rel=\"nofollow\">https:\/\/t.co\/GECZ8vpiNe<\/a> <a class=\"ws_tweet_time\" href=\"https:\/\/twitter.com\/webadedios\/statuses\/1294916786182328320\">-&gt;<\/a><\/li>\n<li class=\"ws_tweet\">Lo que usan el <a href=\"https:\/\/twitter.com\/search?q=%23ConLosNinosNo&amp;src=hash\">#ConLosNinosNo<\/a> para defender al reto\u00f1o del cacas y la zopilota, son los mismo que justifican que los\u2026 <a href=\"https:\/\/t.co\/KxavIe1XIe\" rel=\"nofollow\">https:\/\/t.co\/KxavIe1XIe<\/a> <a class=\"ws_tweet_time\" href=\"https:\/\/twitter.com\/webadedios\/statuses\/1294916508913672193\">-&gt;<\/a><\/li>\n<li class=\"ws_tweet\">RT <a href=\"https:\/\/twitter.com\/huerta_cesar\">@huerta_cesar<\/a>: V\u00edctor Manuel Vucetich. Debut triunfal del Rey Midas. Hombre que se las sabe todas: cuando hab\u00eda que apretar para aprovec\u2026 <a class=\"ws_tweet_time\" href=\"https:\/\/twitter.com\/webadedios\/statuses\/1294916030356127744\">-&gt;<\/a><\/li>\n<li class=\"ws_tweet\">RT <a href=\"https:\/\/twitter.com\/porkestendencia\">@porkestendencia<\/a>: <a href=\"https:\/\/twitter.com\/search?q=%23TelevisaIsOverParty&amp;src=hash\">#TelevisaIsOverParty<\/a>:<br \/>\nPorque Televisa censur\u00f3 la presentaci\u00f3n de Danna Paola en los Premios Juventud. <a href=\"https:\/\/t.co\/Aqn\u2026\" rel=\"nofollow\">https:\/\/t.co\/Aqn\u2026<\/a> <a class=\"ws_tweet_time\" href=\"https:\/\/twitter.com\/webadedios\/statuses\/1294915399914594304\">-&gt;<\/a><\/li>\n<li class=\"ws_tweet\">RT <a href=\"https:\/\/twitter.com\/pollomunoz\">@pollomunoz<\/a>: Que dif\u00edcil es ser chairo:\n<p>-Criticaban a Slim, ahora le agradecen las vacunas.<br \/>\n-Decian &quot;Televisa te idiotiza&quot; y ahora  van\u2026 <a class=\"ws_tweet_time\" href=\"https:\/\/twitter.com\/webadedios\/statuses\/1294521981275197440\">-&gt;<\/a><\/li>\n<li class=\"ws_tweet\">\u00bfpuede AMLO dar teatro y escenograf\u00eda?\n<p>serian clases magistrales <a class=\"ws_tweet_time\" href=\"https:\/\/twitter.com\/webadedios\/statuses\/1294521843244769280\">-&gt;<\/a><\/li>\n<li class=\"ws_tweet\">Televisa y Televisi\u00f3n Azteca educar\u00e1n a los ni\u00f1os mexicanos\n<p>un logro de la chairiza <a class=\"ws_tweet_time\" href=\"https:\/\/twitter.com\/webadedios\/statuses\/1294521671089627136\">-&gt;<\/a><\/li>\n<li class=\"ws_tweet\">Maestros para el pr\u00f3ximo ciclo escolar:<br \/>\n*Geograf\u00eda Galilea Montijo<br \/>\n*Econom\u00eda Andrea Legarreta<br \/>\n*Civismo Laura Bozzo\u2026 <a href=\"https:\/\/t.co\/KftcrLtIvQ\" rel=\"nofollow\">https:\/\/t.co\/KftcrLtIvQ<\/a> <a class=\"ws_tweet_time\" href=\"https:\/\/twitter.com\/webadedios\/statuses\/1294521501429964801\">-&gt;<\/a><\/li>\n<li class=\"ws_tweet\">RT <a href=\"https:\/\/twitter.com\/porkestendencia\">@porkestendencia<\/a>: &quot;Andrea Legarreta&quot;:<br \/>\nPorque el secretario de Educaci\u00f3n P\u00fablica, Esteban Moctezuma, dijo que los conductores de televisi\u2026 <a class=\"ws_tweet_time\" href=\"https:\/\/twitter.com\/webadedios\/statuses\/1294521405317566464\">-&gt;<\/a><\/li>\n<li class=\"ws_tweet\">RT <a href=\"https:\/\/twitter.com\/AraVa76020963\">@AraVa76020963<\/a>: Hombres inocentes podr\u00edan ir a la c\u00e1rcel.<br \/>\nY s\u00ed considero que deber\u00eda haber penas m\u00e1s severas para estos delitos, pero se\u2026 <a class=\"ws_tweet_time\" href=\"https:\/\/twitter.com\/webadedios\/statuses\/1294520727031480320\">-&gt;<\/a><\/li>\n<li class=\"ws_tweet\">RT <a href=\"https:\/\/twitter.com\/badly_selfish\">@badly_selfish<\/a>: Esto est\u00e1 pasando en el Congreso de Sonora, anteriormente se hab\u00eda pedido de manera pac\u00edfica por circulares, oficios, re\u2026 <a class=\"ws_tweet_time\" href=\"https:\/\/twitter.com\/webadedios\/statuses\/1294520516557123585\">-&gt;<\/a><\/li>\n<li class=\"ws_tweet\">Definitivamente el gobierno no cuenta con gente capacitada y servidores aptos para poder lanzar una app funcional,\u2026 <a href=\"https:\/\/t.co\/hBvbwdVXgk\" rel=\"nofollow\">https:\/\/t.co\/hBvbwdVXgk<\/a> <a class=\"ws_tweet_time\" href=\"https:\/\/twitter.com\/webadedios\/statuses\/1294519843971108865\">-&gt;<\/a><\/li>\n<li class=\"ws_tweet\">Los martes son la subasta, mi\u00e9rcoles disposici\u00f3n de fondos y jueves inicia el plazo que hayas elegido <a href=\"https:\/\/twitter.com\/search?q=%23cetes&amp;src=hash\">#cetes<\/a> <a class=\"ws_tweet_time\" href=\"https:\/\/twitter.com\/webadedios\/statuses\/1294411416703848453\">-&gt;<\/a><\/li>\n<li class=\"ws_tweet\">el 14 de Agosto llegan todas las temporadas de &#039;Malcolm in the Middle&#039; en Amazon Prime Video<br \/>\n. <a class=\"ws_tweet_time\" href=\"https:\/\/twitter.com\/webadedios\/statuses\/1294410370875109384\">-&gt;<\/a><\/li>\n<li class=\"ws_tweet\">Para que dejes de ser chairo, te ilustro<br \/>\nLos Sentimientos de la Naci\u00f3n fueron redactados por Jos\u00e9 Mar\u00eda Morelos y P\u2026 <a href=\"https:\/\/t.co\/zouu93iVeQ\" rel=\"nofollow\">https:\/\/t.co\/zouu93iVeQ<\/a> <a class=\"ws_tweet_time\" href=\"https:\/\/twitter.com\/webadedios\/statuses\/1294366550779146243\">-&gt;<\/a><\/li>\n<li class=\"ws_tweet\">RT <a href=\"https:\/\/twitter.com\/lopezdoriga\">@lopezdoriga<\/a>: Otros datos: Fue Morelos fue quien escribi\u00f3 los Sentimientos de la Naci\u00f3n el 14 de septiembre de 1813 al inaugurarse el Co\u2026 <a class=\"ws_tweet_time\" href=\"https:\/\/twitter.com\/webadedios\/statuses\/1294363433941467136\">-&gt;<\/a><\/li>\n<li class=\"ws_tweet\">RT <a href=\"https:\/\/twitter.com\/Potropegaso21\">@Potropegaso21<\/a>: Eso de estar Copiando al compa\u00f1ero&#8230; Morelos a Guerrero y Quintana Roo a Guerrero&#8230; \ud83e\udd23\ud83e\udd23\ud83e\udd23\ud83e\udd23\ud83e\udd23\ud83e\udd23\ud83e\udd23\ud83e\udd23\ud83e\udd23\ud83e\udd23\ud83e\udd23\ud83e\udd23\ud83e\udd23\ud83e\udd23 <a href=\"https:\/\/t.co\/q6gLIB\u2026\" rel=\"nofollow\">https:\/\/t.co\/q6gLIB\u2026<\/a> <a class=\"ws_tweet_time\" href=\"https:\/\/twitter.com\/webadedios\/statuses\/1294363377855332352\">-&gt;<\/a><\/li>\n<li class=\"ws_tweet\">RT <a href=\"https:\/\/twitter.com\/Arouet_V\">@Arouet_V<\/a>: Jes\u00fas Ram\u00edrez Cuevas (<a href=\"https:\/\/twitter.com\/JesusRCuevas\">@JesusRCuevas<\/a>):\n<p>El error de AMLO est\u00e1 registrado en audio y video. Dijo Vicente Guerrero y no Jos\u00e9 Mar\u2026 <a class=\"ws_tweet_time\" href=\"https:\/\/twitter.com\/webadedios\/statuses\/1294363314357665811\">-&gt;<\/a><\/li>\n<li class=\"ws_tweet\">Chairos, les informo\n<p><a href=\"https:\/\/twitter.com\/search?q=%23Jos&amp;src=hash\">#Jos<\/a>\u00e9Mar\u00edaMorelosyPav\u00f3n, llamado <a href=\"https:\/\/twitter.com\/search?q=%23SiervoDeLaNaci&amp;src=hash\">#SiervoDeLaNaci<\/a>\u00f3n, fue art\u00edfice de la segunda etapa de la Gu\u2026 <a href=\"https:\/\/t.co\/UHAu0ERuRm\" rel=\"nofollow\">https:\/\/t.co\/UHAu0ERuRm<\/a> <a class=\"ws_tweet_time\" href=\"https:\/\/twitter.com\/webadedios\/statuses\/1294363013777063936\">-&gt;<\/a><\/li>\n<li class=\"ws_tweet\">Lo de AMLO no se si es ignorancia o Alzheimer (confundir conceptos como el tiempo y espacio, personas y m\u00e1s) es dec\u2026 <a href=\"https:\/\/t.co\/iIiVXBMdY7\" rel=\"nofollow\">https:\/\/t.co\/iIiVXBMdY7<\/a> <a class=\"ws_tweet_time\" href=\"https:\/\/twitter.com\/webadedios\/statuses\/1294362582200049669\">-&gt;<\/a><\/li>\n<li class=\"ws_tweet\">RT <a href=\"https:\/\/twitter.com\/RIDNoticias\">@RIDNoticias<\/a>: \ud83d\udd35 \u00bfResbal\u00f3n o ignorancia? <a href=\"https:\/\/twitter.com\/search?q=%23AMLO&amp;src=hash\">#AMLO<\/a> asegura que <a href=\"https:\/\/twitter.com\/search?q=%23VicenteGuerrero&amp;src=hash\">#VicenteGuerrero<\/a> es el &quot;#SiervoDeLaNaci\u00f3n&quot;.\n<p>\u27a1\ufe0f Adem\u00e1s, el mandatario atribuy\u00f3\u2026 <a class=\"ws_tweet_time\" href=\"https:\/\/twitter.com\/webadedios\/statuses\/1294362324309094400\">-&gt;<\/a><\/li>\n<li class=\"ws_tweet\">Ignorante<br \/>\n<a href=\"https:\/\/twitter.com\/search?q=%23AMLO&amp;src=hash\">#AMLO<\/a> asegura que <a href=\"https:\/\/twitter.com\/search?q=%23VicenteGuerrero&amp;src=hash\">#VicenteGuerrero<\/a> es el &quot;#SiervoDeLaNaci\u00f3n&quot;. <a class=\"ws_tweet_time\" href=\"https:\/\/twitter.com\/webadedios\/statuses\/1294362268763914240\">-&gt;<\/a><\/li>\n<li class=\"ws_tweet\">RT <a href=\"https:\/\/twitter.com\/FelipeCalderon\">@FelipeCalderon<\/a>: No. Guerrero no fue el \u201cSiervo de la Naci\u00f3n\u201d, fue el gran Jos\u00e9 Maria Morelos. Guerrero tampoco redact\u00f3 los \u201cSentimiento\u2026 <a class=\"ws_tweet_time\" href=\"https:\/\/twitter.com\/webadedios\/statuses\/1294361943290138625\">-&gt;<\/a><\/li>\n<li class=\"ws_tweet\">RT <a href=\"https:\/\/twitter.com\/telegram_es\">@telegram_es<\/a>: Hoy Telegram cumple 7 a\u00f1os y tenemos un regalo para ustedes: videollamadas. \ud83c\udf81\n<p><a href=\"https:\/\/t.co\/UQyDUiNhPo\" rel=\"nofollow\">https:\/\/t.co\/UQyDUiNhPo<\/a> <a class=\"ws_tweet_time\" href=\"https:\/\/twitter.com\/webadedios\/statuses\/1294361822619983874\">-&gt;<\/a><\/li>\n<li class=\"ws_tweet\">En M\u00e9xico no nos preocupamos por la desaparici\u00f3n de Anabelle.<br \/>\nCarlos Trejo ya la busca para partirle su madre <a class=\"ws_tweet_time\" href=\"https:\/\/twitter.com\/webadedios\/statuses\/1294314153222512642\">-&gt;<\/a><\/li>\n<li class=\"ws_tweet\">mierda, como que <a href=\"https:\/\/twitter.com\/search?q=%23Anabelle&amp;src=hash\">#Anabelle<\/a> desapareci\u00f3 del museo <a href=\"https:\/\/t.co\/SprJ5EkobU\" rel=\"nofollow\">https:\/\/t.co\/SprJ5EkobU<\/a> <a class=\"ws_tweet_time\" href=\"https:\/\/twitter.com\/webadedios\/statuses\/1294313278563389440\">-&gt;<\/a><\/li>\n<li class=\"ws_tweet\">Yo: El 2020 ya no podr\u00eda empeorar\n<p>2020:  Anabelle se escapa <a class=\"ws_tweet_time\" href=\"https:\/\/twitter.com\/webadedios\/statuses\/1294312449030656005\">-&gt;<\/a><\/li>\n<li class=\"ws_tweet\">RT <a href=\"https:\/\/twitter.com\/SoyFranOT2020\">@SoyFranOT2020<\/a>: Los Simpsons tambi\u00e9n predijeron lo de Anabelle <a href=\"https:\/\/t.co\/51nYJ0juMG\" rel=\"nofollow\">https:\/\/t.co\/51nYJ0juMG<\/a> <a class=\"ws_tweet_time\" href=\"https:\/\/twitter.com\/webadedios\/statuses\/1294311784623595520\">-&gt;<\/a><\/li>\n<li class=\"ws_tweet\">RT <a href=\"https:\/\/twitter.com\/ElFinanciero_Mx\">@ElFinanciero_Mx<\/a>: El \u00edndice Hang Seng de Hong Kong tuvo una de sus mayores actualizaciones en su historia con la llegada de Alibaba y Xi\u2026 <a class=\"ws_tweet_time\" href=\"https:\/\/twitter.com\/webadedios\/statuses\/1294311247295524864\">-&gt;<\/a><\/li>\n<\/ul>\n<!--CusAds0-->\n<div style=\"font-size: 0px; height: 0px; line-height: 0px; margin: 0; padding: 0; clear: both;\"><\/div>","protected":false},"excerpt":{"rendered":"<p>Mis twitts del 2020-08-12 al 2020-08-18<\/p>\n","protected":false},"author":1,"featured_media":0,"comment_status":"open","ping_status":"open","sticky":false,"template":"","format":"standard","meta":{"footnotes":""},"categories":[2],"tags":[1878,966,1876,1877,1720,60],"class_list":["post-8610","post","type-post","status-publish","format-standard","hentry","category-actividades","tag-digo","tag-red","tag-social","tag-tuits","tag-tweets","tag-twitter"],"_links":{"self":[{"href":"https:\/\/webadedios.com\/blog\/wp-json\/wp\/v2\/posts\/8610","targetHints":{"allow":["GET"]}}],"collection":[{"href":"https:\/\/webadedios.com\/blog\/wp-json\/wp\/v2\/posts"}],"about":[{"href":"https:\/\/webadedios.com\/blog\/wp-json\/wp\/v2\/types\/post"}],"author":[{"embeddable":true,"href":"https:\/\/webadedios.com\/blog\/wp-json\/wp\/v2\/users\/1"}],"replies":[{"embeddable":true,"href":"https:\/\/webadedios.com\/blog\/wp-json\/wp\/v2\/comments?post=8610"}],"version-history":[{"count":0,"href":"https:\/\/webadedios.com\/blog\/wp-json\/wp\/v2\/posts\/8610\/revisions"}],"wp:attachment":[{"href":"https:\/\/webadedios.com\/blog\/wp-json\/wp\/v2\/media?parent=8610"}],"wp:term":[{"taxonomy":"category","embeddable":true,"href":"https:\/\/webadedios.com\/blog\/wp-json\/wp\/v2\/categories?post=8610"},{"taxonomy":"post_tag","embeddable":true,"href":"https:\/\/webadedios.com\/blog\/wp-json\/wp\/v2\/tags?post=8610"}],"curies":[{"name":"wp","href":"https:\/\/api.w.org\/{rel}","templated":true}]}}