{"id":8599,"date":"2020-07-01T05:40:00","date_gmt":"2020-07-01T10:40:00","guid":{"rendered":"http:\/\/webadedios.com\/blog\/?p=8599"},"modified":"2020-07-01T05:40:00","modified_gmt":"2020-07-01T10:40:00","slug":"mis-twitts-del-2020-06-24-al-2020-06-30","status":"publish","type":"post","link":"https:\/\/webadedios.com\/blog\/2020\/actividades\/mis-twitts-del-2020-06-24-al-2020-06-30\/","title":{"rendered":"Mis twitts del 2020-06-24 al 2020-06-30"},"content":{"rendered":"<ul class=\"ws_tweet_list\">\n<li class=\"ws_tweet\">RT <a href=\"https:\/\/twitter.com\/GuillermoBGR\">@GuillermoBGR<\/a>: Le Cirque du Faillite.<br \/>\n(Un concept nouveau). <a href=\"https:\/\/t.co\/Qaq0F5hZDp\" rel=\"nofollow\">https:\/\/t.co\/Qaq0F5hZDp<\/a> <a class=\"ws_tweet_time\" href=\"https:\/\/twitter.com\/webadedios\/statuses\/1278023172609257472\">-&gt;<\/a><\/li>\n<li class=\"ws_tweet\">La Comisi\u00f3n Reguladora de Energ\u00eda esta haciendo su chamba,que hace AMLO&#8230; pum, despide al 40% de la planilla <a class=\"ws_tweet_time\" href=\"https:\/\/twitter.com\/webadedios\/statuses\/1278022708148789249\">-&gt;<\/a><\/li>\n<li class=\"ws_tweet\">La Comisi\u00f3n Reguladora de Energ\u00eda aumenta tarifas de transmisi\u00f3n a energ\u00edas limpias. El gobierno sigue apostando a la electricidad sucia <a class=\"ws_tweet_time\" href=\"https:\/\/twitter.com\/webadedios\/statuses\/1278022550531059713\">-&gt;<\/a><\/li>\n<li class=\"ws_tweet\">Netflix ha confirmado que la cuarta temporada de <a href=\"https:\/\/twitter.com\/search?q=%23Ozark&amp;src=hash\">#Ozark<\/a> ser\u00e1 la \u00faltima, contar\u00e1 4 episodios m\u00e1s de lo normal y la\u2026 <a href=\"https:\/\/t.co\/FmzL5hDPHA\" rel=\"nofollow\">https:\/\/t.co\/FmzL5hDPHA<\/a> <a class=\"ws_tweet_time\" href=\"https:\/\/twitter.com\/webadedios\/statuses\/1278021879261954049\">-&gt;<\/a><\/li>\n<li class=\"ws_tweet\">RT <a href=\"https:\/\/twitter.com\/sabio28\">@sabio28<\/a>: Emilio Lozoya Austin, exdirector de <a href=\"https:\/\/twitter.com\/search?q=%23Pemex&amp;src=hash\">#Pemex<\/a>, acept\u00f3 ser extraditado de Espa\u00f1a a M\u00e9xico, inform\u00f3 el fiscal Alejandro Gertz Maner\u2026 <a class=\"ws_tweet_time\" href=\"https:\/\/twitter.com\/webadedios\/statuses\/1278020748859277315\">-&gt;<\/a><\/li>\n<li class=\"ws_tweet\">que horror\n<p><a href=\"https:\/\/t.co\/Z2MtJVWsar\" rel=\"nofollow\">https:\/\/t.co\/Z2MtJVWsar<\/a> <a class=\"ws_tweet_time\" href=\"https:\/\/twitter.com\/webadedios\/statuses\/1278019945243254784\">-&gt;<\/a><\/li>\n<li class=\"ws_tweet\">RT <a href=\"https:\/\/twitter.com\/SimnTolomeo2\">@SimnTolomeo2<\/a>: Lord Mol\u00e9cula es un personaje tan mal dise\u00f1ado que su existencia ofende hasta al andresiano m\u00e1s atolizado.\n<p>Ninguno sale\u2026 <a class=\"ws_tweet_time\" href=\"https:\/\/twitter.com\/webadedios\/statuses\/1277978285788459010\">-&gt;<\/a><\/li>\n<li class=\"ws_tweet\">RT <a href=\"https:\/\/twitter.com\/V_TrujilloM\">@V_TrujilloM<\/a>: Declaro ante Uds que es mi leg\u00edtimo derecho usar met\u00e1foras, alegor\u00edas, calambures, ep\u00edtetos, iron\u00edas, paradojas, hip\u00e9rbole\u2026 <a class=\"ws_tweet_time\" href=\"https:\/\/twitter.com\/webadedios\/statuses\/1277974217921712138\">-&gt;<\/a><\/li>\n<li class=\"ws_tweet\">RT <a href=\"https:\/\/twitter.com\/FelipeCalderon\">@FelipeCalderon<\/a>: Inician Tren Maya al margen de la ley ambiental  <a href=\"https:\/\/t.co\/ElkzxRGf0k\" rel=\"nofollow\">https:\/\/t.co\/ElkzxRGf0k<\/a> v\u00eda <a href=\"https:\/\/twitter.com\/El_Universal_Mx\">@El_Universal_Mx<\/a> <a class=\"ws_tweet_time\" href=\"https:\/\/twitter.com\/webadedios\/statuses\/1277974158408691719\">-&gt;<\/a><\/li>\n<li class=\"ws_tweet\">RT <a href=\"https:\/\/twitter.com\/ElFinanciero_Mx\">@ElFinanciero_Mx<\/a>: Realiza tus pagos normalmente y no te endeudes en exceso, si tienes una Pyme analiza todos los escenarios antes de tom\u2026 <a class=\"ws_tweet_time\" href=\"https:\/\/twitter.com\/webadedios\/statuses\/1277794560287137793\">-&gt;<\/a><\/li>\n<li class=\"ws_tweet\">RT <a href=\"https:\/\/twitter.com\/joseyuste\">@joseyuste<\/a>: Ojo con la Ley Federal de Derechos de Autor <a href=\"https:\/\/t.co\/nw2EXY2xTC\" rel=\"nofollow\">https:\/\/t.co\/nw2EXY2xTC<\/a> <a class=\"ws_tweet_time\" href=\"https:\/\/twitter.com\/webadedios\/statuses\/1277794477965561858\">-&gt;<\/a><\/li>\n<li class=\"ws_tweet\">RT <a href=\"https:\/\/twitter.com\/jugglerowsky\">@jugglerowsky<\/a>: Ninguna sorpresa con Yorio.<br \/>\nLa obra sigue conforme al gui\u00f3n.<\/p>\n<p>Mala se\u00f1al despu\u00e9s de los anuncios de la semana pasada de F\u2026 <a class=\"ws_tweet_time\" href=\"https:\/\/twitter.com\/webadedios\/statuses\/1277794362760585216\">-&gt;<\/a><\/li>\n<li class=\"ws_tweet\">RT <a href=\"https:\/\/twitter.com\/patacallejera\">@patacallejera<\/a>: Buena verdad es que ni la juventud sabe lo que puede, ni la vejez puede lo que sabe. (J. Saramago) <a class=\"ws_tweet_time\" href=\"https:\/\/twitter.com\/webadedios\/statuses\/1277616645800898560\">-&gt;<\/a><\/li>\n<li class=\"ws_tweet\">RT <a href=\"https:\/\/twitter.com\/ElFinanciero_Mx\">@ElFinanciero_Mx<\/a>: Las autoridades analizan la quiebra o liquidaci\u00f3n de Banco Ahorro Famsa, as\u00ed como la revocaci\u00f3n de su licencia bancari\u2026 <a class=\"ws_tweet_time\" href=\"https:\/\/twitter.com\/webadedios\/statuses\/1277616543325659137\">-&gt;<\/a><\/li>\n<li class=\"ws_tweet\">RT <a href=\"https:\/\/twitter.com\/ElFinanciero_Mx\">@ElFinanciero_Mx<\/a>: <a href=\"https:\/\/twitter.com\/search?q=%23BWMX&amp;src=hash\">#BWMX<\/a> La afectaci\u00f3n por los cambios realizados al sector de energ\u00edas renovables en el pa\u00eds afectar\u00e1 a 109 plantas e\u00f3li\u2026 <a class=\"ws_tweet_time\" href=\"https:\/\/twitter.com\/webadedios\/statuses\/1277424054174179340\">-&gt;<\/a><\/li>\n<li class=\"ws_tweet\">RT <a href=\"https:\/\/twitter.com\/RiosCorona1\">@RiosCorona1<\/a>: Primero va a saludar a la mam\u00e1 del Chapo y ahora libera a la mam\u00e1 del Marro&#8230;\n<p>Ya ven que <a href=\"https:\/\/twitter.com\/lopezobrador_\">@lopezobrador_<\/a> es bien humani\u2026 <a class=\"ws_tweet_time\" href=\"https:\/\/twitter.com\/webadedios\/statuses\/1277423689181671426\">-&gt;<\/a><\/li>\n<li class=\"ws_tweet\">RT <a href=\"https:\/\/twitter.com\/de_polibio\">@de_polibio<\/a>: Que tal <a href=\"https:\/\/twitter.com\/Claudiashein\">@Claudiashein<\/a> desde el inicio supimos era un montaje, nada de la derecha sicaria como dijo el lavador de dinero del\u2026 <a class=\"ws_tweet_time\" href=\"https:\/\/twitter.com\/webadedios\/statuses\/1277148921266126849\">-&gt;<\/a><\/li>\n<li class=\"ws_tweet\">RT <a href=\"https:\/\/twitter.com\/ElFinanciero_Mx\">@ElFinanciero_Mx<\/a>: &quot;Yo como personal nunca fui considerada ni para un cubrebocas, ni para una capacitaci\u00f3n m\u00ednima. Si no me hacen la prue\u2026 <a class=\"ws_tweet_time\" href=\"https:\/\/twitter.com\/webadedios\/statuses\/1277148390200086528\">-&gt;<\/a><\/li>\n<li class=\"ws_tweet\">12 a\u00f1os quej\u00e1ndose que el sab\u00eda como.<br \/>\n12 a\u00f1os vociferando que con \u00e9l ser\u00eda mejor.<br \/>\n18 meses demostrando su ineptitu\u2026 <a href=\"https:\/\/t.co\/MbmcYLFuFM\" rel=\"nofollow\">https:\/\/t.co\/MbmcYLFuFM<\/a> <a class=\"ws_tweet_time\" href=\"https:\/\/twitter.com\/webadedios\/statuses\/1277125037074644997\">-&gt;<\/a><\/li>\n<li class=\"ws_tweet\">L\u00f3pez ser\u00e1 el primer Presidente de la era moderna que vaya a la C\u00e1rcel, por cr\u00edmenes de lesa humanidad y Alta Traici\u00f3n a la Patria&#8230; <a class=\"ws_tweet_time\" href=\"https:\/\/twitter.com\/webadedios\/statuses\/1277124734799536129\">-&gt;<\/a><\/li>\n<li class=\"ws_tweet\">RT <a href=\"https:\/\/twitter.com\/morozi\">@morozi<\/a>: <a href=\"https:\/\/twitter.com\/Pancho_villa777\">@Pancho_villa777<\/a> <a href=\"https:\/\/twitter.com\/MexMejor\">@MexMejor<\/a> No Es Caravana Fifi ! SOMOS MEXICANOS DEFENDIENDO A NUESTRA PATRIA DEL SOCIALISMO DEL SIGLO XXI! (Se\u2026 <a class=\"ws_tweet_time\" href=\"https:\/\/twitter.com\/webadedios\/statuses\/1277124600523042816\">-&gt;<\/a><\/li>\n<li class=\"ws_tweet\">RT <a href=\"https:\/\/twitter.com\/proceso\">@proceso<\/a>: Omar Garc\u00eda Harfuch, titular de la <a href=\"https:\/\/twitter.com\/SSC_CDMX\">@SSC_CDMX<\/a>, ha causado controversia desde su nombramiento, en octubre de 2019, por sus lazos\u2026 <a class=\"ws_tweet_time\" href=\"https:\/\/twitter.com\/webadedios\/statuses\/1276924421199052800\">-&gt;<\/a><\/li>\n<li class=\"ws_tweet\">RT <a href=\"https:\/\/twitter.com\/irmoralesl\">@irmoralesl<\/a>: A 8 meses del atentado contra mujeres y ni\u00f1os de la familia LeBaron en Sonora, no hay resultados concluyentes. Un gobierno\u2026 <a class=\"ws_tweet_time\" href=\"https:\/\/twitter.com\/webadedios\/statuses\/1276924158610472966\">-&gt;<\/a><\/li>\n<li class=\"ws_tweet\">RT <a href=\"https:\/\/twitter.com\/gurudeportes30\">@gurudeportes30<\/a>: Ya confirmaron la detenci\u00f3n del autor intelectual del atentado en la CDMX sobre el jefe de la polic\u00eda,pregunta, porque\u2026 <a class=\"ws_tweet_time\" href=\"https:\/\/twitter.com\/webadedios\/statuses\/1276923969208279040\">-&gt;<\/a><\/li>\n<li class=\"ws_tweet\">Oye <a href=\"https:\/\/twitter.com\/lopezobrador_\">@lopezobrador_<\/a><br \/>\n \u00bfpara cuando los asesinos de la familia <a href=\"https:\/\/twitter.com\/search?q=%23LeBaron&amp;src=hash\">#LeBaron<\/a>?<br \/>\nfue una familia entera y ni\u00f1os <a class=\"ws_tweet_time\" href=\"https:\/\/twitter.com\/webadedios\/statuses\/1276923731965861891\">-&gt;<\/a><\/li>\n<li class=\"ws_tweet\">RT <a href=\"https:\/\/twitter.com\/FranciscoFlora3\">@FranciscoFlora3<\/a>: Si destruyes r\u00e1pidamente los sectores productivos de un pa\u00eds, sobre todo el campo y la industria de la transformaci\u00f3n,\u2026 <a class=\"ws_tweet_time\" href=\"https:\/\/twitter.com\/webadedios\/statuses\/1276894230246567937\">-&gt;<\/a><\/li>\n<li class=\"ws_tweet\">RT <a href=\"https:\/\/twitter.com\/V_TrujilloM\">@V_TrujilloM<\/a>: No, <a href=\"https:\/\/twitter.com\/lopezobrador_\">@lopezobrador_<\/a><br \/>\nNo eres el due\u00f1o del circo.<br \/>\nNo eres el pastor de las ovejas.<br \/>\nNo eres ni el caudillo ni el profeta.\u2026 <a class=\"ws_tweet_time\" href=\"https:\/\/twitter.com\/webadedios\/statuses\/1276755787520651265\">-&gt;<\/a><\/li>\n<li class=\"ws_tweet\">RT <a href=\"https:\/\/twitter.com\/tombkeeper\">@tombkeeper<\/a>: Can&#039;t believe this is a dog\ud83d\ude02 <a href=\"https:\/\/t.co\/FZRiX6lEUh\" rel=\"nofollow\">https:\/\/t.co\/FZRiX6lEUh<\/a> <a class=\"ws_tweet_time\" href=\"https:\/\/twitter.com\/webadedios\/statuses\/1276645300636188672\">-&gt;<\/a><\/li>\n<li class=\"ws_tweet\">Que cartel ser\u00e1 m\u00e1s peligroso para el pa\u00eds?<br \/>\nEl de Sinaloa,Jalisco,Tepito o el de Morena? <a class=\"ws_tweet_time\" href=\"https:\/\/twitter.com\/webadedios\/statuses\/1276644909471105025\">-&gt;<\/a><\/li>\n<li class=\"ws_tweet\">Microsoft anuncia el cierre definitivo de todas sus tiendas f\u00edsicas alrededor del mundo <a class=\"ws_tweet_time\" href=\"https:\/\/twitter.com\/webadedios\/statuses\/1276641429234876417\">-&gt;<\/a><\/li>\n<li class=\"ws_tweet\">RT <a href=\"https:\/\/twitter.com\/MuySuFrida\">@MuySuFrida<\/a>: Omar Garc\u00eda Harfuch fue llevado a M\u00e9dica Sur despu\u00e9s del atentado, las dem\u00e1s personas que resultaron v\u00edctimas colaterales f\u2026 <a class=\"ws_tweet_time\" href=\"https:\/\/twitter.com\/webadedios\/statuses\/1276635789296906247\">-&gt;<\/a><\/li>\n<li class=\"ws_tweet\">RT <a href=\"https:\/\/twitter.com\/LdaCantinas\">@LdaCantinas<\/a>: Al secretario lo llevan a M\u00e9dica Sur, a los dem\u00e1s heridos a la Cruz roja.<br \/>\nDe que hay niveles, hay niveles.\ud83e\udd28 <a class=\"ws_tweet_time\" href=\"https:\/\/twitter.com\/webadedios\/statuses\/1276635746632454145\">-&gt;<\/a><\/li>\n<li class=\"ws_tweet\">RT <a href=\"https:\/\/twitter.com\/FrankieVillaMx\">@FrankieVillaMx<\/a>: Alguien sabe en que Hospital del INSABI est\u00e1 Omar Garc\u00eda?\n<p>Como que esta en M\u00e9dica Sur, entonces al pueblo si que se fr\u2026 <a class=\"ws_tweet_time\" href=\"https:\/\/twitter.com\/webadedios\/statuses\/1276635711471529984\">-&gt;<\/a><\/li>\n<li class=\"ws_tweet\">RT <a href=\"https:\/\/twitter.com\/miguelon777777\">@miguelon777777<\/a>: <a href=\"https:\/\/twitter.com\/Claudiashein\">@Claudiashein<\/a> <a href=\"https:\/\/twitter.com\/OHarfuch\">@OHarfuch<\/a> <a href=\"https:\/\/twitter.com\/SSC_CDMX\">@SSC_CDMX<\/a> Y como por q lo llevaron al hospital FIFI, neoliberal y conservador de Medica Sur en\u2026 <a class=\"ws_tweet_time\" href=\"https:\/\/twitter.com\/webadedios\/statuses\/1276635677191548928\">-&gt;<\/a><\/li>\n<li class=\"ws_tweet\">La p\u00e1gina de bienestar azteca no carga\n<p>ya ni se cuantos d\u00edas sin que lo solucionen <a class=\"ws_tweet_time\" href=\"https:\/\/twitter.com\/webadedios\/statuses\/1276635068405092355\">-&gt;<\/a><\/li>\n<li class=\"ws_tweet\">RT <a href=\"https:\/\/twitter.com\/carloselizondom\">@carloselizondom<\/a>: Los profesionales del fake news ya est\u00e1n diciendo que es un golpe de estado decir que el subsecretario predijo que el\u2026 <a class=\"ws_tweet_time\" href=\"https:\/\/twitter.com\/webadedios\/statuses\/1276614749355196418\">-&gt;<\/a><\/li>\n<li class=\"ws_tweet\">RT <a href=\"https:\/\/twitter.com\/NBAMEX\">@NBAMEX<\/a>: Conoce m\u00e1s informaci\u00f3n sobre el regreso de la NBA aqu\u00ed: <a href=\"https:\/\/t.co\/HvPwyxn1yH\" rel=\"nofollow\">https:\/\/t.co\/HvPwyxn1yH<\/a> <a class=\"ws_tweet_time\" href=\"https:\/\/twitter.com\/webadedios\/statuses\/1276614496241532938\">-&gt;<\/a><\/li>\n<li class=\"ws_tweet\">El minorista mexicano Grupo Famsa est\u00e1 en un momento cr\u00edtico y se declara en bancarrota en Estados Unidos buscando\u2026 <a href=\"https:\/\/t.co\/sHVL9m9cFB\" rel=\"nofollow\">https:\/\/t.co\/sHVL9m9cFB<\/a> <a class=\"ws_tweet_time\" href=\"https:\/\/twitter.com\/webadedios\/statuses\/1276614327676669958\">-&gt;<\/a><\/li>\n<li class=\"ws_tweet\">Comienza la desafortunada etapa de defaults y bancarrotas en empresas mexicanas. <a class=\"ws_tweet_time\" href=\"https:\/\/twitter.com\/webadedios\/statuses\/1276613674648690689\">-&gt;<\/a><\/li>\n<li class=\"ws_tweet\">Grupo Famsa se declar\u00f3 en bancarrota en Estados Unidos; sus acciones caen a un m\u00ednimo hist\u00f3rico de 1.79 pesos <a class=\"ws_tweet_time\" href=\"https:\/\/twitter.com\/webadedios\/statuses\/1276613577907023874\">-&gt;<\/a><\/li>\n<li class=\"ws_tweet\">RT <a href=\"https:\/\/twitter.com\/MartinGomezCald\">@MartinGomezCald<\/a>: <a href=\"https:\/\/twitter.com\/search?q=%23Econom&amp;src=hash\">#Econom<\/a>\u00eda | <a href=\"https:\/\/twitter.com\/search?q=%23NuevaYork&amp;src=hash\">#NuevaYork<\/a> Grupo <a href=\"https:\/\/twitter.com\/search?q=%23Famsa&amp;src=hash\">#Famsa<\/a> se declara en <a href=\"https:\/\/twitter.com\/search?q=%23Bancarrota&amp;src=hash\">#Bancarrota<\/a> en Estados Unidos; dice continuar\u00e1 cumpliendo con <a href=\"https:\/\/twitter.com\/search?q=%23Clien&amp;src=hash\">#Clien<\/a>\u2026 <a class=\"ws_tweet_time\" href=\"https:\/\/twitter.com\/webadedios\/statuses\/1276613514300395522\">-&gt;<\/a><\/li>\n<li class=\"ws_tweet\">Famsa solicita protecci\u00f3n por bancarrota en EU. <a class=\"ws_tweet_time\" href=\"https:\/\/twitter.com\/webadedios\/statuses\/1276613241297305602\">-&gt;<\/a><\/li>\n<li class=\"ws_tweet\">rola del d\u00eda\n<p><a href=\"https:\/\/t.co\/FO1m8FJpJc\" rel=\"nofollow\">https:\/\/t.co\/FO1m8FJpJc<\/a><\/p>\n<p>es muy pegadiza, luego no me la saco dela cabeza <a class=\"ws_tweet_time\" href=\"https:\/\/twitter.com\/webadedios\/statuses\/1276612159032655872\">-&gt;<\/a><\/li>\n<li class=\"ws_tweet\">RT <a href=\"https:\/\/twitter.com\/FelipeCalderon\">@FelipeCalderon<\/a>: Mi solidaridad con Omar <a href=\"https:\/\/twitter.com\/OHarfuch\">@OHarfuch<\/a>, le deseo pronta recuperaci\u00f3n. Mi p\u00e9same a familias de ca\u00eddos en cumplimiento del deb\u2026 <a class=\"ws_tweet_time\" href=\"https:\/\/twitter.com\/webadedios\/statuses\/1276610950951559169\">-&gt;<\/a><\/li>\n<li class=\"ws_tweet\">bien por Javier<br \/>\n<a href=\"https:\/\/t.co\/ecTg7Ofbs7\" rel=\"nofollow\">https:\/\/t.co\/ecTg7Ofbs7<\/a> <a class=\"ws_tweet_time\" href=\"https:\/\/twitter.com\/webadedios\/statuses\/1276610486214238213\">-&gt;<\/a><\/li>\n<li class=\"ws_tweet\">RT <a href=\"https:\/\/twitter.com\/MuySuFrida\">@MuySuFrida<\/a>: El CJNG ha crecido mucho desde la llegada de AMLO.\n<p>Son responsables de actos de violencia en Veracruz contra los Zetas, en\u2026 <a class=\"ws_tweet_time\" href=\"https:\/\/twitter.com\/webadedios\/statuses\/1276549838973415426\">-&gt;<\/a><\/li>\n<li class=\"ws_tweet\">RT <a href=\"https:\/\/twitter.com\/FrankieVillaMx\">@FrankieVillaMx<\/a>: Armas autom\u00e1ticas y calibre 50, andaban desarmados los angelitos de la Uni\u00f3n de Tepito que atacaron a Omar Garcoa Harfu\u2026 <a class=\"ws_tweet_time\" href=\"https:\/\/twitter.com\/webadedios\/statuses\/1276549796719968258\">-&gt;<\/a><\/li>\n<li class=\"ws_tweet\">RT <a href=\"https:\/\/twitter.com\/adrikim\">@adrikim<\/a>: Calibre 50 las famosas \u201cmata polic\u00edas\u201d<br \/>\nEl cartel de Tlahuac?<br \/>\nLa uni\u00f3n Tepito?<br \/>\nCJNG??<br \/>\nLos 3 han sido afectados por el trabajo\u2026 <a class=\"ws_tweet_time\" href=\"https:\/\/twitter.com\/webadedios\/statuses\/1276549678130180096\">-&gt;<\/a><\/li>\n<li class=\"ws_tweet\">RT <a href=\"https:\/\/twitter.com\/oalonsop\">@oalonsop<\/a>: El atentado contra Omar Garc\u00eda Harfuch fue un claro &quot;reclamo&quot; de la Uni\u00f3n Tepito por meterse en sus terrenos. El que siga cre\u2026 <a class=\"ws_tweet_time\" href=\"https:\/\/twitter.com\/webadedios\/statuses\/1276549589114503169\">-&gt;<\/a><\/li>\n<li class=\"ws_tweet\">RT <a href=\"https:\/\/twitter.com\/jet1403\">@jet1403<\/a>: Hay tres realidades: La Uni\u00f3n Tepito, creci\u00f3 al amparo de pol\u00edticos, empresarios y jefes polic\u00edacos que controlan lo que pasa\u2026 <a class=\"ws_tweet_time\" href=\"https:\/\/twitter.com\/webadedios\/statuses\/1276549548572368899\">-&gt;<\/a><\/li>\n<li class=\"ws_tweet\">RT <a href=\"https:\/\/twitter.com\/SGarciaSoto\">@SGarciaSoto<\/a>: As\u00ed escucharon los vecinos de Las Lomas y la zona de Reforma el atentado esta ma\u00f1ana en contra de Omar Garc\u00eda Harfuch, sec\u2026 <a class=\"ws_tweet_time\" href=\"https:\/\/twitter.com\/webadedios\/statuses\/1276549395937406976\">-&gt;<\/a><\/li>\n<li class=\"ws_tweet\">RT <a href=\"https:\/\/twitter.com\/OHarfuch\">@OHarfuch<\/a>: Esta ma\u00f1ana fuimos cobardemente atacados por el CJNG, dos compa\u00f1eros y amigos m\u00edos perdieron la vida, tengo tres impactos de\u2026 <a class=\"ws_tweet_time\" href=\"https:\/\/twitter.com\/webadedios\/statuses\/1276549192660418566\">-&gt;<\/a><\/li>\n<li class=\"ws_tweet\">RT <a href=\"https:\/\/twitter.com\/lopezdoriga\">@lopezdoriga<\/a>: Confirma Claudia Sheinbaum, Jefa de Gobierno de la Ciudad de M\u00e9xico, tres muertos por el atentado contra el secretario de\u2026 <a class=\"ws_tweet_time\" href=\"https:\/\/twitter.com\/webadedios\/statuses\/1276549107662946305\">-&gt;<\/a><\/li>\n<li class=\"ws_tweet\">RT <a href=\"https:\/\/twitter.com\/lifeisamoviemx\">@lifeisamoviemx<\/a>: El odio es un lastre, la vida es demasiado corta para estar siempre enojado.\n<p>Edward Norton (American History X) https:\u2026 <a class=\"ws_tweet_time\" href=\"https:\/\/twitter.com\/webadedios\/statuses\/1276410382601596928\">-&gt;<\/a><\/li>\n<li class=\"ws_tweet\">Liverpool <a href=\"https:\/\/twitter.com\/LFC\">@LFC<\/a> campe\u00f3n de la Premier League. <a class=\"ws_tweet_time\" href=\"https:\/\/twitter.com\/webadedios\/statuses\/1276410163306643456\">-&gt;<\/a><\/li>\n<li class=\"ws_tweet\">re viendo Dark para entrar de corrido a la tercera temporada <a class=\"ws_tweet_time\" href=\"https:\/\/twitter.com\/webadedios\/statuses\/1276410006003482624\">-&gt;<\/a><\/li>\n<li class=\"ws_tweet\">RT <a href=\"https:\/\/twitter.com\/brujasdelmar\">@brujasdelmar<\/a>: Es el colmo de la ignorancia y la misoginia. Al presidente le parece una bella costumbre las dobles y hasta triples jorna\u2026 <a class=\"ws_tweet_time\" href=\"https:\/\/twitter.com\/webadedios\/statuses\/1276408310846173185\">-&gt;<\/a><\/li>\n<li class=\"ws_tweet\">RT <a href=\"https:\/\/twitter.com\/zaldivar_el\">@zaldivar_el<\/a>: <a href=\"https:\/\/twitter.com\/GlodeJo07\">@GlodeJo07<\/a> En cambio&#8230;<br \/>\nBartlett y sus casas.<br \/>\nIrma Er\u00e9ndira y sus casas.<br \/>\nAna Guevara y sus robos<br \/>\nZoe Robledo y sus negocio\u2026 <a class=\"ws_tweet_time\" href=\"https:\/\/twitter.com\/webadedios\/statuses\/1276398152992636929\">-&gt;<\/a><\/li>\n<li class=\"ws_tweet\">RT <a href=\"https:\/\/twitter.com\/GlodeJo07\">@GlodeJo07<\/a>: Lo \u00fanico que se ha cumplido de \u00e9sta lista es un a\u00f1o de haberla escrito&#8230;\n<p>\u00bfYa ven que no ha podido ni podr\u00e1 con el pa\u00eds?\u2026 <a class=\"ws_tweet_time\" href=\"https:\/\/twitter.com\/webadedios\/statuses\/1276398078459875328\">-&gt;<\/a><\/li>\n<\/ul>\n<!--CusAds0-->\n<div style=\"font-size: 0px; height: 0px; line-height: 0px; margin: 0; padding: 0; clear: both;\"><\/div>","protected":false},"excerpt":{"rendered":"<p>Mis twitts del 2020-06-24 al 2020-06-30<\/p>\n","protected":false},"author":1,"featured_media":0,"comment_status":"open","ping_status":"open","sticky":false,"template":"","format":"standard","meta":{"footnotes":""},"categories":[2],"tags":[1878,966,1876,1877,1720,60],"class_list":["post-8599","post","type-post","status-publish","format-standard","hentry","category-actividades","tag-digo","tag-red","tag-social","tag-tuits","tag-tweets","tag-twitter"],"_links":{"self":[{"href":"https:\/\/webadedios.com\/blog\/wp-json\/wp\/v2\/posts\/8599","targetHints":{"allow":["GET"]}}],"collection":[{"href":"https:\/\/webadedios.com\/blog\/wp-json\/wp\/v2\/posts"}],"about":[{"href":"https:\/\/webadedios.com\/blog\/wp-json\/wp\/v2\/types\/post"}],"author":[{"embeddable":true,"href":"https:\/\/webadedios.com\/blog\/wp-json\/wp\/v2\/users\/1"}],"replies":[{"embeddable":true,"href":"https:\/\/webadedios.com\/blog\/wp-json\/wp\/v2\/comments?post=8599"}],"version-history":[{"count":0,"href":"https:\/\/webadedios.com\/blog\/wp-json\/wp\/v2\/posts\/8599\/revisions"}],"wp:attachment":[{"href":"https:\/\/webadedios.com\/blog\/wp-json\/wp\/v2\/media?parent=8599"}],"wp:term":[{"taxonomy":"category","embeddable":true,"href":"https:\/\/webadedios.com\/blog\/wp-json\/wp\/v2\/categories?post=8599"},{"taxonomy":"post_tag","embeddable":true,"href":"https:\/\/webadedios.com\/blog\/wp-json\/wp\/v2\/tags?post=8599"}],"curies":[{"name":"wp","href":"https:\/\/api.w.org\/{rel}","templated":true}]}}