{"id":8598,"date":"2020-06-24T05:40:00","date_gmt":"2020-06-24T10:40:00","guid":{"rendered":"http:\/\/webadedios.com\/blog\/?p=8598"},"modified":"2020-06-24T05:40:00","modified_gmt":"2020-06-24T10:40:00","slug":"mis-twitts-del-2020-06-17-al-2020-06-23","status":"publish","type":"post","link":"https:\/\/webadedios.com\/blog\/2020\/actividades\/mis-twitts-del-2020-06-17-al-2020-06-23\/","title":{"rendered":"Mis twitts del 2020-06-17 al 2020-06-23"},"content":{"rendered":"<ul class=\"ws_tweet_list\">\n<li class=\"ws_tweet\">RT <a href=\"https:\/\/twitter.com\/frame100fuegos\">@frame100fuegos<\/a>: En el periodo NEOLIBERAL:\n<p>\u2014Se cre\u00f3 la alerta s\u00edsmica.<br \/>\n\u2014Se recalcul\u00f3 y mejor\u00f3 el reglamento de construcci\u00f3n.<br \/>\n\u2014Se mejora\u2026 <a class=\"ws_tweet_time\" href=\"https:\/\/twitter.com\/webadedios\/statuses\/1275608306631839746\">-&gt;<\/a><\/li>\n<li class=\"ws_tweet\">Las 7 plagas de Egipto aqu\u00ed representadas con la pandemia, temblores, arena del Sahara, los floreros, la violencia\u2026 <a href=\"https:\/\/t.co\/yUkemkyZ4x\" rel=\"nofollow\">https:\/\/t.co\/yUkemkyZ4x<\/a> <a class=\"ws_tweet_time\" href=\"https:\/\/twitter.com\/webadedios\/statuses\/1275607277442138112\">-&gt;<\/a><\/li>\n<li class=\"ws_tweet\">RT <a href=\"https:\/\/twitter.com\/FelipeCalderon\">@FelipeCalderon<\/a>: En cifras oficiales, en 1 1\/2 semana M\u00e9xico estar\u00e1 rebasando a Espa\u00f1a en el n\u00famero de personas lamentablemente fallecid\u2026 <a class=\"ws_tweet_time\" href=\"https:\/\/twitter.com\/webadedios\/statuses\/1275606569284222977\">-&gt;<\/a><\/li>\n<li class=\"ws_tweet\">RT <a href=\"https:\/\/twitter.com\/LUM_ORCAN\">@LUM_ORCAN<\/a>: Recuerden el protocolo pasado un temblor:<br \/>\n&#8211; NO DONAR NADA A MORENA, SE CHINGA EL DINERO <a class=\"ws_tweet_time\" href=\"https:\/\/twitter.com\/webadedios\/statuses\/1275505261315227648\">-&gt;<\/a><\/li>\n<li class=\"ws_tweet\">Probabilidad de olas de entre 1 y 3 metros. Pero el centro nacional de monitoreo de tsunamis de la Armada de M\u00e9xico\u2026 <a href=\"https:\/\/t.co\/Z5rJrdas7C\" rel=\"nofollow\">https:\/\/t.co\/Z5rJrdas7C<\/a> <a class=\"ws_tweet_time\" href=\"https:\/\/twitter.com\/webadedios\/statuses\/1275495493825712134\">-&gt;<\/a><\/li>\n<li class=\"ws_tweet\">RT <a href=\"https:\/\/twitter.com\/jlleralaprensa\">@jlleralaprensa<\/a>: Personal polic\u00edaco del sector Tlatelolco, agreden f\u00edsica y verbalmente a reportero de Grupo Radio Centro y Canal Mexiqu\u2026 <a class=\"ws_tweet_time\" href=\"https:\/\/twitter.com\/webadedios\/statuses\/1275483532576477184\">-&gt;<\/a><\/li>\n<li class=\"ws_tweet\">RT <a href=\"https:\/\/twitter.com\/Rivas_Juan\">@Rivas_Juan<\/a>: Personal de \u00e1reas <a href=\"https:\/\/twitter.com\/search?q=%23COVID19&amp;src=hash\">#COVID19<\/a> del hospital del <a href=\"https:\/\/twitter.com\/Tu_IMSS\">@Tu_IMSS<\/a> en <a href=\"https:\/\/twitter.com\/search?q=%23Tlatelolco&amp;src=hash\">#Tlatelolco<\/a> desaloj\u00f3 y lleg\u00f3 hasta las calles para ponerse a salvo.\u2026 <a class=\"ws_tweet_time\" href=\"https:\/\/twitter.com\/webadedios\/statuses\/1275483393619185664\">-&gt;<\/a><\/li>\n<li class=\"ws_tweet\">RT <a href=\"https:\/\/twitter.com\/chitoarnold\">@chitoarnold<\/a>: Celular iPhone apagado, jetta blanco a la vista,  un payaso filmando y otro payaso haciendo como que hace y dice !<br \/>\nEn qu\u00e9\u2026 <a class=\"ws_tweet_time\" href=\"https:\/\/twitter.com\/webadedios\/statuses\/1275483103343964160\">-&gt;<\/a><\/li>\n<li class=\"ws_tweet\">A causa del sismo, el mar retrocede aprox 30-40 metros en Bah\u00edas de Huatulco.\n<p>alerta de tsunami <a class=\"ws_tweet_time\" href=\"https:\/\/twitter.com\/webadedios\/statuses\/1275482746844901377\">-&gt;<\/a><\/li>\n<li class=\"ws_tweet\">En la CDMX seguimos con todo en los ensayos del apocalipsis. <a class=\"ws_tweet_time\" href=\"https:\/\/twitter.com\/webadedios\/statuses\/1275481282231726080\">-&gt;<\/a><\/li>\n<li class=\"ws_tweet\">RT <a href=\"https:\/\/twitter.com\/Fer_Caso\">@Fer_Caso<\/a>: Ahora resulta que cuestionar en p\u00fablico a una persona p\u00fablica por asuntos de inter\u00e9s p\u00fablico en los que ella misma decidi\u00f3 in\u2026 <a class=\"ws_tweet_time\" href=\"https:\/\/twitter.com\/webadedios\/statuses\/1275481060726370307\">-&gt;<\/a><\/li>\n<li class=\"ws_tweet\">RT <a href=\"https:\/\/twitter.com\/DeniseDresserG\">@DeniseDresserG<\/a>: Esta declaraci\u00f3n de <a href=\"https:\/\/twitter.com\/HLGatell\">@HLGatell<\/a> es irresponsable, tramposa, y desmerece el cargo de funcionario p\u00fablico que se le ha otor\u2026 <a class=\"ws_tweet_time\" href=\"https:\/\/twitter.com\/webadedios\/statuses\/1275480990769504256\">-&gt;<\/a><\/li>\n<li class=\"ws_tweet\">RT <a href=\"https:\/\/twitter.com\/GlodeJo07\">@GlodeJo07<\/a>: Felipe Calder\u00f3n, ya no hagas que las placas tect\u00f3nicas se muevan en otro intento de desestabilizar el gobierno de L\u00f3pez.<br \/>\nAh\u00ed\u2026 <a class=\"ws_tweet_time\" href=\"https:\/\/twitter.com\/webadedios\/statuses\/1275480703530962944\">-&gt;<\/a><\/li>\n<li class=\"ws_tweet\">RT <a href=\"https:\/\/twitter.com\/SergioSarmiento\">@SergioSarmiento<\/a>: Espero que el presidente no ordene la desaparici\u00f3n del Instituto Sismol\u00f3gico Nacional <a class=\"ws_tweet_time\" href=\"https:\/\/twitter.com\/webadedios\/statuses\/1275480659872501761\">-&gt;<\/a><\/li>\n<li class=\"ws_tweet\">RT <a href=\"https:\/\/twitter.com\/EIJefeDiego\">@EIJefeDiego<\/a>: Oiga Dra. <a href=\"https:\/\/twitter.com\/Claudiashein\">@Claudiashein<\/a>, \u00bfSe acuerda usted todo lo que hizo y no hizo en el 2017 como delegada de Tlalpan?\n<p>Los ciudadanos\u2026 <a class=\"ws_tweet_time\" href=\"https:\/\/twitter.com\/webadedios\/statuses\/1275480050725351424\">-&gt;<\/a><\/li>\n<li class=\"ws_tweet\">\u00bfSi recordamos que si hubiera sido m\u00e1s fuerte el sismo, ya no existe fondo para desastres porque <a href=\"https:\/\/twitter.com\/lopezobrador_\">@lopezobrador_<\/a> se lo gast\u00f3 en su refiner\u00eda? <a class=\"ws_tweet_time\" href=\"https:\/\/twitter.com\/webadedios\/statuses\/1275475344003182593\">-&gt;<\/a><\/li>\n<li class=\"ws_tweet\">Afortunadamente no pas\u00f3 nada, No quiero imaginar un sismo como el de 2017, ante la ineptitud manifiesta del gobiern\u2026 <a href=\"https:\/\/t.co\/hP0KMHAACj\" rel=\"nofollow\">https:\/\/t.co\/hP0KMHAACj<\/a> <a class=\"ws_tweet_time\" href=\"https:\/\/twitter.com\/webadedios\/statuses\/1275472440462766081\">-&gt;<\/a><\/li>\n<li class=\"ws_tweet\">Hay que hacer una marcha para cancelar el 2020, pinch\u00e9 a\u00f1o opresor&#8230;<br \/>\n<a href=\"https:\/\/twitter.com\/search?q=%23rayos&amp;src=hash\">#rayos<\/a> <a href=\"https:\/\/twitter.com\/search?q=%23Sismo&amp;src=hash\">#Sismo<\/a> <a href=\"https:\/\/twitter.com\/search?q=%23COVID__19&amp;src=hash\">#COVID__19<\/a> <a class=\"ws_tweet_time\" href=\"https:\/\/twitter.com\/webadedios\/statuses\/1275471840245239808\">-&gt;<\/a><\/li>\n<li class=\"ws_tweet\">RT <a href=\"https:\/\/twitter.com\/juliopatan09\">@juliopatan09<\/a>: La mejor manera de enfrentar un sismo es hidratarse, no concentrar riquezas, seguir un camino espiritual y los frijolitos\u2026 <a class=\"ws_tweet_time\" href=\"https:\/\/twitter.com\/webadedios\/statuses\/1275471227369349122\">-&gt;<\/a><\/li>\n<li class=\"ws_tweet\">RT <a href=\"https:\/\/twitter.com\/FelipeCalderon\">@FelipeCalderon<\/a>: \u00bfcu\u00e1l de todos los domicilios? <a href=\"https:\/\/t.co\/7YT2WANWhc\" rel=\"nofollow\">https:\/\/t.co\/7YT2WANWhc<\/a> <a class=\"ws_tweet_time\" href=\"https:\/\/twitter.com\/webadedios\/statuses\/1275471092493115396\">-&gt;<\/a><\/li>\n<li class=\"ws_tweet\">Tembl\u00f3 rete feo <a class=\"ws_tweet_time\" href=\"https:\/\/twitter.com\/webadedios\/statuses\/1275453530199867392\">-&gt;<\/a><\/li>\n<li class=\"ws_tweet\">Rola del d\u00eda\n<p><a href=\"https:\/\/t.co\/JPMxLPv3aI\" rel=\"nofollow\">https:\/\/t.co\/JPMxLPv3aI<\/a> <a class=\"ws_tweet_time\" href=\"https:\/\/twitter.com\/webadedios\/statuses\/1275351348649828353\">-&gt;<\/a><\/li>\n<li class=\"ws_tweet\">RT <a href=\"https:\/\/twitter.com\/RepDeFiFidonia\">@RepDeFiFidonia<\/a>: Tras las demostraciones de preocupaci\u00f3n por el estado de \ud83c\uddf2\ud83c\uddfdcontra el <a href=\"https:\/\/twitter.com\/search?q=%23COVID19&amp;src=hash\">#COVID19<\/a>, el se\u00f1or <a href=\"https:\/\/twitter.com\/HLGatell\">@HLGatell<\/a> defiende una vez m\u00e1s\u2026 <a class=\"ws_tweet_time\" href=\"https:\/\/twitter.com\/webadedios\/statuses\/1275312802698342400\">-&gt;<\/a><\/li>\n<li class=\"ws_tweet\">Este Gobierno del \u201ccambio\u201d, \u201chumano\u201d, \u201cmoral\u201d, \u201cdel pueblo\u201d es el sexenio m\u00e1s violento, nas corrupto del que se ten\u2026 <a href=\"https:\/\/t.co\/0fGzgIgOnH\" rel=\"nofollow\">https:\/\/t.co\/0fGzgIgOnH<\/a> <a class=\"ws_tweet_time\" href=\"https:\/\/twitter.com\/webadedios\/statuses\/1275312621726687233\">-&gt;<\/a><\/li>\n<li class=\"ws_tweet\">RT <a href=\"https:\/\/twitter.com\/irmoralesl\">@irmoralesl<\/a>: En medio de la indiferencia oficial ayer fallecieron por COVID-19 1,044 personas, pero al Presidente lo que le preocupa es\u2026 <a class=\"ws_tweet_time\" href=\"https:\/\/twitter.com\/webadedios\/statuses\/1275312386568859648\">-&gt;<\/a><\/li>\n<li class=\"ws_tweet\">Cuando el PRI dice una cosa coherente significa que si est\u00e1 de la chingada la situaci\u00f3n. <a class=\"ws_tweet_time\" href=\"https:\/\/twitter.com\/webadedios\/statuses\/1275312340225921025\">-&gt;<\/a><\/li>\n<li class=\"ws_tweet\">RT <a href=\"https:\/\/twitter.com\/PRI_Nacional\">@PRI_Nacional<\/a>: La democracia en M\u00e9xico ya tiene guardianes y son los ciudadanos que participan como funcionarios de casilla, as\u00ed que le\u2026 <a class=\"ws_tweet_time\" href=\"https:\/\/twitter.com\/webadedios\/statuses\/1275312230897197057\">-&gt;<\/a><\/li>\n<li class=\"ws_tweet\">RT <a href=\"https:\/\/twitter.com\/EIJefeDiego\">@EIJefeDiego<\/a>: Me caga darle RT al PRI pero es un mendigo tuitazo. <a href=\"https:\/\/t.co\/GOpLXjdK3T\" rel=\"nofollow\">https:\/\/t.co\/GOpLXjdK3T<\/a> <a class=\"ws_tweet_time\" href=\"https:\/\/twitter.com\/webadedios\/statuses\/1275312185594515456\">-&gt;<\/a><\/li>\n<li class=\"ws_tweet\">2018- L\u00f3pez empieza la presidencia<br \/>\n2019:<br \/>\n-Desabasto de Gasolina<br \/>\n-Explosi\u00f3n en Fosa Clandestina<br \/>\n-El a\u00f1o mas Violento\u2026 <a href=\"https:\/\/t.co\/imNZbhyf8f\" rel=\"nofollow\">https:\/\/t.co\/imNZbhyf8f<\/a> <a class=\"ws_tweet_time\" href=\"https:\/\/twitter.com\/webadedios\/statuses\/1275102244183179270\">-&gt;<\/a><\/li>\n<li class=\"ws_tweet\">RT <a href=\"https:\/\/twitter.com\/ArizZPersonaje\">@ArizZPersonaje<\/a>: Dicen que la decisi\u00f3n del Culiacanazo evit\u00f3 que se perdieran 200 vidas inocentes. \u00a1Pues qu\u00e9 clase de operativos planean\u2026 <a class=\"ws_tweet_time\" href=\"https:\/\/twitter.com\/webadedios\/statuses\/1275101792431476739\">-&gt;<\/a><\/li>\n<li class=\"ws_tweet\">RT <a href=\"https:\/\/twitter.com\/El_Universal_Mx\">@El_Universal_Mx<\/a>: La versi\u00f3n oficial del Culiacanazo hace agua por todos lados. Parece ya ser hora de que se diga la verdad \u00bfPor qu\u00e9 min\u2026 <a class=\"ws_tweet_time\" href=\"https:\/\/twitter.com\/webadedios\/statuses\/1275101647694422017\">-&gt;<\/a><\/li>\n<li class=\"ws_tweet\">RT <a href=\"https:\/\/twitter.com\/cesocerezo\">@cesocerezo<\/a>: Contra la <a href=\"https:\/\/twitter.com\/search?q=%23PesteFunesta&amp;src=hash\">#PesteFunesta<\/a> avanzando porque en M\u00e9xico no se permite la corrupci\u00f3n  \ud83d\ude02\ud83d\ude02\ud83d\ude02\ud83d\ude02\ud83d\ude02\ud83d\ude02\ud83d\ude02<br \/>\nAmaneci\u00f3 m\u00e1s c\u00f3mico que de costumbr\u2026 <a class=\"ws_tweet_time\" href=\"https:\/\/twitter.com\/webadedios\/statuses\/1275100903159234562\">-&gt;<\/a><\/li>\n<li class=\"ws_tweet\">RT <a href=\"https:\/\/twitter.com\/CristyP2000\">@CristyP2000<\/a>: El magn\u00edfico reportaje de <a href=\"https:\/\/twitter.com\/CarlosLoret\">@CarlosLoret<\/a> relacionado con los bienes inmuebles de <a href=\"https:\/\/twitter.com\/Irma_Sandoval\">@Irma_Sandoval<\/a>  y de su esposo <a href=\"https:\/\/twitter.com\/JohnMAckerm\">@JohnMAckerm<\/a>\u2026 <a class=\"ws_tweet_time\" href=\"https:\/\/twitter.com\/webadedios\/statuses\/1275100845986758656\">-&gt;<\/a><\/li>\n<li class=\"ws_tweet\">RT <a href=\"https:\/\/twitter.com\/ElFinanciero_Mx\">@ElFinanciero_Mx<\/a>: La crisis econ\u00f3mica causada por la pandemia de COVID-19 ha propiciado el cierre de casi 10 mil empresas en el pa\u00eds en\u2026 <a class=\"ws_tweet_time\" href=\"https:\/\/twitter.com\/webadedios\/statuses\/1275097715903528963\">-&gt;<\/a><\/li>\n<li class=\"ws_tweet\">RT <a href=\"https:\/\/twitter.com\/CristyP2000\">@CristyP2000<\/a>: NO Sr. &quot;Presidente&quot; <a href=\"https:\/\/twitter.com\/lopezobrador_\">@lopezobrador_<\/a> usted por el cargo que ocupa, est\u00e1 OBLIGADO a NO INTERVENIR en ninguna elecci\u00f3n, de nin\u2026 <a class=\"ws_tweet_time\" href=\"https:\/\/twitter.com\/webadedios\/statuses\/1275097593027100672\">-&gt;<\/a><\/li>\n<li class=\"ws_tweet\">RT <a href=\"https:\/\/twitter.com\/ElFinanciero_Mx\">@ElFinanciero_Mx<\/a>: El premio Nobel de Qu\u00edmica, Mario Molina, recomend\u00f3 utilizar en todo momento el cubrebocas, con el fin de prevenir los\u2026 <a class=\"ws_tweet_time\" href=\"https:\/\/twitter.com\/webadedios\/statuses\/1274863979848966144\">-&gt;<\/a><\/li>\n<li class=\"ws_tweet\">RT <a href=\"https:\/\/twitter.com\/JJDiazMachuca\">@JJDiazMachuca<\/a>: Nunca hab\u00edamos vivido esta felicidad extrema, en unos minutos si y a los siguientes tambi\u00e9n.<br \/>\nDice que fallo pegarle al\u2026 <a class=\"ws_tweet_time\" href=\"https:\/\/twitter.com\/webadedios\/statuses\/1274608576456200192\">-&gt;<\/a><\/li>\n<li class=\"ws_tweet\">RT <a href=\"https:\/\/twitter.com\/RosaCarmen85\">@RosaCarmen85<\/a>: Hace unos d\u00edas la Sen. Citlali (me bloque\u00f3) dec\u00eda que s\u00f3lo bastaba salir a la calle y ver lo contento de la gente&#8230;\n<p>No\u2026 <a class=\"ws_tweet_time\" href=\"https:\/\/twitter.com\/webadedios\/statuses\/1274608502082809856\">-&gt;<\/a><\/li>\n<li class=\"ws_tweet\">La autoridad Estatal rebasada y la guardia Nacional ni sus luces <a class=\"ws_tweet_time\" href=\"https:\/\/twitter.com\/webadedios\/statuses\/1274608250969886720\">-&gt;<\/a><\/li>\n<li class=\"ws_tweet\">El cacas sac\u00f3 a la marina de Guanajuato para poner a su guardia nacional chafa que no hicieron nada ni siquiera en Caborca <a class=\"ws_tweet_time\" href=\"https:\/\/twitter.com\/webadedios\/statuses\/1274608038981373954\">-&gt;<\/a><\/li>\n<li class=\"ws_tweet\">RT <a href=\"https:\/\/twitter.com\/FelipeCalderon\">@FelipeCalderon<\/a>: Terribles escenas de Celaya, y particularmente de Caborca. Autos incendiados y cad\u00e1veres apilados en la carretera. <a class=\"ws_tweet_time\" href=\"https:\/\/twitter.com\/webadedios\/statuses\/1274607655525457921\">-&gt;<\/a><\/li>\n<li class=\"ws_tweet\">una cosa queda clara al ver los ataques ocurridos en Caborca y Celaya por parte del crimen organizado, la liberaci\u00f3\u2026 <a href=\"https:\/\/t.co\/TT0gCSpTXx\" rel=\"nofollow\">https:\/\/t.co\/TT0gCSpTXx<\/a> <a class=\"ws_tweet_time\" href=\"https:\/\/twitter.com\/webadedios\/statuses\/1274607620800876546\">-&gt;<\/a><\/li>\n<li class=\"ws_tweet\">RT <a href=\"https:\/\/twitter.com\/PrincessPrian\">@PrincessPrian<\/a>: Parece que el gobierno no s\u00f3lo le avienta las camionetas a los manifestantes \ud83d\ude98\n<p>Tambi\u00e9n sirven para deshacerse de los es\u2026 <a class=\"ws_tweet_time\" href=\"https:\/\/twitter.com\/webadedios\/statuses\/1274574594373009414\">-&gt;<\/a><\/li>\n<li class=\"ws_tweet\">RT <a href=\"https:\/\/twitter.com\/mundOriginal\">@mundOriginal<\/a>: le est\u00e1n pidiendo aislamiento inteligente a un pa\u00eds donde escuchan disparos y salen a ver quienes se est\u00e1n agarrando a ba\u2026 <a class=\"ws_tweet_time\" href=\"https:\/\/twitter.com\/webadedios\/statuses\/1274502841034575874\">-&gt;<\/a><\/li>\n<li class=\"ws_tweet\">RT <a href=\"https:\/\/twitter.com\/Arouet_V\">@Arouet_V<\/a>: Jenaro nunca dejar\u00e1 de escupir al cielo. AMLO es el principal promotor del odio. Pone apodo a sus adversarios, les llama cons\u2026 <a class=\"ws_tweet_time\" href=\"https:\/\/twitter.com\/webadedios\/statuses\/1274408583627759616\">-&gt;<\/a><\/li>\n<li class=\"ws_tweet\">RT <a href=\"https:\/\/twitter.com\/la_grenitas\">@la_grenitas<\/a>: Ya enloqueci\u00f3&#8230;.<br \/>\nAnte los manifestantes que estaban afuera la agarr\u00f3 contra todos: automovilistas que protestan, periodis\u2026 <a class=\"ws_tweet_time\" href=\"https:\/\/twitter.com\/webadedios\/statuses\/1274408263312965634\">-&gt;<\/a><\/li>\n<li class=\"ws_tweet\">RT <a href=\"https:\/\/twitter.com\/PiperThread\">@PiperThread<\/a>: \u00bfC\u00f3mo se le puede decir al llamado de una supuesta austeridad, comer frijoles y arroz, pero tener un presupuesto en Palaci\u2026 <a class=\"ws_tweet_time\" href=\"https:\/\/twitter.com\/webadedios\/statuses\/1274408215078481920\">-&gt;<\/a><\/li>\n<li class=\"ws_tweet\">no puedo descargar mis correos de hotmail&#8230;\n<p>no usar esa cuenta en este momento, mejor la de yahoo que nunca falla <a class=\"ws_tweet_time\" href=\"https:\/\/twitter.com\/webadedios\/statuses\/1274407753142931456\">-&gt;<\/a><\/li>\n<li class=\"ws_tweet\">RT <a href=\"https:\/\/twitter.com\/Asmodaeus666\">@Asmodaeus666<\/a>: En Isla Mujeres se esconde en un cuartel. En Campeche se esconde en un cuartel. En Cuernavaca se esconde en un cuartel.\u2026 <a class=\"ws_tweet_time\" href=\"https:\/\/twitter.com\/webadedios\/statuses\/1274382378459443201\">-&gt;<\/a><\/li>\n<li class=\"ws_tweet\">RT <a href=\"https:\/\/twitter.com\/ChumelTorres\">@ChumelTorres<\/a>: \u201c\u00bfC\u00f3mo preveniremos y erradicaremos la discriminaci\u00f3n en M\u00e9xico?<br \/>\nYa s\u00e9. Desmantelemos la instituci\u00f3n responsable de preve\u2026 <a class=\"ws_tweet_time\" href=\"https:\/\/twitter.com\/webadedios\/statuses\/1274382136229933057\">-&gt;<\/a><\/li>\n<li class=\"ws_tweet\">RT <a href=\"https:\/\/twitter.com\/LeonKrauze\">@LeonKrauze<\/a>: Por tradici\u00f3n, <a href=\"https:\/\/twitter.com\/HBO\">@HBO<\/a> ha dado escenario a comedia transgresora e inc\u00f3moda.<br \/>\nMaher, Sloss, Attell, Silverman, Cross&#8230;<br \/>\nLa lista\u2026 <a class=\"ws_tweet_time\" href=\"https:\/\/twitter.com\/webadedios\/statuses\/1274381935725416448\">-&gt;<\/a><\/li>\n<li class=\"ws_tweet\">RT <a href=\"https:\/\/twitter.com\/ISSSTE_mx\">@ISSSTE_mx<\/a>: El <a href=\"https:\/\/twitter.com\/search?q=%23ISSSTEInforma&amp;src=hash\">#ISSSTEInforma<\/a> que en la fotograf\u00eda se muestra un simulacro para explicar al Pdte. <a href=\"https:\/\/twitter.com\/lopezobrador_\">@lopezobrador_<\/a> c\u00f3mo se atender\u00e1 a un p\u2026 <a class=\"ws_tweet_time\" href=\"https:\/\/twitter.com\/webadedios\/statuses\/1274381649720074240\">-&gt;<\/a><\/li>\n<li class=\"ws_tweet\">RT <a href=\"https:\/\/twitter.com\/vampipe\">@vampipe<\/a>: \u00bfSe han fijado que siempre que <a href=\"https:\/\/twitter.com\/lopezobrador_\">@lopezobrador_<\/a> tiene que posar para reflectores le preparan una calcoman\u00eda con una banderita pa\u2026 <a class=\"ws_tweet_time\" href=\"https:\/\/twitter.com\/webadedios\/statuses\/1274381563644588034\">-&gt;<\/a><\/li>\n<li class=\"ws_tweet\">RT <a href=\"https:\/\/twitter.com\/Janivora\">@Janivora<\/a>: <a href=\"https:\/\/twitter.com\/ISSSTE_mx\">@ISSSTE_mx<\/a> <a href=\"https:\/\/twitter.com\/lopezobrador_\">@lopezobrador_<\/a> Veamos tambi\u00e9n al ISSSTE en la realidad, en un video desgarrador, mostrando a un pobre hombre que f\u2026 <a class=\"ws_tweet_time\" href=\"https:\/\/twitter.com\/webadedios\/statuses\/1274381265068851201\">-&gt;<\/a><\/li>\n<li class=\"ws_tweet\">RT <a href=\"https:\/\/twitter.com\/MagosNava\">@MagosNava<\/a>: Este simulacro me dej\u00f3 sin palabras&#8230; apenas ayer vi un terrible video de una chica en el ISSSTE de Comitan, Chiapas&#8230; llo\u2026 <a class=\"ws_tweet_time\" href=\"https:\/\/twitter.com\/webadedios\/statuses\/1274381077369491459\">-&gt;<\/a><\/li>\n<li class=\"ws_tweet\">RT <a href=\"https:\/\/twitter.com\/FelipeCalderon\">@FelipeCalderon<\/a>: Simulacro o no, nadie debiera entrar a una sala de hospital sin tapabocas, as\u00ed sea el Presidente. Y mientras se desv\u00edan\u2026 <a class=\"ws_tweet_time\" href=\"https:\/\/twitter.com\/webadedios\/statuses\/1274381003440652289\">-&gt;<\/a><\/li>\n<li class=\"ws_tweet\">RT <a href=\"https:\/\/twitter.com\/SimnTolomeo2\">@SimnTolomeo2<\/a>: \u00bfSe acuerdan cuando, en campa\u00f1a, L\u00f3pez prometi\u00f3 que sus funcionarios se atender\u00edan en el ISSTE o en el IMSS?\n<p>Pues result\u2026 <a class=\"ws_tweet_time\" href=\"https:\/\/twitter.com\/webadedios\/statuses\/1274380809605128192\">-&gt;<\/a><\/li>\n<li class=\"ws_tweet\">subdelegado M\u00e9dico del ISSSTE, doctor Carlos Saucedo, arroj\u00f3 positivo a Covid-19 esta semana, y mejor se fue a aten\u2026 <a href=\"https:\/\/t.co\/ObtJeXTc2E\" rel=\"nofollow\">https:\/\/t.co\/ObtJeXTc2E<\/a> <a class=\"ws_tweet_time\" href=\"https:\/\/twitter.com\/webadedios\/statuses\/1274380593736884225\">-&gt;<\/a><\/li>\n<li class=\"ws_tweet\">Ante la cr\u00edtica y cuestionamiento de la foto donde el Presidente L\u00f3pez visita un \u201cenfermo de COVID\u201d, el <a href=\"https:\/\/twitter.com\/ISSSTE_mx\">@ISSSTE_mx<\/a>\u2026 <a href=\"https:\/\/t.co\/q5JCwJeWFc\" rel=\"nofollow\">https:\/\/t.co\/q5JCwJeWFc<\/a> <a class=\"ws_tweet_time\" href=\"https:\/\/twitter.com\/webadedios\/statuses\/1274379948032249862\">-&gt;<\/a><\/li>\n<li class=\"ws_tweet\">RT <a href=\"https:\/\/twitter.com\/DanielaAcosta79\">@DanielaAcosta79<\/a>: Qu\u00e9 bonito te ves visitando pacientes falsos, Esperancito!!!<br \/>\nPero te falt\u00f3 ponerles pies, maldito maldito mentiroso!\u2026 <a class=\"ws_tweet_time\" href=\"https:\/\/twitter.com\/webadedios\/statuses\/1274379805107109888\">-&gt;<\/a><\/li>\n<\/ul>\n<!--CusAds0-->\n<div style=\"font-size: 0px; height: 0px; line-height: 0px; margin: 0; padding: 0; clear: both;\"><\/div>","protected":false},"excerpt":{"rendered":"<p>Mis twitts del 2020-06-17 al 2020-06-23<\/p>\n","protected":false},"author":1,"featured_media":0,"comment_status":"open","ping_status":"open","sticky":false,"template":"","format":"standard","meta":{"footnotes":""},"categories":[2],"tags":[1878,966,1876,1877,1720,60],"class_list":["post-8598","post","type-post","status-publish","format-standard","hentry","category-actividades","tag-digo","tag-red","tag-social","tag-tuits","tag-tweets","tag-twitter"],"_links":{"self":[{"href":"https:\/\/webadedios.com\/blog\/wp-json\/wp\/v2\/posts\/8598","targetHints":{"allow":["GET"]}}],"collection":[{"href":"https:\/\/webadedios.com\/blog\/wp-json\/wp\/v2\/posts"}],"about":[{"href":"https:\/\/webadedios.com\/blog\/wp-json\/wp\/v2\/types\/post"}],"author":[{"embeddable":true,"href":"https:\/\/webadedios.com\/blog\/wp-json\/wp\/v2\/users\/1"}],"replies":[{"embeddable":true,"href":"https:\/\/webadedios.com\/blog\/wp-json\/wp\/v2\/comments?post=8598"}],"version-history":[{"count":0,"href":"https:\/\/webadedios.com\/blog\/wp-json\/wp\/v2\/posts\/8598\/revisions"}],"wp:attachment":[{"href":"https:\/\/webadedios.com\/blog\/wp-json\/wp\/v2\/media?parent=8598"}],"wp:term":[{"taxonomy":"category","embeddable":true,"href":"https:\/\/webadedios.com\/blog\/wp-json\/wp\/v2\/categories?post=8598"},{"taxonomy":"post_tag","embeddable":true,"href":"https:\/\/webadedios.com\/blog\/wp-json\/wp\/v2\/tags?post=8598"}],"curies":[{"name":"wp","href":"https:\/\/api.w.org\/{rel}","templated":true}]}}