{"id":8594,"date":"2020-06-17T05:40:00","date_gmt":"2020-06-17T10:40:00","guid":{"rendered":"http:\/\/webadedios.com\/blog\/?p=8594"},"modified":"2020-06-17T05:40:00","modified_gmt":"2020-06-17T10:40:00","slug":"mis-twitts-del-2020-06-10-al-2020-06-16","status":"publish","type":"post","link":"https:\/\/webadedios.com\/blog\/2020\/actividades\/mis-twitts-del-2020-06-10-al-2020-06-16\/","title":{"rendered":"Mis twitts del 2020-06-10 al 2020-06-16"},"content":{"rendered":"<ul class=\"ws_tweet_list\">\n<li class=\"ws_tweet\">RT <a href=\"https:\/\/twitter.com\/Potropegaso21\">@Potropegaso21<\/a>: Sin duda que son responsables directos, pero tambi\u00e9n est\u00e1 EL JUICIO de cada uno de nosotros para entender lo que realmen\u2026 <a class=\"ws_tweet_time\" href=\"https:\/\/twitter.com\/webadedios\/statuses\/1272787761658036225\">-&gt;<\/a><\/li>\n<li class=\"ws_tweet\">RT <a href=\"https:\/\/twitter.com\/CarlosRamirezF\">@CarlosRamirezF<\/a>: Dijo exactamente lo contrario hace dos meses. \u201cNo vayan al hospital, ati\u00e9ndanse en sus casas\u201d. <a href=\"https:\/\/t.co\/eenTNQj4Un\" rel=\"nofollow\">https:\/\/t.co\/eenTNQj4Un<\/a> <a class=\"ws_tweet_time\" href=\"https:\/\/twitter.com\/webadedios\/statuses\/1272787638756483072\">-&gt;<\/a><\/li>\n<li class=\"ws_tweet\">RT <a href=\"https:\/\/twitter.com\/FelipeCalderon\">@FelipeCalderon<\/a>: Video: \u00a1Solo atiendes a la mam\u00e1 del Chapo! via <a href=\"https:\/\/twitter.com\/reforma\">@reforma<\/a><br \/>\n <a href=\"https:\/\/t.co\/CLkxLRcMSx\" rel=\"nofollow\">https:\/\/t.co\/CLkxLRcMSx<\/a> <a class=\"ws_tweet_time\" href=\"https:\/\/twitter.com\/webadedios\/statuses\/1272787114841780226\">-&gt;<\/a><\/li>\n<li class=\"ws_tweet\">RT <a href=\"https:\/\/twitter.com\/PedroFerriz\">@PedroFerriz<\/a>: Por primera vez en nuestra  historia, TODAS las clases sociales se rebelan al presidente.\n<p>Improvisa, descalifica, induce\u2026 <a class=\"ws_tweet_time\" href=\"https:\/\/twitter.com\/webadedios\/statuses\/1272786824554065921\">-&gt;<\/a><\/li>\n<li class=\"ws_tweet\">RT <a href=\"https:\/\/twitter.com\/hugosanchez_9\">@hugosanchez_9<\/a>: A mi querido hijo&#8230;. <a href=\"https:\/\/t.co\/cWaDkoPHrH\" rel=\"nofollow\">https:\/\/t.co\/cWaDkoPHrH<\/a> <a class=\"ws_tweet_time\" href=\"https:\/\/twitter.com\/webadedios\/statuses\/1272786588838346758\">-&gt;<\/a><\/li>\n<li class=\"ws_tweet\">RT <a href=\"https:\/\/twitter.com\/Potropegaso21\">@Potropegaso21<\/a>: Incre\u00edble con el oficial ah\u00ed&#8230; Protecci\u00f3n nivel 4T&#8230; Una tristeza&#8230; <a href=\"https:\/\/t.co\/J1WwjthEzD\" rel=\"nofollow\">https:\/\/t.co\/J1WwjthEzD<\/a> <a class=\"ws_tweet_time\" href=\"https:\/\/twitter.com\/webadedios\/statuses\/1272786337121345537\">-&gt;<\/a><\/li>\n<li class=\"ws_tweet\">RT <a href=\"https:\/\/twitter.com\/FelipeCalderon\">@FelipeCalderon<\/a>: Comentario en verdad aterrador, clasista, ignorante del derecho y de la realidad: decenas de miles de mexicanos que son\u2026 <a class=\"ws_tweet_time\" href=\"https:\/\/twitter.com\/webadedios\/statuses\/1272786055993925637\">-&gt;<\/a><\/li>\n<li class=\"ws_tweet\">RT <a href=\"https:\/\/twitter.com\/johnwickmx\">@johnwickmx<\/a>: El gobierno de M\u00e9xico es de los menos transparentes en el mundo, rno sabemos donde estamos parados, lo que si podemos hacer\u2026 <a class=\"ws_tweet_time\" href=\"https:\/\/twitter.com\/webadedios\/statuses\/1272558498291814401\">-&gt;<\/a><\/li>\n<li class=\"ws_tweet\">La econom\u00eda de EE.UU. tendr\u00e1 una contracci\u00f3n significativa e hist\u00f3rica en el segundo trimestre. Y en M\u00e9xico esto nos va a afectar <a class=\"ws_tweet_time\" href=\"https:\/\/twitter.com\/webadedios\/statuses\/1272558170045546506\">-&gt;<\/a><\/li>\n<li class=\"ws_tweet\">El cacas de la ineficiencia al rid\u00edculo <a class=\"ws_tweet_time\" href=\"https:\/\/twitter.com\/webadedios\/statuses\/1272200104708096006\">-&gt;<\/a><\/li>\n<li class=\"ws_tweet\">RT <a href=\"https:\/\/twitter.com\/AnonymousMex_\">@AnonymousMex_<\/a>: Es una alegr\u00eda ver y sentir que <a href=\"https:\/\/twitter.com\/search?q=%23M&amp;src=hash\">#M<\/a>\u00e9xico est\u00e1 despertando.\n<p><a href=\"https:\/\/twitter.com\/search?q=%23DesPEJEndejateYa&amp;src=hash\">#DesPEJEndejateYa<\/a> por \ud83c\uddf2\ud83c\uddfd <a class=\"ws_tweet_time\" href=\"https:\/\/twitter.com\/webadedios\/statuses\/1272198640371732480\">-&gt;<\/a><\/li>\n<li class=\"ws_tweet\">RT <a href=\"https:\/\/twitter.com\/MaxKaiser75\">@MaxKaiser75<\/a>: Le hice un DEC\u00c1LOGO al gobierno:\n<p>1. Som\u00e9tase a la Constituci\u00f3n<br \/>\n2. Cumpla las leyes<br \/>\n3. Respete derechos individuales<br \/>\n4. Re\u2026 <a class=\"ws_tweet_time\" href=\"https:\/\/twitter.com\/webadedios\/statuses\/1272192278296223744\">-&gt;<\/a><\/li>\n<li class=\"ws_tweet\">Carnival Row&#8230; buenas escenas de sexo, pero como que le falta desarrollo, no me gusto, aun con sus buenos momentos <a class=\"ws_tweet_time\" href=\"https:\/\/twitter.com\/webadedios\/statuses\/1272092112822173697\">-&gt;<\/a><\/li>\n<li class=\"ws_tweet\">RT <a href=\"https:\/\/twitter.com\/RiosCorona1\">@RiosCorona1<\/a>: A este presidente que ya no quiere hablar del PIB sino del \u00edndice de la felicidad y bienestar&#8230;\n<p>Le confiar\u00edas tu Afore?\u2026 <a class=\"ws_tweet_time\" href=\"https:\/\/twitter.com\/webadedios\/statuses\/1272061320502947842\">-&gt;<\/a><\/li>\n<li class=\"ws_tweet\">RT <a href=\"https:\/\/twitter.com\/mundOriginal\">@mundOriginal<\/a>: Todo hombre admira ser como Obrador, que nos crean todo lo que prometemos, nos den todo lo que queremos y no cumplir nada\u2026 <a class=\"ws_tweet_time\" href=\"https:\/\/twitter.com\/webadedios\/statuses\/1272061250684497920\">-&gt;<\/a><\/li>\n<li class=\"ws_tweet\">RT <a href=\"https:\/\/twitter.com\/PedroFerriz\">@PedroFerriz<\/a>: FRENA<br \/>\nVeracruz, Puerto <a href=\"https:\/\/t.co\/r3ycSwBN5n\" rel=\"nofollow\">https:\/\/t.co\/r3ycSwBN5n<\/a> <a class=\"ws_tweet_time\" href=\"https:\/\/twitter.com\/webadedios\/statuses\/1272061205386006528\">-&gt;<\/a><\/li>\n<li class=\"ws_tweet\">RT <a href=\"https:\/\/twitter.com\/joserra_espn\">@joserra_espn<\/a>: Un resumen de la liga espa\u00f1ola despu\u00e9s de 28 jornadas.<br \/>\nL\u00edder de goleo:   Messi (20)<br \/>\nL\u00edder de asistencias:  Messi (14)<br \/>\nL\u00ed\u2026 <a class=\"ws_tweet_time\" href=\"https:\/\/twitter.com\/webadedios\/statuses\/1272061137467604994\">-&gt;<\/a><\/li>\n<li class=\"ws_tweet\">RT <a href=\"https:\/\/twitter.com\/PedroFerriz\">@PedroFerriz<\/a>: FRENA\n<p>A FRENA ya nada lo frena.<br \/>\nEn Atizap\u00e1n, Edo Mex, llegan oficiales de tr\u00e1nsito, multan a manifestantes de forma esca\u2026 <a class=\"ws_tweet_time\" href=\"https:\/\/twitter.com\/webadedios\/statuses\/1272060902544736256\">-&gt;<\/a><\/li>\n<li class=\"ws_tweet\">RT <a href=\"https:\/\/twitter.com\/mundOriginal\">@mundOriginal<\/a>: Querido 2020, creo que necesitas encontrar el perd\u00f3n en tu coraz\u00f3n bro, est\u00e1s todo lleno de odio y eso no esta chido. <a class=\"ws_tweet_time\" href=\"https:\/\/twitter.com\/webadedios\/statuses\/1272060848958328832\">-&gt;<\/a><\/li>\n<li class=\"ws_tweet\">RT <a href=\"https:\/\/twitter.com\/Faitelson_ESPN\">@Faitelson_ESPN<\/a>: \u00bfListos para ver a Messi?<br \/>\nYo, s\u00ed&#8230; <a class=\"ws_tweet_time\" href=\"https:\/\/twitter.com\/webadedios\/statuses\/1272060823922446338\">-&gt;<\/a><\/li>\n<li class=\"ws_tweet\">La gente se est\u00e1 cansando de promesas chairas. <a class=\"ws_tweet_time\" href=\"https:\/\/twitter.com\/webadedios\/statuses\/1272060718280593408\">-&gt;<\/a><\/li>\n<li class=\"ws_tweet\">RT <a href=\"https:\/\/twitter.com\/tenientedan001\">@tenientedan001<\/a>: <a href=\"https:\/\/twitter.com\/search?q=%23FueraAMLO&amp;src=hash\">#FueraAMLO<\/a><br \/>\nFuera la ineptitud.<br \/>\nFuera la estupidez.<br \/>\nFuera el c\u00e1ncer de M\u00e9xico.<br \/>\nFuera la corrupci\u00f3n c\u00ednica.<br \/>\nFuera las ido\u2026 <a class=\"ws_tweet_time\" href=\"https:\/\/twitter.com\/webadedios\/statuses\/1272060548952338440\">-&gt;<\/a><\/li>\n<li class=\"ws_tweet\">RT <a href=\"https:\/\/twitter.com\/Faitelson_ESPN\">@Faitelson_ESPN<\/a>: El gol de <a href=\"https:\/\/twitter.com\/borgetti58\">@borgetti58<\/a> es el mejor que yo he visto de M\u00e9xico en un Mundial. Hay que apreciar la elaboraci\u00f3n de la jugada\u2026 <a class=\"ws_tweet_time\" href=\"https:\/\/twitter.com\/webadedios\/statuses\/1271858525329854464\">-&gt;<\/a><\/li>\n<li class=\"ws_tweet\">RT <a href=\"https:\/\/twitter.com\/LeonKrauze\">@LeonKrauze<\/a>: \u201cT\u00fa no dices cu\u00e1ndo; el virus dice cu\u00e1ndo\u201d, dec\u00eda el doctor Fauci sobre los tiempos de la reapertura.\n<p>Sobre advertencia no\u2026 <a class=\"ws_tweet_time\" href=\"https:\/\/twitter.com\/webadedios\/statuses\/1271856638052511746\">-&gt;<\/a><\/li>\n<li class=\"ws_tweet\">RT <a href=\"https:\/\/twitter.com\/AnonymousMex_\">@AnonymousMex_<\/a>: \u00bfC\u00f3mo calificas las acciones de <a href=\"https:\/\/twitter.com\/lopezobrador_\">@lopezobrador_<\/a> y su <a href=\"https:\/\/twitter.com\/GobiernoMX\">@GobiernoMX<\/a> ante la pandemia por <a href=\"https:\/\/twitter.com\/search?q=%23coronavirus&amp;src=hash\">#coronavirus<\/a>? <a class=\"ws_tweet_time\" href=\"https:\/\/twitter.com\/webadedios\/statuses\/1271856546348183554\">-&gt;<\/a><\/li>\n<li class=\"ws_tweet\">Cuando manejas una epidemia anteponiendo intereses pol\u00edticos, el resultado es desastroso! <a class=\"ws_tweet_time\" href=\"https:\/\/twitter.com\/webadedios\/statuses\/1271856194244747266\">-&gt;<\/a><\/li>\n<li class=\"ws_tweet\">RT <a href=\"https:\/\/twitter.com\/beltrandelrio\">@beltrandelrio<\/a>: \u00bfSeguir\u00e1n diciendo que la OMS felicita a M\u00e9xico? <a href=\"https:\/\/t.co\/0gjn917KPp\" rel=\"nofollow\">https:\/\/t.co\/0gjn917KPp<\/a> <a class=\"ws_tweet_time\" href=\"https:\/\/twitter.com\/webadedios\/statuses\/1271855955538522112\">-&gt;<\/a><\/li>\n<li class=\"ws_tweet\">RT <a href=\"https:\/\/twitter.com\/ClaudioXGG\">@ClaudioXGG<\/a>: Le pide la OMS al gobierno de M\u00e9xico \u201cmensajes coherentes\u201d. Pregunta: \u00bfPuede un gobierno que es una maquinaria de propagand\u2026 <a class=\"ws_tweet_time\" href=\"https:\/\/twitter.com\/webadedios\/statuses\/1271854886456561665\">-&gt;<\/a><\/li>\n<li class=\"ws_tweet\">RT <a href=\"https:\/\/twitter.com\/RiosCorona1\">@RiosCorona1<\/a>: -Ya quiero que se termine esta shingadera\n<p>-El Coronavirus????<\/p>\n<p>-Nooooo, el sexenio!!!!! <a class=\"ws_tweet_time\" href=\"https:\/\/twitter.com\/webadedios\/statuses\/1271854772409315329\">-&gt;<\/a><\/li>\n<li class=\"ws_tweet\">Quieren ver lo que pasa cuando el Gobierno se acaba el dinero?\n<p>Busca en Google  &quot;el corralito argentino&quot; y ed\u00facate<br \/>\n<a href=\"https:\/\/twitter.com\/search?q=%23PeleaPorTuAfore&amp;src=hash\">#PeleaPorTuAfore<\/a> <a class=\"ws_tweet_time\" href=\"https:\/\/twitter.com\/webadedios\/statuses\/1271854614330179584\">-&gt;<\/a><\/li>\n<li class=\"ws_tweet\">RT <a href=\"https:\/\/twitter.com\/PerMexicum\">@PerMexicum<\/a>: Cualquier proyecto de L\u00f3pez, fracasa.\n<p>Hace una refiner\u00eda en un pantano, se inunda.<\/p>\n<p>Hace un aeropuerto en un lugar con neb\u2026 <a class=\"ws_tweet_time\" href=\"https:\/\/twitter.com\/webadedios\/statuses\/1271854342623105026\">-&gt;<\/a><\/li>\n<li class=\"ws_tweet\">RT <a href=\"https:\/\/twitter.com\/gabyhback\">@gabyhback<\/a>: \u00bfQuieres que el dinero que has trabajado toda tu vida, \u00bfSe lo quede un loco maquiav\u00e9lico, para cumplir sus berrinches?\n<p>Sant\u2026 <a class=\"ws_tweet_time\" href=\"https:\/\/twitter.com\/webadedios\/statuses\/1271850009110228992\">-&gt;<\/a><\/li>\n<li class=\"ws_tweet\">El dinero de las afores es de los ahorradores.<br \/>\nNo est\u00e1 para que el gobierno lo use a discreci\u00f3n.<\/p>\n<p><a href=\"https:\/\/twitter.com\/search?q=%23PeleaPorTuAfore&amp;src=hash\">#PeleaPorTuAfore<\/a> <a class=\"ws_tweet_time\" href=\"https:\/\/twitter.com\/webadedios\/statuses\/1271847757708476416\">-&gt;<\/a><\/li>\n<li class=\"ws_tweet\">RT <a href=\"https:\/\/twitter.com\/DonVocero\">@DonVocero<\/a>: Tu le dar\u00edas los ahorros de toda tu vida a un wey que solo administra 200 pesos de su cartera?<br \/>\n<a href=\"https:\/\/twitter.com\/search?q=%23PeleaPorTuAfore&amp;src=hash\">#PeleaPorTuAfore<\/a> <a class=\"ws_tweet_time\" href=\"https:\/\/twitter.com\/webadedios\/statuses\/1271847651059929088\">-&gt;<\/a><\/li>\n<li class=\"ws_tweet\">BOAs y plieoto vs OXXOS son los tipos de distractores que hace este gobierno mientras roba tus ahorros.\n<p>Esto no es\u2026 <a href=\"https:\/\/t.co\/LeNCoNXH6V\" rel=\"nofollow\">https:\/\/t.co\/LeNCoNXH6V<\/a> <a class=\"ws_tweet_time\" href=\"https:\/\/twitter.com\/webadedios\/statuses\/1271847538719625219\">-&gt;<\/a><\/li>\n<li class=\"ws_tweet\">RT <a href=\"https:\/\/twitter.com\/IrvingGatell\">@IrvingGatell<\/a>: No va a quitar el dedo del rengl\u00f3n porque no tiene dinero. El pr\u00e9stamo que acaba de recibir no le alcanza para salvar Dos\u2026 <a class=\"ws_tweet_time\" href=\"https:\/\/twitter.com\/webadedios\/statuses\/1271480741298343937\">-&gt;<\/a><\/li>\n<li class=\"ws_tweet\">EL KKAS ya tiene mayor\u00eda en el permanente, lo que le dar\u00e1 acceso total al presupuesto, desaparecer el INE y chingarse las AFORES <a class=\"ws_tweet_time\" href=\"https:\/\/twitter.com\/webadedios\/statuses\/1271480641415270405\">-&gt;<\/a><\/li>\n<li class=\"ws_tweet\">La intenci\u00f3n del <a href=\"https:\/\/twitter.com\/GobiernoMX\">@GobiernoMX<\/a> de <a href=\"https:\/\/twitter.com\/lopezobrador_\">@lopezobrador_<\/a><br \/>\n no es NACIONALIZAR las AFORES<\/p>\n<p>Lo que buscan es que desaparezcan la\u2026 <a href=\"https:\/\/t.co\/srOHvxxDMP\" rel=\"nofollow\">https:\/\/t.co\/srOHvxxDMP<\/a> <a class=\"ws_tweet_time\" href=\"https:\/\/twitter.com\/webadedios\/statuses\/1271480595634413568\">-&gt;<\/a><\/li>\n<li class=\"ws_tweet\">el plan del cacas e que tu ahorro para el retiro se convierta en cartera vencida de un banco controlado por el gobi\u2026 <a href=\"https:\/\/t.co\/Fmzj1xTaWz\" rel=\"nofollow\">https:\/\/t.co\/Fmzj1xTaWz<\/a> <a class=\"ws_tweet_time\" href=\"https:\/\/twitter.com\/webadedios\/statuses\/1271479878395793409\">-&gt;<\/a><\/li>\n<li class=\"ws_tweet\">Los que andan felices bailando La BOA, no se han dado cuenta del culebr\u00f3n que nos van a meter con lo de las Afores. <a class=\"ws_tweet_time\" href=\"https:\/\/twitter.com\/webadedios\/statuses\/1271478716581974016\">-&gt;<\/a><\/li>\n<li class=\"ws_tweet\">L\u00f3pez, destruy\u00f3 cuando &quot;revis\u00f3&quot;:\n<p>El NAIM.<br \/>\nLa econom\u00eda.<br \/>\nEl Seguro Popular.<br \/>\nLas estancias infantiles.<br \/>\nRefugios de m\u2026 <a href=\"https:\/\/t.co\/mh8CBpd1k9\" rel=\"nofollow\">https:\/\/t.co\/mh8CBpd1k9<\/a> <a class=\"ws_tweet_time\" href=\"https:\/\/twitter.com\/webadedios\/statuses\/1271478549065728000\">-&gt;<\/a><\/li>\n<li class=\"ws_tweet\">-L\u00f3pez va por nuestras AFORES $$$<br \/>\n-Incrementa deuda con Banco Mundial<br \/>\n-12 millones desempleados<br \/>\n-Crean BOA &#8211; teatro\u2026 <a href=\"https:\/\/t.co\/0SMLKjWeFl\" rel=\"nofollow\">https:\/\/t.co\/0SMLKjWeFl<\/a> <a class=\"ws_tweet_time\" href=\"https:\/\/twitter.com\/webadedios\/statuses\/1271478010189942785\">-&gt;<\/a><\/li>\n<li class=\"ws_tweet\">RT <a href=\"https:\/\/twitter.com\/Fabiocarton\">@Fabiocarton<\/a>: Hoy, en <a href=\"https:\/\/twitter.com\/laprensaoem\">@laprensaoem<\/a><br \/>\nLa <a href=\"https:\/\/twitter.com\/search?q=%23BOA&amp;src=hash\">#BOA<\/a> es el m\u00e1s reciente rid\u00edculo conspiranoico del mes\u00edas. No se nos olviden las miles de muertes\u2026 <a class=\"ws_tweet_time\" href=\"https:\/\/twitter.com\/webadedios\/statuses\/1271477240631623680\">-&gt;<\/a><\/li>\n<li class=\"ws_tweet\">RT <a href=\"https:\/\/twitter.com\/raulcuva\">@raulcuva<\/a>: Vamos a permitir que AMLO eche mano de nuestras Afores y se las gaste en obras innecesarias? <a href=\"https:\/\/twitter.com\/search?q=%23Vayaidiota&amp;src=hash\">#Vayaidiota<\/a> <a href=\"https:\/\/t.co\/LH495l7\u2026\" rel=\"nofollow\">https:\/\/t.co\/LH495l7\u2026<\/a> <a class=\"ws_tweet_time\" href=\"https:\/\/twitter.com\/webadedios\/statuses\/1271477152945516544\">-&gt;<\/a><\/li>\n<li class=\"ws_tweet\">La crisis econ\u00f3mica de Argentina \ud83c\udde6\ud83c\uddf7 empez\u00f3 con la nacionalizaci\u00f3n de sus AFORES y usar esos recursos en programas p\u2026 <a href=\"https:\/\/t.co\/2cf0OCxpvt\" rel=\"nofollow\">https:\/\/t.co\/2cf0OCxpvt<\/a> <a class=\"ws_tweet_time\" href=\"https:\/\/twitter.com\/webadedios\/statuses\/1271467125396443137\">-&gt;<\/a><\/li>\n<li class=\"ws_tweet\">RT <a href=\"https:\/\/twitter.com\/deniseramosm\">@deniseramosm<\/a>: Dijo que iba a cancelar el aeropuerto de Texcoco porque hab\u00eda corrupci\u00f3n. Tir\u00f3 a la basura millones de d\u00f3lares. Despu\u00e9s c\u2026 <a class=\"ws_tweet_time\" href=\"https:\/\/twitter.com\/webadedios\/statuses\/1271466690266759170\">-&gt;<\/a><\/li>\n<li class=\"ws_tweet\">RT <a href=\"https:\/\/twitter.com\/Mallory_Knoxx_\">@Mallory_Knoxx_<\/a>: L\u00f3pez va por las AFORES<br \/>\n-Este hombre esta saqueando M\u00e9xico y no tiene llenadera.<\/p>\n<p>-Es lo peor que nos pudo pasar.<\/p>\n<p>Conf\u2026 <a class=\"ws_tweet_time\" href=\"https:\/\/twitter.com\/webadedios\/statuses\/1271466606565175297\">-&gt;<\/a><\/li>\n<li class=\"ws_tweet\">RT <a href=\"https:\/\/twitter.com\/Lic_SirLancelot\">@Lic_SirLancelot<\/a>: &quot;En contra de cualquier iniciativa expropiatoria&quot;<br \/>\nYa para que las afores tomen postura y emitan comunicado es por que\u2026 <a class=\"ws_tweet_time\" href=\"https:\/\/twitter.com\/webadedios\/statuses\/1271466528593108996\">-&gt;<\/a><\/li>\n<li class=\"ws_tweet\">si el cacas expropia las AFORES, lo de menos ser\u00e1 que se chingue el dinero, lo verdaderamente importante y de suma\u2026 <a href=\"https:\/\/t.co\/VB0PyJkK5S\" rel=\"nofollow\">https:\/\/t.co\/VB0PyJkK5S<\/a> <a class=\"ws_tweet_time\" href=\"https:\/\/twitter.com\/webadedios\/statuses\/1271466449559859201\">-&gt;<\/a><\/li>\n<li class=\"ws_tweet\">RT <a href=\"https:\/\/twitter.com\/OpinoDeTocho\">@OpinoDeTocho<\/a>: Va por las Afores, mientras trata de distraernos con su show. <a href=\"https:\/\/t.co\/9fmPnmhdVz\" rel=\"nofollow\">https:\/\/t.co\/9fmPnmhdVz<\/a> <a class=\"ws_tweet_time\" href=\"https:\/\/twitter.com\/webadedios\/statuses\/1271466236057174016\">-&gt;<\/a><\/li>\n<li class=\"ws_tweet\">advertidos est\u00e1bamos, AMLO ya inicio su per\u00edodo de mentiras. Ya va por las Afores, para seguir saqueando <a class=\"ws_tweet_time\" href=\"https:\/\/twitter.com\/webadedios\/statuses\/1271466187080302592\">-&gt;<\/a><\/li>\n<li class=\"ws_tweet\">RT <a href=\"https:\/\/twitter.com\/JLozanoA\">@JLozanoA<\/a>: Que este genio en econom\u00eda le meta mano a las Afores debe ser causa de p\u00e1nico. Adem\u00e1s de no tener idea sobre el tema, su inte\u2026 <a class=\"ws_tweet_time\" href=\"https:\/\/twitter.com\/webadedios\/statuses\/1271465850386743296\">-&gt;<\/a><\/li>\n<li class=\"ws_tweet\">RT <a href=\"https:\/\/twitter.com\/CarlosRamirezF\">@CarlosRamirezF<\/a>: \u00bfHan ganado (o perdido) los ahorradores del sistema de pensiones de \ud83c\uddf2\ud83c\uddfd? De los 4.1 billones de pesos q administran las\u2026 <a class=\"ws_tweet_time\" href=\"https:\/\/twitter.com\/webadedios\/statuses\/1271465534803120129\">-&gt;<\/a><\/li>\n<li class=\"ws_tweet\">E una democracia toda organizaci\u00f3n pol\u00edtica tiene derecho a luchar por sus objetivos, si son leg\u00edtimos y no atentan\u2026 <a href=\"https:\/\/t.co\/J81PrlZE9k\" rel=\"nofollow\">https:\/\/t.co\/J81PrlZE9k<\/a> <a class=\"ws_tweet_time\" href=\"https:\/\/twitter.com\/webadedios\/statuses\/1271358267076292608\">-&gt;<\/a><\/li>\n<li class=\"ws_tweet\">La pandemia que esta acabando con M\u00e9xico se llama Morena <a class=\"ws_tweet_time\" href=\"https:\/\/twitter.com\/webadedios\/statuses\/1271357725742694401\">-&gt;<\/a><\/li>\n<li class=\"ws_tweet\">hay que ver c\u00f3mo contrarrestar el DA\u00d1O LETAL que nos est\u00e1 ocasionando este <a href=\"https:\/\/twitter.com\/search?q=%23GobiernoDeMentiras&amp;src=hash\">#GobiernoDeMentiras<\/a> <a class=\"ws_tweet_time\" href=\"https:\/\/twitter.com\/webadedios\/statuses\/1271357644171812864\">-&gt;<\/a><\/li>\n<li class=\"ws_tweet\">RT <a href=\"https:\/\/twitter.com\/MarcoGamaSLP\">@MarcoGamaSLP<\/a>: El Secretario de Hacienda aparece en la conferencia ma\u00f1anera, ante el mayor desplome en la historia de la actividad indus\u2026 <a class=\"ws_tweet_time\" href=\"https:\/\/twitter.com\/webadedios\/statuses\/1271357241967480832\">-&gt;<\/a><\/li>\n<li class=\"ws_tweet\">RT <a href=\"https:\/\/twitter.com\/Brain_Analytics\">@Brain_Analytics<\/a>: <a href=\"https:\/\/twitter.com\/search?q=%23ACTUALIZACI&amp;src=hash\">#ACTUALIZACI<\/a>\u00d3N de la gr\u00e1fica con el hist\u00f3rico de fallecimientos por <a href=\"https:\/\/twitter.com\/search?q=%23COVID&amp;src=hash\">#COVID<\/a>\u30fc19 en <a href=\"https:\/\/twitter.com\/search?q=%23M&amp;src=hash\">#M<\/a>\u00e9xico\ud83c\uddf2\ud83c\uddfd.\n<p>Permite ver diferencia en\u2026 <a class=\"ws_tweet_time\" href=\"https:\/\/twitter.com\/webadedios\/statuses\/1271356362702888961\">-&gt;<\/a><\/li>\n<li class=\"ws_tweet\">El Sector Salud de M\u00e9xico lucha contra el <a href=\"https:\/\/twitter.com\/search?q=%23COVID19&amp;src=hash\">#COVID19<\/a> y a la par enfrenta una <a href=\"https:\/\/twitter.com\/search?q=%23EpidemiaDeCorrupci&amp;src=hash\">#EpidemiaDeCorrupci<\/a>\u00f3n  con ventiladores\u2026 <a href=\"https:\/\/t.co\/PAmHvFROl6\" rel=\"nofollow\">https:\/\/t.co\/PAmHvFROl6<\/a> <a class=\"ws_tweet_time\" href=\"https:\/\/twitter.com\/webadedios\/statuses\/1271320760116633610\">-&gt;<\/a><\/li>\n<\/ul>\n<!--CusAds0-->\n<div style=\"font-size: 0px; height: 0px; line-height: 0px; margin: 0; padding: 0; clear: both;\"><\/div>","protected":false},"excerpt":{"rendered":"<p>Mis twitts del 2020-06-10 al 2020-06-16<\/p>\n","protected":false},"author":1,"featured_media":0,"comment_status":"open","ping_status":"open","sticky":false,"template":"","format":"standard","meta":{"footnotes":""},"categories":[2],"tags":[1878,966,1876,1877,1720,60],"class_list":["post-8594","post","type-post","status-publish","format-standard","hentry","category-actividades","tag-digo","tag-red","tag-social","tag-tuits","tag-tweets","tag-twitter"],"_links":{"self":[{"href":"https:\/\/webadedios.com\/blog\/wp-json\/wp\/v2\/posts\/8594","targetHints":{"allow":["GET"]}}],"collection":[{"href":"https:\/\/webadedios.com\/blog\/wp-json\/wp\/v2\/posts"}],"about":[{"href":"https:\/\/webadedios.com\/blog\/wp-json\/wp\/v2\/types\/post"}],"author":[{"embeddable":true,"href":"https:\/\/webadedios.com\/blog\/wp-json\/wp\/v2\/users\/1"}],"replies":[{"embeddable":true,"href":"https:\/\/webadedios.com\/blog\/wp-json\/wp\/v2\/comments?post=8594"}],"version-history":[{"count":0,"href":"https:\/\/webadedios.com\/blog\/wp-json\/wp\/v2\/posts\/8594\/revisions"}],"wp:attachment":[{"href":"https:\/\/webadedios.com\/blog\/wp-json\/wp\/v2\/media?parent=8594"}],"wp:term":[{"taxonomy":"category","embeddable":true,"href":"https:\/\/webadedios.com\/blog\/wp-json\/wp\/v2\/categories?post=8594"},{"taxonomy":"post_tag","embeddable":true,"href":"https:\/\/webadedios.com\/blog\/wp-json\/wp\/v2\/tags?post=8594"}],"curies":[{"name":"wp","href":"https:\/\/api.w.org\/{rel}","templated":true}]}}