{"id":8592,"date":"2020-06-10T05:40:00","date_gmt":"2020-06-10T10:40:00","guid":{"rendered":"http:\/\/webadedios.com\/blog\/?p=8592"},"modified":"2020-06-10T05:40:00","modified_gmt":"2020-06-10T10:40:00","slug":"mis-twitts-del-2020-06-03-al-2020-06-09","status":"publish","type":"post","link":"https:\/\/webadedios.com\/blog\/2020\/actividades\/mis-twitts-del-2020-06-03-al-2020-06-09\/","title":{"rendered":"Mis twitts del 2020-06-03 al 2020-06-09"},"content":{"rendered":"<ul class=\"ws_tweet_list\">\n<li class=\"ws_tweet\">Estimados <a href=\"https:\/\/twitter.com\/JesusRCuevas\">@JesusRCuevas<\/a> y <a href=\"https:\/\/twitter.com\/lopezobrador_\">@lopezobrador_<\/a>, de confirmarse ese bloque opositor, \u00bfme dabn los datos? Yo me quiero sumar. <a class=\"ws_tweet_time\" href=\"https:\/\/twitter.com\/webadedios\/statuses\/1270487072495808512\">-&gt;<\/a><\/li>\n<li class=\"ws_tweet\">A trav\u00e9s de un vergonzoso montaje, el Presidente inicia hoy su campa\u00f1a para apoyar a Morena en 2021\n<p>Por si mismo un acto ilegal por cierto <a class=\"ws_tweet_time\" href=\"https:\/\/twitter.com\/webadedios\/statuses\/1270486808183390208\">-&gt;<\/a><\/li>\n<li class=\"ws_tweet\">Otra vez <a href=\"https:\/\/twitter.com\/lopezobrador_\">@lopezobrador_<\/a>  sale para hacerse el m\u00e1rtir <a class=\"ws_tweet_time\" href=\"https:\/\/twitter.com\/webadedios\/statuses\/1270486647419932674\">-&gt;<\/a><\/li>\n<li class=\"ws_tweet\">\u201c&#8230; todos los tuiteros, lo saben, lo saben\u201d&#8230;. <a href=\"https:\/\/twitter.com\/search?q=%23EsLaBOA&amp;src=hash\">#EsLaBOA<\/a> <a class=\"ws_tweet_time\" href=\"https:\/\/twitter.com\/webadedios\/statuses\/1270486511696429058\">-&gt;<\/a><\/li>\n<li class=\"ws_tweet\">RT <a href=\"https:\/\/twitter.com\/econoclasta\">@econoclasta<\/a>: Los liberales queremos equidad en la prosperidad, no igualdad en la miseria. <a class=\"ws_tweet_time\" href=\"https:\/\/twitter.com\/webadedios\/statuses\/1270486384483143680\">-&gt;<\/a><\/li>\n<li class=\"ws_tweet\">Peligroso tener un presidente que no sea respetuoso del que piensa diferente <a href=\"https:\/\/twitter.com\/search?q=%23yoSoyBoa&amp;src=hash\">#yoSoyBoa<\/a> <a class=\"ws_tweet_time\" href=\"https:\/\/twitter.com\/webadedios\/statuses\/1270486350819622914\">-&gt;<\/a><\/li>\n<li class=\"ws_tweet\">RT <a href=\"https:\/\/twitter.com\/jrsestaca\">@jrsestaca<\/a>: Ya de plano haciendo listas de enemigos. Esto es el fuera mascaras de un r\u00e9gimen dictatorial. <a href=\"https:\/\/twitter.com\/lopezobrador_\">@lopezobrador_<\/a> es chiquito y m\u2026 <a class=\"ws_tweet_time\" href=\"https:\/\/twitter.com\/webadedios\/statuses\/1270486179390029828\">-&gt;<\/a><\/li>\n<li class=\"ws_tweet\">RT <a href=\"https:\/\/twitter.com\/CarlosLoret\">@CarlosLoret<\/a>: Esto ya ni la burla aguanta \ud83d\ude02\ud83d\ude02\ud83d\ude02 les dejo una canci\u00f3n para acompa\u00f1ar los delirios conspiracionistas del presidente <a href=\"https:\/\/twitter.com\/lopezob\">@lopezob<\/a>\u2026 <a class=\"ws_tweet_time\" href=\"https:\/\/twitter.com\/webadedios\/statuses\/1270486141477797888\">-&gt;<\/a><\/li>\n<li class=\"ws_tweet\">RT <a href=\"https:\/\/twitter.com\/LiebIsInDaHouse\">@LiebIsInDaHouse<\/a>: Cre\u00ed que el cacas y Marcelo hab\u00edan sido los peores en su gesti\u00f3n al cargo de la CDMX pero lleg\u00f3 esta inepta defensora\u2026 <a class=\"ws_tweet_time\" href=\"https:\/\/twitter.com\/webadedios\/statuses\/1270388633737052160\">-&gt;<\/a><\/li>\n<li class=\"ws_tweet\">RT <a href=\"https:\/\/twitter.com\/SufragioActivo\">@SufragioActivo<\/a>: Claro, porque lo primero que necesito al manifestarme &quot;pac\u00edficamente&quot; contra el sistema y la represi\u00f3n, es Ropa de marc\u2026 <a class=\"ws_tweet_time\" href=\"https:\/\/twitter.com\/webadedios\/statuses\/1270388537410703366\">-&gt;<\/a><\/li>\n<li class=\"ws_tweet\">RT <a href=\"https:\/\/twitter.com\/Cabrita2020\">@Cabrita2020<\/a>: Ay que lindo, te comparto las m\u00edas.\n<p><a href=\"https:\/\/twitter.com\/search?q=%23RenunciaSheinbaum&amp;src=hash\">#RenunciaSheinbaum<\/a> <a href=\"https:\/\/t.co\/ABeCaDru0p\" rel=\"nofollow\">https:\/\/t.co\/ABeCaDru0p<\/a> <a href=\"https:\/\/t.co\/aYrCxv7bgI\" rel=\"nofollow\">https:\/\/t.co\/aYrCxv7bgI<\/a> <a class=\"ws_tweet_time\" href=\"https:\/\/twitter.com\/webadedios\/statuses\/1270388485560688641\">-&gt;<\/a><\/li>\n<li class=\"ws_tweet\">RT <a href=\"https:\/\/twitter.com\/FCBarcelona_es\">@FCBarcelona_es<\/a>: Gracias por el legado de tu m\u00fasica y tu lecci\u00f3n de vida. Descansa en paz \ud83d\ude4f <a href=\"https:\/\/t.co\/p2fAjVRkvj\" rel=\"nofollow\">https:\/\/t.co\/p2fAjVRkvj<\/a> <a class=\"ws_tweet_time\" href=\"https:\/\/twitter.com\/webadedios\/statuses\/1270387057416908800\">-&gt;<\/a><\/li>\n<li class=\"ws_tweet\">rola del d\u00eda\n<p><a href=\"https:\/\/t.co\/KJcBxl7PpB\" rel=\"nofollow\">https:\/\/t.co\/KJcBxl7PpB<\/a> <a class=\"ws_tweet_time\" href=\"https:\/\/twitter.com\/webadedios\/statuses\/1270387036076285953\">-&gt;<\/a><\/li>\n<li class=\"ws_tweet\">rola del d\u00eda\n<p><a href=\"https:\/\/t.co\/aRFfSQFoSz\" rel=\"nofollow\">https:\/\/t.co\/aRFfSQFoSz<\/a> <a class=\"ws_tweet_time\" href=\"https:\/\/twitter.com\/webadedios\/statuses\/1270386010577387521\">-&gt;<\/a><\/li>\n<li class=\"ws_tweet\">\u201cSean felices. La vida es urgente y hay que vivirla a tope&quot;. Estas fueron las palabras que Pau Don\u00e9s eleg\u00eda para de\u2026 <a href=\"https:\/\/t.co\/bbrDgVuttE\" rel=\"nofollow\">https:\/\/t.co\/bbrDgVuttE<\/a> <a class=\"ws_tweet_time\" href=\"https:\/\/twitter.com\/webadedios\/statuses\/1270385793497018379\">-&gt;<\/a><\/li>\n<li class=\"ws_tweet\">[RIP] Fallece a los 53 a\u00f1os el cantautor espa\u00f1ol Pau Don\u00e9s, l\u00edder de Jarabe de Palo. <a class=\"ws_tweet_time\" href=\"https:\/\/twitter.com\/webadedios\/statuses\/1270385628774096897\">-&gt;<\/a><\/li>\n<li class=\"ws_tweet\">RT <a href=\"https:\/\/twitter.com\/ElFinanciero_Mx\">@ElFinanciero_Mx<\/a>: <a href=\"https:\/\/twitter.com\/search?q=%23Opini&amp;src=hash\">#Opini<\/a>\u00f3n <a href=\"https:\/\/twitter.com\/lopezobrador_\">@lopezobrador_<\/a> y su maquinaria de propaganda est\u00e1n en marcha para reventar a un gobernador de oposici\u00f3n que l\u2026 <a class=\"ws_tweet_time\" href=\"https:\/\/twitter.com\/webadedios\/statuses\/1270385179870277636\">-&gt;<\/a><\/li>\n<li class=\"ws_tweet\">RT <a href=\"https:\/\/twitter.com\/Faitelson_ESPN\">@Faitelson_ESPN<\/a>: Mazatl\u00e1n no tiene \u201cculpa\u201d de nada&#8230;<br \/>\nEsperemos que tenga mucho \u00e9xito como plaza de futbol&#8230; <a class=\"ws_tweet_time\" href=\"https:\/\/twitter.com\/webadedios\/statuses\/1270385070117924869\">-&gt;<\/a><\/li>\n<li class=\"ws_tweet\">RT <a href=\"https:\/\/twitter.com\/FelipeCalderon\">@FelipeCalderon<\/a>: No conozco el documento m, ni siquiera estoy seguro que exista pero, si fuera el caso: 1) que la oposici\u00f3n se organice\u2026 <a class=\"ws_tweet_time\" href=\"https:\/\/twitter.com\/webadedios\/statuses\/1270384925448036353\">-&gt;<\/a><\/li>\n<li class=\"ws_tweet\">M\u00e9xico en plena crisis de violencia, econ\u00f3mica, de salud <a class=\"ws_tweet_time\" href=\"https:\/\/twitter.com\/webadedios\/statuses\/1270074475900334080\">-&gt;<\/a><\/li>\n<li class=\"ws_tweet\">AMLO  transformando a M\u00c9XICO EN EL MAS VIOLENTO DE LA HISTORIA !! <a class=\"ws_tweet_time\" href=\"https:\/\/twitter.com\/webadedios\/statuses\/1270065432796360704\">-&gt;<\/a><\/li>\n<li class=\"ws_tweet\">RT <a href=\"https:\/\/twitter.com\/CTorres_2019\">@CTorres_2019<\/a>: Los economistas son sugerentes en esta crisis. Citibanamex lanz\u00f3 su an\u00e1lisis: \u201cCamino a la perdici\u00f3n (y c\u00f3mo evitarlo)\u201d,\u2026 <a class=\"ws_tweet_time\" href=\"https:\/\/twitter.com\/webadedios\/statuses\/1270065295890079744\">-&gt;<\/a><\/li>\n<li class=\"ws_tweet\">RT <a href=\"https:\/\/twitter.com\/HLGatell\">@HLGatell<\/a>: El pa\u00eds completo est\u00e1 en sem\u00e1foro rojo; es falso que se regrese a todas las actividades en este momento. No hay raz\u00f3n alguna\u2026 <a class=\"ws_tweet_time\" href=\"https:\/\/twitter.com\/webadedios\/statuses\/1270065204697509888\">-&gt;<\/a><\/li>\n<li class=\"ws_tweet\">RT <a href=\"https:\/\/twitter.com\/NBALAKERSBLOG\">@NBALAKERSBLOG<\/a>: <a href=\"https:\/\/twitter.com\/search?q=%23LakeShow&amp;src=hash\">#LakeShow<\/a> est\u00e1n bien equipados para terminar la temporada en Disney World: est\u00e1n 26-6 (81.3%) de visitantes esta tempora\u2026 <a class=\"ws_tweet_time\" href=\"https:\/\/twitter.com\/webadedios\/statuses\/1270065130831634432\">-&gt;<\/a><\/li>\n<li class=\"ws_tweet\">M\u00e9xico vivi\u00f3 ayer, 7 de junio, el d\u00eda m\u00e1s violento de 2020 <a class=\"ws_tweet_time\" href=\"https:\/\/twitter.com\/webadedios\/statuses\/1270065054168145929\">-&gt;<\/a><\/li>\n<li class=\"ws_tweet\">Pues endeudar a M\u00e9xico s\u00f3lo es una operaci\u00f3n de rutina.\n<p>Chairos se lo repiten como mantra <a class=\"ws_tweet_time\" href=\"https:\/\/twitter.com\/webadedios\/statuses\/1270027757079023617\">-&gt;<\/a><\/li>\n<li class=\"ws_tweet\">RT <a href=\"https:\/\/twitter.com\/pepelosbalcazar\">@pepelosbalcazar<\/a>: Amigos al parecer, el pueblo bueno ya se le est\u00e1 quitando lo bueno. \u00a1Ojo L\u00f2pez que ahora s\u00ed vas a conocer al verdadero\u2026 <a class=\"ws_tweet_time\" href=\"https:\/\/twitter.com\/webadedios\/statuses\/1270026958949068801\">-&gt;<\/a><\/li>\n<li class=\"ws_tweet\">Aplauso al empleado de <a href=\"https:\/\/twitter.com\/search?q=%23LittleCaesars&amp;src=hash\">#LittleCaesars<\/a> que siempre fue respetuoso con la arrabalera <a href=\"https:\/\/twitter.com\/search?q=%23LadyPizza&amp;src=hash\">#LadyPizza<\/a> <a class=\"ws_tweet_time\" href=\"https:\/\/twitter.com\/webadedios\/statuses\/1270026415572803587\">-&gt;<\/a><\/li>\n<li class=\"ws_tweet\">RT <a href=\"https:\/\/twitter.com\/anonymus_sin\">@anonymus_sin<\/a>: <a href=\"https:\/\/twitter.com\/search?q=%23LadyPizza&amp;src=hash\">#LadyPizza<\/a><br \/>\nMujer agrede y amenaza a empleados de <a href=\"https:\/\/twitter.com\/search?q=%23LittleCaesars&amp;src=hash\">#LittleCaesars<\/a> en <a href=\"https:\/\/twitter.com\/search?q=%23Edomex&amp;src=hash\">#Edomex<\/a> luego de que le pidieran que usara cubrebocas\u2026 <a class=\"ws_tweet_time\" href=\"https:\/\/twitter.com\/webadedios\/statuses\/1270026319116374021\">-&gt;<\/a><\/li>\n<li class=\"ws_tweet\">RT <a href=\"https:\/\/twitter.com\/FedericoFellini\">@FedericoFellini<\/a>: Se filtra video de <a href=\"https:\/\/twitter.com\/lopezobrador_\">@lopezobrador_<\/a>  dando instrucciones a sus lacayos contra la oposici\u00f3n.\n<p>Para el presidente, los &quot;co\u2026 <a class=\"ws_tweet_time\" href=\"https:\/\/twitter.com\/webadedios\/statuses\/1269890428620472322\">-&gt;<\/a><\/li>\n<li class=\"ws_tweet\">RT <a href=\"https:\/\/twitter.com\/pimpiripau\">@pimpiripau<\/a>: Puras mentiras peje, juego sucio, hip\u00f3crita, traidor <a href=\"https:\/\/twitter.com\/search?q=%23AMLOesUnPeligroParaMexico&amp;src=hash\">#AMLOesUnPeligroParaMexico<\/a> <a href=\"https:\/\/t.co\/eSX9qr0wEX\" rel=\"nofollow\">https:\/\/t.co\/eSX9qr0wEX<\/a> <a class=\"ws_tweet_time\" href=\"https:\/\/twitter.com\/webadedios\/statuses\/1269890363545849859\">-&gt;<\/a><\/li>\n<li class=\"ws_tweet\">RT <a href=\"https:\/\/twitter.com\/quiquebond008\">@quiquebond008<\/a>: <a href=\"https:\/\/twitter.com\/search?q=%23AMLOesUnPeligroParaMexico&amp;src=hash\">#AMLOesUnPeligroParaMexico<\/a>\n<p>Se sab\u00eda.. PROMESA CUMPLIDA..!!! <a href=\"https:\/\/t.co\/jfieVWOT7D\" rel=\"nofollow\">https:\/\/t.co\/jfieVWOT7D<\/a> <a class=\"ws_tweet_time\" href=\"https:\/\/twitter.com\/webadedios\/statuses\/1269890335179669504\">-&gt;<\/a><\/li>\n<li class=\"ws_tweet\">RT <a href=\"https:\/\/twitter.com\/Anger21\">@Anger21<\/a>: No hay mejor representaci\u00f3n de la realidad! \ud83d\ude02\ud83d\ude12 <a href=\"https:\/\/twitter.com\/search?q=%23AmloVeteYa&amp;src=hash\">#AmloVeteYa<\/a> <a href=\"https:\/\/t.co\/mI50TdTNTO\" rel=\"nofollow\">https:\/\/t.co\/mI50TdTNTO<\/a> <a class=\"ws_tweet_time\" href=\"https:\/\/twitter.com\/webadedios\/statuses\/1269889752188289025\">-&gt;<\/a><\/li>\n<li class=\"ws_tweet\">RT <a href=\"https:\/\/twitter.com\/Garcimonero\">@Garcimonero<\/a>: Cuando la titular de <a href=\"https:\/\/twitter.com\/SEGOB_mx\">@SEGOB_mx<\/a> comenta que no usa cubrebocas porque esta blindada por nanoparticulas de c\u00edtricos que toma\u2026 <a class=\"ws_tweet_time\" href=\"https:\/\/twitter.com\/webadedios\/statuses\/1269886095497605120\">-&gt;<\/a><\/li>\n<li class=\"ws_tweet\">RT <a href=\"https:\/\/twitter.com\/USAmbMex\">@USAmbMex<\/a>: <a href=\"https:\/\/twitter.com\/MVSNoticias\">@MVSNoticias<\/a> \u00bfPorqu\u00e9 insisten en llamar \u201cmanifestaciones\u201d a un ataque violento a nuestra embajada? Hay que llamar las cosas c\u2026 <a class=\"ws_tweet_time\" href=\"https:\/\/twitter.com\/webadedios\/statuses\/1269884877463224321\">-&gt;<\/a><\/li>\n<li class=\"ws_tweet\">RT <a href=\"https:\/\/twitter.com\/joserra_espn\">@joserra_espn<\/a>: En 1986, en el Mundial de M\u00e9xico, naci\u00f3 el programa \u201cLos Protagonistas\u201d. Algunos de los colaboradores en ese entonces fue\u2026 <a class=\"ws_tweet_time\" href=\"https:\/\/twitter.com\/webadedios\/statuses\/1269884747620200448\">-&gt;<\/a><\/li>\n<li class=\"ws_tweet\">RT <a href=\"https:\/\/twitter.com\/Miguel_Boggiano\">@Miguel_Boggiano<\/a>: \u201cLas personas que nunca vivieron bajo el socialismo lo adoran, mientras los que vivieron en \u00e9l, lo odian\u201d. Gary Kaspar\u2026 <a class=\"ws_tweet_time\" href=\"https:\/\/twitter.com\/webadedios\/statuses\/1269884627558248448\">-&gt;<\/a><\/li>\n<li class=\"ws_tweet\">RT <a href=\"https:\/\/twitter.com\/LCUgalde\">@LCUgalde<\/a>: Hoy estamos exactamente a un a\u00f1o de la elecci\u00f3n de 2021:\n<p>C\u00e1mara de Diputados<br \/>\n15 gubernaturas<br \/>\n30 congresos locales<br \/>\nCasi 2 mi\u2026 <a class=\"ws_tweet_time\" href=\"https:\/\/twitter.com\/webadedios\/statuses\/1269884476584349699\">-&gt;<\/a><\/li>\n<li class=\"ws_tweet\">RT <a href=\"https:\/\/twitter.com\/ElFinanciero_Mx\">@ElFinanciero_Mx<\/a>: 45 de los 102 contratos concretados para el Tren Maya han sido mediante adjudicaciones directas, lo que significa que\u2026 <a class=\"ws_tweet_time\" href=\"https:\/\/twitter.com\/webadedios\/statuses\/1269884432686686208\">-&gt;<\/a><\/li>\n<li class=\"ws_tweet\">Compartir: Mente Zen, mente de principiante &#8211; Nuestro cuerpo y nuestra mente son a la vez dos y uno. <a class=\"ws_tweet_time\" href=\"https:\/\/twitter.com\/webadedios\/statuses\/1269697783432392704\">-&gt;<\/a><\/li>\n<li class=\"ws_tweet\">Qu\u00e9 chairo dijo que: Su Alteza Pendej\u00edsima NO nos iba a endeudar? <a class=\"ws_tweet_time\" href=\"https:\/\/twitter.com\/webadedios\/statuses\/1269681391924641792\">-&gt;<\/a><\/li>\n<li class=\"ws_tweet\">RT <a href=\"https:\/\/twitter.com\/Betoporlalibre\">@Betoporlalibre<\/a>: <a href=\"https:\/\/twitter.com\/cetosh\">@cetosh<\/a> Fuente: Banco Mundial, te sigue pareciendo Fake News? <a href=\"https:\/\/t.co\/irQJg0c9Xw\" rel=\"nofollow\">https:\/\/t.co\/irQJg0c9Xw<\/a> <a class=\"ws_tweet_time\" href=\"https:\/\/twitter.com\/webadedios\/statuses\/1269679205123530752\">-&gt;<\/a><\/li>\n<li class=\"ws_tweet\">Lo que mas indica que la pandemiia en M\u00e9xico esta fuera de control, es que no se esta midiendo adecuadamente, y asi\u2026 <a href=\"https:\/\/t.co\/PtMdTUwl3M\" rel=\"nofollow\">https:\/\/t.co\/PtMdTUwl3M<\/a> <a class=\"ws_tweet_time\" href=\"https:\/\/twitter.com\/webadedios\/statuses\/1269675869154488327\">-&gt;<\/a><\/li>\n<li class=\"ws_tweet\">Los contagios puede tener errores hasta de 20 veces&#8230; osea, as\u00ed como <a class=\"ws_tweet_time\" href=\"https:\/\/twitter.com\/webadedios\/statuses\/1269675233621000193\">-&gt;<\/a><\/li>\n<li class=\"ws_tweet\">el pejelagarto por su boca muere <a class=\"ws_tweet_time\" href=\"https:\/\/twitter.com\/webadedios\/statuses\/1269674933547872256\">-&gt;<\/a><\/li>\n<li class=\"ws_tweet\">PRESTAMO DEL BANCO MUNDIAL de mil millones\n<p>La verdad no creo que L\u00f3pez lo ocupe para el sector salud <\/p>\n<p>Yo pienso y\u2026 <a href=\"https:\/\/t.co\/0tgG14LcDj\" rel=\"nofollow\">https:\/\/t.co\/0tgG14LcDj<\/a> <a class=\"ws_tweet_time\" href=\"https:\/\/twitter.com\/webadedios\/statuses\/1269674812215103490\">-&gt;<\/a><\/li>\n<li class=\"ws_tweet\">Queremos ver resultados de este endeudamiento.\n<p> M\u00e9xico recibi\u00f3 pr\u00e9stamo de mil millones de d\u00f3lares del Banco Mundi\u2026 <a href=\"https:\/\/t.co\/1ylSWDDXXI\" rel=\"nofollow\">https:\/\/t.co\/1ylSWDDXXI<\/a> <a class=\"ws_tweet_time\" href=\"https:\/\/twitter.com\/webadedios\/statuses\/1269674578814611459\">-&gt;<\/a><\/li>\n<li class=\"ws_tweet\">No se va a contaer deuda, pero,&#8230;. s\u00ed se va a contraer deuda\n<p>espero que no le metan $$$ a PEMEX, dos bocas otren\u2026 <a href=\"https:\/\/t.co\/BwiP26nUVn\" rel=\"nofollow\">https:\/\/t.co\/BwiP26nUVn<\/a> <a class=\"ws_tweet_time\" href=\"https:\/\/twitter.com\/webadedios\/statuses\/1269674368747085829\">-&gt;<\/a><\/li>\n<li class=\"ws_tweet\">Banco Mundial presta mil millones de d\u00f3lares a M\u00e9xico para estragos por covid-19\n<p>la deuda era urgente y necesaria <a class=\"ws_tweet_time\" href=\"https:\/\/twitter.com\/webadedios\/statuses\/1269674155450028038\">-&gt;<\/a><\/li>\n<li class=\"ws_tweet\">RT <a href=\"https:\/\/twitter.com\/TheBigLudwig\">@TheBigLudwig<\/a>: 2 momentos en q TV Azteca us\u00f3 sus pantallas para golpear:<br \/>\n1. El asesinato de Paco Stanley fue el pretexto para golpear a\u2026 <a class=\"ws_tweet_time\" href=\"https:\/\/twitter.com\/webadedios\/statuses\/1269670127089471488\">-&gt;<\/a><\/li>\n<li class=\"ws_tweet\">RT <a href=\"https:\/\/twitter.com\/_Gabbyta\">@_Gabbyta<\/a>: En su enferma codicia <a href=\"https:\/\/twitter.com\/lopezobrador_\">@lopezobrador_<\/a> y sus secuaces de Morena, recortan presupuesto al FONDEN, afirmando que los estados inve\u2026 <a class=\"ws_tweet_time\" href=\"https:\/\/twitter.com\/webadedios\/statuses\/1269665912120127491\">-&gt;<\/a><\/li>\n<li class=\"ws_tweet\">La crisis sanitaria y el no hacer nada bien esta llevando a M\u00e9xico a una crisis econ\u00f3mica que va a ser muy dura <a class=\"ws_tweet_time\" href=\"https:\/\/twitter.com\/webadedios\/statuses\/1269664958746431488\">-&gt;<\/a><\/li>\n<li class=\"ws_tweet\">La credibilidad de los datos del gobierno de M\u00e9xico ha sido claramente irresponsable y poco veraz <a class=\"ws_tweet_time\" href=\"https:\/\/twitter.com\/webadedios\/statuses\/1269664740835504129\">-&gt;<\/a><\/li>\n<li class=\"ws_tweet\">D\u00eda a d\u00eda aumenta el corona virus en M\u00e9xico <a class=\"ws_tweet_time\" href=\"https:\/\/twitter.com\/webadedios\/statuses\/1269664524447158272\">-&gt;<\/a><\/li>\n<li class=\"ws_tweet\">RT <a href=\"https:\/\/twitter.com\/LaSEMOVI\">@LaSEMOVI<\/a>: Conoce c\u00f3mo funciona el Sem\u00e1foro Epidemiol\u00f3gico para nuestra Ciudad \ud83d\udd34\ud83d\udfe0\ud83d\udfe1\ud83d\udfe2\n<p>Recuerda que t\u00fa cambias la luz, por ello, <a href=\"https:\/\/twitter.com\/search?q=%23Qu&amp;src=hash\">#Qu<\/a>\u00e9dateE\u2026 <a class=\"ws_tweet_time\" href=\"https:\/\/twitter.com\/webadedios\/statuses\/1269663361719025664\">-&gt;<\/a><\/li>\n<li class=\"ws_tweet\">En lugar de s\u00f3lo desear que ma\u00f1ana sea mejor que hoy, podemos hacer algo hoy que nos har\u00e1 un poco mejores de lo que\u2026 <a href=\"https:\/\/t.co\/nFUDh9mG7z\" rel=\"nofollow\">https:\/\/t.co\/nFUDh9mG7z<\/a> <a class=\"ws_tweet_time\" href=\"https:\/\/twitter.com\/webadedios\/statuses\/1269662810168078338\">-&gt;<\/a><\/li>\n<li class=\"ws_tweet\">De esta semana no pasa la actualizaci\u00f3n de mi p\u00e1gina <a class=\"ws_tweet_time\" href=\"https:\/\/twitter.com\/webadedios\/statuses\/1269662775112077312\">-&gt;<\/a><\/li>\n<li class=\"ws_tweet\">La narrativa dicot\u00f3mica de divisi\u00f3n de AMLO ya muestra consecuencias reales <a class=\"ws_tweet_time\" href=\"https:\/\/twitter.com\/webadedios\/statuses\/1269662426582200322\">-&gt;<\/a><\/li>\n<li class=\"ws_tweet\">El <a href=\"https:\/\/twitter.com\/search?q=%23SISMO&amp;src=hash\">#SISMO<\/a> en CDMX fue de muy corta duraci\u00f3n y parece que solo se percibi\u00f3 &quot;intenso&quot; en Benito Ju\u00e1rez y \u00c1lvaro Obreg\u00f3n.\n<p>sismo fue de 2.9 <a class=\"ws_tweet_time\" href=\"https:\/\/twitter.com\/webadedios\/statuses\/1269651672906838016\">-&gt;<\/a><\/li>\n<li class=\"ws_tweet\">Cu\u00e1ndo te enteras que hubo un <a href=\"https:\/\/twitter.com\/search?q=%23sismo&amp;src=hash\">#sismo<\/a> en la CDMX, pero ni lo sentiste, es que todo bien <a class=\"ws_tweet_time\" href=\"https:\/\/twitter.com\/webadedios\/statuses\/1269651184131936256\">-&gt;<\/a><\/li>\n<\/ul>\n<!--CusAds0-->\n<div style=\"font-size: 0px; height: 0px; line-height: 0px; margin: 0; padding: 0; clear: both;\"><\/div>","protected":false},"excerpt":{"rendered":"<p>Mis twitts del 2020-06-03 al 2020-06-09<\/p>\n","protected":false},"author":1,"featured_media":0,"comment_status":"open","ping_status":"open","sticky":false,"template":"","format":"standard","meta":{"footnotes":""},"categories":[2],"tags":[1878,966,1876,1877,1720,60],"class_list":["post-8592","post","type-post","status-publish","format-standard","hentry","category-actividades","tag-digo","tag-red","tag-social","tag-tuits","tag-tweets","tag-twitter"],"_links":{"self":[{"href":"https:\/\/webadedios.com\/blog\/wp-json\/wp\/v2\/posts\/8592","targetHints":{"allow":["GET"]}}],"collection":[{"href":"https:\/\/webadedios.com\/blog\/wp-json\/wp\/v2\/posts"}],"about":[{"href":"https:\/\/webadedios.com\/blog\/wp-json\/wp\/v2\/types\/post"}],"author":[{"embeddable":true,"href":"https:\/\/webadedios.com\/blog\/wp-json\/wp\/v2\/users\/1"}],"replies":[{"embeddable":true,"href":"https:\/\/webadedios.com\/blog\/wp-json\/wp\/v2\/comments?post=8592"}],"version-history":[{"count":0,"href":"https:\/\/webadedios.com\/blog\/wp-json\/wp\/v2\/posts\/8592\/revisions"}],"wp:attachment":[{"href":"https:\/\/webadedios.com\/blog\/wp-json\/wp\/v2\/media?parent=8592"}],"wp:term":[{"taxonomy":"category","embeddable":true,"href":"https:\/\/webadedios.com\/blog\/wp-json\/wp\/v2\/categories?post=8592"},{"taxonomy":"post_tag","embeddable":true,"href":"https:\/\/webadedios.com\/blog\/wp-json\/wp\/v2\/tags?post=8592"}],"curies":[{"name":"wp","href":"https:\/\/api.w.org\/{rel}","templated":true}]}}