{"id":8575,"date":"2020-05-13T05:40:00","date_gmt":"2020-05-13T10:40:00","guid":{"rendered":"http:\/\/webadedios.com\/blog\/?p=8575"},"modified":"2020-05-13T05:40:00","modified_gmt":"2020-05-13T10:40:00","slug":"mis-twitts-del-2020-05-06-al-2020-05-12","status":"publish","type":"post","link":"https:\/\/webadedios.com\/blog\/2020\/actividades\/mis-twitts-del-2020-05-06-al-2020-05-12\/","title":{"rendered":"Mis twitts del 2020-05-06 al 2020-05-12"},"content":{"rendered":"<ul class=\"ws_tweet_list\">\n<li class=\"ws_tweet\">RT <a href=\"https:\/\/twitter.com\/barbeandi2019\">@barbeandi2019<\/a>: \u203c\ufe0fAs\u00ed de sencillo, el Twitter es libre \u203c\ufe0f\ud83e\uddd0<br \/>\n\ud83d\udc47\ud83d\udc47\ud83d\udc47 <a href=\"https:\/\/t.co\/Vqcrk43IdW\" rel=\"nofollow\">https:\/\/t.co\/Vqcrk43IdW<\/a> <a class=\"ws_tweet_time\" href=\"https:\/\/twitter.com\/webadedios\/statuses\/1260356005101256706\">-&gt;<\/a><\/li>\n<li class=\"ws_tweet\">RT <a href=\"https:\/\/twitter.com\/cesocerezo\">@cesocerezo<\/a>: Cruda realidad! \ud83e\udd26\ud83c\udffb\u200d\u2640\ufe0f\ud83d\udc47\ud83c\udffb <a href=\"https:\/\/t.co\/Mrr37RLY4b\" rel=\"nofollow\">https:\/\/t.co\/Mrr37RLY4b<\/a> <a class=\"ws_tweet_time\" href=\"https:\/\/twitter.com\/webadedios\/statuses\/1260355836825735169\">-&gt;<\/a><\/li>\n<li class=\"ws_tweet\">repito,que dif\u00edcil es ser chairo <a class=\"ws_tweet_time\" href=\"https:\/\/twitter.com\/webadedios\/statuses\/1260354959679381505\">-&gt;<\/a><\/li>\n<li class=\"ws_tweet\">defiendan la <a href=\"https:\/\/twitter.com\/search?q=%23militarizacion&amp;src=hash\">#militarizacion<\/a> del <a href=\"https:\/\/twitter.com\/search?q=%23ElCaboCacas&amp;src=hash\">#ElCaboCacas<\/a>\n<p>La militarizaci\u00f3n de un pa\u00eds no es otra cosa que la dictadura hecha\u2026 <a href=\"https:\/\/t.co\/pMRcrJOyJK\" rel=\"nofollow\">https:\/\/t.co\/pMRcrJOyJK<\/a> <a class=\"ws_tweet_time\" href=\"https:\/\/twitter.com\/webadedios\/statuses\/1260354797330485249\">-&gt;<\/a><\/li>\n<li class=\"ws_tweet\"><a href=\"https:\/\/twitter.com\/search?q=%23ElCaboCacas&amp;src=hash\">#ElCaboCacas<\/a> call\u00f3 con el tema de los 43 de Ayotzinapa, \u00bfadivinen porqu\u00e9? \u00bfLes suena el apellido Abarca? <a class=\"ws_tweet_time\" href=\"https:\/\/twitter.com\/webadedios\/statuses\/1260354104590827525\">-&gt;<\/a><\/li>\n<li class=\"ws_tweet\">RT <a href=\"https:\/\/twitter.com\/CarlitoS_lim\">@CarlitoS_lim<\/a>: <a href=\"https:\/\/twitter.com\/search?q=%23ElCaboCacas&amp;src=hash\">#ElCaboCacas<\/a><br \/>\nSe mordieron el hocico la Tatis, Citlli, Mario Delgado y Bartlet cuando se opusieron a la militarizaci\u00f3n de\u2026 <a class=\"ws_tweet_time\" href=\"https:\/\/twitter.com\/webadedios\/statuses\/1260353969081192448\">-&gt;<\/a><\/li>\n<li class=\"ws_tweet\"><a href=\"https:\/\/twitter.com\/search?q=%23ElCaboCacas&amp;src=hash\">#ElCaboCacas<\/a> Lanza al ej\u00e9rcito a las calles despu\u00e9s que tanto critic\u00f3 la estrategia\n<p>deshonestidad, mentiras e incongruencia, eso es AMLO <a class=\"ws_tweet_time\" href=\"https:\/\/twitter.com\/webadedios\/statuses\/1260353861862281217\">-&gt;<\/a><\/li>\n<li class=\"ws_tweet\">S\u00f3lo hay cinco colores primarios, pero, combinados, dan m\u00e1s matices de los que nunca podremos ver.\n<p> SUN TZU,<br \/>\n El arte de la guerra <a class=\"ws_tweet_time\" href=\"https:\/\/twitter.com\/webadedios\/statuses\/1259957304746745867\">-&gt;<\/a><\/li>\n<li class=\"ws_tweet\"><a href=\"https:\/\/t.co\/VoGzbGCtNf\" rel=\"nofollow\">https:\/\/t.co\/VoGzbGCtNf<\/a> <a class=\"ws_tweet_time\" href=\"https:\/\/twitter.com\/webadedios\/statuses\/1259955897641644032\">-&gt;<\/a><\/li>\n<li class=\"ws_tweet\">Respeto mucho a las fuerzas armadas, pero son peligrosas cuando est\u00e1n en manos de un loco con aires de dictador fascista. <a class=\"ws_tweet_time\" href=\"https:\/\/twitter.com\/webadedios\/statuses\/1259919639238397952\">-&gt;<\/a><\/li>\n<li class=\"ws_tweet\">Hoy los chairos celebran la militarizaci\u00f3n del pa\u00eds. <a class=\"ws_tweet_time\" href=\"https:\/\/twitter.com\/webadedios\/statuses\/1259919525924999175\">-&gt;<\/a><\/li>\n<li class=\"ws_tweet\">RT <a href=\"https:\/\/twitter.com\/FelipeCalderon\">@FelipeCalderon<\/a>: Felicidades a Ministras y Ministros de la Suprema Corte de Justicia. Su resoluci\u00f3n es una bocanada de aire fresco en un\u2026 <a class=\"ws_tweet_time\" href=\"https:\/\/twitter.com\/webadedios\/statuses\/1259919306953052166\">-&gt;<\/a><\/li>\n<li class=\"ws_tweet\">M\u00e9xico en tiempos de AMLO, extrema violencia, aumenta la pobreza, alarmante salida de capitales,  quiebra nacional,\u2026 <a href=\"https:\/\/t.co\/OkSHmysdCh\" rel=\"nofollow\">https:\/\/t.co\/OkSHmysdCh<\/a> <a class=\"ws_tweet_time\" href=\"https:\/\/twitter.com\/webadedios\/statuses\/1259919151327559681\">-&gt;<\/a><\/li>\n<li class=\"ws_tweet\">la econom\u00eda va en picada, el gobierno est\u00e1 desmantelado,  la inseguridad crece,  el &quot;combate&quot; a la corrupci\u00f3n es selectivo\n<p>M\u00e9xico <a class=\"ws_tweet_time\" href=\"https:\/\/twitter.com\/webadedios\/statuses\/1259918725047881728\">-&gt;<\/a><\/li>\n<li class=\"ws_tweet\">Decreto publicado hoy en el Diario Oficial de la Federaci\u00f3n.\n<p>el gobierno fascista ya esta instaurado <a class=\"ws_tweet_time\" href=\"https:\/\/twitter.com\/webadedios\/statuses\/1259918293244272641\">-&gt;<\/a><\/li>\n<li class=\"ws_tweet\">Hoy se vuelve oficial la militarizaci\u00f3n del pa\u00eds en actividades de seguridad p\u00fablica.\n<p>me dueles M\u00e9xico, por supues\u2026 <a href=\"https:\/\/t.co\/9vYk9mH3bB\" rel=\"nofollow\">https:\/\/t.co\/9vYk9mH3bB<\/a> <a class=\"ws_tweet_time\" href=\"https:\/\/twitter.com\/webadedios\/statuses\/1259918126092869634\">-&gt;<\/a><\/li>\n<li class=\"ws_tweet\">El Congreso de Baja California fragu\u00f3 un fraude a la Constituci\u00f3n \u00a8<br \/>\n&#8211; Arturo Zaldivar. Ministro Presidente de la SC\u2026 <a href=\"https:\/\/t.co\/sRdKnay6NV\" rel=\"nofollow\">https:\/\/t.co\/sRdKnay6NV<\/a> <a class=\"ws_tweet_time\" href=\"https:\/\/twitter.com\/webadedios\/statuses\/1259917761452691457\">-&gt;<\/a><\/li>\n<li class=\"ws_tweet\">Zald\u00edvar defini\u00f3 a la Ley Bonilla como un &quot;fraude electoral&quot; y una &quot;maquinaci\u00f3n para burlar la voluntad popular&quot; qu\u2026 <a href=\"https:\/\/t.co\/tJBCXrwwik\" rel=\"nofollow\">https:\/\/t.co\/tJBCXrwwik<\/a> <a class=\"ws_tweet_time\" href=\"https:\/\/twitter.com\/webadedios\/statuses\/1259917621245423623\">-&gt;<\/a><\/li>\n<li class=\"ws_tweet\">RT <a href=\"https:\/\/twitter.com\/lopezdoriga\">@lopezdoriga<\/a>: Arturo Zald\u00edvar, ministro presidente de la Suprema Corte, afirma que el Congreso de Baja California cometi\u00f3 un fraude con\u2026 <a class=\"ws_tweet_time\" href=\"https:\/\/twitter.com\/webadedios\/statuses\/1259917512705179648\">-&gt;<\/a><\/li>\n<li class=\"ws_tweet\">se militarizo el pa\u00eds <a class=\"ws_tweet_time\" href=\"https:\/\/twitter.com\/webadedios\/statuses\/1259917370577076226\">-&gt;<\/a><\/li>\n<li class=\"ws_tweet\">El d\u00eda de hoy de militariza oficialmente al pa\u00eds POR DECRETO firmado por <a href=\"https:\/\/twitter.com\/lopezobrador_\">@lopezobrador_<\/a> <a class=\"ws_tweet_time\" href=\"https:\/\/twitter.com\/webadedios\/statuses\/1259916656018706433\">-&gt;<\/a><\/li>\n<li class=\"ws_tweet\">RT <a href=\"https:\/\/twitter.com\/martinezmau\">@martinezmau<\/a>: Los enemigos de AMLO:\n<p>-Primero fue la \u201cMafia del Poder\u201d<br \/>\n-Luego Fox<br \/>\n-Despu\u00e9s Calder\u00f3n<br \/>\n-Luego Pe\u00f1a<br \/>\n-Despu\u00e9s los empresarios\u2026 <a class=\"ws_tweet_time\" href=\"https:\/\/twitter.com\/webadedios\/statuses\/1259916542613041153\">-&gt;<\/a><\/li>\n<li class=\"ws_tweet\">RT <a href=\"https:\/\/twitter.com\/Funesta\">@Funesta<\/a>: 1\u00b0acto-Casa de campa\u00f1a y transici\u00f3n de L\u00f3pez, es de Bartlett\n<p>-\u00a1Calder\u00f3n!<\/p>\n<p>2\u00b0acto-Gobierno de M\u00e9xico oculta cifras <a href=\"https:\/\/twitter.com\/search?q=%23Covid_19m&amp;src=hash\">#Covid_19m<\/a>\u2026 <a class=\"ws_tweet_time\" href=\"https:\/\/twitter.com\/webadedios\/statuses\/1259916379945406471\">-&gt;<\/a><\/li>\n<li class=\"ws_tweet\">el d\u00eda del ni\u00f1o -&gt; cancelado, el d\u00eda de la madre -&gt; cancelado&#8230; el d\u00eda del padre va a ser un fiestononon <a class=\"ws_tweet_time\" href=\"https:\/\/twitter.com\/webadedios\/statuses\/1259736255782424577\">-&gt;<\/a><\/li>\n<li class=\"ws_tweet\">Avenue 5 \u2705 vista (temporada 1) <a class=\"ws_tweet_time\" href=\"https:\/\/twitter.com\/webadedios\/statuses\/1259734561719750656\">-&gt;<\/a><\/li>\n<li class=\"ws_tweet\">last kingdom \u2705 Vista (temporadas 1-4) <a class=\"ws_tweet_time\" href=\"https:\/\/twitter.com\/webadedios\/statuses\/1259734379829628929\">-&gt;<\/a><\/li>\n<li class=\"ws_tweet\">RT <a href=\"https:\/\/twitter.com\/RepDeFiFidonia\">@RepDeFiFidonia<\/a>: La televisora japonesa NHK y un grupo de expertos hacen un experimento con pintura fluorescente simulando el virus.\n<p>Un\u2026 <a class=\"ws_tweet_time\" href=\"https:\/\/twitter.com\/webadedios\/statuses\/1259531061102612486\">-&gt;<\/a><\/li>\n<li class=\"ws_tweet\">Feliz d\u00eda para las que preguntan &quot;Mijo c\u00f3mo qued\u00f3 el Am\u00e9rica&quot;\n<p>a  ellas que no les gusta el f\u00fatbol pero quieren qu\u2026 <a href=\"https:\/\/t.co\/FaRffh7CaK\" rel=\"nofollow\">https:\/\/t.co\/FaRffh7CaK<\/a> <a class=\"ws_tweet_time\" href=\"https:\/\/twitter.com\/webadedios\/statuses\/1259530621812121600\">-&gt;<\/a><\/li>\n<li class=\"ws_tweet\">Le doy gracias a Dios por darme la mejor mam\u00e1 del mundo.\n<p>Feliz d\u00eda de las Madres. \ud83d\udc90\ud83d\udc90\ud83d\udc90<\/p>\n<p><a href=\"https:\/\/twitter.com\/search?q=%23diadelasmadres&amp;src=hash\">#diadelasmadres<\/a><br \/>\n<a href=\"https:\/\/twitter.com\/search?q=%23DiaDeLasMadres2020&amp;src=hash\">#DiaDeLasMadres2020<\/a> <a class=\"ws_tweet_time\" href=\"https:\/\/twitter.com\/webadedios\/statuses\/1259530266651099137\">-&gt;<\/a><\/li>\n<li class=\"ws_tweet\">Feliz d\u00edas mam\u00e1s y mamacitas, sobre todo a la m\u00eda\n<p>rola del d\u00eda<\/p>\n<p><a href=\"https:\/\/t.co\/dNV0ntQHu9\" rel=\"nofollow\">https:\/\/t.co\/dNV0ntQHu9<\/a> <a class=\"ws_tweet_time\" href=\"https:\/\/twitter.com\/webadedios\/statuses\/1259529478339989507\">-&gt;<\/a><\/li>\n<li class=\"ws_tweet\">RT <a href=\"https:\/\/twitter.com\/foroelectricos\">@foroelectricos<\/a>: <a href=\"https:\/\/twitter.com\/search?q=%23Destacado&amp;src=hash\">#Destacado<\/a> | Tesla reduce el cobalto en sus bater\u00edas de 1,6 millones de kil\u00f3metros: mayor capacidad y un precio inferio\u2026 <a class=\"ws_tweet_time\" href=\"https:\/\/twitter.com\/webadedios\/statuses\/1259529191323820032\">-&gt;<\/a><\/li>\n<li class=\"ws_tweet\">&quot;El coraz\u00f3n de una madre es la escuela del ni\u00f1o&quot;.<br \/>\nHenry Ward Beecher <a class=\"ws_tweet_time\" href=\"https:\/\/twitter.com\/webadedios\/statuses\/1259528587671228418\">-&gt;<\/a><\/li>\n<li class=\"ws_tweet\">RT <a href=\"https:\/\/twitter.com\/Guarromantico_\">@Guarromantico_<\/a>: Feliz d\u00eda de las madres, en especial a la m\u00eda, que crec\u00ed vi\u00e9ndola superar cada obstaculo que la vida le pon\u00eda. <a class=\"ws_tweet_time\" href=\"https:\/\/twitter.com\/webadedios\/statuses\/1259528384075399168\">-&gt;<\/a><\/li>\n<li class=\"ws_tweet\">RT <a href=\"https:\/\/twitter.com\/acostanaranjo\">@acostanaranjo<\/a>: Esta portada de <a href=\"https:\/\/twitter.com\/proceso\">@proceso<\/a> tampoco le gustara al presidente <a href=\"https:\/\/twitter.com\/lopezobrador_\">@lopezobrador_<\/a>\n<p>Por la foto<br \/>\nPor dar informaci\u00f3n de la pandemia\u2026 <a class=\"ws_tweet_time\" href=\"https:\/\/twitter.com\/webadedios\/statuses\/1259526699814989824\">-&gt;<\/a><\/li>\n<li class=\"ws_tweet\">RT <a href=\"https:\/\/twitter.com\/ElFinanciero_Mx\">@ElFinanciero_Mx<\/a>: Recientemente, Ricardo Sheffield, titular de la Procuradur\u00eda Federal del Consumidor, e Irma Er\u00e9ndira Sandoval, secreta\u2026 <a class=\"ws_tweet_time\" href=\"https:\/\/twitter.com\/webadedios\/statuses\/1259526627727474695\">-&gt;<\/a><\/li>\n<li class=\"ws_tweet\">RT <a href=\"https:\/\/twitter.com\/ricbecverdadero\">@ricbecverdadero<\/a>: No tuvimos explicaci\u00f3n, datos. El gobierno nos dej\u00f3 en un desamparo informativo. La verdad es que no sabemos d\u00f3nde est\u2026 <a class=\"ws_tweet_time\" href=\"https:\/\/twitter.com\/webadedios\/statuses\/1259526420763729921\">-&gt;<\/a><\/li>\n<li class=\"ws_tweet\">RT <a href=\"https:\/\/twitter.com\/LULALAR\">@LULALAR<\/a>: Me encant\u00f3&#8230;<br \/>\n\ud83d\udc47\ud83c\udffc <a href=\"https:\/\/t.co\/pxEnewYOl0\" rel=\"nofollow\">https:\/\/t.co\/pxEnewYOl0<\/a> <a class=\"ws_tweet_time\" href=\"https:\/\/twitter.com\/webadedios\/statuses\/1259526138810060805\">-&gt;<\/a><\/li>\n<li class=\"ws_tweet\">RT <a href=\"https:\/\/twitter.com\/14Danielacortes\">@14Danielacortes<\/a>: Mi novio dice que se quiere tatuar la cara de su mam\u00e1, yo la verdad pienso que es porque se quiere tatuar mi cara \ud83d\ude02\ud83d\ude02\ud83d\ude0d\u2026 <a class=\"ws_tweet_time\" href=\"https:\/\/twitter.com\/webadedios\/statuses\/1259525483718475778\">-&gt;<\/a><\/li>\n<li class=\"ws_tweet\">RT <a href=\"https:\/\/twitter.com\/LaPollyMolly\">@LaPollyMolly<\/a>: Edipo y Freud se regocijan descorchando un champagne. <a href=\"https:\/\/t.co\/vUA3DN2P2E\" rel=\"nofollow\">https:\/\/t.co\/vUA3DN2P2E<\/a> <a class=\"ws_tweet_time\" href=\"https:\/\/twitter.com\/webadedios\/statuses\/1259525341636370433\">-&gt;<\/a><\/li>\n<li class=\"ws_tweet\">His dark materials y westworld tambi\u00e9n me las acabo en esta semana&#8230; me termino de golpe todas las series que estaba viendo <a class=\"ws_tweet_time\" href=\"https:\/\/twitter.com\/webadedios\/statuses\/1259380130209771520\">-&gt;<\/a><\/li>\n<li class=\"ws_tweet\">todav\u00eda no es 10 de mayo, y mi adre ya comenzo a comerse su pastel por el d\u00eda de las madres <a class=\"ws_tweet_time\" href=\"https:\/\/twitter.com\/webadedios\/statuses\/1259379449038024704\">-&gt;<\/a><\/li>\n<li class=\"ws_tweet\">RT <a href=\"https:\/\/twitter.com\/Dimopulos_\">@Dimopulos_<\/a>: \u00bfHasta cu\u00e1ndo vamos a unirnos para detener al demente dictador bananero <a href=\"https:\/\/twitter.com\/lopezobrador_\">@lopezobrador_<\/a> ?\n<p>\u00a1M\u00e9xico ya no aguanta m\u00e1s!<\/p>\n<p><a href=\"https:\/\/twitter.com\/search?q=%23Lop&amp;src=hash\">#Lop<\/a>\u2026 <a class=\"ws_tweet_time\" href=\"https:\/\/twitter.com\/webadedios\/statuses\/1259378966139482115\">-&gt;<\/a><\/li>\n<li class=\"ws_tweet\">RT <a href=\"https:\/\/twitter.com\/OpinoDeTocho\">@OpinoDeTocho<\/a>: No ps wow!<br \/>\nAhora s\u00ed que no podemos estar &quot;m\u00e1s pior&quot;.<\/p>\n<p><a href=\"https:\/\/twitter.com\/search?q=%23LopezDestruyendoMexico&amp;src=hash\">#LopezDestruyendoMexico<\/a> <a href=\"https:\/\/t.co\/oxTP3aoM1K\" rel=\"nofollow\">https:\/\/t.co\/oxTP3aoM1K<\/a> <a class=\"ws_tweet_time\" href=\"https:\/\/twitter.com\/webadedios\/statuses\/1259378655249281024\">-&gt;<\/a><\/li>\n<li class=\"ws_tweet\">RT <a href=\"https:\/\/twitter.com\/OpinoDeTocho\">@OpinoDeTocho<\/a>: Escuche usted con atenci\u00f3n.\n<p>Este compa dispara la verdad a quemarropa.<\/p>\n<p><a href=\"https:\/\/twitter.com\/search?q=%23LopezDestruyendoMexico&amp;src=hash\">#LopezDestruyendoMexico<\/a> <a href=\"https:\/\/t.co\/DJtg8tTSf2\" rel=\"nofollow\">https:\/\/t.co\/DJtg8tTSf2<\/a> <a class=\"ws_tweet_time\" href=\"https:\/\/twitter.com\/webadedios\/statuses\/1259378591458091010\">-&gt;<\/a><\/li>\n<li class=\"ws_tweet\">Termino avenua 5, last kingdom, naruto SD practicamene en los siguientes d\u00edas todas de golpe <a class=\"ws_tweet_time\" href=\"https:\/\/twitter.com\/webadedios\/statuses\/1259377300975607808\">-&gt;<\/a><\/li>\n<li class=\"ws_tweet\">muy entretenida &quot;just add magic&quot; de amazon prime kids <a class=\"ws_tweet_time\" href=\"https:\/\/twitter.com\/webadedios\/statuses\/1259376899631038464\">-&gt;<\/a><\/li>\n<li class=\"ws_tweet\">RT <a href=\"https:\/\/twitter.com\/almagoch\">@almagoch<\/a>: Una m\u00e1s, y seguro que se van a ir sumando &#8230; \ud83e\udd37\ud83c\udffb\u200d\u2642\ufe0f\ud83e\udd37\ud83c\udffb\u200d\u2642\ufe0f\ud83e\udd37\ud83c\udffb\u200d\u2642\ufe0f <a href=\"https:\/\/t.co\/aasYw0AxL0\" rel=\"nofollow\">https:\/\/t.co\/aasYw0AxL0<\/a> <a class=\"ws_tweet_time\" href=\"https:\/\/twitter.com\/webadedios\/statuses\/1259366828868096000\">-&gt;<\/a><\/li>\n<li class=\"ws_tweet\">RT <a href=\"https:\/\/twitter.com\/LosLakers\">@LosLakers<\/a>: \u00a1Felicidades a Neil, ganador del concurso Lakers Art! Pueden ver m\u00e1s de su arte en su cuenta de Instagram, tr3blindesigns. G\u2026 <a class=\"ws_tweet_time\" href=\"https:\/\/twitter.com\/webadedios\/statuses\/1259366620394409985\">-&gt;<\/a><\/li>\n<li class=\"ws_tweet\">RT <a href=\"https:\/\/twitter.com\/LaloUrbanoM\">@LaloUrbanoM<\/a>: \u00a1POR FAVOR <a href=\"https:\/\/twitter.com\/search?q=%23M&amp;src=hash\">#M<\/a>\u00c9XICO DESPIERTA!\n<p>Compartan \u00e9sta foto, los padres de <a href=\"https:\/\/twitter.com\/search?q=%23ni&amp;src=hash\">#ni<\/a>\u00f1osconC\u00e1ncer otra vez est\u00e1n desesperados y el gobiern\u2026 <a class=\"ws_tweet_time\" href=\"https:\/\/twitter.com\/webadedios\/statuses\/1259366436922896386\">-&gt;<\/a><\/li>\n<li class=\"ws_tweet\">RT <a href=\"https:\/\/twitter.com\/HyundaiEsp\">@HyundaiEsp<\/a>: 5 tecnolog\u00edas el\u00e9ctricas, con ADN propio y un objetivo com\u00fan: conseguir una movilidad m\u00e1s limpia. \u00bfNos ayudas a conectarlos\u2026 <a class=\"ws_tweet_time\" href=\"https:\/\/twitter.com\/webadedios\/statuses\/1259366326646251520\">-&gt;<\/a><\/li>\n<li class=\"ws_tweet\">RT <a href=\"https:\/\/twitter.com\/SergioSarmiento\">@SergioSarmiento<\/a>: Primero dijo Barbosa que &quot;nosotros los pobres somos inmunes&quot;. Hoy advierte que en 20 d\u00edas se colapsan los sistemas de\u2026 <a class=\"ws_tweet_time\" href=\"https:\/\/twitter.com\/webadedios\/statuses\/1259364665248878592\">-&gt;<\/a><\/li>\n<li class=\"ws_tweet\">RT <a href=\"https:\/\/twitter.com\/oscarfernandezp\">@oscarfernandezp<\/a>: Carta dirigida a los que votaron por Morena (\u00bfYa se arrepintieron?)  incontrovertible carta .Los datos objetivos e irr\u2026 <a class=\"ws_tweet_time\" href=\"https:\/\/twitter.com\/webadedios\/statuses\/1259176084018364416\">-&gt;<\/a><\/li>\n<li class=\"ws_tweet\">RT <a href=\"https:\/\/twitter.com\/FelipeCalderon\">@FelipeCalderon<\/a>: Absolutamente injusto, insensible con las doctoras y los doctores de M\u00e9xico. Calumnioso. El mayor grupo de enfermos de\u2026 <a class=\"ws_tweet_time\" href=\"https:\/\/twitter.com\/webadedios\/statuses\/1259176013914705921\">-&gt;<\/a><\/li>\n<li class=\"ws_tweet\">RT <a href=\"https:\/\/twitter.com\/DonJuanPerez\">@DonJuanPerez<\/a>: En M\u00e9xico la gente revive: <a href=\"https:\/\/t.co\/QGt9J1VDZz\" rel=\"nofollow\">https:\/\/t.co\/QGt9J1VDZz<\/a> <a class=\"ws_tweet_time\" href=\"https:\/\/twitter.com\/webadedios\/statuses\/1259175289994620928\">-&gt;<\/a><\/li>\n<li class=\"ws_tweet\">RT <a href=\"https:\/\/twitter.com\/lDarkDragon\">@lDarkDragon<\/a>: Se reportan 59% menos muertes\n<p>Para los chairos que las mates no se les dan, quiere decir que Gatell solo reporta 4 de cad\u2026 <a class=\"ws_tweet_time\" href=\"https:\/\/twitter.com\/webadedios\/statuses\/1259175238371127297\">-&gt;<\/a><\/li>\n<li class=\"ws_tweet\">RT <a href=\"https:\/\/twitter.com\/FelipeCalderon\">@FelipeCalderon<\/a>: Reportan 59% menos muertes &#8211; V\u00eda <a href=\"https:\/\/twitter.com\/reforma\">@reforma<\/a><br \/>\n <a href=\"https:\/\/t.co\/5Y6tPG2RmI\" rel=\"nofollow\">https:\/\/t.co\/5Y6tPG2RmI<\/a> <a class=\"ws_tweet_time\" href=\"https:\/\/twitter.com\/webadedios\/statuses\/1259169239476260865\">-&gt;<\/a><\/li>\n<li class=\"ws_tweet\">Ser viejo y no tener dinero son dos cosas que a la mayor\u00eda de nosotros no nos gustar\u00eda experimentar a la vez. <a class=\"ws_tweet_time\" href=\"https:\/\/twitter.com\/webadedios\/statuses\/1259169188112826369\">-&gt;<\/a><\/li>\n<li class=\"ws_tweet\">La invencibilidad reside en la defensa.<br \/>\nSUN TZU, El arte de la guerra <a class=\"ws_tweet_time\" href=\"https:\/\/twitter.com\/webadedios\/statuses\/1259108155692167168\">-&gt;<\/a><\/li>\n<li class=\"ws_tweet\">RT <a href=\"https:\/\/twitter.com\/raymundotenorio\">@raymundotenorio<\/a>: Esta es una TRAGEDIA!! mas. La destrucci\u00f3n de Inversi\u00f3n Fija Bruta, es lo peor que le puede ocurrir a un pa\u00eds para el\u2026 <a class=\"ws_tweet_time\" href=\"https:\/\/twitter.com\/webadedios\/statuses\/1258996698132680704\">-&gt;<\/a><\/li>\n<li class=\"ws_tweet\">RT <a href=\"https:\/\/twitter.com\/JoseCardenas1\">@JoseCardenas1<\/a>: Abogado de CIMSA confirma que Guevara pidi\u00f3 sobornos para cerrar contrato <a href=\"https:\/\/t.co\/w9CG18sLVC\" rel=\"nofollow\">https:\/\/t.co\/w9CG18sLVC<\/a> <a class=\"ws_tweet_time\" href=\"https:\/\/twitter.com\/webadedios\/statuses\/1258996097374203904\">-&gt;<\/a><\/li>\n<\/ul>\n<!--CusAds0-->\n<div style=\"font-size: 0px; height: 0px; line-height: 0px; margin: 0; padding: 0; clear: both;\"><\/div>","protected":false},"excerpt":{"rendered":"<p>Mis twitts del 2020-05-06 al 2020-05-12<\/p>\n","protected":false},"author":1,"featured_media":0,"comment_status":"open","ping_status":"open","sticky":false,"template":"","format":"standard","meta":{"footnotes":""},"categories":[2],"tags":[1878,966,1876,1877,1720,60],"class_list":["post-8575","post","type-post","status-publish","format-standard","hentry","category-actividades","tag-digo","tag-red","tag-social","tag-tuits","tag-tweets","tag-twitter"],"_links":{"self":[{"href":"https:\/\/webadedios.com\/blog\/wp-json\/wp\/v2\/posts\/8575","targetHints":{"allow":["GET"]}}],"collection":[{"href":"https:\/\/webadedios.com\/blog\/wp-json\/wp\/v2\/posts"}],"about":[{"href":"https:\/\/webadedios.com\/blog\/wp-json\/wp\/v2\/types\/post"}],"author":[{"embeddable":true,"href":"https:\/\/webadedios.com\/blog\/wp-json\/wp\/v2\/users\/1"}],"replies":[{"embeddable":true,"href":"https:\/\/webadedios.com\/blog\/wp-json\/wp\/v2\/comments?post=8575"}],"version-history":[{"count":0,"href":"https:\/\/webadedios.com\/blog\/wp-json\/wp\/v2\/posts\/8575\/revisions"}],"wp:attachment":[{"href":"https:\/\/webadedios.com\/blog\/wp-json\/wp\/v2\/media?parent=8575"}],"wp:term":[{"taxonomy":"category","embeddable":true,"href":"https:\/\/webadedios.com\/blog\/wp-json\/wp\/v2\/categories?post=8575"},{"taxonomy":"post_tag","embeddable":true,"href":"https:\/\/webadedios.com\/blog\/wp-json\/wp\/v2\/tags?post=8575"}],"curies":[{"name":"wp","href":"https:\/\/api.w.org\/{rel}","templated":true}]}}