{"id":8571,"date":"2020-04-29T05:40:00","date_gmt":"2020-04-29T10:40:00","guid":{"rendered":"http:\/\/webadedios.com\/blog\/?p=8571"},"modified":"2020-04-29T05:40:00","modified_gmt":"2020-04-29T10:40:00","slug":"mis-twitts-del-2020-04-22-al-2020-04-28","status":"publish","type":"post","link":"https:\/\/webadedios.com\/blog\/2020\/actividades\/mis-twitts-del-2020-04-22-al-2020-04-28\/","title":{"rendered":"Mis twitts del 2020-04-22 al 2020-04-28"},"content":{"rendered":"<ul class=\"ws_tweet_list\">\n<li class=\"ws_tweet\">Para enfrentar la crisis econ\u00f3mica AMLO no ayuda ni se deja ayudar, pero s\u00ed miente: Coparmex <a class=\"ws_tweet_time\" href=\"https:\/\/twitter.com\/webadedios\/statuses\/1255182790800232448\">-&gt;<\/a><\/li>\n<li class=\"ws_tweet\">RT <a href=\"https:\/\/twitter.com\/_VicenteSerrano\">@_VicenteSerrano<\/a>: El canciller Marcelo Ebrard dio a conocer las donaciones internacionales que M\u00e9xico ha recibido desde China, Dinamarca\u2026 <a class=\"ws_tweet_time\" href=\"https:\/\/twitter.com\/webadedios\/statuses\/1255137533857460232\">-&gt;<\/a><\/li>\n<li class=\"ws_tweet\">\u201cJordan era Dios, Pippen era Jes\u00fas y yo el Diablo\u201d. Dennis Rodman en <a href=\"https:\/\/twitter.com\/search?q=%23TheLastDance&amp;src=hash\">#TheLastDance<\/a>\n<p>Baloncesto <a class=\"ws_tweet_time\" href=\"https:\/\/twitter.com\/webadedios\/statuses\/1255019343148134402\">-&gt;<\/a><\/li>\n<li class=\"ws_tweet\">RT <a href=\"https:\/\/twitter.com\/Yesenia_MerazAl\">@Yesenia_MerazAl<\/a>: As\u00ed es, muy probablemente esta semana presenciemos un fuerte golpe a la democracia y seamos testigos de c\u00f3mo un solo h\u2026 <a class=\"ws_tweet_time\" href=\"https:\/\/twitter.com\/webadedios\/statuses\/1255000491702042624\">-&gt;<\/a><\/li>\n<li class=\"ws_tweet\">RT <a href=\"https:\/\/twitter.com\/ElVido7\">@ElVido7<\/a>: Con la novedad de que a Irmita dio positivo a <a href=\"https:\/\/twitter.com\/search?q=%23covid_19mexico&amp;src=hash\">#covid_19mexico<\/a><br \/>\n.<br \/>\n\u00bfA cual hospital del ISSSTE <a href=\"https:\/\/twitter.com\/ISSSTE_mx\">@ISSSTE_mx<\/a> va a acudir <a href=\"https:\/\/twitter.com\/Irma_Sand\">@Irma_Sand<\/a>\u2026 <a class=\"ws_tweet_time\" href=\"https:\/\/twitter.com\/webadedios\/statuses\/1254922977017200643\">-&gt;<\/a><\/li>\n<li class=\"ws_tweet\">RT <a href=\"https:\/\/twitter.com\/FranciscoFlora3\">@FranciscoFlora3<\/a>: Nos podr\u00eda informar <a href=\"https:\/\/twitter.com\/JohnMAckerman\">@JohnMAckerman<\/a> \u00bfEn que hospital del IMSS o el ISSSTE le realizaron el TEST PARA EL COVID a su espo\u2026 <a class=\"ws_tweet_time\" href=\"https:\/\/twitter.com\/webadedios\/statuses\/1254922920872349700\">-&gt;<\/a><\/li>\n<li class=\"ws_tweet\">No es pecado ser ignorante, pero es una tragedia que lo sigan siendo. <a class=\"ws_tweet_time\" href=\"https:\/\/twitter.com\/webadedios\/statuses\/1254922476280307712\">-&gt;<\/a><\/li>\n<li class=\"ws_tweet\">Cuando el presidente no sabe que hacen su secretario de hacienda , econom\u00eda y relaciones exteriores.\n<p>El florero es el presidente. <a class=\"ws_tweet_time\" href=\"https:\/\/twitter.com\/webadedios\/statuses\/1254922451789717511\">-&gt;<\/a><\/li>\n<li class=\"ws_tweet\">RT <a href=\"https:\/\/twitter.com\/proceso\">@proceso<\/a>: La gesti\u00f3n de un cr\u00e9dito por 290 mil millones de pesos que realiz\u00f3 el Consejo Mexicano de Negocios y requiere el aval de la Se\u2026 <a class=\"ws_tweet_time\" href=\"https:\/\/twitter.com\/webadedios\/statuses\/1254921938675404801\">-&gt;<\/a><\/li>\n<li class=\"ws_tweet\">RT <a href=\"https:\/\/twitter.com\/MaxKaiser75\">@MaxKaiser75<\/a>: Todos los abogados serios de M\u00e9xico coincidimos:\n<p>El Decreto de la semana pasada es inconstitucional, tambi\u00e9n lo es la in\u2026 <a class=\"ws_tweet_time\" href=\"https:\/\/twitter.com\/webadedios\/statuses\/1254921765282893824\">-&gt;<\/a><\/li>\n<li class=\"ws_tweet\">M\u00e9dicos y personal de salud del Hospital La Raza bloquean Calzada Vallejo, a la altura de Antonio Valeriano, para e\u2026 <a href=\"https:\/\/t.co\/CR5hsjMYIX\" rel=\"nofollow\">https:\/\/t.co\/CR5hsjMYIX<\/a> <a class=\"ws_tweet_time\" href=\"https:\/\/twitter.com\/webadedios\/statuses\/1254921101756563470\">-&gt;<\/a><\/li>\n<li class=\"ws_tweet\">RT <a href=\"https:\/\/twitter.com\/GabyMeza8\">@GabyMeza8<\/a>: A partir del 1 de mayo la plataforma <a href=\"https:\/\/twitter.com\/PrimeVideoMX\">@PrimeVideoMX<\/a> tendr\u00e1 disponibles las 9 pel\u00edculas de la saga Skywalker de <a href=\"https:\/\/twitter.com\/search?q=%23StarWars&amp;src=hash\">#StarWars<\/a>. Jus\u2026 <a class=\"ws_tweet_time\" href=\"https:\/\/twitter.com\/webadedios\/statuses\/1254852483790274561\">-&gt;<\/a><\/li>\n<li class=\"ws_tweet\">El pr\u00f3ximo 4 de Mayo, <a href=\"https:\/\/twitter.com\/search?q=%23PrimeVideo&amp;src=hash\">#PrimeVideo<\/a> agregar\u00e1 a su cat\u00e1logo las 9 pel\u00edculas de la saga  <a href=\"https:\/\/twitter.com\/search?q=%23StarWars&amp;src=hash\">#StarWars<\/a><br \/>\ny <a href=\"https:\/\/twitter.com\/search?q=%23RogueOne&amp;src=hash\">#RogueOne<\/a> <a class=\"ws_tweet_time\" href=\"https:\/\/twitter.com\/webadedios\/statuses\/1254852238863974401\">-&gt;<\/a><\/li>\n<li class=\"ws_tweet\">Se hab\u00eda dicho: Primero los fideicomisos; luego las AFORES; sigue el Banco de M\u00e9xico. Est\u00e1n decididos a acabarse todo el dinero. <a class=\"ws_tweet_time\" href=\"https:\/\/twitter.com\/webadedios\/statuses\/1254841032849657857\">-&gt;<\/a><\/li>\n<li class=\"ws_tweet\">Primero fue el dinero del Fondo para la Estabilizaci\u00f3n de los Ingresos Presupuestarios, luego el dinero de los fide\u2026 <a href=\"https:\/\/t.co\/I75lIIbmjQ\" rel=\"nofollow\">https:\/\/t.co\/I75lIIbmjQ<\/a> <a class=\"ws_tweet_time\" href=\"https:\/\/twitter.com\/webadedios\/statuses\/1254840761721503749\">-&gt;<\/a><\/li>\n<li class=\"ws_tweet\">RT <a href=\"https:\/\/twitter.com\/DeniseDresserG\">@DeniseDresserG<\/a>: Medidas insuficientes y minimalistas de <a href=\"https:\/\/twitter.com\/lopezobrador_\">@lopezobrador_<\/a> para apoyar a micro\/peque\u00f1as\/medianas empresas son como las del\u2026 <a class=\"ws_tweet_time\" href=\"https:\/\/twitter.com\/webadedios\/statuses\/1254840643760906242\">-&gt;<\/a><\/li>\n<li class=\"ws_tweet\">El presidentito busca la ruina del pa\u00eds c\u00f3mo objetivo de su &quot;Movimiento&quot;. Est\u00e1 clar\u00edsimo. <a class=\"ws_tweet_time\" href=\"https:\/\/twitter.com\/webadedios\/statuses\/1254840418451296262\">-&gt;<\/a><\/li>\n<li class=\"ws_tweet\">RT <a href=\"https:\/\/twitter.com\/NacoVulgar\">@NacoVulgar<\/a>: &#8211; A m\u00ed no me gustan sus moditos Banco de M\u00e9xico, no soy un pinche florero.<br \/>\n&#8211; El pinche florero. <a href=\"https:\/\/t.co\/ZhUQ8zwsBY\" rel=\"nofollow\">https:\/\/t.co\/ZhUQ8zwsBY<\/a> <a class=\"ws_tweet_time\" href=\"https:\/\/twitter.com\/webadedios\/statuses\/1254840190981505024\">-&gt;<\/a><\/li>\n<li class=\"ws_tweet\">Frente al Plan de rescate que present\u00f3 ayer el Banco de M\u00e9xico a PyMES <a class=\"ws_tweet_time\" href=\"https:\/\/twitter.com\/webadedios\/statuses\/1254839964669485059\">-&gt;<\/a><\/li>\n<li class=\"ws_tweet\">Que curioso que no exhiba a las empresas del grupo salinas &#8211; Elektra que adem\u00e1s presumen que NO van a cerrar jam\u00e1s\u2026 <a href=\"https:\/\/t.co\/MXN0WCGfOV\" rel=\"nofollow\">https:\/\/t.co\/MXN0WCGfOV<\/a> <a class=\"ws_tweet_time\" href=\"https:\/\/twitter.com\/webadedios\/statuses\/1254839717843087362\">-&gt;<\/a><\/li>\n<li class=\"ws_tweet\">RT <a href=\"https:\/\/twitter.com\/conecora1\">@conecora1<\/a>: Las AFORES hoy, contienen el ahorro de todos los mexicanos productivos de TODA SU VIDA.<br \/>\nY equivalen a $219,000 millones de d\u2026 <a class=\"ws_tweet_time\" href=\"https:\/\/twitter.com\/webadedios\/statuses\/1254834053158666248\">-&gt;<\/a><\/li>\n<li class=\"ws_tweet\">RT <a href=\"https:\/\/twitter.com\/econoclasta\">@econoclasta<\/a>: El gobierno va tras los recursos de las pensiones de los trabajadores. Nuevamente AMLO no entiende que cada trabajador es\u2026 <a class=\"ws_tweet_time\" href=\"https:\/\/twitter.com\/webadedios\/statuses\/1254833967540441088\">-&gt;<\/a><\/li>\n<li class=\"ws_tweet\">Muy preocupante la declaraci\u00f3n del presidente Andr\u00e9s Manuel <a href=\"https:\/\/twitter.com\/lopezobrador_\">@lopezobrador_<\/a>  sobre las Afores. <a class=\"ws_tweet_time\" href=\"https:\/\/twitter.com\/webadedios\/statuses\/1254833800519077889\">-&gt;<\/a><\/li>\n<li class=\"ws_tweet\">RT <a href=\"https:\/\/twitter.com\/feliramirezmota\">@feliramirezmota<\/a>: <a href=\"https:\/\/twitter.com\/search?q=%23NOTASDECAFEAVENIDA&amp;src=hash\">#NOTASDECAFEAVENIDA<\/a> Se extiende la suspensi\u00f3n de labores hasta el 01 de agosto 2020 como medida preventiva contra el C\u2026 <a class=\"ws_tweet_time\" href=\"https:\/\/twitter.com\/webadedios\/statuses\/1254564943048867840\">-&gt;<\/a><\/li>\n<li class=\"ws_tweet\">RT <a href=\"https:\/\/twitter.com\/cjuache\">@cjuache<\/a>: <a href=\"https:\/\/twitter.com\/MartinsPako\">@MartinsPako<\/a> <a href=\"https:\/\/twitter.com\/GlodeJo07\">@GlodeJo07<\/a> Ese decreto, aplica s\u00f3lo para las dependencias de la administraci\u00f3n P\u00fablica Federal. No se refiere a c\u2026 <a class=\"ws_tweet_time\" href=\"https:\/\/twitter.com\/webadedios\/statuses\/1254564831639764992\">-&gt;<\/a><\/li>\n<li class=\"ws_tweet\">RT <a href=\"https:\/\/twitter.com\/parsifal_col\">@parsifal_col<\/a>: <a href=\"https:\/\/twitter.com\/CaracolRadio\">@CaracolRadio<\/a> <a href=\"https:\/\/twitter.com\/IvanDuque\">@IvanDuque<\/a> Presidente, foco en temas clave: 1-empresas no tienen caja para pagar salarios y los bancos no l\u2026 <a class=\"ws_tweet_time\" href=\"https:\/\/twitter.com\/webadedios\/statuses\/1254552703381929986\">-&gt;<\/a><\/li>\n<li class=\"ws_tweet\">RT <a href=\"https:\/\/twitter.com\/gog_antonio\">@gog_antonio<\/a>: Est\u00e1 muy cabrona la situaci\u00f3n, pero siempre tenemos la posibilidad de arreglar las cosas, M\u00e9xico no es de un partido pol\u00edt\u2026 <a class=\"ws_tweet_time\" href=\"https:\/\/twitter.com\/webadedios\/statuses\/1254477301514940419\">-&gt;<\/a><\/li>\n<li class=\"ws_tweet\">Despu\u00e9s de ver que la versi\u00f3n gratuita de dynalist no sirve para nada, sigo buscando\n<p>Sigo con Gtask, pero el tener\u2026 <a href=\"https:\/\/t.co\/cRPuyXoQXG\" rel=\"nofollow\">https:\/\/t.co\/cRPuyXoQXG<\/a> <a class=\"ws_tweet_time\" href=\"https:\/\/twitter.com\/webadedios\/statuses\/1254476971918200832\">-&gt;<\/a><\/li>\n<li class=\"ws_tweet\">RT <a href=\"https:\/\/twitter.com\/HuguitoSanchez_\">@HuguitoSanchez_<\/a>: A lo largo de muchos a\u00f1os se ha criticado mucho al se\u00f1or <a href=\"https:\/\/twitter.com\/joserra_espn\">@joserra_espn<\/a> y al se\u00f1or <a href=\"https:\/\/twitter.com\/Faitelson_ESPN\">@Faitelson_ESPN<\/a>, pero seamos sincero\u2026 <a class=\"ws_tweet_time\" href=\"https:\/\/twitter.com\/webadedios\/statuses\/1254444663680970752\">-&gt;<\/a><\/li>\n<li class=\"ws_tweet\">RT <a href=\"https:\/\/twitter.com\/RubenRuben2020\">@RubenRuben2020<\/a>: Mientras los desesos se siguen incrementando por <a href=\"https:\/\/twitter.com\/search?q=%23COVID19&amp;src=hash\">#COVID19<\/a> alarmantemente, la NAHLE continua con sus   desaciertos, chul\u2026 <a class=\"ws_tweet_time\" href=\"https:\/\/twitter.com\/webadedios\/statuses\/1254444132367585280\">-&gt;<\/a><\/li>\n<li class=\"ws_tweet\">RT <a href=\"https:\/\/twitter.com\/econokafka\">@econokafka<\/a>: Cuando quieres vender un avi\u00f3n y haces una rifa de un no avi\u00f3n.\n<p>Cuando quieres reactivar una econom\u00eda y haces un plan que\u2026 <a class=\"ws_tweet_time\" href=\"https:\/\/twitter.com\/webadedios\/statuses\/1254444072770600963\">-&gt;<\/a><\/li>\n<li class=\"ws_tweet\">RT <a href=\"https:\/\/twitter.com\/FelipeCalderon\">@FelipeCalderon<\/a>: En esta gr\u00e1fica, M\u00e9xico ocupa el \u00faltimo lugar de realizaci\u00f3n de pruebas de COVID19 por cada 100,000. El resultado es qu\u2026 <a class=\"ws_tweet_time\" href=\"https:\/\/twitter.com\/webadedios\/statuses\/1254444024016056321\">-&gt;<\/a><\/li>\n<li class=\"ws_tweet\">[RIP] sfalleci\u00f3 en Guadalajara Tom\u00e1s Balc\u00e1zar.<br \/>\nMundialista<br \/>\nIntegrante del campeon\u00edsimo<br \/>\nAbuelo de Chicharito Hern\u00e1nd\u2026 <a href=\"https:\/\/t.co\/kXG7lMBLHF\" rel=\"nofollow\">https:\/\/t.co\/kXG7lMBLHF<\/a> <a class=\"ws_tweet_time\" href=\"https:\/\/twitter.com\/webadedios\/statuses\/1254442772045627395\">-&gt;<\/a><\/li>\n<li class=\"ws_tweet\">RT <a href=\"https:\/\/twitter.com\/EIJefeDiego\">@EIJefeDiego<\/a>: Esta es la mirada de una mujer que ya sabe donde vas a dormir los siguientes 90 a\u00f1os si haces un meme de ella. <a href=\"https:\/\/t.c\u2026\" rel=\"nofollow\">https:\/\/t.c\u2026<\/a> <a class=\"ws_tweet_time\" href=\"https:\/\/twitter.com\/webadedios\/statuses\/1254311425683738624\">-&gt;<\/a><\/li>\n<li class=\"ws_tweet\">RT <a href=\"https:\/\/twitter.com\/Carloslopezjone\">@Carloslopezjone<\/a>: Mmm \ud83e\udd14<br \/>\n1. Importar gasolina cuesta 5.00 pesos el litro o menos. Refinarla en M\u00e9xico 11.40 el mismo litro<\/p>\n<p>2. Dos Bocas\u2026 <a class=\"ws_tweet_time\" href=\"https:\/\/twitter.com\/webadedios\/statuses\/1254310883095973889\">-&gt;<\/a><\/li>\n<li class=\"ws_tweet\">RT <a href=\"https:\/\/twitter.com\/tumbaburross\">@tumbaburross<\/a>: Ah\u00ed les va una buena noticia:\n<p>Parece que los Gobernadores del PAN, lograron convencer al Presidente a trav\u00e9s del cancill\u2026 <a class=\"ws_tweet_time\" href=\"https:\/\/twitter.com\/webadedios\/statuses\/1254302622686818310\">-&gt;<\/a><\/li>\n<li class=\"ws_tweet\">RT <a href=\"https:\/\/twitter.com\/ANDROMACO64\">@ANDROMACO64<\/a>: AMLO va seguir tirando el dinero que pudiera ser utilizado en la reactivaci\u00f3n de la econom\u00eda y en reforzar al sistema de s\u2026 <a class=\"ws_tweet_time\" href=\"https:\/\/twitter.com\/webadedios\/statuses\/1254300958919659521\">-&gt;<\/a><\/li>\n<li class=\"ws_tweet\">RT <a href=\"https:\/\/twitter.com\/LdaCantinas\">@LdaCantinas<\/a>: Se queman expedientes de los grandes capos del narco, que casualidad, que sea en la administraci\u00f3n de 4.\u00aa de Lopez Obrador\u2026 <a class=\"ws_tweet_time\" href=\"https:\/\/twitter.com\/webadedios\/statuses\/1254300072281587712\">-&gt;<\/a><\/li>\n<li class=\"ws_tweet\">RT <a href=\"https:\/\/twitter.com\/norcoreano\">@norcoreano<\/a>: .@realDonaldTrump No funciona lo del desinfectante. <a class=\"ws_tweet_time\" href=\"https:\/\/twitter.com\/webadedios\/statuses\/1254299946188181509\">-&gt;<\/a><\/li>\n<li class=\"ws_tweet\">RT <a href=\"https:\/\/twitter.com\/hdemauleon\">@hdemauleon<\/a>: Voluntariamente a fuerzas orde\u00f1aron a los empleados de gobierno cuando AMLO gobernaba la ciudad. Muchos lo denunciaron ento\u2026 <a class=\"ws_tweet_time\" href=\"https:\/\/twitter.com\/webadedios\/statuses\/1254120062216286209\">-&gt;<\/a><\/li>\n<li class=\"ws_tweet\">[RIP] Descance en paz Arturo Huizar <a href=\"https:\/\/twitter.com\/LuzbelOficial\">@LuzbelOficial<\/a><br \/>\n <a href=\"https:\/\/twitter.com\/search?q=%23ArturoHuizar&amp;src=hash\">#ArturoHuizar<\/a> <a href=\"https:\/\/twitter.com\/search?q=%23luzbel&amp;src=hash\">#luzbel<\/a><\/p>\n<p><a href=\"https:\/\/t.co\/E5qj6BX2gY\" rel=\"nofollow\">https:\/\/t.co\/E5qj6BX2gY<\/a> <a class=\"ws_tweet_time\" href=\"https:\/\/twitter.com\/webadedios\/statuses\/1254119800189734916\">-&gt;<\/a><\/li>\n<li class=\"ws_tweet\">El cacas denigrado la vida de los Mexicanos simulando estar preparado para qu\u00e9?? Para diezmar a la poblaci\u00f3n vulner\u2026 <a href=\"https:\/\/t.co\/0Vb5KKSKAE\" rel=\"nofollow\">https:\/\/t.co\/0Vb5KKSKAE<\/a> <a class=\"ws_tweet_time\" href=\"https:\/\/twitter.com\/webadedios\/statuses\/1254117963109732352\">-&gt;<\/a><\/li>\n<li class=\"ws_tweet\">RT <a href=\"https:\/\/twitter.com\/RubenRuben2020\">@RubenRuben2020<\/a>: La peor pandemia en tiempos de la 4T <a href=\"https:\/\/twitter.com\/search?q=%23LopezElPeorPresidenteDelMundo&amp;src=hash\">#LopezElPeorPresidenteDelMundo<\/a> <a href=\"https:\/\/t.co\/tB1XS0gQVj\" rel=\"nofollow\">https:\/\/t.co\/tB1XS0gQVj<\/a> <a class=\"ws_tweet_time\" href=\"https:\/\/twitter.com\/webadedios\/statuses\/1254117638734782464\">-&gt;<\/a><\/li>\n<li class=\"ws_tweet\">RT <a href=\"https:\/\/twitter.com\/CentralFM_\">@CentralFM_<\/a>: 30 lesionados por exposici\u00f3n a desinfectantes despu\u00e9s de las declaraciones de Trump <a href=\"https:\/\/t.co\/wMFws3tRhW\" rel=\"nofollow\">https:\/\/t.co\/wMFws3tRhW<\/a> <a class=\"ws_tweet_time\" href=\"https:\/\/twitter.com\/webadedios\/statuses\/1254116828957335553\">-&gt;<\/a><\/li>\n<li class=\"ws_tweet\">RT <a href=\"https:\/\/twitter.com\/GianMeda\">@GianMeda<\/a>: Para reflexionar.<br \/>\n<a href=\"https:\/\/twitter.com\/search?q=%23ElCacasAMLO&amp;src=hash\">#ElCacasAMLO<\/a>  adquiri\u00f3 deuda mientras acab\u00f3 con el cochinito.<br \/>\nAdem\u00e1s de agregar otro &quot;FOBAPROA&quot; a la deuda\u2026 <a class=\"ws_tweet_time\" href=\"https:\/\/twitter.com\/webadedios\/statuses\/1254116662770577417\">-&gt;<\/a><\/li>\n<li class=\"ws_tweet\">pues mas pruebas, vamos a checar el Readera como lector <a class=\"ws_tweet_time\" href=\"https:\/\/twitter.com\/webadedios\/statuses\/1254113155233583104\">-&gt;<\/a><\/li>\n<li class=\"ws_tweet\">RT <a href=\"https:\/\/twitter.com\/JLozanoA\">@JLozanoA<\/a>: Aumentan los contagios y escasean las camas y respiradores. Pero est\u00e1bamos preparados meses antes \u00bfverdad? <a href=\"https:\/\/twitter.com\/search?q=%23LosL&amp;src=hash\">#LosL<\/a>\u00f3pez <a href=\"https:\/\/twitter.com\/search?q=%23covid_1&amp;src=hash\">#covid_1<\/a>\u2026 <a class=\"ws_tweet_time\" href=\"https:\/\/twitter.com\/webadedios\/statuses\/1254098967006253057\">-&gt;<\/a><\/li>\n<li class=\"ws_tweet\">Gracias a Calder\u00f3n la influenza H1N1 no se convirti\u00f3 en pandemia mundial. Con L\u00f3pez hay miles y miles de muertos po\u2026 <a href=\"https:\/\/t.co\/ZI1xKqwaIN\" rel=\"nofollow\">https:\/\/t.co\/ZI1xKqwaIN<\/a> <a class=\"ws_tweet_time\" href=\"https:\/\/twitter.com\/webadedios\/statuses\/1254098879018139649\">-&gt;<\/a><\/li>\n<li class=\"ws_tweet\">RT <a href=\"https:\/\/twitter.com\/ElCholoBurgues\">@ElCholoBurgues<\/a>: <a href=\"https:\/\/twitter.com\/Notimex\">@Notimex<\/a> <a href=\"https:\/\/twitter.com\/FelipeCalderon\">@FelipeCalderon<\/a> <a href=\"https:\/\/twitter.com\/Notimex_TV\">@Notimex_TV<\/a> Nota tan tendenciosa y de tan mala calidad, que no se dieron cuenta que se dispara\u2026 <a class=\"ws_tweet_time\" href=\"https:\/\/twitter.com\/webadedios\/statuses\/1254098567188418560\">-&gt;<\/a><\/li>\n<li class=\"ws_tweet\">RT <a href=\"https:\/\/twitter.com\/airam3232\">@airam3232<\/a>: <a href=\"https:\/\/twitter.com\/Notimex\">@Notimex<\/a> <a href=\"https:\/\/twitter.com\/FelipeCalderon\">@FelipeCalderon<\/a> <a href=\"https:\/\/twitter.com\/Notimex_TV\">@Notimex_TV<\/a> Pinche Calderon que har\u00edan los Chairos mugrosos sin ti \ud83d\ude02\ud83d\ude02\ud83d\ude02 <a href=\"https:\/\/t.co\/RfvFdtBcYh\" rel=\"nofollow\">https:\/\/t.co\/RfvFdtBcYh<\/a> <a class=\"ws_tweet_time\" href=\"https:\/\/twitter.com\/webadedios\/statuses\/1254098408228507649\">-&gt;<\/a><\/li>\n<li class=\"ws_tweet\">Pero much\u00edsimos defensores. Y tendr\u00e1 2 millones m\u00e1s. El trabajo que les dar\u00e1 la 4t es contestar tweets. <a class=\"ws_tweet_time\" href=\"https:\/\/twitter.com\/webadedios\/statuses\/1254098042359291904\">-&gt;<\/a><\/li>\n<li class=\"ws_tweet\">todo mal, salud, seguridad, econom\u00eda, industria, energ\u00eda. (y que tal el nepotismo en todo su esplendor) y la compra\u2026 <a href=\"https:\/\/t.co\/I4evpDVJxy\" rel=\"nofollow\">https:\/\/t.co\/I4evpDVJxy<\/a> <a class=\"ws_tweet_time\" href=\"https:\/\/twitter.com\/webadedios\/statuses\/1254097843939414016\">-&gt;<\/a><\/li>\n<li class=\"ws_tweet\">RT <a href=\"https:\/\/twitter.com\/rtoursg\">@rtoursg<\/a>: <a href=\"https:\/\/twitter.com\/macariomx\">@macariomx<\/a> <a href=\"https:\/\/t.co\/46K1qLnqqE\" rel=\"nofollow\">https:\/\/t.co\/46K1qLnqqE<\/a> <a href=\"https:\/\/t.co\/uqWisS0mAw\" rel=\"nofollow\">https:\/\/t.co\/uqWisS0mAw<\/a> <a class=\"ws_tweet_time\" href=\"https:\/\/twitter.com\/webadedios\/statuses\/1254096307263864832\">-&gt;<\/a><\/li>\n<li class=\"ws_tweet\">RT <a href=\"https:\/\/twitter.com\/macariomx\">@macariomx<\/a>: Pero para dejar constancia de que recibi\u00f3 al pa\u00eds creciendo al 2.5% y antes del inicio de la crisis en pleno, lo dej\u00f3 en -1.\u2026 <a class=\"ws_tweet_time\" href=\"https:\/\/twitter.com\/webadedios\/statuses\/1254096224032100352\">-&gt;<\/a><\/li>\n<li class=\"ws_tweet\">RT <a href=\"https:\/\/twitter.com\/macariomx\">@macariomx<\/a>: Actualizaci\u00f3n de una gr\u00e1fica que les he compartido en algunas ocasiones anteriores. Es el crecimiento de la econom\u00eda mexican\u2026 <a class=\"ws_tweet_time\" href=\"https:\/\/twitter.com\/webadedios\/statuses\/1254096014774095885\">-&gt;<\/a><\/li>\n<li class=\"ws_tweet\">RT <a href=\"https:\/\/twitter.com\/Donvix\">@Donvix<\/a>: Y esto tambi\u00e9n se les dijo, se les &quot;albirrrti\u00f3&quot; hace A\u00d1O Y MEDIO: estos culeros no tienen otra misi\u00f3n que esa. <a href=\"https:\/\/t.co\/nwA\u2026\" rel=\"nofollow\">https:\/\/t.co\/nwA\u2026<\/a> <a class=\"ws_tweet_time\" href=\"https:\/\/twitter.com\/webadedios\/statuses\/1254095872918421505\">-&gt;<\/a><\/li>\n<li class=\"ws_tweet\">Funerarias se preparan para \u201cpicos\u201d de 600 muertes diarias por covid-19 <a class=\"ws_tweet_time\" href=\"https:\/\/twitter.com\/webadedios\/statuses\/1254095645813747716\">-&gt;<\/a><\/li>\n<li class=\"ws_tweet\">RT <a href=\"https:\/\/twitter.com\/IrvingGatell\">@IrvingGatell<\/a>: Los hospitales est\u00e1n satur\u00e1ndose a finales de abril. Lo peor en n\u00famero de contagios va a ser hasta finales de mayo.\n<p>Va a\u2026 <a class=\"ws_tweet_time\" href=\"https:\/\/twitter.com\/webadedios\/statuses\/1254095278996684801\">-&gt;<\/a><\/li>\n<li class=\"ws_tweet\"><a href=\"https:\/\/twitter.com\/search?q=%23AMLOelPeorPresidenteDelMundo&amp;src=hash\">#AMLOelPeorPresidenteDelMundo<\/a> <a class=\"ws_tweet_time\" href=\"https:\/\/twitter.com\/webadedios\/statuses\/1254095142102974464\">-&gt;<\/a><\/li>\n<\/ul>\n<!--CusAds0-->\n<div style=\"font-size: 0px; height: 0px; line-height: 0px; margin: 0; padding: 0; clear: both;\"><\/div>","protected":false},"excerpt":{"rendered":"<p>Mis twitts del 2020-04-22 al 2020-04-28<\/p>\n","protected":false},"author":1,"featured_media":0,"comment_status":"open","ping_status":"open","sticky":false,"template":"","format":"standard","meta":{"footnotes":""},"categories":[2],"tags":[1878,966,1876,1877,1720,60],"class_list":["post-8571","post","type-post","status-publish","format-standard","hentry","category-actividades","tag-digo","tag-red","tag-social","tag-tuits","tag-tweets","tag-twitter"],"_links":{"self":[{"href":"https:\/\/webadedios.com\/blog\/wp-json\/wp\/v2\/posts\/8571","targetHints":{"allow":["GET"]}}],"collection":[{"href":"https:\/\/webadedios.com\/blog\/wp-json\/wp\/v2\/posts"}],"about":[{"href":"https:\/\/webadedios.com\/blog\/wp-json\/wp\/v2\/types\/post"}],"author":[{"embeddable":true,"href":"https:\/\/webadedios.com\/blog\/wp-json\/wp\/v2\/users\/1"}],"replies":[{"embeddable":true,"href":"https:\/\/webadedios.com\/blog\/wp-json\/wp\/v2\/comments?post=8571"}],"version-history":[{"count":0,"href":"https:\/\/webadedios.com\/blog\/wp-json\/wp\/v2\/posts\/8571\/revisions"}],"wp:attachment":[{"href":"https:\/\/webadedios.com\/blog\/wp-json\/wp\/v2\/media?parent=8571"}],"wp:term":[{"taxonomy":"category","embeddable":true,"href":"https:\/\/webadedios.com\/blog\/wp-json\/wp\/v2\/categories?post=8571"},{"taxonomy":"post_tag","embeddable":true,"href":"https:\/\/webadedios.com\/blog\/wp-json\/wp\/v2\/tags?post=8571"}],"curies":[{"name":"wp","href":"https:\/\/api.w.org\/{rel}","templated":true}]}}