{"id":8569,"date":"2020-04-15T05:40:00","date_gmt":"2020-04-15T10:40:00","guid":{"rendered":"http:\/\/webadedios.com\/blog\/?p=8569"},"modified":"2020-04-15T05:40:00","modified_gmt":"2020-04-15T10:40:00","slug":"mis-twitts-del-2020-04-08-al-2020-04-14","status":"publish","type":"post","link":"https:\/\/webadedios.com\/blog\/2020\/actividades\/mis-twitts-del-2020-04-08-al-2020-04-14\/","title":{"rendered":"Mis twitts del 2020-04-08 al 2020-04-14"},"content":{"rendered":"<ul class=\"ws_tweet_list\">\n<li class=\"ws_tweet\">Todos, TODOS conspiran contra Andr\u00e9s Manuel L\u00f3pez Obrador.<br \/>\nToda cr\u00edtica es antagonismo.<br \/>\nToda cr\u00edtica es complot.\u2026 <a href=\"https:\/\/t.co\/cwOoah2rbb\" rel=\"nofollow\">https:\/\/t.co\/cwOoah2rbb<\/a> <a class=\"ws_tweet_time\" href=\"https:\/\/twitter.com\/webadedios\/statuses\/1250283469604663296\">-&gt;<\/a><\/li>\n<li class=\"ws_tweet\">RT <a href=\"https:\/\/twitter.com\/JJDiazMachuca\">@JJDiazMachuca<\/a>: El cargamento de China es como una leyenda urbana, a nosotros no nos ha llegado nada: <a href=\"https:\/\/twitter.com\/MBarbosaMX\">@MBarbosaMX<\/a><br \/>\nLos gobernadores More\u2026 <a class=\"ws_tweet_time\" href=\"https:\/\/twitter.com\/webadedios\/statuses\/1250283063151476736\">-&gt;<\/a><\/li>\n<li class=\"ws_tweet\">RT <a href=\"https:\/\/twitter.com\/Quetzal0518\">@Quetzal0518<\/a>: Si peleas contra:\n<p>-Empresarios.<br \/>\n-Prensa y periodistas.<br \/>\n-Activistas.<br \/>\n-El Chicharito.<br \/>\n-Thalia.<br \/>\n-Eugenio Derbez.<br \/>\n-Y en gener\u2026 <a class=\"ws_tweet_time\" href=\"https:\/\/twitter.com\/webadedios\/statuses\/1250282955362033665\">-&gt;<\/a><\/li>\n<li class=\"ws_tweet\">AMLO toma como agresi\u00f3n personal cualquier cuestionamiento a su gobierno <a class=\"ws_tweet_time\" href=\"https:\/\/twitter.com\/webadedios\/statuses\/1250282873019457537\">-&gt;<\/a><\/li>\n<li class=\"ws_tweet\">El presidente exhibe su talante autoritario e intolerante ante la cr\u00edtica, ahora se lanza contra Thal\u00eda, Derbez y e\u2026 <a href=\"https:\/\/t.co\/jwxj103shQ\" rel=\"nofollow\">https:\/\/t.co\/jwxj103shQ<\/a> <a class=\"ws_tweet_time\" href=\"https:\/\/twitter.com\/webadedios\/statuses\/1250282666026360838\">-&gt;<\/a><\/li>\n<li class=\"ws_tweet\">Prefiero darle la mano a Thal\u00eda, Derbez o el Chicharito antes que a la mam\u00e1 de un narco. <a class=\"ws_tweet_time\" href=\"https:\/\/twitter.com\/webadedios\/statuses\/1250282568110370819\">-&gt;<\/a><\/li>\n<li class=\"ws_tweet\">RT <a href=\"https:\/\/twitter.com\/ElFinanciero_Mx\">@ElFinanciero_Mx<\/a>: <a href=\"https:\/\/twitter.com\/search?q=%23Opini&amp;src=hash\">#Opini<\/a>\u00f3n Lo que cedimos est\u00e1 envuelto con el manto del arcano de un gobierno entreguista e incompetente. L\u00f3pez Obrador\u2026 <a class=\"ws_tweet_time\" href=\"https:\/\/twitter.com\/webadedios\/statuses\/1250281411270983681\">-&gt;<\/a><\/li>\n<li class=\"ws_tweet\">RT <a href=\"https:\/\/twitter.com\/proceso\">@proceso<\/a>: El diario brit\u00e1nico Financial Times advirti\u00f3 sobre una posible repetici\u00f3n de la \u201ccat\u00e1strofe humanitaria de Venezuela\u201d en M\u00e9xic\u2026 <a class=\"ws_tweet_time\" href=\"https:\/\/twitter.com\/webadedios\/statuses\/1250281266403930119\">-&gt;<\/a><\/li>\n<li class=\"ws_tweet\">RT <a href=\"https:\/\/twitter.com\/PerMexicum\">@PerMexicum<\/a>: 1\/ De arrepentimientos est\u00e1n empedrados los caminos al infierno\n<p>Empiezo a ver muchos arrepentidos de votar por L\u00f3pez. \u00bfQu\u00e9\u2026 <a class=\"ws_tweet_time\" href=\"https:\/\/twitter.com\/webadedios\/statuses\/1250281162171248649\">-&gt;<\/a><\/li>\n<li class=\"ws_tweet\">RT <a href=\"https:\/\/twitter.com\/martinwolf_\">@martinwolf_<\/a>: Martin Wolf: The world economy is now collapsing <a href=\"https:\/\/t.co\/cesm6zrj9P\" rel=\"nofollow\">https:\/\/t.co\/cesm6zrj9P<\/a> <a class=\"ws_tweet_time\" href=\"https:\/\/twitter.com\/webadedios\/statuses\/1250214022919700480\">-&gt;<\/a><\/li>\n<li class=\"ws_tweet\">vamos a ver los rimeros capitulos de HBO de  Avenue 5, Euphoria, His dark materials, The outsider y Watchmen. <a class=\"ws_tweet_time\" href=\"https:\/\/twitter.com\/webadedios\/statuses\/1250213483058249728\">-&gt;<\/a><\/li>\n<li class=\"ws_tweet\">HBO anunci\u00f3 que dar\u00e1 acceso gratis a varias de sus series durante todo el mes de abril. <a class=\"ws_tweet_time\" href=\"https:\/\/twitter.com\/webadedios\/statuses\/1250213275201134596\">-&gt;<\/a><\/li>\n<li class=\"ws_tweet\">pues el final de la temporada 10 de The walking dead se queda  pendiente sin fecha probable <a class=\"ws_tweet_time\" href=\"https:\/\/twitter.com\/webadedios\/statuses\/1250212849047273473\">-&gt;<\/a><\/li>\n<li class=\"ws_tweet\">Season 10 of The Walking Dead will now end with episode 15 and the real season finale (episode 16) will air later i\u2026 <a href=\"https:\/\/t.co\/0XUyH27Brz\" rel=\"nofollow\">https:\/\/t.co\/0XUyH27Brz<\/a> <a class=\"ws_tweet_time\" href=\"https:\/\/twitter.com\/webadedios\/statuses\/1250212587012263937\">-&gt;<\/a><\/li>\n<li class=\"ws_tweet\">RT <a href=\"https:\/\/twitter.com\/FelipeCalderon\">@FelipeCalderon<\/a>: M\u00e9xico, en la peor crisis econ\u00f3mica y sanitaria;  el Presidente debe pensar en M\u00e9xico y no en \u00e9l mismo. No distraerse n\u2026 <a class=\"ws_tweet_time\" href=\"https:\/\/twitter.com\/webadedios\/statuses\/1250210635515822080\">-&gt;<\/a><\/li>\n<li class=\"ws_tweet\">RT <a href=\"https:\/\/twitter.com\/ChairosY\">@ChairosY<\/a>: \u00a1Qu\u00e9 webos hay qu\u00e9 tener para aumentar el cobro de la luz en medio de la Pendemia!<br \/>\n\u00a1Qu\u00e9date en Casa y p\u00e1ganos m\u00e1s!<br \/>\nQu\u00e9 neolib\u2026 <a class=\"ws_tweet_time\" href=\"https:\/\/twitter.com\/webadedios\/statuses\/1250209212459819010\">-&gt;<\/a><\/li>\n<li class=\"ws_tweet\">RT <a href=\"https:\/\/twitter.com\/LAURAZAPATAM\">@LAURAZAPATAM<\/a>: \u2066@lopezobrador_\u2069 que dijistesssssssssss ??? Y el pati\u00f1o \u2066@HLGatell\u2069 f\u00e1jese los pantalones y deje de mentir y saltar al ri\u2026 <a class=\"ws_tweet_time\" href=\"https:\/\/twitter.com\/webadedios\/statuses\/1250208323586134021\">-&gt;<\/a><\/li>\n<li class=\"ws_tweet\">La CFE aumentar\u00e1 las tarifas de luz <a class=\"ws_tweet_time\" href=\"https:\/\/twitter.com\/webadedios\/statuses\/1250208165993603072\">-&gt;<\/a><\/li>\n<li class=\"ws_tweet\">RT <a href=\"https:\/\/twitter.com\/BJAlcaldia\">@BJAlcaldia<\/a>: Compartimos informaci\u00f3n sobre este tema: <a href=\"https:\/\/t.co\/l7wj1zRmI2\" rel=\"nofollow\">https:\/\/t.co\/l7wj1zRmI2<\/a> <a class=\"ws_tweet_time\" href=\"https:\/\/twitter.com\/webadedios\/statuses\/1250207375547666432\">-&gt;<\/a><\/li>\n<li class=\"ws_tweet\">RT <a href=\"https:\/\/twitter.com\/BJAlcaldia\">@BJAlcaldia<\/a>: Sanitizamos el supermercado que visit\u00f3 <a href=\"https:\/\/twitter.com\/SoyDavidShow\">@SoyDavidShow<\/a> a pesar de estar confinado en casa por ser portador del <a href=\"https:\/\/twitter.com\/search?q=%23Covid_19mx&amp;src=hash\">#Covid_19mx<\/a>.\u2026 <a class=\"ws_tweet_time\" href=\"https:\/\/twitter.com\/webadedios\/statuses\/1250207332233097218\">-&gt;<\/a><\/li>\n<li class=\"ws_tweet\">RT <a href=\"https:\/\/twitter.com\/coruco\">@coruco<\/a>: <a href=\"https:\/\/twitter.com\/JossMontiel\">@JossMontiel<\/a> <a href=\"https:\/\/twitter.com\/BJAlcaldia\">@BJAlcaldia<\/a> <a href=\"https:\/\/twitter.com\/SoyDavidShow\">@SoyDavidShow<\/a> Entren a su video en Youtube y rep\u00f3rtenlo como actos peligrosos y perjudiciales, al meno\u2026 <a class=\"ws_tweet_time\" href=\"https:\/\/twitter.com\/webadedios\/statuses\/1250207232962318336\">-&gt;<\/a><\/li>\n<li class=\"ws_tweet\">RT <a href=\"https:\/\/twitter.com\/JossMontiel\">@JossMontiel<\/a>: <a href=\"https:\/\/twitter.com\/BJAlcaldia\">@BJAlcaldia<\/a> <a href=\"https:\/\/twitter.com\/SoyDavidShow\">@SoyDavidShow<\/a> Aqu\u00ed el fundamento legal del c\u00f3digo penal federal: <a href=\"https:\/\/t.co\/RanJc3y0g5\" rel=\"nofollow\">https:\/\/t.co\/RanJc3y0g5<\/a> <a class=\"ws_tweet_time\" href=\"https:\/\/twitter.com\/webadedios\/statuses\/1250207183977013248\">-&gt;<\/a><\/li>\n<li class=\"ws_tweet\">RT <a href=\"https:\/\/twitter.com\/vampipe\">@vampipe<\/a>: Hoy <a href=\"https:\/\/twitter.com\/GRA10\">@GRA10<\/a> puso un audio con la \u00faltima voluntad de <a href=\"https:\/\/twitter.com\/Elgusrodriguez\">@Elgusrodriguez<\/a> (con su voz):\n<p>&quot;Hagan una buena acci\u00f3n al primer ni\u00f1o que p\u2026 <a class=\"ws_tweet_time\" href=\"https:\/\/twitter.com\/webadedios\/statuses\/1249942570077216779\">-&gt;<\/a><\/li>\n<li class=\"ws_tweet\">RT <a href=\"https:\/\/twitter.com\/GabyMeza8\">@GabyMeza8<\/a>: Lamentamos informar el sensible fallecimiento de Gus Rodr\u00edguez, uno de los m\u00e1ximos exponentes de la cultura gaming en M\u00e9xico\u2026 <a class=\"ws_tweet_time\" href=\"https:\/\/twitter.com\/webadedios\/statuses\/1249942462405148672\">-&gt;<\/a><\/li>\n<li class=\"ws_tweet\">RT <a href=\"https:\/\/twitter.com\/EugenioDerbez\">@EugenioDerbez<\/a>: \u00bfPodr\u00edamos volver a ser el M\u00e9xico que se uni\u00f3 aquel 19 de septiembre de 2017 y en vez de cuestionar, ayudar a esta gente\u2026 <a class=\"ws_tweet_time\" href=\"https:\/\/twitter.com\/webadedios\/statuses\/1249942331924545536\">-&gt;<\/a><\/li>\n<li class=\"ws_tweet\">RT <a href=\"https:\/\/twitter.com\/EugenioDerbez\">@EugenioDerbez<\/a>: \u00a1Gracias Sr Gobernador <a href=\"https:\/\/twitter.com\/jaime_bonillav\">@jaime_bonillav<\/a> por su transparencia y por buscar mejorar las condiciones del personal y paciente\u2026 <a class=\"ws_tweet_time\" href=\"https:\/\/twitter.com\/webadedios\/statuses\/1249942231357837312\">-&gt;<\/a><\/li>\n<li class=\"ws_tweet\">RT <a href=\"https:\/\/twitter.com\/CiroGomezL\">@CiroGomezL<\/a>: <a href=\"https:\/\/twitter.com\/search?q=%23ENVIVO&amp;src=hash\">#ENVIVO<\/a> \u201cLa gente est\u00e1 cayendo como moscas\u201d dijo el gobernador de <a href=\"https:\/\/twitter.com\/search?q=%23BC&amp;src=hash\">#BC<\/a>, luego de que <a href=\"https:\/\/twitter.com\/EugenioDerbez\">@EugenioDerbez<\/a> leyera la carta de un do\u2026 <a class=\"ws_tweet_time\" href=\"https:\/\/twitter.com\/webadedios\/statuses\/1249940663782846464\">-&gt;<\/a><\/li>\n<li class=\"ws_tweet\">RT <a href=\"https:\/\/twitter.com\/EugenioDerbez\">@EugenioDerbez<\/a>: Gracias infinitas a todos los que est\u00e1n donando material para los doctores y enfermeras en Tijuana. Una vez m\u00e1s, los mex\u2026 <a class=\"ws_tweet_time\" href=\"https:\/\/twitter.com\/webadedios\/statuses\/1249940580320399361\">-&gt;<\/a><\/li>\n<li class=\"ws_tweet\">El m\u00e1s sentido p\u00e9same a la familia de Gus Rodriguez. Una de las personas m\u00e1s creativas que he conocido <a class=\"ws_tweet_time\" href=\"https:\/\/twitter.com\/webadedios\/statuses\/1249940332965437441\">-&gt;<\/a><\/li>\n<li class=\"ws_tweet\">RT <a href=\"https:\/\/twitter.com\/FelipeCalderon\">@FelipeCalderon<\/a>: Y dicen que estaban preparados hace m\u00e1s tres meses, que antes que todos los pa\u00edses del mundo&#8230; <a href=\"https:\/\/t.co\/YAx8kL8TmB\" rel=\"nofollow\">https:\/\/t.co\/YAx8kL8TmB<\/a> <a class=\"ws_tweet_time\" href=\"https:\/\/twitter.com\/webadedios\/statuses\/1249936984841359362\">-&gt;<\/a><\/li>\n<li class=\"ws_tweet\">RT <a href=\"https:\/\/twitter.com\/FelipeCalderon\">@FelipeCalderon<\/a>: Decir que somos uno de los 10 pa\u00edses con menos casos (reconocidos), a sabiendas de que hay una pol\u00edtica del gobierno de\u2026 <a class=\"ws_tweet_time\" href=\"https:\/\/twitter.com\/webadedios\/statuses\/1249936506661339136\">-&gt;<\/a><\/li>\n<li class=\"ws_tweet\">RT <a href=\"https:\/\/twitter.com\/FranciscoFlora3\">@FranciscoFlora3<\/a>: Ah\u00ed les va mis Chairos&#8230; El propio Gobernador de Puebla <a href=\"https:\/\/twitter.com\/MBarbosaMX\">@MBarbosaMX<\/a> reclama al Gobierno Federal de <a href=\"https:\/\/twitter.com\/search?q=%23ElCacas&amp;src=hash\">#ElCacas<\/a> que no ha\u2026 <a class=\"ws_tweet_time\" href=\"https:\/\/twitter.com\/webadedios\/statuses\/1249935994809352199\">-&gt;<\/a><\/li>\n<li class=\"ws_tweet\">RT <a href=\"https:\/\/twitter.com\/Potropegaso21\">@Potropegaso21<\/a>: Y de la gustada serie \u201cel mundo al rev\u00e9s\u201d \u201cnos la metieron doblada\u201d \u201ccomo anillo al dedo\u201d y \u201cnos endeudamos hasta el cue\u2026 <a class=\"ws_tweet_time\" href=\"https:\/\/twitter.com\/webadedios\/statuses\/1249935875674460161\">-&gt;<\/a><\/li>\n<li class=\"ws_tweet\">RT <a href=\"https:\/\/twitter.com\/PedroFerriz\">@PedroFerriz<\/a>: De \u00faltima hora!!!!!\u2702\ufe0f<br \/>\nEl 25 Consejo de la Judicatura, con sede en Mexicali, concede la cancelaci\u00f3n de las obras de AMLO a\u2026 <a class=\"ws_tweet_time\" href=\"https:\/\/twitter.com\/webadedios\/statuses\/1249935310403915776\">-&gt;<\/a><\/li>\n<li class=\"ws_tweet\">RT <a href=\"https:\/\/twitter.com\/Funesta\">@Funesta<\/a>: \u201c&#8230; a los enfermos de covid-19 les recetaron&#8230; paracetamol, levofloxacino, oseltamivir y otros retrovirales, pero no hab\u00eda n\u2026 <a class=\"ws_tweet_time\" href=\"https:\/\/twitter.com\/webadedios\/statuses\/1249935241306935296\">-&gt;<\/a><\/li>\n<li class=\"ws_tweet\">RT <a href=\"https:\/\/twitter.com\/EugenioDerbez\">@EugenioDerbez<\/a>: No&#8230; no son fake news.<br \/>\nQu\u00e9 triste que se le invierta m\u00e1s tiempo a tratar de ocultar una verdad, que a salvar vidas.<br \/>\nQu\u2026 <a class=\"ws_tweet_time\" href=\"https:\/\/twitter.com\/webadedios\/statuses\/1249934992106455046\">-&gt;<\/a><\/li>\n<li class=\"ws_tweet\">RT <a href=\"https:\/\/twitter.com\/jugglerowsky\">@jugglerowsky<\/a>: En d\u00edas pasados me han pedido que hablemos de c\u00f3mo prepararnos en casa para la sig. parte de la crisis que se viene: la e\u2026 <a class=\"ws_tweet_time\" href=\"https:\/\/twitter.com\/webadedios\/statuses\/1249934370372231171\">-&gt;<\/a><\/li>\n<li class=\"ws_tweet\">RT <a href=\"https:\/\/twitter.com\/ramonpenafranco\">@ramonpenafranco<\/a>: La nota del d\u00eda: Marcelo Ebrard, secretario de Relaciones Exteriores, anuncia el relanzamiento del Seguro Popular para\u2026 <a class=\"ws_tweet_time\" href=\"https:\/\/twitter.com\/webadedios\/statuses\/1249934224309866497\">-&gt;<\/a><\/li>\n<li class=\"ws_tweet\">RT <a href=\"https:\/\/twitter.com\/GlodeJo07\">@GlodeJo07<\/a>: Me da mucha tristeza ver que la gente estaba pidi\u00e9ndole veracidad a Eugenio Derbez, seamos sinceros, los hospitales NECESITA\u2026 <a class=\"ws_tweet_time\" href=\"https:\/\/twitter.com\/webadedios\/statuses\/1249934151609978880\">-&gt;<\/a><\/li>\n<li class=\"ws_tweet\">RT <a href=\"https:\/\/twitter.com\/VocerodelP\">@VocerodelP<\/a>: Hoy hay un mont\u00f3n de gente muriendo.<br \/>\nEsa gente se contagio hace 2 o 3 semanas<br \/>\nVeamos que estaba haciendo L\u00f3pez hace 2 o 3\u2026 <a class=\"ws_tweet_time\" href=\"https:\/\/twitter.com\/webadedios\/statuses\/1249923719478329346\">-&gt;<\/a><\/li>\n<li class=\"ws_tweet\">RT <a href=\"https:\/\/twitter.com\/ramonpenafranco\">@ramonpenafranco<\/a>: Le exigen m\u00e1s al comediante Derbez que al comediante L\u00f3pez <a class=\"ws_tweet_time\" href=\"https:\/\/twitter.com\/webadedios\/statuses\/1249923651690004481\">-&gt;<\/a><\/li>\n<li class=\"ws_tweet\">RT <a href=\"https:\/\/twitter.com\/ElFinanciero_Mx\">@ElFinanciero_Mx<\/a>: El IMSS inform\u00f3 que en marzo se registr\u00f3 una ca\u00edda de 130 mil 593 puestos de trabajo, a consecuencia de los efectos de\u2026 <a class=\"ws_tweet_time\" href=\"https:\/\/twitter.com\/webadedios\/statuses\/1249923622006915073\">-&gt;<\/a><\/li>\n<li class=\"ws_tweet\">RT <a href=\"https:\/\/twitter.com\/JuanConnor18\">@JuanConnor18<\/a>: Me pasan esto mis amigos m\u00e9dicos del <a href=\"https:\/\/twitter.com\/search?q=%23ISSSTE&amp;src=hash\">#ISSSTE<\/a>\n<p>RT <a href=\"https:\/\/t.co\/mZm7U0UJaN\" rel=\"nofollow\">https:\/\/t.co\/mZm7U0UJaN<\/a> <a class=\"ws_tweet_time\" href=\"https:\/\/twitter.com\/webadedios\/statuses\/1249923252975263744\">-&gt;<\/a><\/li>\n<li class=\"ws_tweet\">RT <a href=\"https:\/\/twitter.com\/pepelosbalcazar\">@pepelosbalcazar<\/a>: Amigos, sin lugar a dudas nos encontramos en uno de los momentos m\u00e1s obscuros que hemos vivido como naci\u00f3n, estamos su\u2026 <a class=\"ws_tweet_time\" href=\"https:\/\/twitter.com\/webadedios\/statuses\/1249923157403803648\">-&gt;<\/a><\/li>\n<li class=\"ws_tweet\">M\u00e9xico es un elefante reum\u00e1tico que podr\u00eda morir de inanici\u00f3n\n<p> hay un mill\u00f3n y medio de empleos en riesgo de desap\u2026 <a href=\"https:\/\/t.co\/9IFECEvUUa\" rel=\"nofollow\">https:\/\/t.co\/9IFECEvUUa<\/a> <a class=\"ws_tweet_time\" href=\"https:\/\/twitter.com\/webadedios\/statuses\/1249923011395891200\">-&gt;<\/a><\/li>\n<li class=\"ws_tweet\">L\u00f3pez dividi\u00f3 a los mexicanos,derrumbo la econom\u00eda,la violencia est\u00e1 fuera de control,desapareci\u00f3 el <a href=\"https:\/\/twitter.com\/search?q=%23SeguroPopular&amp;src=hash\">#SeguroPopular<\/a>\u2026 <a href=\"https:\/\/t.co\/KOP91ZsZEL\" rel=\"nofollow\">https:\/\/t.co\/KOP91ZsZEL<\/a> <a class=\"ws_tweet_time\" href=\"https:\/\/twitter.com\/webadedios\/statuses\/1249922787931799554\">-&gt;<\/a><\/li>\n<li class=\"ws_tweet\">Pascua <a href=\"https:\/\/t.co\/rx8dbPCCOE\" rel=\"nofollow\">https:\/\/t.co\/rx8dbPCCOE<\/a> <a class=\"ws_tweet_time\" href=\"https:\/\/twitter.com\/webadedios\/statuses\/1249408127897870336\">-&gt;<\/a><\/li>\n<li class=\"ws_tweet\">RT <a href=\"https:\/\/twitter.com\/jorge_llopez\">@jorge_llopez<\/a>: <a href=\"https:\/\/twitter.com\/ClaudioXGG\">@ClaudioXGG<\/a> Desde hace dos meses debieron tomar la Pandemia con sentido de urgencia y los L\u00f3pez no lo han hecho , han min\u2026 <a class=\"ws_tweet_time\" href=\"https:\/\/twitter.com\/webadedios\/statuses\/1248294981145473024\">-&gt;<\/a><\/li>\n<li class=\"ws_tweet\">RT <a href=\"https:\/\/twitter.com\/MuySuFrida\">@MuySuFrida<\/a>: Hay brotes de <a href=\"https:\/\/twitter.com\/search?q=%23coronavirus&amp;src=hash\">#coronavirus<\/a> en tres hospitales p\u00fablicos, en la polic\u00eda de la CDMX y probablemente en Mercados P\u00fablicos de Ma\u2026 <a class=\"ws_tweet_time\" href=\"https:\/\/twitter.com\/webadedios\/statuses\/1248294928301473792\">-&gt;<\/a><\/li>\n<li class=\"ws_tweet\">RT <a href=\"https:\/\/twitter.com\/PedroFerriz\">@PedroFerriz<\/a>: Hugo L\u00f3pez Gatell, Subsecretario de Salud reconoci\u00f3 que la epidemia de Coronavirus es \u201c8 VECES MAS GRANDE de lo que se ve\u201d\u2026 <a class=\"ws_tweet_time\" href=\"https:\/\/twitter.com\/webadedios\/statuses\/1248294461278277632\">-&gt;<\/a><\/li>\n<li class=\"ws_tweet\">RT <a href=\"https:\/\/twitter.com\/pmigoya\">@pmigoya<\/a>: Se les hace justo que mientras les dan $935 pesos a los residentes que les apuesto est\u00e1n mejor preparados que los Cubanos les\u2026 <a class=\"ws_tweet_time\" href=\"https:\/\/twitter.com\/webadedios\/statuses\/1248294418676740096\">-&gt;<\/a><\/li>\n<li class=\"ws_tweet\">RT <a href=\"https:\/\/twitter.com\/beltrandelrio\">@beltrandelrio<\/a>: Alemania est\u00e1 aplicando 300 mil pruebas por semana. Por eso los alemanes saben que tienen 113 mil casos de Covid-19 y no\u2026 <a class=\"ws_tweet_time\" href=\"https:\/\/twitter.com\/webadedios\/statuses\/1248294345762996224\">-&gt;<\/a><\/li>\n<li class=\"ws_tweet\">RT <a href=\"https:\/\/twitter.com\/monerorictus\">@monerorictus<\/a>: &quot;Apoyo&quot; Cart\u00f3n publicado en <a href=\"https:\/\/twitter.com\/ElFinanciero_Mx\">@ElFinanciero_Mx<\/a> <a href=\"https:\/\/t.co\/fcfE8eyhA2\" rel=\"nofollow\">https:\/\/t.co\/fcfE8eyhA2<\/a> <a class=\"ws_tweet_time\" href=\"https:\/\/twitter.com\/webadedios\/statuses\/1248294294634369025\">-&gt;<\/a><\/li>\n<li class=\"ws_tweet\">RT <a href=\"https:\/\/twitter.com\/FelipeCalderon\">@FelipeCalderon<\/a>: Coronavirus: M\u00e9dicos del Siglo XXI tienen malas condiciones \u2013 Noticieros Televisa <a href=\"https:\/\/t.co\/IQXN5np7LS\" rel=\"nofollow\">https:\/\/t.co\/IQXN5np7LS<\/a> <a class=\"ws_tweet_time\" href=\"https:\/\/twitter.com\/webadedios\/statuses\/1248294260056543232\">-&gt;<\/a><\/li>\n<\/ul>\n<!--CusAds0-->\n<div style=\"font-size: 0px; height: 0px; line-height: 0px; margin: 0; padding: 0; clear: both;\"><\/div>","protected":false},"excerpt":{"rendered":"<p>Mis twitts del 2020-04-08 al 2020-04-14<\/p>\n","protected":false},"author":1,"featured_media":0,"comment_status":"open","ping_status":"open","sticky":false,"template":"","format":"standard","meta":{"footnotes":""},"categories":[2],"tags":[1878,966,1876,1877,1720,60],"class_list":["post-8569","post","type-post","status-publish","format-standard","hentry","category-actividades","tag-digo","tag-red","tag-social","tag-tuits","tag-tweets","tag-twitter"],"_links":{"self":[{"href":"https:\/\/webadedios.com\/blog\/wp-json\/wp\/v2\/posts\/8569","targetHints":{"allow":["GET"]}}],"collection":[{"href":"https:\/\/webadedios.com\/blog\/wp-json\/wp\/v2\/posts"}],"about":[{"href":"https:\/\/webadedios.com\/blog\/wp-json\/wp\/v2\/types\/post"}],"author":[{"embeddable":true,"href":"https:\/\/webadedios.com\/blog\/wp-json\/wp\/v2\/users\/1"}],"replies":[{"embeddable":true,"href":"https:\/\/webadedios.com\/blog\/wp-json\/wp\/v2\/comments?post=8569"}],"version-history":[{"count":0,"href":"https:\/\/webadedios.com\/blog\/wp-json\/wp\/v2\/posts\/8569\/revisions"}],"wp:attachment":[{"href":"https:\/\/webadedios.com\/blog\/wp-json\/wp\/v2\/media?parent=8569"}],"wp:term":[{"taxonomy":"category","embeddable":true,"href":"https:\/\/webadedios.com\/blog\/wp-json\/wp\/v2\/categories?post=8569"},{"taxonomy":"post_tag","embeddable":true,"href":"https:\/\/webadedios.com\/blog\/wp-json\/wp\/v2\/tags?post=8569"}],"curies":[{"name":"wp","href":"https:\/\/api.w.org\/{rel}","templated":true}]}}