{"id":8568,"date":"2020-04-08T05:40:00","date_gmt":"2020-04-08T10:40:00","guid":{"rendered":"http:\/\/webadedios.com\/blog\/?p=8568"},"modified":"2020-04-08T05:40:00","modified_gmt":"2020-04-08T10:40:00","slug":"mis-twitts-del-2020-04-01-al-2020-04-07","status":"publish","type":"post","link":"https:\/\/webadedios.com\/blog\/2020\/actividades\/mis-twitts-del-2020-04-01-al-2020-04-07\/","title":{"rendered":"Mis twitts del 2020-04-01 al 2020-04-07"},"content":{"rendered":"<ul class=\"ws_tweet_list\">\n<li class=\"ws_tweet\">RT <a href=\"https:\/\/twitter.com\/DraDoraEliaLM\">@DraDoraEliaLM<\/a>: Nos ayudas a viralizarlo? Sindicato y administradores QUE NO TRATAN PACIENTES usando el material que se niega a m\u00e9dicos\u2026 <a class=\"ws_tweet_time\" href=\"https:\/\/twitter.com\/webadedios\/statuses\/1247696649926766593\">-&gt;<\/a><\/li>\n<li class=\"ws_tweet\">RT <a href=\"https:\/\/twitter.com\/Potropegaso21\">@Potropegaso21<\/a>: S\u00e9 consciente de la diferencia entre an\u00e1lisis constructivo y cr\u00edtica destructiva. Observa si el prop\u00f3sito de tus palabra\u2026 <a class=\"ws_tweet_time\" href=\"https:\/\/twitter.com\/webadedios\/statuses\/1247662906755272704\">-&gt;<\/a><\/li>\n<li class=\"ws_tweet\">RT <a href=\"https:\/\/twitter.com\/FelipeCalderon\">@FelipeCalderon<\/a>: Encontr\u00e9 una fuente m\u00e1s cre\u00edble que el twitter, citando una autoridad m\u00e1s alta que la del Papa:<br \/>\nMateo 7:15-16<\/p>\n<p>15 Guar\u2026 <a class=\"ws_tweet_time\" href=\"https:\/\/twitter.com\/webadedios\/statuses\/1247662494639767552\">-&gt;<\/a><\/li>\n<li class=\"ws_tweet\">RT <a href=\"https:\/\/twitter.com\/cebichincondesa\">@cebichincondesa<\/a>: En M\u00e9xico tenemos una pandemia&#8230;de <a href=\"https:\/\/twitter.com\/search?q=%23Neumon&amp;src=hash\">#Neumon<\/a>\u00edaAt\u00edpica. <a href=\"https:\/\/t.co\/3Pl5L8JOT0\" rel=\"nofollow\">https:\/\/t.co\/3Pl5L8JOT0<\/a> <a class=\"ws_tweet_time\" href=\"https:\/\/twitter.com\/webadedios\/statuses\/1247405915856236544\">-&gt;<\/a><\/li>\n<li class=\"ws_tweet\">RT <a href=\"https:\/\/twitter.com\/me_duele_mexico\">@me_duele_mexico<\/a>: Muchos Votaron por AMLO cansados por las mentiras, hoy que vemos las mentiras de clasificar casos de <a href=\"https:\/\/twitter.com\/search?q=%23COVID19mx&amp;src=hash\">#COVID19mx<\/a> por <a href=\"https:\/\/twitter.com\/search?q=%23N&amp;src=hash\">#N<\/a>\u2026 <a class=\"ws_tweet_time\" href=\"https:\/\/twitter.com\/webadedios\/statuses\/1247405855374372864\">-&gt;<\/a><\/li>\n<li class=\"ws_tweet\">RT <a href=\"https:\/\/twitter.com\/Donvix\">@Donvix<\/a>: A toda la gente pensante: le invito a revisar CADA MALDITO ACTO del pseudogobierno de L\u00f3pez, desde la cancelaci\u00f3n del <a href=\"https:\/\/twitter.com\/search?q=%23naicm&amp;src=hash\">#naicm<\/a> ha\u2026 <a class=\"ws_tweet_time\" href=\"https:\/\/twitter.com\/webadedios\/statuses\/1247405718803644418\">-&gt;<\/a><\/li>\n<li class=\"ws_tweet\">RT <a href=\"https:\/\/twitter.com\/johnwickmx\">@johnwickmx<\/a>: &#8211; No pongan Cloro al vinagre, van a producir un gas t\u00f3xico<br \/>\n&#8211; No pongan Cloro y Alcohol juntos, van a producir una sustancia\u2026 <a class=\"ws_tweet_time\" href=\"https:\/\/twitter.com\/webadedios\/statuses\/1247405662134398977\">-&gt;<\/a><\/li>\n<li class=\"ws_tweet\">RT <a href=\"https:\/\/twitter.com\/007Lola_Mento\">@007Lola_Mento<\/a>: Rubros que han crecido durante la gesti\u00f3n de L\u00f3pez\n<p>\ud83d\udd39\ufe0flos casos de coronavirus<br \/>\n\ud83d\udd39\ufe0f perdidas en PEMEX<br \/>\n\ud83d\udd39\ufe0f precio del d\u00f3la\u2026 <a class=\"ws_tweet_time\" href=\"https:\/\/twitter.com\/webadedios\/statuses\/1247405560552509440\">-&gt;<\/a><\/li>\n<li class=\"ws_tweet\">RT <a href=\"https:\/\/twitter.com\/FelipeCalderon\">@FelipeCalderon<\/a>: Se\u00f1or <a href=\"https:\/\/twitter.com\/LopezGatell\">@LopezGatell<\/a> , aqu\u00ed hay una evidencia m\u00e1s de una de las periodistas m\u00e1s respetables del pa\u00eds. <a href=\"https:\/\/t.co\/n3ei3Z\u2026\" rel=\"nofollow\">https:\/\/t.co\/n3ei3Z\u2026<\/a> <a class=\"ws_tweet_time\" href=\"https:\/\/twitter.com\/webadedios\/statuses\/1247405521704857600\">-&gt;<\/a><\/li>\n<li class=\"ws_tweet\">RT <a href=\"https:\/\/twitter.com\/JoseAntonioLo06\">@JoseAntonioLo06<\/a>: &quot;El coronavirus no va a impedir que estreche las manos a la gente&quot;, dec\u00eda Boris Johnson, Primer Ministro de Reino Unid\u2026 <a class=\"ws_tweet_time\" href=\"https:\/\/twitter.com\/webadedios\/statuses\/1247405310517456896\">-&gt;<\/a><\/li>\n<li class=\"ws_tweet\">RT <a href=\"https:\/\/twitter.com\/estarc62\">@estarc62<\/a>: Con gusto y alegr\u00eda acabo de recibir gracias a Dios el alta definitiva por contagio de covid19 despu\u00e9s de un tercer examen qu\u2026 <a class=\"ws_tweet_time\" href=\"https:\/\/twitter.com\/webadedios\/statuses\/1247405218641457152\">-&gt;<\/a><\/li>\n<li class=\"ws_tweet\">fuerzas represivas (AMLO) vs autorregulaci\u00f3n natural (neoliberalismo) <a class=\"ws_tweet_time\" href=\"https:\/\/twitter.com\/webadedios\/statuses\/1247405048734212098\">-&gt;<\/a><\/li>\n<li class=\"ws_tweet\">RT <a href=\"https:\/\/twitter.com\/erickpinamora\">@erickpinamora<\/a>: S\u00ed se puede vencer al <a href=\"https:\/\/twitter.com\/search?q=%23coronavirus&amp;src=hash\">#coronavirus<\/a> <a href=\"https:\/\/twitter.com\/yosoy8a\">@yosoy8a<\/a> Apoyanos en el <a href=\"https:\/\/twitter.com\/search?q=%23quedatencasa&amp;src=hash\">#quedatencasa<\/a> comparte este video\n<p> <a href=\"https:\/\/t.co\/nPJM2XoGvR\" rel=\"nofollow\">https:\/\/t.co\/nPJM2XoGvR<\/a> <a class=\"ws_tweet_time\" href=\"https:\/\/twitter.com\/webadedios\/statuses\/1247208681780854784\">-&gt;<\/a><\/li>\n<li class=\"ws_tweet\">RT <a href=\"https:\/\/twitter.com\/El_Universal_Mx\">@El_Universal_Mx<\/a>: Con muchas flores y globos, as\u00ed quiere despedir Adriana a su hijo, Jos\u00e9 Eduardo; la taxista se recuper\u00f3 del Coronaviru\u2026 <a class=\"ws_tweet_time\" href=\"https:\/\/twitter.com\/webadedios\/statuses\/1247208579465011200\">-&gt;<\/a><\/li>\n<li class=\"ws_tweet\">RT <a href=\"https:\/\/twitter.com\/RubenRuben2020\">@RubenRuben2020<\/a>: LA 4T <a href=\"https:\/\/twitter.com\/search?q=%23Decepcionante&amp;src=hash\">#Decepcionante<\/a><br \/>\n*Un presidente que es un fiasco<br \/>\n*Un cambio que es un retroceso<br \/>\n*Una transformaci\u00f3n que da pavor<br \/>\n*\u2026 <a class=\"ws_tweet_time\" href=\"https:\/\/twitter.com\/webadedios\/statuses\/1247208457897304064\">-&gt;<\/a><\/li>\n<li class=\"ws_tweet\">El peor momento en las peores manos.\n<p><a href=\"https:\/\/t.co\/peebxVkWeV\" rel=\"nofollow\">https:\/\/t.co\/peebxVkWeV<\/a> <a class=\"ws_tweet_time\" href=\"https:\/\/twitter.com\/webadedios\/statuses\/1247208249012576259\">-&gt;<\/a><\/li>\n<li class=\"ws_tweet\">\ud83d\ude41 y la historia empeora\n<p><a href=\"https:\/\/t.co\/QyPHgWJCcC\" rel=\"nofollow\">https:\/\/t.co\/QyPHgWJCcC<\/a> <a class=\"ws_tweet_time\" href=\"https:\/\/twitter.com\/webadedios\/statuses\/1247207700401807365\">-&gt;<\/a><\/li>\n<li class=\"ws_tweet\">Mientras tu piesas en que no toquen a tu mesias\n<p><a href=\"https:\/\/t.co\/I4FTAah1pE\" rel=\"nofollow\">https:\/\/t.co\/I4FTAah1pE<\/a> <a class=\"ws_tweet_time\" href=\"https:\/\/twitter.com\/webadedios\/statuses\/1247207521921585152\">-&gt;<\/a><\/li>\n<li class=\"ws_tweet\">Recordando a Isaac Asimov&#8230;\n<p>&quot;Cualquier tonto puede decir que hay una crisis cuando llega. El verdadero servicio a\u2026 <a href=\"https:\/\/t.co\/vrxWEJQ8tQ\" rel=\"nofollow\">https:\/\/t.co\/vrxWEJQ8tQ<\/a> <a class=\"ws_tweet_time\" href=\"https:\/\/twitter.com\/webadedios\/statuses\/1247201030766358529\">-&gt;<\/a><\/li>\n<li class=\"ws_tweet\">RT <a href=\"https:\/\/twitter.com\/SimonLevyMx\">@SimonLevyMx<\/a>: Con tristeza y sin exagerar la econom\u00eda mexicana entrar\u00e1 en una fase en extremo cr\u00edtica: la depresi\u00f3n m\u00e1s grande en 100 a\u00f1\u2026 <a class=\"ws_tweet_time\" href=\"https:\/\/twitter.com\/webadedios\/statuses\/1247200593761857537\">-&gt;<\/a><\/li>\n<li class=\"ws_tweet\">RT <a href=\"https:\/\/twitter.com\/Hechizero_38\">@Hechizero_38<\/a>: Pinches pol\u00edticos&#8230;&#8230;\ud83e\udd22 <a href=\"https:\/\/t.co\/VXgC8Vt2XD\" rel=\"nofollow\">https:\/\/t.co\/VXgC8Vt2XD<\/a> <a class=\"ws_tweet_time\" href=\"https:\/\/twitter.com\/webadedios\/statuses\/1247200208070443008\">-&gt;<\/a><\/li>\n<li class=\"ws_tweet\">RT <a href=\"https:\/\/twitter.com\/Viri_Rios\">@Viri_Rios<\/a>: \u00bfA qu\u00e9 hora termina AMLO de dar su informe y empieza a hablar de su plan econ\u00f3mico de emergencia? <a class=\"ws_tweet_time\" href=\"https:\/\/twitter.com\/webadedios\/statuses\/1247200162277023755\">-&gt;<\/a><\/li>\n<li class=\"ws_tweet\">Muri\u00f3 por COVID-19 a los 82 a\u00f1os Dolores Sala, la madre de Pep Guardiola , descanse en paz y fortaleza Pep <a class=\"ws_tweet_time\" href=\"https:\/\/twitter.com\/webadedios\/statuses\/1247200016638205955\">-&gt;<\/a><\/li>\n<li class=\"ws_tweet\">RT <a href=\"https:\/\/twitter.com\/Rojiblanca25MA\">@Rojiblanca25MA<\/a>: Imaginen una sola vez que Ang\u00e9lica Rivera le respondiera algo parecido a un chairo que insult\u00f3 a sus hijas&#8230;<br \/>\nHasta en\u2026 <a class=\"ws_tweet_time\" href=\"https:\/\/twitter.com\/webadedios\/statuses\/1247052617189953537\">-&gt;<\/a><\/li>\n<li class=\"ws_tweet\">RT <a href=\"https:\/\/twitter.com\/Loba_deFuego\">@Loba_deFuego<\/a>: Angelica Rivera ten\u00eda sus defectos y errores como todos, sin embargo, como primera dama, se mantuvo a la altura de las ci\u2026 <a class=\"ws_tweet_time\" href=\"https:\/\/twitter.com\/webadedios\/statuses\/1247052518384758784\">-&gt;<\/a><\/li>\n<li class=\"ws_tweet\">Loret hoy de aplauso\n<p><a href=\"https:\/\/t.co\/6SV3P7cLB9\" rel=\"nofollow\">https:\/\/t.co\/6SV3P7cLB9<\/a> <a class=\"ws_tweet_time\" href=\"https:\/\/twitter.com\/webadedios\/statuses\/1247051397171830785\">-&gt;<\/a><\/li>\n<li class=\"ws_tweet\">Lo peor es que este gobierno rebas\u00f3 nuestro pesimismo de hace dos a\u00f1os y por mucho. <a class=\"ws_tweet_time\" href=\"https:\/\/twitter.com\/webadedios\/statuses\/1247050671808860161\">-&gt;<\/a><\/li>\n<li class=\"ws_tweet\">de verdad era obvio, solo era cuesti\u00f3n de revisar la historia de AMLO y sus allegados\n<p>estamos mal, y vamos para peor <a class=\"ws_tweet_time\" href=\"https:\/\/twitter.com\/webadedios\/statuses\/1247050167758360576\">-&gt;<\/a><\/li>\n<li class=\"ws_tweet\">RT <a href=\"https:\/\/twitter.com\/RubnDaroPrezCa1\">@RubnDaroPrezCa1<\/a>: pobre se\u00f1or!!! Lo mismo que su mujer,la quincena tr\u00e1gica y mamado Nervo <a href=\"https:\/\/t.co\/KCYjJO2f9o\" rel=\"nofollow\">https:\/\/t.co\/KCYjJO2f9o<\/a> <a class=\"ws_tweet_time\" href=\"https:\/\/twitter.com\/webadedios\/statuses\/1247049913667424256\">-&gt;<\/a><\/li>\n<li class=\"ws_tweet\">No s\u00e9 s\u00ed quien maneja la cuenta de <a href=\"https:\/\/twitter.com\/FGRMexico\">@FGRMexico<\/a><br \/>\n represente el pensamiento de la Fiscal\u00eda General de Rep\u00fablica&#8230; per\u2026 <a href=\"https:\/\/t.co\/AbAkBuG0V0\" rel=\"nofollow\">https:\/\/t.co\/AbAkBuG0V0<\/a> <a class=\"ws_tweet_time\" href=\"https:\/\/twitter.com\/webadedios\/statuses\/1247049812114960384\">-&gt;<\/a><\/li>\n<li class=\"ws_tweet\">RT <a href=\"https:\/\/twitter.com\/Antoniosaiyajin\">@Antoniosaiyajin<\/a>: El sexenio pasado nos indign\u00f3 el tristemente c\u00e9lebre &quot;Ya me cans\u00e9&quot; de Murillo Karam. Hoy nos indigna que a trav\u00e9s de l\u2026 <a class=\"ws_tweet_time\" href=\"https:\/\/twitter.com\/webadedios\/statuses\/1247049533575458817\">-&gt;<\/a><\/li>\n<li class=\"ws_tweet\">Esta bien pedir no burlarse de los arrepentidos, no est\u00e1 bien decir que no pod\u00eda saberse.\n<p>Las celebridades que vot\u2026 <a href=\"https:\/\/t.co\/CQAyJMtunO\" rel=\"nofollow\">https:\/\/t.co\/CQAyJMtunO<\/a> <a class=\"ws_tweet_time\" href=\"https:\/\/twitter.com\/webadedios\/statuses\/1247048059974045696\">-&gt;<\/a><\/li>\n<li class=\"ws_tweet\">La rapi\u00f1a e incapacidad de AMLO se le ve\u00eda desde el 2006, los que votaron por \u00e9l jugaron con castillos de aire y ro\u2026 <a href=\"https:\/\/t.co\/1YICrI9Sjx\" rel=\"nofollow\">https:\/\/t.co\/1YICrI9Sjx<\/a> <a class=\"ws_tweet_time\" href=\"https:\/\/twitter.com\/webadedios\/statuses\/1247047557219405824\">-&gt;<\/a><\/li>\n<li class=\"ws_tweet\">RT <a href=\"https:\/\/twitter.com\/MaxKaiser75\">@MaxKaiser75<\/a>: 4 \u201cestrategias\u201d pol\u00edticas:\n<p>1. No hacer pruebas, para tener pocos casos<br \/>\n2. No investigar corrupci\u00f3n, para que no haya corr\u2026 <a class=\"ws_tweet_time\" href=\"https:\/\/twitter.com\/webadedios\/statuses\/1247047016275832832\">-&gt;<\/a><\/li>\n<li class=\"ws_tweet\">&quot;Los gobiernos de todo el mundo, salvo el de M\u00e9xico, est\u00e1n priorizando ante la crisis, la protecci\u00f3n del ingreso de\u2026 <a href=\"https:\/\/t.co\/xBHrXnGzU8\" rel=\"nofollow\">https:\/\/t.co\/xBHrXnGzU8<\/a> <a class=\"ws_tweet_time\" href=\"https:\/\/twitter.com\/webadedios\/statuses\/1247046801225428995\">-&gt;<\/a><\/li>\n<li class=\"ws_tweet\">RT <a href=\"https:\/\/twitter.com\/Potropegaso21\">@Potropegaso21<\/a>: La mejor perspectiva siempre ser\u00e1 la de ver las cosas desde lo correcto, simple y con sentido com\u00fan.<br \/>\nNo hay colores, par\u2026 <a class=\"ws_tweet_time\" href=\"https:\/\/twitter.com\/webadedios\/statuses\/1246856666647121920\">-&gt;<\/a><\/li>\n<li class=\"ws_tweet\">La arrogancia del presidente de estados unidos esta matando a sus cuidadanos, en M\u00e9xico la ignorancia del president\u2026 <a href=\"https:\/\/t.co\/cGAYiQbZoJ\" rel=\"nofollow\">https:\/\/t.co\/cGAYiQbZoJ<\/a> <a class=\"ws_tweet_time\" href=\"https:\/\/twitter.com\/webadedios\/statuses\/1246856260856627200\">-&gt;<\/a><\/li>\n<li class=\"ws_tweet\">RT <a href=\"https:\/\/twitter.com\/allizesalgado\">@allizesalgado<\/a>: Se resisten a cumplir aislamiento por coronavirus en CDMX y Edomex <a href=\"https:\/\/t.co\/3TeIpdse7A\" rel=\"nofollow\">https:\/\/t.co\/3TeIpdse7A<\/a> v\u00eda <a href=\"https:\/\/twitter.com\/El_Universal_Mx\">@El_Universal_Mx<\/a> <a class=\"ws_tweet_time\" href=\"https:\/\/twitter.com\/webadedios\/statuses\/1246845499962847233\">-&gt;<\/a><\/li>\n<li class=\"ws_tweet\">RT <a href=\"https:\/\/twitter.com\/vivavoznoticias\">@vivavoznoticias<\/a>: Ciudadanos no le temen al Covid-19 y se niegan a la cuarentena por coronavirus en CDMX y Edomex<br \/>\n<a href=\"https:\/\/t.co\/m8oK0OBS\u2026\" rel=\"nofollow\">https:\/\/t.co\/m8oK0OBS\u2026<\/a> <a class=\"ws_tweet_time\" href=\"https:\/\/twitter.com\/webadedios\/statuses\/1246844721869156353\">-&gt;<\/a><\/li>\n<li class=\"ws_tweet\">RT <a href=\"https:\/\/twitter.com\/porkestendencia\">@porkestendencia<\/a>: \u201cNegligencia Sanitaria\u201d es tendencia por quienes evidencian la situaci\u00f3n de negligencia por parte de las autoridades e\u2026 <a class=\"ws_tweet_time\" href=\"https:\/\/twitter.com\/webadedios\/statuses\/1246835198328590343\">-&gt;<\/a><\/li>\n<li class=\"ws_tweet\">RT <a href=\"https:\/\/twitter.com\/ElFinanciero_Mx\">@ElFinanciero_Mx<\/a>: La empresa de tecnolog\u00eda m\u00e9dica, Medtronic, liber\u00f3 sus dise\u00f1os de un ventilador mec\u00e1nico para ayudar en la emergencia\u2026 <a class=\"ws_tweet_time\" href=\"https:\/\/twitter.com\/webadedios\/statuses\/1246835117999284225\">-&gt;<\/a><\/li>\n<li class=\"ws_tweet\">RT <a href=\"https:\/\/twitter.com\/llegale_turista\">@llegale_turista<\/a>: Lo mas importante para <a href=\"https:\/\/twitter.com\/search?q=%23ElCacas&amp;src=hash\">#ElCacas<\/a> son sus obras faraonicas de Dos Bocas, Santa Lucia y Tren Maya&#8230; Pero la gente&#8230; que\u2026 <a class=\"ws_tweet_time\" href=\"https:\/\/twitter.com\/webadedios\/statuses\/1246834525486764036\">-&gt;<\/a><\/li>\n<li class=\"ws_tweet\">\u00bfya avisaste  <a href=\"https:\/\/twitter.com\/lopezobrador_\">@lopezobrador_<\/a>  a la OMS del peligroso brote de &quot;Neumon\u00eda at\u00edpica&quot; que esta matando m\u00e1s gente en M\u00e9xi\u2026 <a href=\"https:\/\/t.co\/BSjKNv6gDZ\" rel=\"nofollow\">https:\/\/t.co\/BSjKNv6gDZ<\/a> <a class=\"ws_tweet_time\" href=\"https:\/\/twitter.com\/webadedios\/statuses\/1246833758721826818\">-&gt;<\/a><\/li>\n<li class=\"ws_tweet\">RT <a href=\"https:\/\/twitter.com\/LIRIO_AG\">@LIRIO_AG<\/a>: \ud83c\uddea\ud83c\uddf8 Aplausos a trabajadores m\u00e9dicos.<br \/>\n\ud83c\uddee\ud83c\uddf9 Aplausos a trabajadores m\u00e9dicos.<br \/>\n\ud83c\uddfa\ud83c\uddf8 Aplausos a trabajadores m\u00e9dicos.<br \/>\n\ud83c\uddf9\ud83c\uddf7 Aplausos a tra\u2026 <a class=\"ws_tweet_time\" href=\"https:\/\/twitter.com\/webadedios\/statuses\/1246812500147851264\">-&gt;<\/a><\/li>\n<li class=\"ws_tweet\">toda las aerolineas mexicanas en problemas econ\u00f3micos, a ver si no quiebran con esta pandemia <a class=\"ws_tweet_time\" href=\"https:\/\/twitter.com\/webadedios\/statuses\/1246812236003213319\">-&gt;<\/a><\/li>\n<li class=\"ws_tweet\">Arrendadores han embargado al menos 27 aviones de la mexicana Interjet <a class=\"ws_tweet_time\" href=\"https:\/\/twitter.com\/webadedios\/statuses\/1246811687061032960\">-&gt;<\/a><\/li>\n<li class=\"ws_tweet\">RT <a href=\"https:\/\/twitter.com\/porkestendencia\">@porkestendencia<\/a>: \u201cAy Marcelo\u201d es tendencia porque ayer hablaban en Francia del Kit que recibi\u00f3 <a href=\"https:\/\/twitter.com\/Dana_Corres\">@Dana_Corres<\/a>. Entonces <a href=\"https:\/\/twitter.com\/m_ebrard\">@m_ebrard<\/a> puso un\u2026 <a class=\"ws_tweet_time\" href=\"https:\/\/twitter.com\/webadedios\/statuses\/1246800466148655104\">-&gt;<\/a><\/li>\n<li class=\"ws_tweet\">RT <a href=\"https:\/\/twitter.com\/alf_avila_\">@alf_avila_<\/a>: Estados Unidos proh\u00edbe a 3M exportar sus cubrebocas. Turqu\u00eda retiene un cargamento de respiradores que ya hab\u00eda comprado Es\u2026 <a class=\"ws_tweet_time\" href=\"https:\/\/twitter.com\/webadedios\/statuses\/1246798945864445952\">-&gt;<\/a><\/li>\n<li class=\"ws_tweet\">RT <a href=\"https:\/\/twitter.com\/FelipeCalderon\">@FelipeCalderon<\/a>: M\u00e9xico se fortaleci\u00f3 como potencia exportadora. 62% de manufacturas de AmLat eran mexicanas. Pasamos de ser el 9o al 4o\u2026 <a class=\"ws_tweet_time\" href=\"https:\/\/twitter.com\/webadedios\/statuses\/1246798570092498946\">-&gt;<\/a><\/li>\n<li class=\"ws_tweet\">RT <a href=\"https:\/\/twitter.com\/FelipeCalderon\">@FelipeCalderon<\/a>: En efecto,  se enfrent\u00f3 con \u00e9xito la mayor crisis financiera de la historia moderna, que combinada con la pandemia AH1N\u2026 <a class=\"ws_tweet_time\" href=\"https:\/\/twitter.com\/webadedios\/statuses\/1246798509468090368\">-&gt;<\/a><\/li>\n<li class=\"ws_tweet\">RT <a href=\"https:\/\/twitter.com\/FelipeCalderon\">@FelipeCalderon<\/a>: 2006-2012: 23000 kms de carreteras nuevas o modernizadas (la mayor obra  carretera que se tenga registro). Se construye\u2026 <a class=\"ws_tweet_time\" href=\"https:\/\/twitter.com\/webadedios\/statuses\/1246798499716317185\">-&gt;<\/a><\/li>\n<li class=\"ws_tweet\">RT <a href=\"https:\/\/twitter.com\/martinolimx\">@martinolimx<\/a>: Frases futboleras en cualquier cancha. \u201cH\u00e1cesela\u201d, \u201cS\u00e1lele\u201d, \u201cMe dejan solo\u201d, \u201cBajen\u201d, \u201cCentro a la olla\u201d, \u201cHazte famoso\u201d,\u2026 <a class=\"ws_tweet_time\" href=\"https:\/\/twitter.com\/webadedios\/statuses\/1246798087852417024\">-&gt;<\/a><\/li>\n<li class=\"ws_tweet\">RT <a href=\"https:\/\/twitter.com\/GianMeda\">@GianMeda<\/a>: Morena propone eliminar Afores y que ahorro sea manejado por el Estado; Hacienda lo rechaza.<br \/>\nEsto lo propone la administraci\u00f3\u2026 <a class=\"ws_tweet_time\" href=\"https:\/\/twitter.com\/webadedios\/statuses\/1246798022622580736\">-&gt;<\/a><\/li>\n<li class=\"ws_tweet\">[RIP] Qu\u00e9 terriblemente absurdo es estar vivo.\n<p>Luis Eduardo Aute, QEPD. <a class=\"ws_tweet_time\" href=\"https:\/\/twitter.com\/webadedios\/statuses\/1246520958724141056\">-&gt;<\/a><\/li>\n<li class=\"ws_tweet\">RT <a href=\"https:\/\/twitter.com\/McSally14\">@McSally14<\/a>: No le importa quien se infecte y quien muera<br \/>\nNo le importa cu\u00e1ntas empresas quiebren y cuanto desempleo se produzca<br \/>\nLo \u00fanic\u2026 <a class=\"ws_tweet_time\" href=\"https:\/\/twitter.com\/webadedios\/statuses\/1246513810262745094\">-&gt;<\/a><\/li>\n<li class=\"ws_tweet\">RT <a href=\"https:\/\/twitter.com\/WRADIOMexico\">@WRADIOMexico<\/a>: Fallece Luis Eduardo Aute, patrimonio de la canci\u00f3n espa\u00f1ola, a los 76 a\u00f1os. Te presentamos algunas de sus canciones\n<p>ht\u2026 <a class=\"ws_tweet_time\" href=\"https:\/\/twitter.com\/webadedios\/statuses\/1246513691937259521\">-&gt;<\/a><\/li>\n<\/ul>\n<!--CusAds0-->\n<div style=\"font-size: 0px; height: 0px; line-height: 0px; margin: 0; padding: 0; clear: both;\"><\/div>","protected":false},"excerpt":{"rendered":"<p>Mis twitts del 2020-04-01 al 2020-04-07<\/p>\n","protected":false},"author":1,"featured_media":0,"comment_status":"open","ping_status":"open","sticky":false,"template":"","format":"standard","meta":{"footnotes":""},"categories":[2],"tags":[1878,966,1876,1877,1720,60],"class_list":["post-8568","post","type-post","status-publish","format-standard","hentry","category-actividades","tag-digo","tag-red","tag-social","tag-tuits","tag-tweets","tag-twitter"],"_links":{"self":[{"href":"https:\/\/webadedios.com\/blog\/wp-json\/wp\/v2\/posts\/8568","targetHints":{"allow":["GET"]}}],"collection":[{"href":"https:\/\/webadedios.com\/blog\/wp-json\/wp\/v2\/posts"}],"about":[{"href":"https:\/\/webadedios.com\/blog\/wp-json\/wp\/v2\/types\/post"}],"author":[{"embeddable":true,"href":"https:\/\/webadedios.com\/blog\/wp-json\/wp\/v2\/users\/1"}],"replies":[{"embeddable":true,"href":"https:\/\/webadedios.com\/blog\/wp-json\/wp\/v2\/comments?post=8568"}],"version-history":[{"count":0,"href":"https:\/\/webadedios.com\/blog\/wp-json\/wp\/v2\/posts\/8568\/revisions"}],"wp:attachment":[{"href":"https:\/\/webadedios.com\/blog\/wp-json\/wp\/v2\/media?parent=8568"}],"wp:term":[{"taxonomy":"category","embeddable":true,"href":"https:\/\/webadedios.com\/blog\/wp-json\/wp\/v2\/categories?post=8568"},{"taxonomy":"post_tag","embeddable":true,"href":"https:\/\/webadedios.com\/blog\/wp-json\/wp\/v2\/tags?post=8568"}],"curies":[{"name":"wp","href":"https:\/\/api.w.org\/{rel}","templated":true}]}}