{"id":8526,"date":"2019-12-11T05:40:00","date_gmt":"2019-12-11T11:40:00","guid":{"rendered":"http:\/\/webadedios.com\/blog\/?p=8526"},"modified":"2019-12-11T05:40:00","modified_gmt":"2019-12-11T11:40:00","slug":"mis-twitts-del-2019-12-04-al-2019-12-10","status":"publish","type":"post","link":"https:\/\/webadedios.com\/blog\/2019\/actividades\/mis-twitts-del-2019-12-04-al-2019-12-10\/","title":{"rendered":"Mis twitts del 2019-12-04 al 2019-12-10"},"content":{"rendered":"<ul class=\"ws_tweet_list\">\n<li class=\"ws_tweet\">Omar Bravo tendr\u00e1 un merecido retiro en Chivas, por eso jug\u00f3 en la Ude G para no perder ritmo ni salir de la ciudad <a class=\"ws_tweet_time\" href=\"https:\/\/twitter.com\/webadedios\/statuses\/1204574284837982208\">-&gt;<\/a><\/li>\n<li class=\"ws_tweet\">Muri\u00f3 Marie Fredriksson, la vocalista de Roxette. Cu\u00e1ntos recuerdos. No s\u00e9 si es amor, pero lo parece&#8230; <a class=\"ws_tweet_time\" href=\"https:\/\/twitter.com\/webadedios\/statuses\/1204573834847891456\">-&gt;<\/a><\/li>\n<li class=\"ws_tweet\">[RIP] Muere Marie Fredriksson, cantante de Roxette <a class=\"ws_tweet_time\" href=\"https:\/\/twitter.com\/webadedios\/statuses\/1204573381032583169\">-&gt;<\/a><\/li>\n<li class=\"ws_tweet\"><a href=\"https:\/\/twitter.com\/search?q=%23PuntoParaLosMexicanos&amp;src=hash\">#PuntoParaLosMexicanos<\/a> que si la vida nos da limones vamos por tequila \ud83e\udd70 <a class=\"ws_tweet_time\" href=\"https:\/\/twitter.com\/webadedios\/statuses\/1204513938278404097\">-&gt;<\/a><\/li>\n<li class=\"ws_tweet\">RT <a href=\"https:\/\/twitter.com\/DonPorfifirio\">@DonPorfifirio<\/a>: Mensaje del General,\n<p>Es muy f\u00e1cil cerrar tratos entre 3 pa\u00edses cuando dices que si a todo lo que los otros te piden.<\/p>\n<p>F\u2026 <a class=\"ws_tweet_time\" href=\"https:\/\/twitter.com\/webadedios\/statuses\/1204512850619830272\">-&gt;<\/a><\/li>\n<li class=\"ws_tweet\">RT <a href=\"https:\/\/twitter.com\/FelipeCalderon\">@FelipeCalderon<\/a>: El robo en la librer\u00eda de Buenos Aires contribuye a la estigmatizaci\u00f3n que los mexicanos sufrimos por parte de una buen\u2026 <a class=\"ws_tweet_time\" href=\"https:\/\/twitter.com\/webadedios\/statuses\/1204278511957151744\">-&gt;<\/a><\/li>\n<li class=\"ws_tweet\">el \u00daNICO pa\u00eds del mundo, donde el Presidente disculpa a su Cuerpo Diplom\u00e1tico por cometer robos <a class=\"ws_tweet_time\" href=\"https:\/\/twitter.com\/webadedios\/statuses\/1204277231348002817\">-&gt;<\/a><\/li>\n<li class=\"ws_tweet\">RT <a href=\"https:\/\/twitter.com\/CarlosTorresF_\">@CarlosTorresF_<\/a>: Amigos de Argentina \ud83c\udde6\ud83c\uddf7, desde M\u00e9xico \ud83c\uddf2\ud83c\uddfd les informamos que no todos en este pa\u00eds son como el <a href=\"https:\/\/twitter.com\/search?q=%23EmbajadorRatero&amp;src=hash\">#EmbajadorRatero<\/a> o su jefe\u2026 <a class=\"ws_tweet_time\" href=\"https:\/\/twitter.com\/webadedios\/statuses\/1204276459822624768\">-&gt;<\/a><\/li>\n<li class=\"ws_tweet\">Dice L\u00f3pez que si el presidente es honesto, los funcionarios son honestos, y si el presidente es corrupto, los func\u2026 <a href=\"https:\/\/t.co\/wNkP0GxWtS\" rel=\"nofollow\">https:\/\/t.co\/wNkP0GxWtS<\/a> <a class=\"ws_tweet_time\" href=\"https:\/\/twitter.com\/webadedios\/statuses\/1204275981462245376\">-&gt;<\/a><\/li>\n<li class=\"ws_tweet\">RT <a href=\"https:\/\/twitter.com\/eltodastuyas\">@eltodastuyas<\/a>: Por que tanto esc\u00e1ndalo por el <a href=\"https:\/\/twitter.com\/search?q=%23EmbajadorRatero&amp;src=hash\">#EmbajadorRatero<\/a> ? Si todos robamos \u00bfo no?\n<p>Rene Bejarano &#8211; Se <a href=\"https:\/\/twitter.com\/search?q=%23Robo&amp;src=hash\">#Robo<\/a> lo de las ligas<\/p>\n<p>Elba\u2026 <a class=\"ws_tweet_time\" href=\"https:\/\/twitter.com\/webadedios\/statuses\/1204275256031989761\">-&gt;<\/a><\/li>\n<li class=\"ws_tweet\">RT <a href=\"https:\/\/twitter.com\/Carlos_MVC\">@Carlos_MVC<\/a>: V\u00edstete para el trabajo que quieres, no para el trabajo que tienes.  <a href=\"https:\/\/twitter.com\/search?q=%23Ghostbusters&amp;src=hash\">#Ghostbusters<\/a> <a href=\"https:\/\/t.co\/CLzo2iab8C\" rel=\"nofollow\">https:\/\/t.co\/CLzo2iab8C<\/a> <a class=\"ws_tweet_time\" href=\"https:\/\/twitter.com\/webadedios\/statuses\/1204152007814049793\">-&gt;<\/a><\/li>\n<li class=\"ws_tweet\">Juntos por la 14!<br \/>\n<a href=\"https:\/\/twitter.com\/search?q=%23ClubAmerica&amp;src=hash\">#ClubAmerica<\/a><br \/>\n<a href=\"https:\/\/twitter.com\/search?q=%23VamosAmerica&amp;src=hash\">#VamosAmerica<\/a> <a class=\"ws_tweet_time\" href=\"https:\/\/twitter.com\/webadedios\/statuses\/1204150669155823617\">-&gt;<\/a><\/li>\n<li class=\"ws_tweet\">RT <a href=\"https:\/\/twitter.com\/atrofiadora\">@atrofiadora<\/a>: Elva Esther Gordillo no regres\u00f3 con partido nuevo. L\u00f3pez y ella siempre compartieron los mismos ideales, por lo que ni siq\u2026 <a class=\"ws_tweet_time\" href=\"https:\/\/twitter.com\/webadedios\/statuses\/1204149724225265664\">-&gt;<\/a><\/li>\n<li class=\"ws_tweet\">Qu\u00e9 si no hay tratamiento de hemofilia que es por cosa administrativa&#8230; Excusas para una escasez que mata <a class=\"ws_tweet_time\" href=\"https:\/\/twitter.com\/webadedios\/statuses\/1204149448692994048\">-&gt;<\/a><\/li>\n<li class=\"ws_tweet\">RT <a href=\"https:\/\/twitter.com\/vramirezel14\">@vramirezel14<\/a>: <a href=\"https:\/\/twitter.com\/Claudiashein\">@Claudiashein<\/a> O lo dice por:<br \/>\n-Narcodictador Evo su hu\u00e9sped<br \/>\n-Bartlett<br \/>\n-Napito<br \/>\n-Elba Esther<br \/>\n-Ebrard y la l\u00ednea 12<br \/>\n-Nestora\u2026 <a class=\"ws_tweet_time\" href=\"https:\/\/twitter.com\/webadedios\/statuses\/1204078913535848448\">-&gt;<\/a><\/li>\n<li class=\"ws_tweet\">RT <a href=\"https:\/\/twitter.com\/roblich\">@roblich<\/a>: Y pensar que Elba Esther Gordillo estaba muy enferma y a punto de morir. \u00bfQui\u00e9n pensar\u00eda que la 4T le regresar\u00eda la vitalidad\u2026 <a class=\"ws_tweet_time\" href=\"https:\/\/twitter.com\/webadedios\/statuses\/1204078484697550848\">-&gt;<\/a><\/li>\n<li class=\"ws_tweet\">El nuevo partido de Elba Esther cuenta con el apoyo y cobijo de AMLO. <a class=\"ws_tweet_time\" href=\"https:\/\/twitter.com\/webadedios\/statuses\/1204078251750166528\">-&gt;<\/a><\/li>\n<li class=\"ws_tweet\">El Partido Nueva Alianza fundado por Elba Esther Gordillo perdi\u00f3 su registro en 2018. Pero ya est\u00e1 list\u00edsima con un\u2026 <a href=\"https:\/\/t.co\/oGDWEaneVZ\" rel=\"nofollow\">https:\/\/t.co\/oGDWEaneVZ<\/a> <a class=\"ws_tweet_time\" href=\"https:\/\/twitter.com\/webadedios\/statuses\/1204078130132082690\">-&gt;<\/a><\/li>\n<li class=\"ws_tweet\">&quot;Es pendejo el que presta un libro, pero lo es a\u00fan m\u00e1s el que lo regresa&quot; L\u00f3pez Obrador<br \/>\nLe tomo 8 minutos para just\u2026 <a href=\"https:\/\/t.co\/alR3g4tabI\" rel=\"nofollow\">https:\/\/t.co\/alR3g4tabI<\/a> <a class=\"ws_tweet_time\" href=\"https:\/\/twitter.com\/webadedios\/statuses\/1204077967263117313\">-&gt;<\/a><\/li>\n<li class=\"ws_tweet\">Qu\u00e9 asco de <a href=\"https:\/\/twitter.com\/GobiernoMX\">@GobiernoMX<\/a><br \/>\n solapando conductas delictivas de sus funcionarios. <\/p>\n<p><a href=\"https:\/\/twitter.com\/search?q=%23EmbajadorRatero&amp;src=hash\">#EmbajadorRatero<\/a> <a class=\"ws_tweet_time\" href=\"https:\/\/twitter.com\/webadedios\/statuses\/1204077755471728640\">-&gt;<\/a><\/li>\n<li class=\"ws_tweet\">El secretario de Relaciones Exteriores, Marcelo Ebrard, orden\u00f3 el regreso a M\u00e9xico del embajador en Argentina Oscar\u2026 <a href=\"https:\/\/t.co\/YHzf8jhGXD\" rel=\"nofollow\">https:\/\/t.co\/YHzf8jhGXD<\/a> <a class=\"ws_tweet_time\" href=\"https:\/\/twitter.com\/webadedios\/statuses\/1204037847659012096\">-&gt;<\/a><\/li>\n<li class=\"ws_tweet\">RT <a href=\"https:\/\/twitter.com\/VocerodelP\">@VocerodelP<\/a>: Un comit\u00e9 de \u00c9tica formado por gente de Morena es como un comit\u00e9 contra las adicciones formado por Ovidio y el Chapo.<br \/>\nO un\u2026 <a class=\"ws_tweet_time\" href=\"https:\/\/twitter.com\/webadedios\/statuses\/1204037312629420038\">-&gt;<\/a><\/li>\n<li class=\"ws_tweet\">RT <a href=\"https:\/\/twitter.com\/DeniseDresserG\">@DeniseDresserG<\/a>: El presidente <a href=\"https:\/\/twitter.com\/lopezobrador_\">@lopezobrador_<\/a> prometi\u00f3 barrer la escalera de la corrupci\u00f3n \u201cde arriba a abajo\u201d.\n<p>Pero por lo visto su es\u2026 <a class=\"ws_tweet_time\" href=\"https:\/\/twitter.com\/webadedios\/statuses\/1204037165782577152\">-&gt;<\/a><\/li>\n<li class=\"ws_tweet\">deportistas rusos podr\u00e1n competir en <a href=\"https:\/\/twitter.com\/search?q=%23Tokyo2020&amp;src=hash\">#Tokyo2020<\/a> si demuestran no tener ninguna vinculaci\u00f3n con los casos de dopaje\u2026 <a href=\"https:\/\/t.co\/bxlHgVcZwj\" rel=\"nofollow\">https:\/\/t.co\/bxlHgVcZwj<\/a> <a class=\"ws_tweet_time\" href=\"https:\/\/twitter.com\/webadedios\/statuses\/1204037030742822912\">-&gt;<\/a><\/li>\n<li class=\"ws_tweet\">Rusia fuera de  Juegos Ol\u00edmpicos de <a href=\"https:\/\/twitter.com\/search?q=%23Tokyo2020&amp;src=hash\">#Tokyo2020<\/a>, los Juegos Ol\u00edmpicos de Invierno de Pek\u00edn y del Mundial de Qatar 2022 <a class=\"ws_tweet_time\" href=\"https:\/\/twitter.com\/webadedios\/statuses\/1204036919346319362\">-&gt;<\/a><\/li>\n<li class=\"ws_tweet\">Rusia ha sido sancionada con la exclusi\u00f3n de competiciones deportivas internacionales por los pr\u00f3ximos 4 a\u00f1os <a class=\"ws_tweet_time\" href=\"https:\/\/twitter.com\/webadedios\/statuses\/1204036543507312640\">-&gt;<\/a><\/li>\n<li class=\"ws_tweet\"><a href=\"https:\/\/twitter.com\/search?q=%23JuegoDeTronos&amp;src=hash\">#JuegoDeTronos<\/a>, fuera de mejor serie&#8230; bueno, este a\u00f1o y c\u00f3mo fue ya lo sabia <a class=\"ws_tweet_time\" href=\"https:\/\/twitter.com\/webadedios\/statuses\/1204036311121907712\">-&gt;<\/a><\/li>\n<li class=\"ws_tweet\">Robert de Niro NO entra a la terna de los#GoldenGlobes 2020 por <a href=\"https:\/\/twitter.com\/search?q=%23ElIrland&amp;src=hash\">#ElIrland<\/a>\u00e9s <a class=\"ws_tweet_time\" href=\"https:\/\/twitter.com\/webadedios\/statuses\/1204036144805163008\">-&gt;<\/a><\/li>\n<li class=\"ws_tweet\"><a href=\"https:\/\/twitter.com\/search?q=%23DolorYGloria&amp;src=hash\">#DolorYGloria<\/a>, <a href=\"https:\/\/twitter.com\/antoniobanderas\">@antoniobanderas<\/a><br \/>\n y Ana de Armas, nominados <a href=\"https:\/\/twitter.com\/search?q=%23GoldenGlobes&amp;src=hash\">#GoldenGlobes<\/a> 2020 <a class=\"ws_tweet_time\" href=\"https:\/\/twitter.com\/webadedios\/statuses\/1204035938336288768\">-&gt;<\/a><\/li>\n<li class=\"ws_tweet\">Anuncian los nominados a los Golden Globes 2020 <a class=\"ws_tweet_time\" href=\"https:\/\/twitter.com\/webadedios\/statuses\/1204035776889151488\">-&gt;<\/a><\/li>\n<li class=\"ws_tweet\">RT <a href=\"https:\/\/twitter.com\/ANDROMACO64\">@ANDROMACO64<\/a>: Incre\u00edble lo que hace el embajador de Mx en Argentina, \u00d3scar Valero Recio Becerra. Vergonzoso!<br \/>\nPero m\u00e1s verg\u00fcenza para AML\u2026 <a class=\"ws_tweet_time\" href=\"https:\/\/twitter.com\/webadedios\/statuses\/1203922336866611200\">-&gt;<\/a><\/li>\n<li class=\"ws_tweet\">RT <a href=\"https:\/\/twitter.com\/Donvix\">@Donvix<\/a>: C\u00f3mo se atreven esos hermanos ind\u00edgenas a querer EMPRENDER un negocio y ser econ\u00f3micamente independientes?!<br \/>\nLa gran hermana BLA\u2026 <a class=\"ws_tweet_time\" href=\"https:\/\/twitter.com\/webadedios\/statuses\/1203922197628309505\">-&gt;<\/a><\/li>\n<li class=\"ws_tweet\">RT <a href=\"https:\/\/twitter.com\/slcuervo\">@slcuervo<\/a>: Enlace a la \u00faltima serie estad\u00edstica de REE: <a href=\"https:\/\/t.co\/pGFiuzNAaL\" rel=\"nofollow\">https:\/\/t.co\/pGFiuzNAaL<\/a>\n<p>En definitiva, con las emisiones de la red, un Zoe &quot;emi\u2026 <a class=\"ws_tweet_time\" href=\"https:\/\/twitter.com\/webadedios\/statuses\/1203921742370164736\">-&gt;<\/a><\/li>\n<li class=\"ws_tweet\">RT <a href=\"https:\/\/twitter.com\/slcuervo\">@slcuervo<\/a>: Por cierto, tambi\u00e9n miente con las emisiones del Clio, que son, de 120 gr\/km: <a href=\"https:\/\/t.co\/SyKhoSm2hx\" rel=\"nofollow\">https:\/\/t.co\/SyKhoSm2hx<\/a>\n<p>Creo que ha quedado Ud\u2026 <a class=\"ws_tweet_time\" href=\"https:\/\/twitter.com\/webadedios\/statuses\/1203921704562626565\">-&gt;<\/a><\/li>\n<li class=\"ws_tweet\">RT <a href=\"https:\/\/twitter.com\/Funesta\">@Funesta<\/a>: \u201c&#8230;dio por cumplido su compromiso de crear 100 universidades p\u00fablicas, gratuitas y sin obst\u00e1culos en la admisi\u00f3n, pero a\u00fan no\u2026 <a class=\"ws_tweet_time\" href=\"https:\/\/twitter.com\/webadedios\/statuses\/1203921233923989504\">-&gt;<\/a><\/li>\n<li class=\"ws_tweet\">amigos y conocidos, pregunta seria \u00bfAlguno vive mejor hoy de lo que viv\u00eda hace 12 meses? <a class=\"ws_tweet_time\" href=\"https:\/\/twitter.com\/webadedios\/statuses\/1203920894126624768\">-&gt;<\/a><\/li>\n<li class=\"ws_tweet\">RT <a href=\"https:\/\/twitter.com\/joserra_espn\">@joserra_espn<\/a>: La final del f\u00fatbol mexicano: Am\u00e9rica vs Monterrey &#8211; 26 y 29 de diciembre. Y como siempre, la final en el Estadio Azteca <a class=\"ws_tweet_time\" href=\"https:\/\/twitter.com\/webadedios\/statuses\/1203920673359437824\">-&gt;<\/a><\/li>\n<li class=\"ws_tweet\">Am\u00e9rica a dos partidos de la 14!<br \/>\n\ud83c\udfc6<br \/>\n\u2b50 <a class=\"ws_tweet_time\" href=\"https:\/\/twitter.com\/webadedios\/statuses\/1203919498732023808\">-&gt;<\/a><\/li>\n<li class=\"ws_tweet\">Militar provoc\u00f3 balacera cerca de Palacio Nacional <a class=\"ws_tweet_time\" href=\"https:\/\/twitter.com\/webadedios\/statuses\/1203697250905530369\">-&gt;<\/a><\/li>\n<li class=\"ws_tweet\"><a href=\"https:\/\/twitter.com\/search?q=%23AdiosEvo&amp;src=hash\">#AdiosEvo<\/a> me saludas a &quot;nunca vuelvas&quot; <a class=\"ws_tweet_time\" href=\"https:\/\/twitter.com\/webadedios\/statuses\/1203333983381139458\">-&gt;<\/a><\/li>\n<li class=\"ws_tweet\">RT <a href=\"https:\/\/twitter.com\/CHATEAUBRIAND15\">@CHATEAUBRIAND15<\/a>: &quot;&#8230;.la OEA descubri\u00f3 una &quot;estructura inform\u00e1tica oculta y paralela a la del conteo oficial&#8230; que permit\u00eda la manipul\u2026 <a class=\"ws_tweet_time\" href=\"https:\/\/twitter.com\/webadedios\/statuses\/1203333590005821440\">-&gt;<\/a><\/li>\n<li class=\"ws_tweet\">RT <a href=\"https:\/\/twitter.com\/jgnaredo\">@jgnaredo<\/a>: Inventaron que asilo que dio <a href=\"https:\/\/twitter.com\/lopezobrador_\">@lopezobrador_<\/a> a Evo Morales le \u201ccost\u00f3 puntos\u201d en popularidad al tabasque\u00f1o.\n<p>Ahora inventan que\u2026 <a class=\"ws_tweet_time\" href=\"https:\/\/twitter.com\/webadedios\/statuses\/1203332791129300997\">-&gt;<\/a><\/li>\n<li class=\"ws_tweet\">Evo Morales ya no est\u00e1 en M\u00e9xico, se fue -huy\u00f3- a Cuba. <a class=\"ws_tweet_time\" href=\"https:\/\/twitter.com\/webadedios\/statuses\/1203332622354653184\">-&gt;<\/a><\/li>\n<li class=\"ws_tweet\">Todos somos Son Goku <a class=\"ws_tweet_time\" href=\"https:\/\/twitter.com\/webadedios\/statuses\/1203332226273951750\">-&gt;<\/a><\/li>\n<li class=\"ws_tweet\">el domingo es d\u00eda de crisis\n<p>De crisis e las tierras infinitas \ud83d\ude42 <a class=\"ws_tweet_time\" href=\"https:\/\/twitter.com\/webadedios\/statuses\/1203331449744744448\">-&gt;<\/a><\/li>\n<li class=\"ws_tweet\">RT <a href=\"https:\/\/twitter.com\/penileyramirez\">@penileyramirez<\/a>: <a href=\"https:\/\/twitter.com\/El_Universal_Mx\">@El_Universal_Mx<\/a> A la nueva ministra de la Suprema Corte, Margarita R\u00edos-Farjat se le olvid\u00f3 mencionar algunos datos en\u2026 <a class=\"ws_tweet_time\" href=\"https:\/\/twitter.com\/webadedios\/statuses\/1202988738441142272\">-&gt;<\/a><\/li>\n<li class=\"ws_tweet\">RT <a href=\"https:\/\/twitter.com\/JJDiazMachuca\">@JJDiazMachuca<\/a>: La ministra de Romo <a href=\"https:\/\/twitter.com\/MargRiosFarjat\">@MargRiosFarjat<\/a><br \/>\n\u00bfOtra <a href=\"https:\/\/twitter.com\/RosarioPiedraIb\">@RosarioPiedraIb<\/a> ?<br \/>\nPonch\u00f3 Romo y su familia se han beneficiado por sexenios\u2026 <a class=\"ws_tweet_time\" href=\"https:\/\/twitter.com\/webadedios\/statuses\/1202988417996353537\">-&gt;<\/a><\/li>\n<li class=\"ws_tweet\">RT <a href=\"https:\/\/twitter.com\/MiguelMezaC\">@MiguelMezaC<\/a>: Hoy, <a href=\"https:\/\/twitter.com\/penileyramirez\">@penileyramirez<\/a> public\u00f3 un art\u00edculo en que le muestra que Margarita R\u00edos-Farjat ocult\u00f3 que fue abogada externa de una\u2026 <a class=\"ws_tweet_time\" href=\"https:\/\/twitter.com\/webadedios\/statuses\/1202988283329830912\">-&gt;<\/a><\/li>\n<li class=\"ws_tweet\">RT <a href=\"https:\/\/twitter.com\/Cuervomick\">@Cuervomick<\/a>: Ya sali\u00f3 el Peine&#8230;\n<p>La flamante nueva ministra <a href=\"https:\/\/twitter.com\/MargRiosFarjat\">@MargRiosFarjat<\/a> es cercan\u00edsima al fantasioso Romo, achichincle de <a href=\"https:\/\/twitter.com\/lopezob\">@lopezob<\/a>\u2026 <a class=\"ws_tweet_time\" href=\"https:\/\/twitter.com\/webadedios\/statuses\/1202988209161916416\">-&gt;<\/a><\/li>\n<li class=\"ws_tweet\">RT <a href=\"https:\/\/twitter.com\/GlodeJo07\">@GlodeJo07<\/a>: Margarita R\u00edos-Farjat un eslab\u00f3n m\u00e1s de la presidencia en la Corte.<br \/>\nCasualmente gan\u00f3 la comadre de la NO primera dama, pero\u2026 <a class=\"ws_tweet_time\" href=\"https:\/\/twitter.com\/webadedios\/statuses\/1202978424643391488\">-&gt;<\/a><\/li>\n<li class=\"ws_tweet\">Morelia va con ventaja <a class=\"ws_tweet_time\" href=\"https:\/\/twitter.com\/webadedios\/statuses\/1202947174587392002\">-&gt;<\/a><\/li>\n<li class=\"ws_tweet\">RT <a href=\"https:\/\/twitter.com\/ElFinanciero_Mx\">@ElFinanciero_Mx<\/a>: <a href=\"https:\/\/twitter.com\/search?q=%23MonerosFinancieros&amp;src=hash\">#MonerosFinancieros<\/a>: Negociando el T-MEC, de <a href=\"https:\/\/twitter.com\/Garcimonero\">@Garcimonero<\/a>. <a href=\"https:\/\/t.co\/CR0FZVQ2QD\" rel=\"nofollow\">https:\/\/t.co\/CR0FZVQ2QD<\/a> <a href=\"https:\/\/t.co\/uklUyQjIh3\" rel=\"nofollow\">https:\/\/t.co\/uklUyQjIh3<\/a> <a class=\"ws_tweet_time\" href=\"https:\/\/twitter.com\/webadedios\/statuses\/1202786074877218818\">-&gt;<\/a><\/li>\n<li class=\"ws_tweet\">RT <a href=\"https:\/\/twitter.com\/jugglerowsky\">@jugglerowsky<\/a>: Abren datos bancarios al SAT.<br \/>\nSe califica evasi\u00f3n fiscal como delincuencia organizada.<br \/>\nAhora, la Corte es dirigida por la\u2026 <a class=\"ws_tweet_time\" href=\"https:\/\/twitter.com\/webadedios\/statuses\/1202785888624926722\">-&gt;<\/a><\/li>\n<li class=\"ws_tweet\">RT <a href=\"https:\/\/twitter.com\/jugglerowsky\">@jugglerowsky<\/a>: Por lo pronto, revisen sus datos bancarios -que no tengan un correo viejo, o si cambiaron de tel\u00e9fono, o que su RFC (con\u2026 <a class=\"ws_tweet_time\" href=\"https:\/\/twitter.com\/webadedios\/statuses\/1202785828981878788\">-&gt;<\/a><\/li>\n<li class=\"ws_tweet\">RT <a href=\"https:\/\/twitter.com\/VicenteFoxQue\">@VicenteFoxQue<\/a>: Recesion declarada.<br \/>\nP\u00e9simo para el empleo<br \/>\nP\u00e9simo para los pobres<br \/>\nP\u00e9simo para el presupuesto y las inversiones en Educaci\u2026 <a class=\"ws_tweet_time\" href=\"https:\/\/twitter.com\/webadedios\/statuses\/1202785680134430720\">-&gt;<\/a><\/li>\n<li class=\"ws_tweet\">RT <a href=\"https:\/\/twitter.com\/VicenteFoxQue\">@VicenteFoxQue<\/a>: Extraordinario. Por favor esc\u00fachalo!!!<br \/>\nDespierta M\u00e9xico,<br \/>\nM\u00e1s claro ni el agua.<br \/>\n\ud83c\uddf2\ud83c\uddfdViva Mexico.\ud83c\uddf2\ud83c\uddfd <a href=\"https:\/\/t.co\/Q7yjIBIl6y\" rel=\"nofollow\">https:\/\/t.co\/Q7yjIBIl6y<\/a> <a class=\"ws_tweet_time\" href=\"https:\/\/twitter.com\/webadedios\/statuses\/1202785448122290177\">-&gt;<\/a><\/li>\n<li class=\"ws_tweet\">El \u00fanico honesto en el gobierno de AMLO es el avi\u00f3n&#8230; Por que es el \u00fanico que no se vende <a class=\"ws_tweet_time\" href=\"https:\/\/twitter.com\/webadedios\/statuses\/1202785447132508160\">-&gt;<\/a><\/li>\n<li class=\"ws_tweet\">No Habr\u00e1 Descenso en el Clausura 2020.<br \/>\nSe Jugar\u00e1 con 18 Equipos <a class=\"ws_tweet_time\" href=\"https:\/\/twitter.com\/webadedios\/statuses\/1202655300777590784\">-&gt;<\/a><\/li>\n<li class=\"ws_tweet\">La Federaci\u00f3n Mexicana de F\u00fatbol acaba de desafiliar al Veracruz\n<p><a href=\"https:\/\/twitter.com\/search?q=%23TiburonesRojos&amp;src=hash\">#TiburonesRojos<\/a> | <a href=\"https:\/\/twitter.com\/search?q=%23Veracruz&amp;src=hash\">#Veracruz<\/a> <a class=\"ws_tweet_time\" href=\"https:\/\/twitter.com\/webadedios\/statuses\/1202648121764962304\">-&gt;<\/a><\/li>\n<li class=\"ws_tweet\">C\u00e1mara de Representantes de EEUU anuncia acusaci\u00f3n formal para destituir a Trump. <a class=\"ws_tweet_time\" href=\"https:\/\/twitter.com\/webadedios\/statuses\/1202647448868597760\">-&gt;<\/a><\/li>\n<\/ul>\n<!--CusAds0-->\n<div style=\"font-size: 0px; height: 0px; line-height: 0px; margin: 0; padding: 0; clear: both;\"><\/div>","protected":false},"excerpt":{"rendered":"<p>Mis twitts del 2019-12-04 al 2019-12-10<\/p>\n","protected":false},"author":1,"featured_media":0,"comment_status":"open","ping_status":"open","sticky":false,"template":"","format":"standard","meta":{"footnotes":""},"categories":[2],"tags":[1878,966,1876,1877,1720,60],"class_list":["post-8526","post","type-post","status-publish","format-standard","hentry","category-actividades","tag-digo","tag-red","tag-social","tag-tuits","tag-tweets","tag-twitter"],"_links":{"self":[{"href":"https:\/\/webadedios.com\/blog\/wp-json\/wp\/v2\/posts\/8526","targetHints":{"allow":["GET"]}}],"collection":[{"href":"https:\/\/webadedios.com\/blog\/wp-json\/wp\/v2\/posts"}],"about":[{"href":"https:\/\/webadedios.com\/blog\/wp-json\/wp\/v2\/types\/post"}],"author":[{"embeddable":true,"href":"https:\/\/webadedios.com\/blog\/wp-json\/wp\/v2\/users\/1"}],"replies":[{"embeddable":true,"href":"https:\/\/webadedios.com\/blog\/wp-json\/wp\/v2\/comments?post=8526"}],"version-history":[{"count":0,"href":"https:\/\/webadedios.com\/blog\/wp-json\/wp\/v2\/posts\/8526\/revisions"}],"wp:attachment":[{"href":"https:\/\/webadedios.com\/blog\/wp-json\/wp\/v2\/media?parent=8526"}],"wp:term":[{"taxonomy":"category","embeddable":true,"href":"https:\/\/webadedios.com\/blog\/wp-json\/wp\/v2\/categories?post=8526"},{"taxonomy":"post_tag","embeddable":true,"href":"https:\/\/webadedios.com\/blog\/wp-json\/wp\/v2\/tags?post=8526"}],"curies":[{"name":"wp","href":"https:\/\/api.w.org\/{rel}","templated":true}]}}