{"id":8525,"date":"2019-12-04T05:40:00","date_gmt":"2019-12-04T11:40:00","guid":{"rendered":"http:\/\/webadedios.com\/blog\/?p=8525"},"modified":"2019-12-04T05:40:00","modified_gmt":"2019-12-04T11:40:00","slug":"mis-twitts-del-2019-11-27-al-2019-12-03","status":"publish","type":"post","link":"https:\/\/webadedios.com\/blog\/2019\/actividades\/mis-twitts-del-2019-11-27-al-2019-12-03\/","title":{"rendered":"Mis twitts del 2019-11-27 al 2019-12-03"},"content":{"rendered":"<ul class=\"ws_tweet_list\">\n<li class=\"ws_tweet\">RT <a href=\"https:\/\/twitter.com\/JesuitasVen\">@JesuitasVen<\/a>: San Francisco Javier, sacerdote<br \/>\n.<br \/>\nNaci\u00f3 en el a\u00f1o 1506 en Espa\u00f1a, estudiando se uni\u00f3 a San Ignacio. Se orden\u00f3 de sacerdote\u2026 <a class=\"ws_tweet_time\" href=\"https:\/\/twitter.com\/webadedios\/statuses\/1201895054652190720\">-&gt;<\/a><\/li>\n<li class=\"ws_tweet\">RT <a href=\"https:\/\/twitter.com\/VicenteFoxQue\">@VicenteFoxQue<\/a>: Y con las decisiones tomadas por L\u00f3pez se empeora la calidad, los contenidos y para colmo la Cente encima de Lopez y de\u2026 <a class=\"ws_tweet_time\" href=\"https:\/\/twitter.com\/webadedios\/statuses\/1201894499032731648\">-&gt;<\/a><\/li>\n<li class=\"ws_tweet\">RT <a href=\"https:\/\/twitter.com\/ElFinancieroTv\">@ElFinancieroTv<\/a>: &quot;\u00bfLa pretensi\u00f3n es que norteamericanos y canadienses supervisaran la aplicaci\u00f3n de la ley laboral en M\u00e9xico?&quot;, pregunt\u00f3\u2026 <a class=\"ws_tweet_time\" href=\"https:\/\/twitter.com\/webadedios\/statuses\/1201893891504529410\">-&gt;<\/a><\/li>\n<li class=\"ws_tweet\">RT <a href=\"https:\/\/twitter.com\/econokafka\">@econokafka<\/a>: Siempre se puede empeorar. El arma secreta de AMLO para lograr el \u00faltimo lugar es la CNTE. <a href=\"https:\/\/t.co\/Wl7ZSnFrUA\" rel=\"nofollow\">https:\/\/t.co\/Wl7ZSnFrUA<\/a> <a class=\"ws_tweet_time\" href=\"https:\/\/twitter.com\/webadedios\/statuses\/1201892559007703040\">-&gt;<\/a><\/li>\n<li class=\"ws_tweet\">Mi final es Am\u00e9rica va rayados, veremos si se da <a class=\"ws_tweet_time\" href=\"https:\/\/twitter.com\/webadedios\/statuses\/1201892335161925632\">-&gt;<\/a><\/li>\n<li class=\"ws_tweet\">\u00bfSer\u00e1 AMLO el primer presidente en ser revocado de su cargo? <a class=\"ws_tweet_time\" href=\"https:\/\/twitter.com\/webadedios\/statuses\/1201663218319593473\">-&gt;<\/a><\/li>\n<li class=\"ws_tweet\">Se\u00f1or presidente <a href=\"https:\/\/twitter.com\/lopezobrador_\">@lopezobrador_<\/a>, ser\u00e9 breve:<br \/>\n.<br \/>\n&quot;S\u00f3lo los cobardes necesitan de la mentira para evadir la realidad&quot; <a class=\"ws_tweet_time\" href=\"https:\/\/twitter.com\/webadedios\/statuses\/1201663138808111106\">-&gt;<\/a><\/li>\n<li class=\"ws_tweet\">RT <a href=\"https:\/\/twitter.com\/Rafagais\">@Rafagais<\/a>: Les ofende que haya una marcha contra <a href=\"https:\/\/twitter.com\/lopezobrador_\">@lopezobrador_<\/a>\n<p>Pero no les ofende<br \/>\n-Que sean acarreados que venden su dignidad por ver\u2026 <a class=\"ws_tweet_time\" href=\"https:\/\/twitter.com\/webadedios\/statuses\/1201662762717503489\">-&gt;<\/a><\/li>\n<li class=\"ws_tweet\">RT <a href=\"https:\/\/twitter.com\/Rafagais\">@Rafagais<\/a>: En la desesperaci\u00f3n y fracaso de su ChairoFest en el F\u00f3calo (tuvieron que Pagar por Acarreados) <a href=\"https:\/\/twitter.com\/lopezobrador_\">@lopezobrador_<\/a> MIENTE al deci\u2026 <a class=\"ws_tweet_time\" href=\"https:\/\/twitter.com\/webadedios\/statuses\/1201662664390381568\">-&gt;<\/a><\/li>\n<li class=\"ws_tweet\">RT <a href=\"https:\/\/twitter.com\/yosoypaam\">@yosoypaam<\/a>: <a href=\"https:\/\/twitter.com\/Citibanamex\">@Citibanamex<\/a> Es una total falta de seriedad que est\u00e9n jugando con el dinero de las personas, pagos de tarjetas, n\u00f3minas, etc\u2026 <a class=\"ws_tweet_time\" href=\"https:\/\/twitter.com\/webadedios\/statuses\/1201662369732202496\">-&gt;<\/a><\/li>\n<li class=\"ws_tweet\">RT <a href=\"https:\/\/twitter.com\/El_Universal_Mx\">@El_Universal_Mx<\/a>: El 1 de diciembre de 2019 se reportaron 127 muertes violentas, de las cuales 21 ocurrieron en Coahuila; 14, Estado de\u2026 <a class=\"ws_tweet_time\" href=\"https:\/\/twitter.com\/webadedios\/statuses\/1201662183853215749\">-&gt;<\/a><\/li>\n<li class=\"ws_tweet\">cada dia se supera<br \/>\n1 de diciembre de 2019, el d\u00eda m\u00e1s violento del que se tenga registro <a class=\"ws_tweet_time\" href=\"https:\/\/twitter.com\/webadedios\/statuses\/1201661596478640131\">-&gt;<\/a><\/li>\n<li class=\"ws_tweet\">RT <a href=\"https:\/\/twitter.com\/BrallanAletsis\">@BrallanAletsis<\/a>: Realmente me da mucho gusto que la oposici\u00f3n \u201cmoralmente derrotada\u201d haya y siga siendo tema de conversaci\u00f3n&#8230;\n<p>-No se\u2026 <a class=\"ws_tweet_time\" href=\"https:\/\/twitter.com\/webadedios\/statuses\/1201579039103897600\">-&gt;<\/a><\/li>\n<li class=\"ws_tweet\">Chivas confirma transferible al l\u00edder de goleo y que decia que no se iba&#8230; Alan Pulido. <a class=\"ws_tweet_time\" href=\"https:\/\/twitter.com\/webadedios\/statuses\/1201578973936979969\">-&gt;<\/a><\/li>\n<li class=\"ws_tweet\">RT <a href=\"https:\/\/twitter.com\/dlptlv\">@dlptlv<\/a>: \u201cFue un partido muy duro, recib\u00ed insultos todo el partido. Me sabore\u00e9 y festej\u00e9, sin faltarle al respeto a nadie\u201d, Antonio Moha\u2026 <a class=\"ws_tweet_time\" href=\"https:\/\/twitter.com\/webadedios\/statuses\/1201461710462357510\">-&gt;<\/a><\/li>\n<li class=\"ws_tweet\">RT <a href=\"https:\/\/twitter.com\/Donvix\">@Donvix<\/a>: A un a\u00f1o de tomar el control TOTAL del gobierno por parte de L\u00f3pez:\n<p>1) No baj\u00f3 la gasolina; subi\u00f3 m\u00e1s que con Pe\u00f1a.<br \/>\n2) No crec\u2026 <a class=\"ws_tweet_time\" href=\"https:\/\/twitter.com\/webadedios\/statuses\/1201460319484289025\">-&gt;<\/a><\/li>\n<li class=\"ws_tweet\">RT <a href=\"https:\/\/twitter.com\/MMONDIS\">@MMONDIS<\/a>: M\u00e1s de 35 mil muertos, M\u00e9xico esta de luto<br \/>\nNo hay nada que festejar  <a href=\"https:\/\/twitter.com\/search?q=%23Marcha1DeDiciembre&amp;src=hash\">#Marcha1DeDiciembre<\/a> <a href=\"https:\/\/t.co\/AsFXpkwZpC\" rel=\"nofollow\">https:\/\/t.co\/AsFXpkwZpC<\/a> <a class=\"ws_tweet_time\" href=\"https:\/\/twitter.com\/webadedios\/statuses\/1201460281043542016\">-&gt;<\/a><\/li>\n<li class=\"ws_tweet\">RT <a href=\"https:\/\/twitter.com\/rogermartinezt9\">@rogermartinezt9<\/a>: Huevos y Coraz\u00f3n \ud83d\udcaa\ud83c\udffe\ud83e\udd85 VAMOS CARAJOOO <a href=\"https:\/\/twitter.com\/ClubAmerica\">@ClubAmerica<\/a> <a class=\"ws_tweet_time\" href=\"https:\/\/twitter.com\/webadedios\/statuses\/1201460224294559745\">-&gt;<\/a><\/li>\n<li class=\"ws_tweet\">RT <a href=\"https:\/\/twitter.com\/NBA\">@NBA<\/a>: What a race!!!\n<p><a href=\"https:\/\/twitter.com\/search?q=%23NBABabyRace&amp;src=hash\">#NBABabyRace<\/a> in New Orleans <a href=\"https:\/\/t.co\/g8Dcp6HA92\" rel=\"nofollow\">https:\/\/t.co\/g8Dcp6HA92<\/a> <a class=\"ws_tweet_time\" href=\"https:\/\/twitter.com\/webadedios\/statuses\/1201460190698233856\">-&gt;<\/a><\/li>\n<li class=\"ws_tweet\">RT <a href=\"https:\/\/twitter.com\/JJDiazMachuca\">@JJDiazMachuca<\/a>: ANLO NO EST\u00c1 SOLO, LO LLENAN DE ACARREADOS<br \/>\nNosotros no ACARREAMOS, les facilitamos el transporte: <a href=\"https:\/\/twitter.com\/LOVREGA\">@LOVREGA<\/a><br \/>\nY estos son\u2026 <a class=\"ws_tweet_time\" href=\"https:\/\/twitter.com\/webadedios\/statuses\/1201459820928339969\">-&gt;<\/a><\/li>\n<li class=\"ws_tweet\">RT <a href=\"https:\/\/twitter.com\/JJDiazMachuca\">@JJDiazMachuca<\/a>: NOJOTROS NOJ JOMOS IGUALEJ: L\u00d3PEZ OBRADOR<br \/>\nYa les cambiaron el FRUTSI por su S\u00daPER BOING<br \/>\n\u00bfTambi\u00e9n les dar\u00e1n palomitas co\u2026 <a class=\"ws_tweet_time\" href=\"https:\/\/twitter.com\/webadedios\/statuses\/1201459765550952448\">-&gt;<\/a><\/li>\n<li class=\"ws_tweet\">RT <a href=\"https:\/\/twitter.com\/apilo\">@apilo<\/a>: Emotivo minuto de silencio por mas de 30,000 muertos en este a\u00f1o. Queremos seguridad.\n<p><a href=\"https:\/\/twitter.com\/search?q=%23Queretaro&amp;src=hash\">#Queretaro<\/a><br \/>\n <a href=\"https:\/\/twitter.com\/search?q=%23Marcha1DeDiciembre&amp;src=hash\">#Marcha1DeDiciembre<\/a> https:\/\u2026 <a class=\"ws_tweet_time\" href=\"https:\/\/twitter.com\/webadedios\/statuses\/1201459666053718016\">-&gt;<\/a><\/li>\n<li class=\"ws_tweet\">RT <a href=\"https:\/\/twitter.com\/PedroFerriz\">@PedroFerriz<\/a>: La \u00fanica \u201cpinta\u201d que deja esta manifestaci\u00f3n, es que \u201cpinta su raya de una transformaci\u00f3n de 4a\u201d<br \/>\nSin acarreados, vulgarida\u2026 <a class=\"ws_tweet_time\" href=\"https:\/\/twitter.com\/webadedios\/statuses\/1201459608373661698\">-&gt;<\/a><\/li>\n<li class=\"ws_tweet\">RT <a href=\"https:\/\/twitter.com\/tumbaburross\">@tumbaburross<\/a>: Podemos hacer todas las marchas contra L\u00f3pez que queramos, lo que necesitamos entender es que en el 2021 la pelea es por\u2026 <a class=\"ws_tweet_time\" href=\"https:\/\/twitter.com\/webadedios\/statuses\/1201459558805319680\">-&gt;<\/a><\/li>\n<li class=\"ws_tweet\">RT <a href=\"https:\/\/twitter.com\/VicenteFoxQue\">@VicenteFoxQue<\/a>: Que equivocaci\u00f3n esa elecci\u00f3n.<br \/>\nY el precio lo pagamos todo los Mexicanos<br \/>\nLa correcci\u00f3n democr\u00e1tica se lograr\u00e1 paso a pa\u2026 <a class=\"ws_tweet_time\" href=\"https:\/\/twitter.com\/webadedios\/statuses\/1201326931930537984\">-&gt;<\/a><\/li>\n<li class=\"ws_tweet\">RT <a href=\"https:\/\/twitter.com\/CarlosAguilaFra\">@CarlosAguilaFra<\/a>: FIFIS y Chairos, un logro m\u00e1s de L\u00f3pez : En su primer a\u00f1o, la 4T dividi\u00f3 la cultura para ricos y pobres via El Univers\u2026 <a class=\"ws_tweet_time\" href=\"https:\/\/twitter.com\/webadedios\/statuses\/1200830707922284544\">-&gt;<\/a><\/li>\n<li class=\"ws_tweet\">RT <a href=\"https:\/\/twitter.com\/FCBarcelona\">@FCBarcelona<\/a>: Shhhhh, don&#039;t say anything \ud83e\udd2b <a href=\"https:\/\/twitter.com\/search?q=%23Messi&amp;src=hash\">#Messi<\/a> <a href=\"https:\/\/t.co\/oL8Yo3e8oP\" rel=\"nofollow\">https:\/\/t.co\/oL8Yo3e8oP<\/a> <a class=\"ws_tweet_time\" href=\"https:\/\/twitter.com\/webadedios\/statuses\/1200830567400558592\">-&gt;<\/a><\/li>\n<li class=\"ws_tweet\">&quot;Disenchantment&quot; tambi\u00e9n tiene nuevos capitulos&#8230; voy a tener que hacerme tiempo <a class=\"ws_tweet_time\" href=\"https:\/\/twitter.com\/webadedios\/statuses\/1200827629399691264\">-&gt;<\/a><\/li>\n<li class=\"ws_tweet\">&quot;The dragon prince&quot; tiene nuevos capitulos y apenas me entero <a class=\"ws_tweet_time\" href=\"https:\/\/twitter.com\/webadedios\/statuses\/1200827288717266947\">-&gt;<\/a><\/li>\n<li class=\"ws_tweet\">viendo &quot;The Good Wife&quot; y lo quitan de Netflix een Dciembre&#8230; ya lo pase a ver en Prime Video <a class=\"ws_tweet_time\" href=\"https:\/\/twitter.com\/webadedios\/statuses\/1200826999721398273\">-&gt;<\/a><\/li>\n<li class=\"ws_tweet\">de naruto me falta como 10%, me lo acabare antes de que termine el a\u00f1o <a class=\"ws_tweet_time\" href=\"https:\/\/twitter.com\/webadedios\/statuses\/1200826711593672704\">-&gt;<\/a><\/li>\n<li class=\"ws_tweet\">RT <a href=\"https:\/\/twitter.com\/revistaetcetera\">@revistaetcetera<\/a>: &quot;En su reestructura mundial, la compa\u00f1\u00eda espa\u00f1ola anunci\u00f3 sus cuatro mercados clave: Espa\u00f1a, Alemania, Reino Unido y\u2026\u2026 <a class=\"ws_tweet_time\" href=\"https:\/\/twitter.com\/webadedios\/statuses\/1200580902797152256\">-&gt;<\/a><\/li>\n<li class=\"ws_tweet\">RT <a href=\"https:\/\/twitter.com\/claudiaguadar20\">@claudiaguadar20<\/a>: Me canso ganso que lo puse de director a un inepto  sin experiencia que no sabe ni hablar por que se me peg\u00f3 la rechin\u2026 <a class=\"ws_tweet_time\" href=\"https:\/\/twitter.com\/webadedios\/statuses\/1200490429143273472\">-&gt;<\/a><\/li>\n<li class=\"ws_tweet\">RT <a href=\"https:\/\/twitter.com\/MuySuFrida\">@MuySuFrida<\/a>: Quitan 4 mil millones de pesos a Cancerolog\u00eda, Cardiolog\u00eda y el Hospital Infantil.\n<p>No importa la salud, lo importante en s\u2026 <a class=\"ws_tweet_time\" href=\"https:\/\/twitter.com\/webadedios\/statuses\/1200490195021377538\">-&gt;<\/a><\/li>\n<li class=\"ws_tweet\">RT <a href=\"https:\/\/twitter.com\/ramosrizo\">@ramosrizo<\/a>: Espantoso lo de Fernando guerrero al cortar una oportunidad de gol a Tigres para se\u00f1alar un fuera de juego, totalmente en co\u2026 <a class=\"ws_tweet_time\" href=\"https:\/\/twitter.com\/webadedios\/statuses\/1200488461872062465\">-&gt;<\/a><\/li>\n<li class=\"ws_tweet\">RT <a href=\"https:\/\/twitter.com\/Funesta\">@Funesta<\/a>: \u201cMeten tijeretazo de 4 mil mdp para 2020 a Cancerolog\u00eda, Cardiolog\u00eda, Hospital Infantil&#8230;\u201d\n<p>Sacrificios humanos en pos de pro\u2026 <a class=\"ws_tweet_time\" href=\"https:\/\/twitter.com\/webadedios\/statuses\/1200433392891940870\">-&gt;<\/a><\/li>\n<li class=\"ws_tweet\">Explosi\u00f3n en Tultepec por cohetes\n<p>No importa cuando leas esto <a class=\"ws_tweet_time\" href=\"https:\/\/twitter.com\/webadedios\/statuses\/1200432860240449536\">-&gt;<\/a><\/li>\n<li class=\"ws_tweet\">El cielo nos muestra una maravilla, J\u00fapiter, Venus y la Luna <a class=\"ws_tweet_time\" href=\"https:\/\/twitter.com\/webadedios\/statuses\/1200221690028052481\">-&gt;<\/a><\/li>\n<li class=\"ws_tweet\">RT <a href=\"https:\/\/twitter.com\/InvictosSomos\">@InvictosSomos<\/a>: Ra\u00fal Jim\u00e9nez ha convertido 7 goles en sus \u00faltimos 8 partidos disputados con Wolves. La est\u00e1 rompiendo en la Premier Leag\u2026 <a class=\"ws_tweet_time\" href=\"https:\/\/twitter.com\/webadedios\/statuses\/1200208485474078721\">-&gt;<\/a><\/li>\n<li class=\"ws_tweet\">Vengan las justificaciones al aumento del aguinaldo para la dieta de los <a href=\"https:\/\/twitter.com\/Mx_Diputados\">@Mx_Diputados<\/a> <a class=\"ws_tweet_time\" href=\"https:\/\/twitter.com\/webadedios\/statuses\/1200206877117812736\">-&gt;<\/a><\/li>\n<li class=\"ws_tweet\">se viene dif\u00edcil para M\u00e9xico, muchos impuestos nuevos, y aumento de impuestos a diestra y siniestra <a class=\"ws_tweet_time\" href=\"https:\/\/twitter.com\/webadedios\/statuses\/1200206630329167873\">-&gt;<\/a><\/li>\n<li class=\"ws_tweet\">\u00bf#VamosBien?<br \/>\npero si cero es reprobado<\/p>\n<p>\u2014Salud: 0<br \/>\n\u2014Seguridad: 0<br \/>\n\u2014Econom\u00eda: 0<br \/>\n\u2014Educaci\u00f3n: 0<br \/>\n\u2014Inversi\u00f3n: 0<br \/>\n\u2014Democrac\u2026 <a href=\"https:\/\/t.co\/r5a5Mqonnt\" rel=\"nofollow\">https:\/\/t.co\/r5a5Mqonnt<\/a> <a class=\"ws_tweet_time\" href=\"https:\/\/twitter.com\/webadedios\/statuses\/1200204779043065858\">-&gt;<\/a><\/li>\n<li class=\"ws_tweet\">RT <a href=\"https:\/\/twitter.com\/NBALAKERSBLOG\">@NBALAKERSBLOG<\/a>: LeBron hoy entr\u00f3 a un club \u00e9lite: uno de cuatro jugadores en la historia de la <a href=\"https:\/\/twitter.com\/search?q=%23NBA&amp;src=hash\">#NBA<\/a> en alcanzar los 33 mil puntos \ud83d\udc51 http\u2026 <a class=\"ws_tweet_time\" href=\"https:\/\/twitter.com\/webadedios\/statuses\/1199939990979055617\">-&gt;<\/a><\/li>\n<li class=\"ws_tweet\">RT <a href=\"https:\/\/twitter.com\/CiroGomezL\">@CiroGomezL<\/a>: <a href=\"https:\/\/twitter.com\/search?q=%23ComentarioFinal&amp;src=hash\">#ComentarioFinal<\/a> Solo una sociedad degradada, intelectualmente corrompida, puede tratar a una familia como los <a href=\"https:\/\/twitter.com\/search?q=%23LeBaron&amp;src=hash\">#LeBaron<\/a>, de\u2026 <a class=\"ws_tweet_time\" href=\"https:\/\/twitter.com\/webadedios\/statuses\/1199939989322252288\">-&gt;<\/a><\/li>\n<li class=\"ws_tweet\">2019 un a\u00f1o de estancamiento econ\u00f3mico en Mexico <a class=\"ws_tweet_time\" href=\"https:\/\/twitter.com\/webadedios\/statuses\/1199807778505809925\">-&gt;<\/a><\/li>\n<li class=\"ws_tweet\">Hoy me molesto algo y cada ves me cuesta mas desenojarme <a class=\"ws_tweet_time\" href=\"https:\/\/twitter.com\/webadedios\/statuses\/1199807002198892544\">-&gt;<\/a><\/li>\n<li class=\"ws_tweet\">Hoy es el  onom\u00e1stico de mi padre, siempre hace falta en mi vida <a class=\"ws_tweet_time\" href=\"https:\/\/twitter.com\/webadedios\/statuses\/1199806820174442497\">-&gt;<\/a><\/li>\n<li class=\"ws_tweet\">Termina el solo de november rain de tono de llamada en el cel, que lo sustituir\u00e1 en diciembre aun no o se <a class=\"ws_tweet_time\" href=\"https:\/\/twitter.com\/webadedios\/statuses\/1199806575386513408\">-&gt;<\/a><\/li>\n<li class=\"ws_tweet\">RT <a href=\"https:\/\/twitter.com\/lialimon\">@lialimon<\/a>: Los ataques a los <a href=\"https:\/\/twitter.com\/search?q=%23LeBaron&amp;src=hash\">#LeBaron<\/a> reflejan la baj\u00edsima calidad humana de quien los propaga. Seguramente provienen de personas que nu\u2026 <a class=\"ws_tweet_time\" href=\"https:\/\/twitter.com\/webadedios\/statuses\/1199803243683028994\">-&gt;<\/a><\/li>\n<li class=\"ws_tweet\">RT <a href=\"https:\/\/twitter.com\/PedroFerriz\">@PedroFerriz<\/a>: Tras un a\u00f1o de aplicaci\u00f3n y miles de amparos por bajar de forma discrecional los salarios, <a href=\"https:\/\/twitter.com\/search?q=%23MORENA&amp;src=hash\">#MORENA<\/a> present\u00f3 una nueva inic\u2026 <a class=\"ws_tweet_time\" href=\"https:\/\/twitter.com\/webadedios\/statuses\/1199803110002171904\">-&gt;<\/a><\/li>\n<li class=\"ws_tweet\">RT <a href=\"https:\/\/twitter.com\/VicenteFoxQue\">@VicenteFoxQue<\/a>: Dispendian nuestro dinero y a\u00fan no saben que van hacer.<br \/>\nError tras error del necio L\u00f3pez.<br \/>\nNo tiene derecho el Mes\u00edas h\u2026 <a class=\"ws_tweet_time\" href=\"https:\/\/twitter.com\/webadedios\/statuses\/1199800158428520449\">-&gt;<\/a><\/li>\n<li class=\"ws_tweet\">RT <a href=\"https:\/\/twitter.com\/GlodeJo07\">@GlodeJo07<\/a>: Est\u00e1n atacando a los LeBaron por el hecho de que su tragedia evidenci\u00f3 la incompetencia del gobierno mexicano frente a la de\u2026 <a class=\"ws_tweet_time\" href=\"https:\/\/twitter.com\/webadedios\/statuses\/1199736936358957059\">-&gt;<\/a><\/li>\n<li class=\"ws_tweet\">RT <a href=\"https:\/\/twitter.com\/VicenteFoxQue\">@VicenteFoxQue<\/a>: Motivos por los cuales no hay que festejar nada en el primer a\u00f1o de gobierno:<br \/>\n\u274c Econom\u00eda estancada<br \/>\n\u274c Un sistema de salud\u2026 <a class=\"ws_tweet_time\" href=\"https:\/\/twitter.com\/webadedios\/statuses\/1199736764904148994\">-&gt;<\/a><\/li>\n<li class=\"ws_tweet\">RT <a href=\"https:\/\/twitter.com\/IrvingGatell\">@IrvingGatell<\/a>: 1. El asunto de Trump y su anuncio de que van a denominar &quot;terroristas&quot; a los c\u00e1rteles mexicanos puso contra la espada y\u2026 <a class=\"ws_tweet_time\" href=\"https:\/\/twitter.com\/webadedios\/statuses\/1199736390914842624\">-&gt;<\/a><\/li>\n<li class=\"ws_tweet\">RT <a href=\"https:\/\/twitter.com\/IrvingGatell\">@IrvingGatell<\/a>: 8. Estamos hablando de una masacre en la que fueron arteramente asesinados civiles indefensos, ni\u00f1os varios de ellos. Y a\u2026 <a class=\"ws_tweet_time\" href=\"https:\/\/twitter.com\/webadedios\/statuses\/1199736260132294656\">-&gt;<\/a><\/li>\n<li class=\"ws_tweet\">Grumo feliz con nuestro agachado presidente <a class=\"ws_tweet_time\" href=\"https:\/\/twitter.com\/webadedios\/statuses\/1199736036827521025\">-&gt;<\/a><\/li>\n<li class=\"ws_tweet\">[Blog] Mis twitts del 2019-11-20 al 2019-11-26 &#8211; <a href=\"https:\/\/t.co\/nSRbAhe6Rz\" rel=\"nofollow\">https:\/\/t.co\/nSRbAhe6Rz<\/a> <a class=\"ws_tweet_time\" href=\"https:\/\/twitter.com\/webadedios\/statuses\/1199659161749008384\">-&gt;<\/a><\/li>\n<\/ul>\n<!--CusAds0-->\n<div style=\"font-size: 0px; height: 0px; line-height: 0px; margin: 0; padding: 0; clear: both;\"><\/div>","protected":false},"excerpt":{"rendered":"<p>Mis twitts del 2019-11-27 al 2019-12-03<\/p>\n","protected":false},"author":1,"featured_media":0,"comment_status":"open","ping_status":"open","sticky":false,"template":"","format":"standard","meta":{"footnotes":""},"categories":[2],"tags":[1878,966,1876,1877,1720,60],"class_list":["post-8525","post","type-post","status-publish","format-standard","hentry","category-actividades","tag-digo","tag-red","tag-social","tag-tuits","tag-tweets","tag-twitter"],"_links":{"self":[{"href":"https:\/\/webadedios.com\/blog\/wp-json\/wp\/v2\/posts\/8525","targetHints":{"allow":["GET"]}}],"collection":[{"href":"https:\/\/webadedios.com\/blog\/wp-json\/wp\/v2\/posts"}],"about":[{"href":"https:\/\/webadedios.com\/blog\/wp-json\/wp\/v2\/types\/post"}],"author":[{"embeddable":true,"href":"https:\/\/webadedios.com\/blog\/wp-json\/wp\/v2\/users\/1"}],"replies":[{"embeddable":true,"href":"https:\/\/webadedios.com\/blog\/wp-json\/wp\/v2\/comments?post=8525"}],"version-history":[{"count":0,"href":"https:\/\/webadedios.com\/blog\/wp-json\/wp\/v2\/posts\/8525\/revisions"}],"wp:attachment":[{"href":"https:\/\/webadedios.com\/blog\/wp-json\/wp\/v2\/media?parent=8525"}],"wp:term":[{"taxonomy":"category","embeddable":true,"href":"https:\/\/webadedios.com\/blog\/wp-json\/wp\/v2\/categories?post=8525"},{"taxonomy":"post_tag","embeddable":true,"href":"https:\/\/webadedios.com\/blog\/wp-json\/wp\/v2\/tags?post=8525"}],"curies":[{"name":"wp","href":"https:\/\/api.w.org\/{rel}","templated":true}]}}