{"id":8524,"date":"2019-11-27T05:40:00","date_gmt":"2019-11-27T11:40:00","guid":{"rendered":"http:\/\/webadedios.com\/blog\/?p=8524"},"modified":"2019-11-27T05:40:00","modified_gmt":"2019-11-27T11:40:00","slug":"mis-twitts-del-2019-11-20-al-2019-11-26","status":"publish","type":"post","link":"https:\/\/webadedios.com\/blog\/2019\/actividades\/mis-twitts-del-2019-11-20-al-2019-11-26\/","title":{"rendered":"Mis twitts del 2019-11-20 al 2019-11-26"},"content":{"rendered":"<ul class=\"ws_tweet_list\">\n<li class=\"ws_tweet\">RT <a href=\"https:\/\/twitter.com\/brozoxmiswebs\">@brozoxmiswebs<\/a>: EL SECRETARIO DE HACIENDA REVELA LO QUE TODOS SAB\u00cdAMOS: \u201cEn M\u00e9xico la inversi\u00f3n privada es casi siete veces la inversi\u00f3n\u2026 <a class=\"ws_tweet_time\" href=\"https:\/\/twitter.com\/webadedios\/statuses\/1199400607737688067\">-&gt;<\/a><\/li>\n<li class=\"ws_tweet\">RT <a href=\"https:\/\/twitter.com\/Ignis_13\">@Ignis_13<\/a>: Pues a m\u00ed me cae bien Brozo, su programa me parece bueno, \u00bfEs censura? Pareciera, \u00bfVenganza? No lo s\u00e9. Lo \u00fanico que s\u00e9 es que\u2026 <a class=\"ws_tweet_time\" href=\"https:\/\/twitter.com\/webadedios\/statuses\/1199400377839435777\">-&gt;<\/a><\/li>\n<li class=\"ws_tweet\">RT <a href=\"https:\/\/twitter.com\/ginabuentiempo\">@ginabuentiempo<\/a>: <a href=\"https:\/\/twitter.com\/m_ebrard\">@m_ebrard<\/a> Me decepcionas profundamente, Marcelo, as\u00ed deber\u00edas celebrar cada que una mujer es encontrada VIVA despu\u00e9s de\u2026 <a class=\"ws_tweet_time\" href=\"https:\/\/twitter.com\/webadedios\/statuses\/1199399698894852096\">-&gt;<\/a><\/li>\n<li class=\"ws_tweet\">RT <a href=\"https:\/\/twitter.com\/revistaproceso\">@revistaproceso<\/a>: \u201cLo que el viento a Ju\u00e1rez\u201d tuitea Marcelo Ebrard (<a href=\"https:\/\/twitter.com\/m_ebrard\">@m_ebrard<\/a>) tras limpia del Hemiciclo; usuarios lo condenan pues cons\u2026 <a class=\"ws_tweet_time\" href=\"https:\/\/twitter.com\/webadedios\/statuses\/1199399605642895361\">-&gt;<\/a><\/li>\n<li class=\"ws_tweet\">Brozo ll &#039;payaso tenebroso&#039; anunci\u00f3 que el programa informativo est\u00e1 en su semana de despedida despu\u00e9s de 15 a\u00f1os. <a class=\"ws_tweet_time\" href=\"https:\/\/twitter.com\/webadedios\/statuses\/1199399480270999552\">-&gt;<\/a><\/li>\n<li class=\"ws_tweet\">vivimos en el pais de los accidentes de opositores y fin de ciclo de programas de los que critica al gobierno\n<p>no mas casualidad dicen <a class=\"ws_tweet_time\" href=\"https:\/\/twitter.com\/webadedios\/statuses\/1199399250452455430\">-&gt;<\/a><\/li>\n<li class=\"ws_tweet\">ahora no es cero, se decrece, estamos en recesi\u00f3n <a class=\"ws_tweet_time\" href=\"https:\/\/twitter.com\/webadedios\/statuses\/1198999330201460736\">-&gt;<\/a><\/li>\n<li class=\"ws_tweet\">Peso se deprecia tras revisi\u00f3n de datos que pone a M\u00e9xico en recesi\u00f3n <a class=\"ws_tweet_time\" href=\"https:\/\/twitter.com\/webadedios\/statuses\/1198999034775638016\">-&gt;<\/a><\/li>\n<li class=\"ws_tweet\">estamos en recesi\u00f3n, pero le dieron una &quot;ayudadita&quot; a las cifras <a class=\"ws_tweet_time\" href=\"https:\/\/twitter.com\/webadedios\/statuses\/1198998833054846986\">-&gt;<\/a><\/li>\n<li class=\"ws_tweet\">Le van a agradecer que nos tenga en recesi\u00f3n cuando prometi\u00f3 que crecer\u00edamos al 6% <a class=\"ws_tweet_time\" href=\"https:\/\/twitter.com\/webadedios\/statuses\/1198998625654849536\">-&gt;<\/a><\/li>\n<li class=\"ws_tweet\">ahora si&#8230;. oficialmente en recesi\u00f3n econ\u00f3mica\n<p>M\u00e9xico <a class=\"ws_tweet_time\" href=\"https:\/\/twitter.com\/webadedios\/statuses\/1198998013886238720\">-&gt;<\/a><\/li>\n<li class=\"ws_tweet\">RT <a href=\"https:\/\/twitter.com\/stuntech\">@stuntech<\/a>: Qui\u00e9n ser\u00e1 el primero en instalar el DeLeoran KIT a la <a href=\"https:\/\/twitter.com\/search?q=%23Cybertruck&amp;src=hash\">#Cybertruck<\/a> ? <a href=\"https:\/\/t.co\/MhlC9yxC3z\" rel=\"nofollow\">https:\/\/t.co\/MhlC9yxC3z<\/a> <a class=\"ws_tweet_time\" href=\"https:\/\/twitter.com\/webadedios\/statuses\/1198304837382922246\">-&gt;<\/a><\/li>\n<li class=\"ws_tweet\">pra mi el cybertruck mas que una camioneta parece tanque <a class=\"ws_tweet_time\" href=\"https:\/\/twitter.com\/webadedios\/statuses\/1198302275506229249\">-&gt;<\/a><\/li>\n<li class=\"ws_tweet\">la cybertruck estilo Mad Max&#8230; que locura de Tesla <a class=\"ws_tweet_time\" href=\"https:\/\/twitter.com\/webadedios\/statuses\/1198301252607721474\">-&gt;<\/a><\/li>\n<li class=\"ws_tweet\">Por favor, comun\u00edquense con su familia y amigos en Bogot\u00e1. Confirmen si est\u00e1n a salvo y abran las puertas de sus ca\u2026 <a href=\"https:\/\/t.co\/QxMtY3CLGo\" rel=\"nofollow\">https:\/\/t.co\/QxMtY3CLGo<\/a> <a class=\"ws_tweet_time\" href=\"https:\/\/twitter.com\/webadedios\/statuses\/1198144368336670720\">-&gt;<\/a><\/li>\n<li class=\"ws_tweet\"><a href=\"https:\/\/twitter.com\/search?q=%23AMLORepresor&amp;src=hash\">#AMLORepresor<\/a> es un mentiroso, minti\u00f3 con el Estado Mayor Presidencial y minti\u00f3 con los granaderos. Hoy cualquier p\u2026 <a href=\"https:\/\/t.co\/lCJKcGHssI\" rel=\"nofollow\">https:\/\/t.co\/lCJKcGHssI<\/a> <a class=\"ws_tweet_time\" href=\"https:\/\/twitter.com\/webadedios\/statuses\/1197590548158259201\">-&gt;<\/a><\/li>\n<li class=\"ws_tweet\"><a href=\"https:\/\/twitter.com\/search?q=%23HastaLaMadreDeL&amp;src=hash\">#HastaLaMadreDeL<\/a>\u00f3pezYMorena\n<p>Hasta la madre del Nulo Crecimiento<br \/>\nHasta la madre de la Inseguridad<br \/>\nHasta la madre de\u2026 <a href=\"https:\/\/t.co\/mg5U5wuAJK\" rel=\"nofollow\">https:\/\/t.co\/mg5U5wuAJK<\/a> <a class=\"ws_tweet_time\" href=\"https:\/\/twitter.com\/webadedios\/statuses\/1197589708487974918\">-&gt;<\/a><\/li>\n<li class=\"ws_tweet\">Qu\u00e9 verg\u00fcenza <a href=\"https:\/\/twitter.com\/search?q=%23LopezEsUnPeligroParaMexico&amp;src=hash\">#LopezEsUnPeligroParaMexico<\/a> <a href=\"https:\/\/twitter.com\/search?q=%23HastaLaMadreDeL&amp;src=hash\">#HastaLaMadreDeL<\/a>\u00f3pezYMorena <a class=\"ws_tweet_time\" href=\"https:\/\/twitter.com\/webadedios\/statuses\/1197589548634660866\">-&gt;<\/a><\/li>\n<li class=\"ws_tweet\">Creo que todos estamos de acuerdo que tenemos que sacar a L\u00f3pez, los mexicanos no aguantamos un sexenio as\u00ed. <a class=\"ws_tweet_time\" href=\"https:\/\/twitter.com\/webadedios\/statuses\/1197589424445505536\">-&gt;<\/a><\/li>\n<li class=\"ws_tweet\">cifras de muertos en M\u00e9xico. Desde que <a href=\"https:\/\/twitter.com\/lopezobrador_\">@lopezobrador_<\/a> lleg\u00f3 a la presidencia ha habido 31,632 homicidios dolosos, s\u2026 <a href=\"https:\/\/t.co\/DcIjuCuUv8\" rel=\"nofollow\">https:\/\/t.co\/DcIjuCuUv8<\/a> <a class=\"ws_tweet_time\" href=\"https:\/\/twitter.com\/webadedios\/statuses\/1197588964036755458\">-&gt;<\/a><\/li>\n<li class=\"ws_tweet\">RT <a href=\"https:\/\/twitter.com\/sebastiansarur\">@sebastiansarur<\/a>: Que bonito habla do\u00f1a Etelvina, <a href=\"https:\/\/twitter.com\/lopezobrador_\">@lopezobrador_<\/a> PRRO, ya te est\u00e1 desconociendo el tigre\n<p><a href=\"https:\/\/twitter.com\/search?q=%23HastaLaMadreDeL&amp;src=hash\">#HastaLaMadreDeL<\/a>\u00f3pezYMorena<br \/>\nhtt\u2026 <a class=\"ws_tweet_time\" href=\"https:\/\/twitter.com\/webadedios\/statuses\/1197588104271597568\">-&gt;<\/a><\/li>\n<li class=\"ws_tweet\"><a href=\"https:\/\/twitter.com\/search?q=%23HastaLaMadreDeL&amp;src=hash\">#HastaLaMadreDeL<\/a>\u00f3pezYMorena<br \/>\nsin estancias infantiles<br \/>\nsin becas a alumnos sobresalientes<br \/>\nsin comedores comunitarios\u2026 <a href=\"https:\/\/t.co\/l6KLb5JDCr\" rel=\"nofollow\">https:\/\/t.co\/l6KLb5JDCr<\/a> <a class=\"ws_tweet_time\" href=\"https:\/\/twitter.com\/webadedios\/statuses\/1197587861467480066\">-&gt;<\/a><\/li>\n<li class=\"ws_tweet\">RT <a href=\"https:\/\/twitter.com\/sopitas\">@sopitas<\/a>: Tras las protestas recientes, el Gobierno de la <a href=\"https:\/\/twitter.com\/search?q=%23CDMX&amp;src=hash\">#CDMX<\/a>, decide decretar Alerta por Violencia de G\u00e9nero en contra las Mujeres.\u2026 <a class=\"ws_tweet_time\" href=\"https:\/\/twitter.com\/webadedios\/statuses\/1197587414174388226\">-&gt;<\/a><\/li>\n<li class=\"ws_tweet\">RT <a href=\"https:\/\/twitter.com\/revistaproceso\">@revistaproceso<\/a>: Luego de su reiterado rechazo a la aplicaci\u00f3n de la medida por dudar de su efectividad en otras entidades del pa\u00eds, la\u2026 <a class=\"ws_tweet_time\" href=\"https:\/\/twitter.com\/webadedios\/statuses\/1197587342967681024\">-&gt;<\/a><\/li>\n<li class=\"ws_tweet\">Ya ocurri\u00f3 en <a href=\"https:\/\/twitter.com\/search?q=%23Bolivia&amp;src=hash\">#Bolivia<\/a> y ahora en <a href=\"https:\/\/twitter.com\/search?q=%23Colombia&amp;src=hash\">#Colombia<\/a> <a class=\"ws_tweet_time\" href=\"https:\/\/twitter.com\/webadedios\/statuses\/1197587191918186496\">-&gt;<\/a><\/li>\n<li class=\"ws_tweet\">-Un Piloto de <a href=\"https:\/\/twitter.com\/Aeromexico\">@Aeromexico<\/a> le pide a <a href=\"https:\/\/twitter.com\/lopezobrador_\">@lopezobrador_<\/a><br \/>\n reconsidere la cancelaci\u00f3n del NAIM.<br \/>\n-Lopez casi lo fulmina con\u2026 <a href=\"https:\/\/t.co\/WJxdcVu7YQ\" rel=\"nofollow\">https:\/\/t.co\/WJxdcVu7YQ<\/a> <a class=\"ws_tweet_time\" href=\"https:\/\/twitter.com\/webadedios\/statuses\/1197333010288447488\">-&gt;<\/a><\/li>\n<li class=\"ws_tweet\">RT <a href=\"https:\/\/twitter.com\/GlodeJo07\">@GlodeJo07<\/a>: Al parecer queda prohibido cuestionar u opinar respecto a las decisiones que tome L\u00f3pez Obrador.<br \/>\nEs una pena que <a href=\"https:\/\/twitter.com\/Aeromexico\">@Aeromexico<\/a>\u2026 <a class=\"ws_tweet_time\" href=\"https:\/\/twitter.com\/webadedios\/statuses\/1197332721112113152\">-&gt;<\/a><\/li>\n<li class=\"ws_tweet\">RT <a href=\"https:\/\/twitter.com\/jokerobrador\">@jokerobrador<\/a>: &quot;Una bienvenida especial al presidente que nos acompa\u00f1a el d\u00eda de hoy, esperamos que se sienta a gusto, que disfrute del\u2026 <a class=\"ws_tweet_time\" href=\"https:\/\/twitter.com\/webadedios\/statuses\/1197332381285396482\">-&gt;<\/a><\/li>\n<li class=\"ws_tweet\">RT <a href=\"https:\/\/twitter.com\/ANDROMACO64\">@ANDROMACO64<\/a>: Aerom\u00e9xico echa mano del \u201creglamento\u201d para pedir un informe al valiente capit\u00e1n Bolio, quien se atrevi\u00f3 a decirle a AMLO e\u2026 <a class=\"ws_tweet_time\" href=\"https:\/\/twitter.com\/webadedios\/statuses\/1197332263438102528\">-&gt;<\/a><\/li>\n<li class=\"ws_tweet\">RT <a href=\"https:\/\/twitter.com\/SoyRobRMX\">@SoyRobRMX<\/a>: Vergonzoso que <a href=\"https:\/\/twitter.com\/Aeromexico\">@Aeromexico<\/a> se preste para sancionar al piloto que hizo comentarios sobre el Aeropuerto de Texcoco a L\u00f3pez Ob\u2026 <a class=\"ws_tweet_time\" href=\"https:\/\/twitter.com\/webadedios\/statuses\/1197332142973476864\">-&gt;<\/a><\/li>\n<li class=\"ws_tweet\">RT <a href=\"https:\/\/twitter.com\/ferbelaunzaran\">@ferbelaunzaran<\/a>: Para quienes todav\u00eda dudaban del retorno del hiperpresidencialismo autoritario con <a href=\"https:\/\/twitter.com\/lopezobrador_\">@lopezobrador_<\/a>.\n<p>Los poderes f\u00e1ctico\u2026 <a class=\"ws_tweet_time\" href=\"https:\/\/twitter.com\/webadedios\/statuses\/1197332090938953734\">-&gt;<\/a><\/li>\n<li class=\"ws_tweet\">RT <a href=\"https:\/\/twitter.com\/V_TrujilloM\">@V_TrujilloM<\/a>: Ojo <a href=\"https:\/\/twitter.com\/Aeromexico\">@Aeromexico<\/a>\n<p>El cliente que tiene otros datos, no siempre tiene la raz\u00f3n.<br \/>\nAtte.<br \/>\nMiles y miles de usuarios observ\u00e1ndot\u2026 <a class=\"ws_tweet_time\" href=\"https:\/\/twitter.com\/webadedios\/statuses\/1197332003206684672\">-&gt;<\/a><\/li>\n<li class=\"ws_tweet\">RT <a href=\"https:\/\/twitter.com\/CartonCalderon\">@CartonCalderon<\/a>: <a href=\"https:\/\/twitter.com\/ferbelaunzaran\">@ferbelaunzaran<\/a> <a href=\"https:\/\/twitter.com\/lopezobrador_\">@lopezobrador_<\/a> <a href=\"https:\/\/twitter.com\/Aeromexico\">@Aeromexico<\/a> Vergonzoso. Ese piloto expres\u00f3 de forma respetuosa lo que muchos pensamos. S\u2026 <a class=\"ws_tweet_time\" href=\"https:\/\/twitter.com\/webadedios\/statuses\/1197331961725018112\">-&gt;<\/a><\/li>\n<li class=\"ws_tweet\">No culpes a los dem\u00e1s por como te trataron. Nadie puede ense\u00f1ar lo que no sabe. Perd\u00f3nalos y te liberar\u00e1s de esas cadenas ~ Facundo Cabral <a class=\"ws_tweet_time\" href=\"https:\/\/twitter.com\/webadedios\/statuses\/1197331550389620736\">-&gt;<\/a><\/li>\n<li class=\"ws_tweet\">AMLO saca un libro de econom\u00eda para explicar como un pa\u00eds en crecimiento ahora en sus garras no crece nada <a class=\"ws_tweet_time\" href=\"https:\/\/twitter.com\/webadedios\/statuses\/1197206131715846144\">-&gt;<\/a><\/li>\n<li class=\"ws_tweet\">llaman politices de Espa\u00f1a a AMLO mediocre con infulas&#8230;. creo que lo conocen bien <a class=\"ws_tweet_time\" href=\"https:\/\/twitter.com\/webadedios\/statuses\/1197205818501947392\">-&gt;<\/a><\/li>\n<li class=\"ws_tweet\">[Blog] Mis twitts del 2019-11-13 al 2019-11-19 &#8211; <a href=\"https:\/\/t.co\/e9bhkvUita\" rel=\"nofollow\">https:\/\/t.co\/e9bhkvUita<\/a> <a class=\"ws_tweet_time\" href=\"https:\/\/twitter.com\/webadedios\/statuses\/1197122441853714433\">-&gt;<\/a><\/li>\n<\/ul>\n<!--CusAds0-->\n<div style=\"font-size: 0px; height: 0px; line-height: 0px; margin: 0; padding: 0; clear: both;\"><\/div>","protected":false},"excerpt":{"rendered":"<p>Mis twitts del 2019-11-20 al 2019-11-26<\/p>\n","protected":false},"author":1,"featured_media":0,"comment_status":"open","ping_status":"open","sticky":false,"template":"","format":"standard","meta":{"footnotes":""},"categories":[2],"tags":[1878,966,1876,1877,1720,60],"class_list":["post-8524","post","type-post","status-publish","format-standard","hentry","category-actividades","tag-digo","tag-red","tag-social","tag-tuits","tag-tweets","tag-twitter"],"_links":{"self":[{"href":"https:\/\/webadedios.com\/blog\/wp-json\/wp\/v2\/posts\/8524","targetHints":{"allow":["GET"]}}],"collection":[{"href":"https:\/\/webadedios.com\/blog\/wp-json\/wp\/v2\/posts"}],"about":[{"href":"https:\/\/webadedios.com\/blog\/wp-json\/wp\/v2\/types\/post"}],"author":[{"embeddable":true,"href":"https:\/\/webadedios.com\/blog\/wp-json\/wp\/v2\/users\/1"}],"replies":[{"embeddable":true,"href":"https:\/\/webadedios.com\/blog\/wp-json\/wp\/v2\/comments?post=8524"}],"version-history":[{"count":0,"href":"https:\/\/webadedios.com\/blog\/wp-json\/wp\/v2\/posts\/8524\/revisions"}],"wp:attachment":[{"href":"https:\/\/webadedios.com\/blog\/wp-json\/wp\/v2\/media?parent=8524"}],"wp:term":[{"taxonomy":"category","embeddable":true,"href":"https:\/\/webadedios.com\/blog\/wp-json\/wp\/v2\/categories?post=8524"},{"taxonomy":"post_tag","embeddable":true,"href":"https:\/\/webadedios.com\/blog\/wp-json\/wp\/v2\/tags?post=8524"}],"curies":[{"name":"wp","href":"https:\/\/api.w.org\/{rel}","templated":true}]}}