{"id":8523,"date":"2019-11-20T05:40:00","date_gmt":"2019-11-20T11:40:00","guid":{"rendered":"http:\/\/webadedios.com\/blog\/?p=8523"},"modified":"2019-11-20T05:40:00","modified_gmt":"2019-11-20T11:40:00","slug":"mis-twitts-del-2019-11-13-al-2019-11-19","status":"publish","type":"post","link":"https:\/\/webadedios.com\/blog\/2019\/actividades\/mis-twitts-del-2019-11-13-al-2019-11-19\/","title":{"rendered":"Mis twitts del 2019-11-13 al 2019-11-19"},"content":{"rendered":"<ul class=\"ws_tweet_list\">\n<li class=\"ws_tweet\">RT <a href=\"https:\/\/twitter.com\/m_andaluz\">@m_andaluz<\/a>: El problema no es el \u201cahorro\u201d, el problema es \u00bfDonde est\u00e1 ese dinero?. Nos quieren vender \u201clogros\u201d pero la realidad es que h\u2026 <a class=\"ws_tweet_time\" href=\"https:\/\/twitter.com\/webadedios\/statuses\/1196937201118044160\">-&gt;<\/a><\/li>\n<li class=\"ws_tweet\">Es muy evidente que los que votaron por <a href=\"https:\/\/twitter.com\/search?q=%23Lopez&amp;src=hash\">#Lopez<\/a> ni saben que es el socialismo. Solo saben que quieren estirar la man\u2026 <a href=\"https:\/\/t.co\/9haKAQLgiD\" rel=\"nofollow\">https:\/\/t.co\/9haKAQLgiD<\/a> <a class=\"ws_tweet_time\" href=\"https:\/\/twitter.com\/webadedios\/statuses\/1196937065889456131\">-&gt;<\/a><\/li>\n<li class=\"ws_tweet\">RT <a href=\"https:\/\/twitter.com\/Pamelendez3\">@Pamelendez3<\/a>: <a href=\"https:\/\/twitter.com\/search?q=%23ConL&amp;src=hash\">#ConL<\/a>\u00f3pezNoAvanzamos\n<p>Morena dijo que NO m\u00e1s impuestos, minti\u00f3!<\/p>\n<p>Se les advirti\u00f3 a los Poblanos&#8230;<\/p>\n<p>Ahora el incremento en\u2026 <a class=\"ws_tweet_time\" href=\"https:\/\/twitter.com\/webadedios\/statuses\/1196936907743277056\">-&gt;<\/a><\/li>\n<li class=\"ws_tweet\">No hay crecimiento y tampoco desarrollo; porque aunque L\u00f3pez diga lo contrario, una cosa va de la mano de la otra!<br \/>\n<a href=\"https:\/\/twitter.com\/search?q=%23ConL&amp;src=hash\">#ConL<\/a>\u00f3pezNoAvanzamos <a class=\"ws_tweet_time\" href=\"https:\/\/twitter.com\/webadedios\/statuses\/1196936411133419521\">-&gt;<\/a><\/li>\n<li class=\"ws_tweet\">RT <a href=\"https:\/\/twitter.com\/ocampot\">@ocampot<\/a>: Moralina, del creador de\n<p><a href=\"https:\/\/twitter.com\/search?q=%23Las50SombrasDeLopez&amp;src=hash\">#Las50SombrasDeLopez<\/a> <a href=\"https:\/\/t.co\/JQzjFdgioI\" rel=\"nofollow\">https:\/\/t.co\/JQzjFdgioI<\/a> <a class=\"ws_tweet_time\" href=\"https:\/\/twitter.com\/webadedios\/statuses\/1196899638961491969\">-&gt;<\/a><\/li>\n<li class=\"ws_tweet\">RT <a href=\"https:\/\/twitter.com\/moverseesvivir\">@moverseesvivir<\/a>: Quien pueda presuma, que tenemos un presidente.<br \/>\n\ud83e\udda2Burro que tard\u00f3 a\u00f1os en titularse.<br \/>\n\ud83e\udda2Burro de que reprob\u00f3 economia<br \/>\n\ud83e\udda2Bur\u2026 <a class=\"ws_tweet_time\" href=\"https:\/\/twitter.com\/webadedios\/statuses\/1196899066875203585\">-&gt;<\/a><\/li>\n<li class=\"ws_tweet\">RT <a href=\"https:\/\/twitter.com\/CarlosChaviraTV\">@CarlosChaviraTV<\/a>: Hola, vengo del futuro y les traje este comercial de Gobierno. <a href=\"https:\/\/t.co\/xudTbqqSyZ\" rel=\"nofollow\">https:\/\/t.co\/xudTbqqSyZ<\/a> <a class=\"ws_tweet_time\" href=\"https:\/\/twitter.com\/webadedios\/statuses\/1196898904207441920\">-&gt;<\/a><\/li>\n<li class=\"ws_tweet\">RT <a href=\"https:\/\/twitter.com\/ElFinanciero_Mx\">@ElFinanciero_Mx<\/a>: <a href=\"https:\/\/twitter.com\/search?q=%23MonerosFinancieros&amp;src=hash\">#MonerosFinancieros<\/a> Piedra&#8230; por <a href=\"https:\/\/twitter.com\/Garcimonero\">@Garcimonero<\/a>. <a href=\"https:\/\/t.co\/SJPpTb2fnm\" rel=\"nofollow\">https:\/\/t.co\/SJPpTb2fnm<\/a> <a class=\"ws_tweet_time\" href=\"https:\/\/twitter.com\/webadedios\/statuses\/1196898704281800704\">-&gt;<\/a><\/li>\n<li class=\"ws_tweet\">RT <a href=\"https:\/\/twitter.com\/Nachsoyyo\">@Nachsoyyo<\/a>: Esos cuerpos<br \/>\nque me recorren,<br \/>\nesas horas<br \/>\nque me aprenden,<br \/>\nesos dolores<br \/>\nque me marcan.<br \/>\nSobre todo soy<br \/>\nesas cosas<br \/>\nque no ves.\u2026 <a class=\"ws_tweet_time\" href=\"https:\/\/twitter.com\/webadedios\/statuses\/1196892104812838914\">-&gt;<\/a><\/li>\n<li class=\"ws_tweet\">RT <a href=\"https:\/\/twitter.com\/Faitelson_ESPN\">@Faitelson_ESPN<\/a>: Sergei Kovalev confirma lo que ya sab\u00edamos: Sa\u00fal \u201cEl Canelo\u201d \u00c1lvarez \u201cprepara\u201d y de alguna forma hasta \u201ccompra\u201d a sus r\u2026 <a class=\"ws_tweet_time\" href=\"https:\/\/twitter.com\/webadedios\/statuses\/1196892028262666243\">-&gt;<\/a><\/li>\n<li class=\"ws_tweet\">Ford MUSTANG Mach-E&#8230; D\u00f3nde lo aparto y fechas para venta en M\u00e9xico????  <a href=\"https:\/\/twitter.com\/FordMX\">@FordMX<\/a> <a class=\"ws_tweet_time\" href=\"https:\/\/twitter.com\/webadedios\/statuses\/1196823269300719616\">-&gt;<\/a><\/li>\n<li class=\"ws_tweet\">RT <a href=\"https:\/\/twitter.com\/ElFinanciero_Mx\">@ElFinanciero_Mx<\/a>: American Electric Muscle: el cl\u00e1sico deportivo de Ford tendr\u00e1 su versi\u00f3n el\u00e9ctrica y ser\u00e1 fabricada en M\u00e9xico. https:\/\u2026 <a class=\"ws_tweet_time\" href=\"https:\/\/twitter.com\/webadedios\/statuses\/1196822707712774144\">-&gt;<\/a><\/li>\n<li class=\"ws_tweet\">Ford MUSTANG Mach-E \u00f3 Tesla Model Y <a class=\"ws_tweet_time\" href=\"https:\/\/twitter.com\/webadedios\/statuses\/1196822340430172160\">-&gt;<\/a><\/li>\n<li class=\"ws_tweet\">El mustang mach-E&#8230; se ve hermoso este 100% el\u00e9ctrico. <a class=\"ws_tweet_time\" href=\"https:\/\/twitter.com\/webadedios\/statuses\/1196820022540279809\">-&gt;<\/a><\/li>\n<li class=\"ws_tweet\">Pues yo si vi penal claro de M\u00e9xico contra Brasil sub 17 <a class=\"ws_tweet_time\" href=\"https:\/\/twitter.com\/webadedios\/statuses\/1196465032789471233\">-&gt;<\/a><\/li>\n<li class=\"ws_tweet\">Actualizando mi Arch \ud83d\ude42   Syu <a class=\"ws_tweet_time\" href=\"https:\/\/twitter.com\/webadedios\/statuses\/1196464838479949829\">-&gt;<\/a><\/li>\n<li class=\"ws_tweet\">RT <a href=\"https:\/\/twitter.com\/reflexionamex\">@reflexionamex<\/a>: <a href=\"https:\/\/t.co\/6rRvcAXmyK\" rel=\"nofollow\">https:\/\/t.co\/6rRvcAXmyK<\/a><br \/>\nSedena&#8230; A nuestras honorables Fuerzas Armadas:<br \/>\nHoy, Morena, sin ning\u00fan plan alterno que cubra\u2026 <a class=\"ws_tweet_time\" href=\"https:\/\/twitter.com\/webadedios\/statuses\/1196389998486065152\">-&gt;<\/a><\/li>\n<li class=\"ws_tweet\">RT <a href=\"https:\/\/twitter.com\/NBALAKERSBLOG\">@NBALAKERSBLOG<\/a>: LeBron con un mensaje emotivo a Kobe en Instagram:\n<p>&quot;Estoy tratando de continuar el legado que le dejaste al p\u00farpura y o\u2026 <a class=\"ws_tweet_time\" href=\"https:\/\/twitter.com\/webadedios\/statuses\/1196389695716036609\">-&gt;<\/a><\/li>\n<li class=\"ws_tweet\">RT <a href=\"https:\/\/twitter.com\/SoyRobORMX\">@SoyRobORMX<\/a>: Oye y en tu pa\u00eds c\u00f3mo se puede acceder a los programas sociales ? A pues mira existe algo llamado la  <a href=\"https:\/\/twitter.com\/search?q=%23Pigmentocracia&amp;src=hash\">#Pigmentocracia<\/a> cread\u2026 <a class=\"ws_tweet_time\" href=\"https:\/\/twitter.com\/webadedios\/statuses\/1196302379681013761\">-&gt;<\/a><\/li>\n<li class=\"ws_tweet\">RT <a href=\"https:\/\/twitter.com\/PacoMaciasMx\">@PacoMaciasMx<\/a>: Yo no soy ind\u00edgena, ni mestizo y tampoco criollo. Soy un mexicano.\n<p>Pobre M\u00e9xico, la <a href=\"https:\/\/twitter.com\/search?q=%234T&amp;src=hash\">#4T<\/a> nos llev\u00f3 a un discurso tan prim\u2026 <a class=\"ws_tweet_time\" href=\"https:\/\/twitter.com\/webadedios\/statuses\/1196302304187686912\">-&gt;<\/a><\/li>\n<li class=\"ws_tweet\">RT <a href=\"https:\/\/twitter.com\/yosoy8a\">@yosoy8a<\/a>: Orgullosos de estos j\u00f3venes que dieron todo y representaron dignamente a M\u00e9xico,sus carreras apenas comienzan y tienen un gran\u2026 <a class=\"ws_tweet_time\" href=\"https:\/\/twitter.com\/webadedios\/statuses\/1196301941590151168\">-&gt;<\/a><\/li>\n<li class=\"ws_tweet\">Gooooooooooooooooooooooooool de M\u00e9xico!! Gonzalez coment\u00f3 con un cabezazo un excelente centro de Pizzuto y anota la\u2026 <a href=\"https:\/\/t.co\/XOcX8Kh6xs\" rel=\"nofollow\">https:\/\/t.co\/XOcX8Kh6xs<\/a> <a class=\"ws_tweet_time\" href=\"https:\/\/twitter.com\/webadedios\/statuses\/1196208151667724288\">-&gt;<\/a><\/li>\n<li class=\"ws_tweet\">RT <a href=\"https:\/\/twitter.com\/miseleccionmx\">@miseleccionmx<\/a>: <a href=\"https:\/\/twitter.com\/search?q=%23Sub17&amp;src=hash\">#Sub17<\/a> <a href=\"https:\/\/twitter.com\/search?q=%232T&amp;src=hash\">#2T<\/a> 65\u2019 MEX 1-0 BRA\n<p>\u00a1G\u26bd\u26bd\u26bd\u26bd\u26bd\u26bd\u26bd\u26bdL!<br \/>\n\u00a1Tremendo remate de cabeza de Bryan Gonz\u00e1lez para abrir el marcador! \ud83d\udd25 \ud83d\udd25 \ud83d\udd25<\/p>\n<p>\u00a1VA\u2026 <a class=\"ws_tweet_time\" href=\"https:\/\/twitter.com\/webadedios\/statuses\/1196207788378083328\">-&gt;<\/a><\/li>\n<li class=\"ws_tweet\">Ya vamos ganando M\u00e9xico sub 17 <a class=\"ws_tweet_time\" href=\"https:\/\/twitter.com\/webadedios\/statuses\/1196207747571707904\">-&gt;<\/a><\/li>\n<li class=\"ws_tweet\">RT <a href=\"https:\/\/twitter.com\/AgaveLoco\">@AgaveLoco<\/a>: En r\u00e9cord, retiros de Afore por desempleo en M\u00e9xico<br \/>\n\u00bfTambi\u00e9n es culpa de Calder\u00f3n?<\/p>\n<p><a href=\"https:\/\/twitter.com\/search?q=%23AMLO&amp;src=hash\">#AMLO<\/a><br \/>\n<a href=\"https:\/\/twitter.com\/search?q=%23AMLOInepto&amp;src=hash\">#AMLOInepto<\/a><\/p>\n<p><a href=\"https:\/\/t.co\/wCc3iGW\u2026\" rel=\"nofollow\">https:\/\/t.co\/wCc3iGW\u2026<\/a> <a class=\"ws_tweet_time\" href=\"https:\/\/twitter.com\/webadedios\/statuses\/1196111997798100992\">-&gt;<\/a><\/li>\n<li class=\"ws_tweet\">RT <a href=\"https:\/\/twitter.com\/Forrorico\">@Forrorico<\/a>: <a href=\"https:\/\/twitter.com\/RicardoMonrealA\">@RicardoMonrealA<\/a> Mira Ricky esta caricatura (no el gobierno de caricatura el de uds. &quot;NarcoMORENA&quot;) en 4 fases dice todo gra\u2026 <a class=\"ws_tweet_time\" href=\"https:\/\/twitter.com\/webadedios\/statuses\/1196111936657743873\">-&gt;<\/a><\/li>\n<li class=\"ws_tweet\">el Actual Gobierno solo es mentiras, otros Datos, Odio, culpas, violencia, corrupci\u00f3n, inseguridad\n<p><a href=\"https:\/\/twitter.com\/search?q=%23AMLOInepto&amp;src=hash\">#AMLOInepto<\/a> <a class=\"ws_tweet_time\" href=\"https:\/\/twitter.com\/webadedios\/statuses\/1196111534319185920\">-&gt;<\/a><\/li>\n<li class=\"ws_tweet\">RT <a href=\"https:\/\/twitter.com\/yosoylocke\">@yosoylocke<\/a>: Hace unos a\u00f1os, hubiera sido impensable despertarse una ma\u00f1ana, con la noticia de que M\u00e9xico tiene un nuevo sistema de cast\u2026 <a class=\"ws_tweet_time\" href=\"https:\/\/twitter.com\/webadedios\/statuses\/1196111391310127104\">-&gt;<\/a><\/li>\n<li class=\"ws_tweet\">RT <a href=\"https:\/\/twitter.com\/ExijamosM\">@ExijamosM<\/a>: El pueblo feliz prisionero del crimen. L\u00f3pez sigue de gira, destruyendo las ong\u2019s, acabando con la democracia.<br \/>\nHunden a Acap\u2026 <a class=\"ws_tweet_time\" href=\"https:\/\/twitter.com\/webadedios\/statuses\/1196102618726174720\">-&gt;<\/a><\/li>\n<li class=\"ws_tweet\">RT <a href=\"https:\/\/twitter.com\/Antonio_Rosique\">@Antonio_Rosique<\/a>: Los 11 futbolistas de <a href=\"https:\/\/twitter.com\/search?q=%23Chivas&amp;src=hash\">#Chivas<\/a> exportados a Europa en la era <a href=\"https:\/\/twitter.com\/search?q=%23JorgeVergara&amp;src=hash\">#JorgeVergara<\/a>\n<p>&#8211; Javier Hern\u00e1ndez<br \/>\n&#8211; Carlos Vela<br \/>\n&#8211; Carlos\u2026 <a class=\"ws_tweet_time\" href=\"https:\/\/twitter.com\/webadedios\/statuses\/1196102484017766402\">-&gt;<\/a><\/li>\n<li class=\"ws_tweet\">RT <a href=\"https:\/\/twitter.com\/El_Universal_Mx\">@El_Universal_Mx<\/a>: Hay tres personas detenidas <a href=\"https:\/\/t.co\/X5UBlzOHlW\" rel=\"nofollow\">https:\/\/t.co\/X5UBlzOHlW<\/a> <a class=\"ws_tweet_time\" href=\"https:\/\/twitter.com\/webadedios\/statuses\/1195612118265090048\">-&gt;<\/a><\/li>\n<li class=\"ws_tweet\">Yodita esta de huevos <a class=\"ws_tweet_time\" href=\"https:\/\/twitter.com\/webadedios\/statuses\/1195611464335319040\">-&gt;<\/a><\/li>\n<li class=\"ws_tweet\">estoy disfrutando <a href=\"https:\/\/twitter.com\/search?q=%23TheMandalorian&amp;src=hash\">#TheMandalorian<\/a><br \/>\n no es normal, es tan Star Wars pero a la vez tan fresco y bueno <a class=\"ws_tweet_time\" href=\"https:\/\/twitter.com\/webadedios\/statuses\/1195611407389265920\">-&gt;<\/a><\/li>\n<li class=\"ws_tweet\">Yala preventa para la pelicula de star wars \ud83d\ude42 <a class=\"ws_tweet_time\" href=\"https:\/\/twitter.com\/webadedios\/statuses\/1195611056212709381\">-&gt;<\/a><\/li>\n<li class=\"ws_tweet\">peli Ford vs Ferrari apintada a mi lista de pelis a ver <a class=\"ws_tweet_time\" href=\"https:\/\/twitter.com\/webadedios\/statuses\/1195610968933511169\">-&gt;<\/a><\/li>\n<li class=\"ws_tweet\">Esta noche en Nuevo Laredo hay cierre de puente internacional, balaceras en diferentes zonas de la ciudad y camione\u2026 <a href=\"https:\/\/t.co\/76uRcH9ZDJ\" rel=\"nofollow\">https:\/\/t.co\/76uRcH9ZDJ<\/a> <a class=\"ws_tweet_time\" href=\"https:\/\/twitter.com\/webadedios\/statuses\/1195609447164469248\">-&gt;<\/a><\/li>\n<li class=\"ws_tweet\">RT <a href=\"https:\/\/twitter.com\/alfredososa293\">@alfredososa293<\/a>: <a href=\"https:\/\/twitter.com\/tumbaburross\">@tumbaburross<\/a> Que no loa distraiga el tema de Bolivia. Asi esta Nuevo Laredo en este momento. Toda la ciudad bloqueada\u2026 <a class=\"ws_tweet_time\" href=\"https:\/\/twitter.com\/webadedios\/statuses\/1195609231208206336\">-&gt;<\/a><\/li>\n<li class=\"ws_tweet\">L\u00f3pez Obrador,eres candil de la calle ya llevas 33,600 muertos y a\u00fan culpas a Calder\u00f3n <a class=\"ws_tweet_time\" href=\"https:\/\/twitter.com\/webadedios\/statuses\/1195609049192157184\">-&gt;<\/a><\/li>\n<li class=\"ws_tweet\">RT <a href=\"https:\/\/twitter.com\/GlodeJo07\">@GlodeJo07<\/a>: Los ciudadanos de Nuevo Laredo llevan horas en medio de balaceras, bloqueos y violencia, pero eso qu\u00e9 importa, al cabo Evo M\u2026 <a class=\"ws_tweet_time\" href=\"https:\/\/twitter.com\/webadedios\/statuses\/1195608683604041728\">-&gt;<\/a><\/li>\n<li class=\"ws_tweet\">Nuevo Laredo est\u00e1 secuestrado por la violencia, bloqueos, civiles armados, balaceras y autos incendiados. <a class=\"ws_tweet_time\" href=\"https:\/\/twitter.com\/webadedios\/statuses\/1195608516242870272\">-&gt;<\/a><\/li>\n<li class=\"ws_tweet\">Mis fondos de pantalla en este momento son de Mandalorian <a class=\"ws_tweet_time\" href=\"https:\/\/twitter.com\/webadedios\/statuses\/1195608252106625024\">-&gt;<\/a><\/li>\n<li class=\"ws_tweet\">Mandalorian muy bueno <a class=\"ws_tweet_time\" href=\"https:\/\/twitter.com\/webadedios\/statuses\/1195608132715761670\">-&gt;<\/a><\/li>\n<li class=\"ws_tweet\">Todo M\u00e9xico sabemos q la se\u00f1ora Piedra no cumpl\u00eda con los requisitos  para la CNDH, ni los m\u00e1s m\u00ednimos <a class=\"ws_tweet_time\" href=\"https:\/\/twitter.com\/webadedios\/statuses\/1195549429736103943\">-&gt;<\/a><\/li>\n<li class=\"ws_tweet\">RT <a href=\"https:\/\/twitter.com\/NBALAKERSBLOG\">@NBALAKERSBLOG<\/a>: Los 5 titulares de <a href=\"https:\/\/twitter.com\/search?q=%23LakeShow&amp;src=hash\">#LakeShow<\/a> para jugar contra <a href=\"https:\/\/twitter.com\/search?q=%23SacramentoProud&amp;src=hash\">#SacramentoProud<\/a>\n<p>\ud83d\udd22 LeBron Raymone James<br \/>\n2\u20e3 Kentavious &quot;Stormtrooper&quot; Ca\u2026 <a class=\"ws_tweet_time\" href=\"https:\/\/twitter.com\/webadedios\/statuses\/1195549004915982336\">-&gt;<\/a><\/li>\n<li class=\"ws_tweet\">Jorge Vergara Madrigal , falleci\u00f3 el d\u00eda de hoy en Nueva York,adquiri\u00f3 a las Chivas en 2002,En su \u00e9poca el club log\u2026 <a href=\"https:\/\/t.co\/4P4GbhqjPT\" rel=\"nofollow\">https:\/\/t.co\/4P4GbhqjPT<\/a> <a class=\"ws_tweet_time\" href=\"https:\/\/twitter.com\/webadedios\/statuses\/1195477593950175232\">-&gt;<\/a><\/li>\n<li class=\"ws_tweet\">Seg\u00fan el hijo de Jorge Vergara, el presidente y fundador de las Chivas falleci\u00f3 por un paro cardiorrespiratorio <a class=\"ws_tweet_time\" href=\"https:\/\/twitter.com\/webadedios\/statuses\/1195477380732719105\">-&gt;<\/a><\/li>\n<li class=\"ws_tweet\">Qpd se vergara un gran l\u00edder de las chivas mi m\u00e1s sentido p\u00e9same a su familia que Dios les de pronta recuperaci\u00f3n QEPD <a class=\"ws_tweet_time\" href=\"https:\/\/twitter.com\/webadedios\/statuses\/1195476899285389312\">-&gt;<\/a><\/li>\n<li class=\"ws_tweet\">RT <a href=\"https:\/\/twitter.com\/joserra_espn\">@joserra_espn<\/a>: Me acabo de enterar de la muerte del empresario Jorge Vergara due\u00f1o del equipo m\u00e1s popular de M\u00e9xico, las Chivas. Tuve un\u2026 <a class=\"ws_tweet_time\" href=\"https:\/\/twitter.com\/webadedios\/statuses\/1195476577494192131\">-&gt;<\/a><\/li>\n<li class=\"ws_tweet\">RT <a href=\"https:\/\/twitter.com\/GarciaPosti\">@GarciaPosti<\/a>: QEPD Jorge Vergara. Dirigente vanguardista, audaz, so\u00f1ador, loco y genio. De esos hombres que al f\u00fatbol mexicano le faltan. <a class=\"ws_tweet_time\" href=\"https:\/\/twitter.com\/webadedios\/statuses\/1195476476042399745\">-&gt;<\/a><\/li>\n<li class=\"ws_tweet\">RT <a href=\"https:\/\/twitter.com\/bereaguilarv\">@bereaguilarv<\/a>: La venta de coches cay\u00f3 7.6%<br \/>\nLa producci\u00f3n industrial cay\u00f3 1.7%<br \/>\nLa inversi\u00f3n p\u00fablica cay\u00f3 14%<br \/>\nLa inversi\u00f3n privada cay\u00f3\u2026 <a class=\"ws_tweet_time\" href=\"https:\/\/twitter.com\/webadedios\/statuses\/1195397079209857026\">-&gt;<\/a><\/li>\n<li class=\"ws_tweet\">RT <a href=\"https:\/\/twitter.com\/ElFinanciero_Mx\">@ElFinanciero_Mx<\/a>: <a href=\"https:\/\/twitter.com\/search?q=%23MonerosFinancieros&amp;src=hash\">#MonerosFinancieros<\/a>: Malware, de <a href=\"https:\/\/twitter.com\/Garcimonero\">@Garcimonero<\/a>. <a href=\"https:\/\/t.co\/cPBmG05kO9\" rel=\"nofollow\">https:\/\/t.co\/cPBmG05kO9<\/a> <a href=\"https:\/\/t.co\/29leDhG908\" rel=\"nofollow\">https:\/\/t.co\/29leDhG908<\/a> <a class=\"ws_tweet_time\" href=\"https:\/\/twitter.com\/webadedios\/statuses\/1195396796945780736\">-&gt;<\/a><\/li>\n<li class=\"ws_tweet\">RT <a href=\"https:\/\/twitter.com\/PedroFerriz\">@PedroFerriz<\/a>: Moches los que <a href=\"https:\/\/twitter.com\/search?q=%23AMLO&amp;src=hash\">#AMLO<\/a> recib\u00eda cuando andaba recorriendo todo el pa\u00eds.<br \/>\nLa Diputada Etelvina Correa Dami\u00e1n <a href=\"https:\/\/twitter.com\/search?q=%23PT&amp;src=hash\">#PT<\/a>, asegur\u00f3 que e\u2026 <a class=\"ws_tweet_time\" href=\"https:\/\/twitter.com\/webadedios\/statuses\/1195396629853020162\">-&gt;<\/a><\/li>\n<li class=\"ws_tweet\">RT <a href=\"https:\/\/twitter.com\/miseleccionmx\">@miseleccionmx<\/a>: <a href=\"https:\/\/twitter.com\/search?q=%23Sub17&amp;src=hash\">#Sub17<\/a> | \u00a1A un paso del gran sue\u00f1o! \ud83e\udd29 \ud83e\udd29\n<p>\u00a1Sigamos juntos en esta aventura, Incondicionales! \ud83d\udc9a \ud83d\udc9a<\/p>\n<p><a href=\"https:\/\/twitter.com\/search?q=%23U17WC&amp;src=hash\">#U17WC<\/a> | <a href=\"https:\/\/twitter.com\/search?q=%23Pasi&amp;src=hash\">#Pasi<\/a>\u00f3nyOrgull\u2026 <a class=\"ws_tweet_time\" href=\"https:\/\/twitter.com\/webadedios\/statuses\/1195127686928064513\">-&gt;<\/a><\/li>\n<li class=\"ws_tweet\">RT <a href=\"https:\/\/twitter.com\/ElFinanciero_Mx\">@ElFinanciero_Mx<\/a>: Guillermo del Toro (<a href=\"https:\/\/twitter.com\/RealGDT\">@RealGDT<\/a>) reclam\u00f3 que <a href=\"https:\/\/twitter.com\/VictoriaMX\">@VictoriaMX<\/a> no tiene autorizaci\u00f3n para presentar latas de cerveza con im\u00e1gen\u2026 <a class=\"ws_tweet_time\" href=\"https:\/\/twitter.com\/webadedios\/statuses\/1195062450930044929\">-&gt;<\/a><\/li>\n<li class=\"ws_tweet\">RT <a href=\"https:\/\/twitter.com\/isabellemexico\">@isabellemexico<\/a>: El Estado Mayor Presidencial ya no nos va a costar por que ya no va a existir.<br \/>\n3 doritos despu\u00e9s&#8230;<br \/>\n12 elementos del Es\u2026 <a class=\"ws_tweet_time\" href=\"https:\/\/twitter.com\/webadedios\/statuses\/1194860881974353920\">-&gt;<\/a><\/li>\n<li class=\"ws_tweet\">RT <a href=\"https:\/\/twitter.com\/PejitoJuarez\">@PejitoJuarez<\/a>: Las cosas por su nombre.\n<p>\u2013 Citlali est\u00e1 gorda.<br \/>\n\u2013 Rosario Piedra es hermana de un asesino terrorista y secuestrador.<br \/>\n\u2013 Ev\u2026 <a class=\"ws_tweet_time\" href=\"https:\/\/twitter.com\/webadedios\/statuses\/1194860616810450944\">-&gt;<\/a><\/li>\n<li class=\"ws_tweet\">RT <a href=\"https:\/\/twitter.com\/LaCuatrina\">@LaCuatrina<\/a>: Primero le hacen una placa al pedofilo l\u00edder de la Secta Luz del Mundo, en el Congreso.\n<p>Ahora, nombran Hu\u00e9sped Distinguido\u2026 <a class=\"ws_tweet_time\" href=\"https:\/\/twitter.com\/webadedios\/statuses\/1194860513521475584\">-&gt;<\/a><\/li>\n<li class=\"ws_tweet\">RT <a href=\"https:\/\/twitter.com\/GMonroyEnergy\">@GMonroyEnergy<\/a>: Si lo piensan, la invitaci\u00f3n de <a href=\"https:\/\/twitter.com\/lopezobrador_\">@lopezobrador_<\/a> a Evo para evadirse de Bolivia (dejemos de llamarlo asilo) es consistente\u2026 <a class=\"ws_tweet_time\" href=\"https:\/\/twitter.com\/webadedios\/statuses\/1194860348072960000\">-&gt;<\/a><\/li>\n<li class=\"ws_tweet\">RT <a href=\"https:\/\/twitter.com\/FerBetancourt9\">@FerBetancourt9<\/a>: \u201cNo me quieren por ser indio\u201d Evo Morales.\n<p>\u201cSe burlan de mi por ser gorda\u201d Citlali <\/p>\n<p>\u201cEl imperio me tiene bloqueado\u201d\u2026 <a class=\"ws_tweet_time\" href=\"https:\/\/twitter.com\/webadedios\/statuses\/1194859730046521346\">-&gt;<\/a><\/li>\n<li class=\"ws_tweet\">RT <a href=\"https:\/\/twitter.com\/GianMeda\">@GianMeda<\/a>: Evo Morales tendr\u00e1 escoltas para garantizar su seguridad en M\u00e9xico.<br \/>\nA un extranjero le ponen escoltas para que no le suceda n\u2026 <a class=\"ws_tweet_time\" href=\"https:\/\/twitter.com\/webadedios\/statuses\/1194859687751147521\">-&gt;<\/a><\/li>\n<\/ul>\n<!--CusAds0-->\n<div style=\"font-size: 0px; height: 0px; line-height: 0px; margin: 0; padding: 0; clear: both;\"><\/div>","protected":false},"excerpt":{"rendered":"<p>Mis twitts del 2019-11-13 al 2019-11-19<\/p>\n","protected":false},"author":1,"featured_media":0,"comment_status":"open","ping_status":"open","sticky":false,"template":"","format":"standard","meta":{"footnotes":""},"categories":[2],"tags":[1878,966,1876,1877,1720,60],"class_list":["post-8523","post","type-post","status-publish","format-standard","hentry","category-actividades","tag-digo","tag-red","tag-social","tag-tuits","tag-tweets","tag-twitter"],"_links":{"self":[{"href":"https:\/\/webadedios.com\/blog\/wp-json\/wp\/v2\/posts\/8523","targetHints":{"allow":["GET"]}}],"collection":[{"href":"https:\/\/webadedios.com\/blog\/wp-json\/wp\/v2\/posts"}],"about":[{"href":"https:\/\/webadedios.com\/blog\/wp-json\/wp\/v2\/types\/post"}],"author":[{"embeddable":true,"href":"https:\/\/webadedios.com\/blog\/wp-json\/wp\/v2\/users\/1"}],"replies":[{"embeddable":true,"href":"https:\/\/webadedios.com\/blog\/wp-json\/wp\/v2\/comments?post=8523"}],"version-history":[{"count":0,"href":"https:\/\/webadedios.com\/blog\/wp-json\/wp\/v2\/posts\/8523\/revisions"}],"wp:attachment":[{"href":"https:\/\/webadedios.com\/blog\/wp-json\/wp\/v2\/media?parent=8523"}],"wp:term":[{"taxonomy":"category","embeddable":true,"href":"https:\/\/webadedios.com\/blog\/wp-json\/wp\/v2\/categories?post=8523"},{"taxonomy":"post_tag","embeddable":true,"href":"https:\/\/webadedios.com\/blog\/wp-json\/wp\/v2\/tags?post=8523"}],"curies":[{"name":"wp","href":"https:\/\/api.w.org\/{rel}","templated":true}]}}