{"id":8522,"date":"2019-11-13T05:40:00","date_gmt":"2019-11-13T11:40:00","guid":{"rendered":"http:\/\/webadedios.com\/blog\/?p=8522"},"modified":"2019-11-13T05:40:00","modified_gmt":"2019-11-13T11:40:00","slug":"mis-twitts-del-2019-11-06-al-2019-11-12","status":"publish","type":"post","link":"https:\/\/webadedios.com\/blog\/2019\/actividades\/mis-twitts-del-2019-11-06-al-2019-11-12\/","title":{"rendered":"Mis twitts del 2019-11-06 al 2019-11-12"},"content":{"rendered":"<ul class=\"ws_tweet_list\">\n<li class=\"ws_tweet\">RT <a href=\"https:\/\/twitter.com\/VicenteFoxQue\">@VicenteFoxQue<\/a>: A mi tambien!! <a href=\"https:\/\/t.co\/3Ee7adzFlO\" rel=\"nofollow\">https:\/\/t.co\/3Ee7adzFlO<\/a> <a class=\"ws_tweet_time\" href=\"https:\/\/twitter.com\/webadedios\/statuses\/1194362314469847044\">-&gt;<\/a><\/li>\n<li class=\"ws_tweet\">RT <a href=\"https:\/\/twitter.com\/ElFinanciero_Mx\">@ElFinanciero_Mx<\/a>: <a href=\"https:\/\/twitter.com\/search?q=%23Opini&amp;src=hash\">#Opini<\/a>\u00f3n Hay que detener en seco, venga de la formaci\u00f3n pol\u00edtica que venga, a quienes con odio quieren inflamar los \u00e1n\u2026 <a class=\"ws_tweet_time\" href=\"https:\/\/twitter.com\/webadedios\/statuses\/1194362194625871872\">-&gt;<\/a><\/li>\n<li class=\"ws_tweet\">Creaci\u00f3n de empleo formal cae 2% en octubre respecto a 2018: IMSS. <a class=\"ws_tweet_time\" href=\"https:\/\/twitter.com\/webadedios\/statuses\/1194362060911632386\">-&gt;<\/a><\/li>\n<li class=\"ws_tweet\">RT <a href=\"https:\/\/twitter.com\/ChairosY\">@ChairosY<\/a>: Postdata, pag. 8 y \u00faltima:\n<p>Este hilo est\u00e1 dedicado a:<br \/>\n&#8211; Los ni\u00f1os con c\u00e1ncer y sin medicamentos<br \/>\n&#8211; Los enfermos de c\u00e1ncer sin\u2026 <a class=\"ws_tweet_time\" href=\"https:\/\/twitter.com\/webadedios\/statuses\/1194357913353150469\">-&gt;<\/a><\/li>\n<li class=\"ws_tweet\">Ahh pero no fueran normalistas,porque a esos hasta plazas les dan a ellos y a sus nietos!!! <a class=\"ws_tweet_time\" href=\"https:\/\/twitter.com\/webadedios\/statuses\/1194341766557847552\">-&gt;<\/a><\/li>\n<li class=\"ws_tweet\">Federales agreden a polic\u00edas con gas pimienta en\u00a0AICM <a class=\"ws_tweet_time\" href=\"https:\/\/twitter.com\/webadedios\/statuses\/1194341659363938304\">-&gt;<\/a><\/li>\n<li class=\"ws_tweet\">Horrible la represi\u00f3n en el aeropuerto <a class=\"ws_tweet_time\" href=\"https:\/\/twitter.com\/webadedios\/statuses\/1194341518187859969\">-&gt;<\/a><\/li>\n<li class=\"ws_tweet\">RT <a href=\"https:\/\/twitter.com\/flyndamx\">@flyndamx<\/a>: Ahora s\u00ed, con todas sus letras: Andr\u00e9s Manuel L\u00f3pez Obrador \u00a1Eres un HIP\u00d3CRITA! \u00a1Nada de austeridad! \u00a1Nada de no intervenci\u00f3n\u2026 <a class=\"ws_tweet_time\" href=\"https:\/\/twitter.com\/webadedios\/statuses\/1194322784173875207\">-&gt;<\/a><\/li>\n<li class=\"ws_tweet\">RT <a href=\"https:\/\/twitter.com\/GianMeda\">@GianMeda<\/a>: Morena ha puesto en marcha una estrategia que le permitir\u00e1, en unos meses, controlar el INE\u2757<br \/>\nPero todos muy preocupados por e\u2026 <a class=\"ws_tweet_time\" href=\"https:\/\/twitter.com\/webadedios\/statuses\/1194321875100487681\">-&gt;<\/a><\/li>\n<li class=\"ws_tweet\">ya me urge ver el primer episodio de <a href=\"https:\/\/twitter.com\/search?q=%23TheMandalorian&amp;src=hash\">#TheMandalorian<\/a> para alegrarme el d\u00eda <a class=\"ws_tweet_time\" href=\"https:\/\/twitter.com\/webadedios\/statuses\/1194321120910073857\">-&gt;<\/a><\/li>\n<li class=\"ws_tweet\">Hoy se quiere consumar el Golpe contra una Comisi\u00f3n Nacional de Derechos Humanos que se busca sea aut\u00f3noma y un con\u2026 <a href=\"https:\/\/t.co\/7MTeDwAleU\" rel=\"nofollow\">https:\/\/t.co\/7MTeDwAleU<\/a> <a class=\"ws_tweet_time\" href=\"https:\/\/twitter.com\/webadedios\/statuses\/1194320847479214080\">-&gt;<\/a><\/li>\n<li class=\"ws_tweet\"><a href=\"https:\/\/twitter.com\/search?q=%23NoAlFraudeCNDH&amp;src=hash\">#NoAlFraudeCNDH<\/a>\n<p>Es inaceptable que mediante el fraude y la trampa quieran adue\u00f1arse de la <a href=\"https:\/\/twitter.com\/CNDH\">@CNDH<\/a><br \/>\n.<\/p>\n<p><a href=\"https:\/\/twitter.com\/search?q=%23NoAlFraudeCNDH&amp;src=hash\">#NoAlFraudeCNDH<\/a> <a class=\"ws_tweet_time\" href=\"https:\/\/twitter.com\/webadedios\/statuses\/1194320746903953408\">-&gt;<\/a><\/li>\n<li class=\"ws_tweet\">El asilo pol\u00edtico es para las v\u00edctimas&#8230;. no para los victimarios\n<p><a href=\"https:\/\/twitter.com\/search?q=%23AMLOtraidorMX&amp;src=hash\">#AMLOtraidorMX<\/a> <a class=\"ws_tweet_time\" href=\"https:\/\/twitter.com\/webadedios\/statuses\/1194320361665503233\">-&gt;<\/a><\/li>\n<li class=\"ws_tweet\">L\u00f3pez Obrador da asilo a dictadores, corruptos y saqueadores de sus pueblos.<br \/>\nDoctrina L\u00f3pez<br \/>\n<a href=\"https:\/\/twitter.com\/search?q=%23AMLOtraidorMX&amp;src=hash\">#AMLOtraidorMX<\/a><br \/>\n<a href=\"https:\/\/twitter.com\/search?q=%23EvoNoEresBienvenidoEnMexico&amp;src=hash\">#EvoNoEresBienvenidoEnMexico<\/a> <a class=\"ws_tweet_time\" href=\"https:\/\/twitter.com\/webadedios\/statuses\/1194320077564321793\">-&gt;<\/a><\/li>\n<li class=\"ws_tweet\">RT <a href=\"https:\/\/twitter.com\/yosoylocke\">@yosoylocke<\/a>: Te hablo <a href=\"https:\/\/twitter.com\/search?q=%23Bolivia&amp;src=hash\">#Bolivia<\/a> para que escuches <a href=\"https:\/\/twitter.com\/search?q=%23M&amp;src=hash\">#M<\/a>\u00e9xico&#8230; cuando un gobierno autoritario, abusa de tener mayor\u00eda en poder legislativo,\u2026 <a class=\"ws_tweet_time\" href=\"https:\/\/twitter.com\/webadedios\/statuses\/1194319966729916416\">-&gt;<\/a><\/li>\n<li class=\"ws_tweet\">RT <a href=\"https:\/\/twitter.com\/SimnTolomeo2\">@SimnTolomeo2<\/a>: A la luz del  fraude electoral que desemboc\u00f3 en una revuelta y deposici\u00f3n de Evo, dudo mucho que L\u00f3pez prosiga con sus an\u2026 <a class=\"ws_tweet_time\" href=\"https:\/\/twitter.com\/webadedios\/statuses\/1194319888006942720\">-&gt;<\/a><\/li>\n<li class=\"ws_tweet\">a AMLO le urg\u00eda una cortina de humo para desviar tantos asesinatos y su mal gobierno con crecimiento 0.0%<br \/>\n<a href=\"https:\/\/twitter.com\/search?q=%23AMLOtraidorMX&amp;src=hash\">#AMLOtraidorMX<\/a> <a class=\"ws_tweet_time\" href=\"https:\/\/twitter.com\/webadedios\/statuses\/1194319870411890689\">-&gt;<\/a><\/li>\n<li class=\"ws_tweet\">RT <a href=\"https:\/\/twitter.com\/fdavilaleyva\">@fdavilaleyva<\/a>: Siempre hay un tuit. <a href=\"https:\/\/twitter.com\/search?q=%23AMLOtraidorMX&amp;src=hash\">#AMLOtraidorMX<\/a> <a href=\"https:\/\/t.co\/gR8CFYH3aQ\" rel=\"nofollow\">https:\/\/t.co\/gR8CFYH3aQ<\/a> <a class=\"ws_tweet_time\" href=\"https:\/\/twitter.com\/webadedios\/statuses\/1194319716308963329\">-&gt;<\/a><\/li>\n<li class=\"ws_tweet\">El Gobierno de M\u00e9xico no solo libera a delincuentes: tambi\u00e9n les da asilo.\n<p><a href=\"https:\/\/twitter.com\/search?q=%23EvoNoEresBienvenidoEnMexico&amp;src=hash\">#EvoNoEresBienvenidoEnMexico<\/a> <a class=\"ws_tweet_time\" href=\"https:\/\/twitter.com\/webadedios\/statuses\/1194248076552265728\">-&gt;<\/a><\/li>\n<li class=\"ws_tweet\">asco de gobierno, perd\u00f3n Bolivia no te merec\u00edas esta traici\u00f3n.\n<p> Me dueles M\u00e9xico <a href=\"https:\/\/twitter.com\/search?q=%23EvoNoEresBienvenidoEnMexico&amp;src=hash\">#EvoNoEresBienvenidoEnMexico<\/a>\u2026 <a href=\"https:\/\/t.co\/ctyBJrbrMD\" rel=\"nofollow\">https:\/\/t.co\/ctyBJrbrMD<\/a> <a class=\"ws_tweet_time\" href=\"https:\/\/twitter.com\/webadedios\/statuses\/1194247907895136256\">-&gt;<\/a><\/li>\n<li class=\"ws_tweet\">Reciben como h\u00e9roe a un cabr\u00f3n que por tercera vez quer\u00eda reelegirse como presidente de su pa\u00eds, y que a todas luce\u2026 <a href=\"https:\/\/t.co\/aB48B7cN8W\" rel=\"nofollow\">https:\/\/t.co\/aB48B7cN8W<\/a> <a class=\"ws_tweet_time\" href=\"https:\/\/twitter.com\/webadedios\/statuses\/1194247719998672896\">-&gt;<\/a><\/li>\n<li class=\"ws_tweet\">RT <a href=\"https:\/\/twitter.com\/PedroFerriz\">@PedroFerriz<\/a>: Con el repudio de la regi\u00f3n, AMLO rescata y da asilo a Evo Morales. El ex Presidente de Bolivia asegura que regresar\u00e1 fort\u2026 <a class=\"ws_tweet_time\" href=\"https:\/\/twitter.com\/webadedios\/statuses\/1194247426170851328\">-&gt;<\/a><\/li>\n<li class=\"ws_tweet\">RT <a href=\"https:\/\/twitter.com\/ElFinanciero_Mx\">@ElFinanciero_Mx<\/a>: La producci\u00f3n industrial en M\u00e9xico acumul\u00f3 12 meses consecutivos a la baja. Esta es la mayor racha negativa desde la c\u2026 <a class=\"ws_tweet_time\" href=\"https:\/\/twitter.com\/webadedios\/statuses\/1194246954047459329\">-&gt;<\/a><\/li>\n<li class=\"ws_tweet\">RT <a href=\"https:\/\/twitter.com\/liatrueba\">@liatrueba<\/a>: Me encanta como les arde que Lilly T\u00e9llez tenga sus ideas propias.\n<p>Tambi\u00e9n me da risa ver a las feministas zurdas pidiendo\u2026 <a class=\"ws_tweet_time\" href=\"https:\/\/twitter.com\/webadedios\/statuses\/1193976026231169025\">-&gt;<\/a><\/li>\n<li class=\"ws_tweet\">El secretario de seguridad, Alfonso Durazo, se\u00f1al\u00f3 que un equipo del FBI ya est\u00e1 en M\u00e9xico para coadyuvar con las investigaciones del caso <a class=\"ws_tweet_time\" href=\"https:\/\/twitter.com\/webadedios\/statuses\/1193975614748921856\">-&gt;<\/a><\/li>\n<li class=\"ws_tweet\">RT <a href=\"https:\/\/twitter.com\/ArtiHerrera\">@ArtiHerrera<\/a>: El virus que atac\u00f3 a PEMEX es un ransomware, un ataque que pudo haber sido prevenido. Pero se rumora que desde diciembre d\u2026 <a class=\"ws_tweet_time\" href=\"https:\/\/twitter.com\/webadedios\/statuses\/1193975126473236486\">-&gt;<\/a><\/li>\n<li class=\"ws_tweet\">RT <a href=\"https:\/\/twitter.com\/JPAlvarezGuedea\">@JPAlvarezGuedea<\/a>: DETENIDA OPERACI\u00d3N DE <a href=\"https:\/\/twitter.com\/Pemex\">@Pemex<\/a> POR ATAQUE CIBERN\u00c9TICO.<br \/>\nUn virus paraliz\u00f3 a la empresa m\u00e1s grande del pa\u00eds&#8230;<br \/>\nCu\u00e1nto cost\u2026 <a class=\"ws_tweet_time\" href=\"https:\/\/twitter.com\/webadedios\/statuses\/1193974835724115969\">-&gt;<\/a><\/li>\n<li class=\"ws_tweet\">\u00bfPara qu\u00e9 gastar en ciber seguridad?, Es un gasto innecesario dec\u00edan, apliquemos austeridad en eso&#8230;8 meses despu\u00e9\u2026 <a href=\"https:\/\/t.co\/cxpRC7S6Yp\" rel=\"nofollow\">https:\/\/t.co\/cxpRC7S6Yp<\/a> <a class=\"ws_tweet_time\" href=\"https:\/\/twitter.com\/webadedios\/statuses\/1193974775133200384\">-&gt;<\/a><\/li>\n<li class=\"ws_tweet\">RT <a href=\"https:\/\/twitter.com\/dariocelise\">@dariocelise<\/a>: En estos momentos <a href=\"https:\/\/twitter.com\/Pemex\">@Pemex<\/a> est\u00e1 solicitando el respaldo de seguridad para unos 10 mil equipos aproximadamente porque hackear\u2026 <a class=\"ws_tweet_time\" href=\"https:\/\/twitter.com\/webadedios\/statuses\/1193974555276120065\">-&gt;<\/a><\/li>\n<li class=\"ws_tweet\">RT <a href=\"https:\/\/twitter.com\/StarLucif3r\">@StarLucif3r<\/a>: A ver <a href=\"https:\/\/twitter.com\/Claudiashein\">@Claudiashein<\/a>\n<p>Bolivia con Evo como presidente<br \/>\nAnalfabetismo<br \/>\n2006    3,0%<br \/>\n2018    12,4%<\/p>\n<p>Pobreza Moderada<br \/>\n2006  30\u2026 <a class=\"ws_tweet_time\" href=\"https:\/\/twitter.com\/webadedios\/statuses\/1193972118326784000\">-&gt;<\/a><\/li>\n<li class=\"ws_tweet\">RT <a href=\"https:\/\/twitter.com\/TPolitico2\">@TPolitico2<\/a>: Imag\u00ednense ser <a href=\"https:\/\/twitter.com\/Claudiashein\">@Claudiashein<\/a>. Jefa de Gobierno de la CDMX, funcionaria de grado \u201celite\u201d y gobernante de una capital mundial\u2026 <a class=\"ws_tweet_time\" href=\"https:\/\/twitter.com\/webadedios\/statuses\/1193788673839513600\">-&gt;<\/a><\/li>\n<li class=\"ws_tweet\">RT <a href=\"https:\/\/twitter.com\/JimenezLandin\">@JimenezLandin<\/a>: &#039;#Bolivia tiene un sistema presidencial, <a href=\"https:\/\/twitter.com\/search?q=%23Alemania&amp;src=hash\">#Alemania<\/a> es un pa\u00eds parlamentario con un gobierno de coalici\u00f3n&#039;, instruye Mart\u2026 <a class=\"ws_tweet_time\" href=\"https:\/\/twitter.com\/webadedios\/statuses\/1193788570919718912\">-&gt;<\/a><\/li>\n<li class=\"ws_tweet\">RT <a href=\"https:\/\/twitter.com\/josegonh\">@josegonh<\/a>: Este nivel de comentario en una Jefa  de gobierno es de pena ajena , por eso as\u00ed la <a href=\"https:\/\/twitter.com\/search?q=%23CDMX&amp;src=hash\">#CDMX<\/a> <a href=\"https:\/\/t.co\/Ct8LMoOTFi\" rel=\"nofollow\">https:\/\/t.co\/Ct8LMoOTFi<\/a> <a class=\"ws_tweet_time\" href=\"https:\/\/twitter.com\/webadedios\/statuses\/1193788473972531200\">-&gt;<\/a><\/li>\n<li class=\"ws_tweet\">Alguien expl\u00edquenle lo que significa un gobierno parlamentario como el de Alemania y sus diferencias con el de Boli\u2026 <a href=\"https:\/\/t.co\/bxyLUzs3cS\" rel=\"nofollow\">https:\/\/t.co\/bxyLUzs3cS<\/a> <a class=\"ws_tweet_time\" href=\"https:\/\/twitter.com\/webadedios\/statuses\/1193787996023263233\">-&gt;<\/a><\/li>\n<li class=\"ws_tweet\">Anyone want to watch the new Rick and Morty episode with me and kevin (unironically) <a class=\"ws_tweet_time\" href=\"https:\/\/twitter.com\/webadedios\/statuses\/1193787335315509248\">-&gt;<\/a><\/li>\n<li class=\"ws_tweet\">That new rick and morty episode go hard <a class=\"ws_tweet_time\" href=\"https:\/\/twitter.com\/webadedios\/statuses\/1193787123721285632\">-&gt;<\/a><\/li>\n<li class=\"ws_tweet\">RT <a href=\"https:\/\/twitter.com\/FrancoRox\">@FrancoRox<\/a>: Y quiero ver cu\u00e1ntos de esos 1000 alumnos llegan siquiera a graduarse. <a href=\"https:\/\/t.co\/k6DedavV7l\" rel=\"nofollow\">https:\/\/t.co\/k6DedavV7l<\/a> <a class=\"ws_tweet_time\" href=\"https:\/\/twitter.com\/webadedios\/statuses\/1193786523717644288\">-&gt;<\/a><\/li>\n<li class=\"ws_tweet\">RT <a href=\"https:\/\/twitter.com\/Funesta\">@Funesta<\/a>: Toda Guardia y Milicia tiene el fin \u00faltimo de salvaguardar la vida de sus compatriotas y defender a su pa\u00eds, m\u00e1s no de servir\u2026 <a class=\"ws_tweet_time\" href=\"https:\/\/twitter.com\/webadedios\/statuses\/1193786453622480896\">-&gt;<\/a><\/li>\n<li class=\"ws_tweet\">Cu\u00e1ndo Nicolas Maduro reprimi\u00f3 a su PUEBLO dijeron que no se met\u00edan en los asuntos de otros Pa\u00edses.<br \/>\nAhora que el PU\u2026 <a href=\"https:\/\/t.co\/bMfGKRMTJ6\" rel=\"nofollow\">https:\/\/t.co\/bMfGKRMTJ6<\/a> <a class=\"ws_tweet_time\" href=\"https:\/\/twitter.com\/webadedios\/statuses\/1193583479616921601\">-&gt;<\/a><\/li>\n<li class=\"ws_tweet\">Ojo <a href=\"https:\/\/twitter.com\/SEDENAmx\">@SEDENAmx<\/a><br \/>\n, en Bolivia, las fuerzas armadas, si saben a quien le deben lealtad. Su pueblo, el pais, la estabili\u2026 <a href=\"https:\/\/t.co\/KephOWbToo\" rel=\"nofollow\">https:\/\/t.co\/KephOWbToo<\/a> <a class=\"ws_tweet_time\" href=\"https:\/\/twitter.com\/webadedios\/statuses\/1193581236704464896\">-&gt;<\/a><\/li>\n<li class=\"ws_tweet\">Te hablan Evo para q oiga,lopitoz, q le partan su madre al traidor d Evo, y lo arrastren como a Benito Mussolini po\u2026 <a href=\"https:\/\/t.co\/ocbYW7BZky\" rel=\"nofollow\">https:\/\/t.co\/ocbYW7BZky<\/a> <a class=\"ws_tweet_time\" href=\"https:\/\/twitter.com\/webadedios\/statuses\/1193581093309571072\">-&gt;<\/a><\/li>\n<li class=\"ws_tweet\">Me permito enviar una felicitaci\u00f3n a Enrique Graue, por su reelecci\u00f3n como rector de la m\u00e1xima casa de estudios <a href=\"https:\/\/twitter.com\/UNAM_MX\">@UNAM_MX<\/a>\n<p>\u00a1Enhorabuena! <a class=\"ws_tweet_time\" href=\"https:\/\/twitter.com\/webadedios\/statuses\/1193319154368925696\">-&gt;<\/a><\/li>\n<li class=\"ws_tweet\">Digan lo que digan, chillen lo que chillen, haiiiga sido como como haiiiiga sido los BURROS BLANCOS SON CAMPEONES&#8230; Onefa <a class=\"ws_tweet_time\" href=\"https:\/\/twitter.com\/webadedios\/statuses\/1193318884968812545\">-&gt;<\/a><\/li>\n<li class=\"ws_tweet\">RT <a href=\"https:\/\/twitter.com\/AXL__tw\">@AXL__tw<\/a>: Les voy a dar un consejo, de coraz\u00f3n:\n<p>Si viven en MX, comiencen inmediatamente a planear sus pr\u00f3ximos 10 o 20 a\u00f1os, si les es\u2026 <a class=\"ws_tweet_time\" href=\"https:\/\/twitter.com\/webadedios\/statuses\/1193159389001195525\">-&gt;<\/a><\/li>\n<li class=\"ws_tweet\">ah\u00ed est\u00e1n todas las se\u00f1ales. Lo \u00faltimo, el fraude grotesco de la delegada de la CNDH, nos dice que NO se respetar\u00e1\u2026 <a href=\"https:\/\/t.co\/aloQQ5hnur\" rel=\"nofollow\">https:\/\/t.co\/aloQQ5hnur<\/a> <a class=\"ws_tweet_time\" href=\"https:\/\/twitter.com\/webadedios\/statuses\/1193157759937777664\">-&gt;<\/a><\/li>\n<li class=\"ws_tweet\">Es por dem\u00e1s, no hay m\u00e1s ciego que el que no quiere ver. Si hubiera ganado Cualquiera, hasta con el Bronco estar\u00edamos mejor. <a class=\"ws_tweet_time\" href=\"https:\/\/twitter.com\/webadedios\/statuses\/1193157580937482241\">-&gt;<\/a><\/li>\n<li class=\"ws_tweet\">Paresen ni\u00f1os de primaria, los votos se cuentan de uno en uno no puede haber mas de los que son. <a class=\"ws_tweet_time\" href=\"https:\/\/twitter.com\/webadedios\/statuses\/1193157323075866625\">-&gt;<\/a><\/li>\n<li class=\"ws_tweet\">RT <a href=\"https:\/\/twitter.com\/joserra_espn\">@joserra_espn<\/a>: Mi estimado <a href=\"https:\/\/twitter.com\/Faitelson_ESPN\">@Faitelson_ESPN<\/a> Antes de que se termine el d\u00eda te quiero desear lo mejor siempre, no s\u00f3lo hoy. FELIZ CUMPLEA\u00d1\u2026 <a class=\"ws_tweet_time\" href=\"https:\/\/twitter.com\/webadedios\/statuses\/1193156898201190401\">-&gt;<\/a><\/li>\n<li class=\"ws_tweet\">RT <a href=\"https:\/\/twitter.com\/JACrespo1\">@JACrespo1<\/a>: Dice Morena que no se puede repetir la votaci\u00f3n sobre la CNDH, pero hace un a\u00f1o repitieron la votaci\u00f3n para dar una licencia\u2026 <a class=\"ws_tweet_time\" href=\"https:\/\/twitter.com\/webadedios\/statuses\/1193156660455452672\">-&gt;<\/a><\/li>\n<li class=\"ws_tweet\">RT <a href=\"https:\/\/twitter.com\/cigarroamargo12\">@cigarroamargo12<\/a>: <a href=\"https:\/\/twitter.com\/NBALAKERSBLOG\">@NBALAKERSBLOG<\/a> Lo dicho \u201cel gigante despert\u00f3\u201d. Sent\u00e9monos y disfrutemos el colosal equipo que se ha formado, garant\u00eda\u2026 <a class=\"ws_tweet_time\" href=\"https:\/\/twitter.com\/webadedios\/statuses\/1193156479920029696\">-&gt;<\/a><\/li>\n<li class=\"ws_tweet\">Lista primera final entre equipos <a href=\"https:\/\/twitter.com\/IPN_MX\">@IPN_MX<\/a> de \ud83c\udfc8 en 30 a\u00f1os: <a href=\"https:\/\/twitter.com\/BurrosBlancos\">@BurrosBlancos<\/a> vs <a href=\"https:\/\/twitter.com\/AguilasBlancas\">@AguilasBlancas<\/a> <a class=\"ws_tweet_time\" href=\"https:\/\/twitter.com\/webadedios\/statuses\/1193155688555515904\">-&gt;<\/a><\/li>\n<li class=\"ws_tweet\">Hoy hace 500 a\u00f1os se encontraron por primera vez Moctezuma y Hern\u00e1n Cort\u00e9s.<br \/>\n\u300a&#8230;No somos vencedores ni vencidos; so\u2026 <a href=\"https:\/\/t.co\/3PDEVvDyFI\" rel=\"nofollow\">https:\/\/t.co\/3PDEVvDyFI<\/a> <a class=\"ws_tweet_time\" href=\"https:\/\/twitter.com\/webadedios\/statuses\/1192827985512017920\">-&gt;<\/a><\/li>\n<li class=\"ws_tweet\">Para los que amamos a Ciudad de M\u00e9xico (aunque a veces no): hoy hace exactamente 500 a\u00f1os Moctezuma y Hern\u00e1n Cort\u00e9s\u2026 <a href=\"https:\/\/t.co\/jxrkHWUU9R\" rel=\"nofollow\">https:\/\/t.co\/jxrkHWUU9R<\/a> <a class=\"ws_tweet_time\" href=\"https:\/\/twitter.com\/webadedios\/statuses\/1192827736978534400\">-&gt;<\/a><\/li>\n<li class=\"ws_tweet\">Hace 500 a\u00f1os Hern\u00e1n Cort\u00e9s tuvo su encuentro con Moctezuma en Tenochtitlan. As\u00ed inici\u00f3 el encuentro de dos mundo. Espa\u00f1a y M\u00e9xico. \ud83c\uddea\ud83c\uddf8\ud83c\uddf2\ud83c\uddfd <a class=\"ws_tweet_time\" href=\"https:\/\/twitter.com\/webadedios\/statuses\/1192827650039005184\">-&gt;<\/a><\/li>\n<li class=\"ws_tweet\">El aeropuerto de Santa Luc\u00eda al final estar\u00e1 igual que AMLO, feo, de mal gusto y terminado sin estudios pero sobretodo INSERVIBLE. <a class=\"ws_tweet_time\" href=\"https:\/\/twitter.com\/webadedios\/statuses\/1192826572698521600\">-&gt;<\/a><\/li>\n<li class=\"ws_tweet\">RT <a href=\"https:\/\/twitter.com\/ZumpangoNet\">@ZumpangoNet<\/a>: El Tren Suburbano podr\u00eda llegar a la zona del nuevo aeropuerto de Santa Luc\u00eda en un recorrido de 35 minutos desde Buenavis\u2026 <a class=\"ws_tweet_time\" href=\"https:\/\/twitter.com\/webadedios\/statuses\/1192826521607647232\">-&gt;<\/a><\/li>\n<li class=\"ws_tweet\">Y:<br \/>\n&#8211; \u00bfQu\u00e9 pas\u00f3 con las pipas compradas por el desabasto de gasolina?<br \/>\n&#8211; Santa Luc\u00eda sin estudios de viabilidad y sin\u2026 <a href=\"https:\/\/t.co\/52xRzTu312\" rel=\"nofollow\">https:\/\/t.co\/52xRzTu312<\/a> <a class=\"ws_tweet_time\" href=\"https:\/\/twitter.com\/webadedios\/statuses\/1192826442062684162\">-&gt;<\/a><\/li>\n<li class=\"ws_tweet\">RT <a href=\"https:\/\/twitter.com\/GerCarrasco90\">@GerCarrasco90<\/a>: \u26a0\ufe0f \u00a1NO SE HAGAN BOLAS!\n<p>Aun SIN el fraude de los 116\/114 votos los n\u00fameros NO DAN para tener las 2\/3 partes. El art\u00edculo\u2026 <a class=\"ws_tweet_time\" href=\"https:\/\/twitter.com\/webadedios\/statuses\/1192825829732093952\">-&gt;<\/a><\/li>\n<li class=\"ws_tweet\">Muchas felicidades sr. Burak\n<p>m\u00e1s que merecido el reconocimiento para ti siempre claro en conocimientos <a class=\"ws_tweet_time\" href=\"https:\/\/twitter.com\/webadedios\/statuses\/1192554493604515840\">-&gt;<\/a><\/li>\n<\/ul>\n<!--CusAds0-->\n<div style=\"font-size: 0px; height: 0px; line-height: 0px; margin: 0; padding: 0; clear: both;\"><\/div>","protected":false},"excerpt":{"rendered":"<p>Mis twitts del 2019-11-06 al 2019-11-12<\/p>\n","protected":false},"author":1,"featured_media":0,"comment_status":"open","ping_status":"open","sticky":false,"template":"","format":"standard","meta":{"footnotes":""},"categories":[2],"tags":[1878,966,1876,1877,1720,60],"class_list":["post-8522","post","type-post","status-publish","format-standard","hentry","category-actividades","tag-digo","tag-red","tag-social","tag-tuits","tag-tweets","tag-twitter"],"_links":{"self":[{"href":"https:\/\/webadedios.com\/blog\/wp-json\/wp\/v2\/posts\/8522","targetHints":{"allow":["GET"]}}],"collection":[{"href":"https:\/\/webadedios.com\/blog\/wp-json\/wp\/v2\/posts"}],"about":[{"href":"https:\/\/webadedios.com\/blog\/wp-json\/wp\/v2\/types\/post"}],"author":[{"embeddable":true,"href":"https:\/\/webadedios.com\/blog\/wp-json\/wp\/v2\/users\/1"}],"replies":[{"embeddable":true,"href":"https:\/\/webadedios.com\/blog\/wp-json\/wp\/v2\/comments?post=8522"}],"version-history":[{"count":0,"href":"https:\/\/webadedios.com\/blog\/wp-json\/wp\/v2\/posts\/8522\/revisions"}],"wp:attachment":[{"href":"https:\/\/webadedios.com\/blog\/wp-json\/wp\/v2\/media?parent=8522"}],"wp:term":[{"taxonomy":"category","embeddable":true,"href":"https:\/\/webadedios.com\/blog\/wp-json\/wp\/v2\/categories?post=8522"},{"taxonomy":"post_tag","embeddable":true,"href":"https:\/\/webadedios.com\/blog\/wp-json\/wp\/v2\/tags?post=8522"}],"curies":[{"name":"wp","href":"https:\/\/api.w.org\/{rel}","templated":true}]}}