{"id":8520,"date":"2019-11-06T05:40:00","date_gmt":"2019-11-06T11:40:00","guid":{"rendered":"http:\/\/webadedios.com\/blog\/?p=8520"},"modified":"2019-11-06T05:40:00","modified_gmt":"2019-11-06T11:40:00","slug":"mis-twitts-del-2019-10-30-al-2019-11-05","status":"publish","type":"post","link":"https:\/\/webadedios.com\/blog\/2019\/actividades\/mis-twitts-del-2019-10-30-al-2019-11-05\/","title":{"rendered":"Mis twitts del 2019-10-30 al 2019-11-05"},"content":{"rendered":"<ul class=\"ws_tweet_list\">\n<li class=\"ws_tweet\">RT <a href=\"https:\/\/twitter.com\/chipotlemas14\">@chipotlemas14<\/a>: <a href=\"https:\/\/twitter.com\/search?q=%23amlo&amp;src=hash\">#amlo<\/a> <a href=\"https:\/\/twitter.com\/search?q=%23redamlo&amp;src=hash\">#redamlo<\/a> <a href=\"https:\/\/twitter.com\/m_ebrard\">@m_ebrard<\/a> <a href=\"https:\/\/twitter.com\/search?q=%23morena&amp;src=hash\">#morena<\/a> <a href=\"https:\/\/twitter.com\/search?q=%23AMLORenunciaYa&amp;src=hash\">#AMLORenunciaYa<\/a> <a href=\"https:\/\/twitter.com\/search?q=%23mexico&amp;src=hash\">#mexico<\/a> <a href=\"https:\/\/t.co\/uHYe1iAyh0\" rel=\"nofollow\">https:\/\/t.co\/uHYe1iAyh0<\/a> <a class=\"ws_tweet_time\" href=\"https:\/\/twitter.com\/webadedios\/statuses\/1191950796268752896\">-&gt;<\/a><\/li>\n<li class=\"ws_tweet\">&#8211; Cero crecimiento.<br \/>\n&#8211; increment\u00f3 la violencia.<br \/>\n&#8211; faltan medicamentos.<br \/>\n&#8211; la gasolina sigue subiendo.<br \/>\n&#8211; No se elimin\u2026 <a href=\"https:\/\/t.co\/I63VcOP8fC\" rel=\"nofollow\">https:\/\/t.co\/I63VcOP8fC<\/a> <a class=\"ws_tweet_time\" href=\"https:\/\/twitter.com\/webadedios\/statuses\/1191950608313602049\">-&gt;<\/a><\/li>\n<li class=\"ws_tweet\">AMLO es ignorante, cobarde, tir\u00e1nico, mentiroso, protege criminales, recorta dinero a medicinas y educaci\u00f3n a mexic\u2026 <a href=\"https:\/\/t.co\/TAa9anIJQO\" rel=\"nofollow\">https:\/\/t.co\/TAa9anIJQO<\/a> <a class=\"ws_tweet_time\" href=\"https:\/\/twitter.com\/webadedios\/statuses\/1191950517058121728\">-&gt;<\/a><\/li>\n<li class=\"ws_tweet\">Si eres de los que votaron por Obrador, puedo entenderte; pero seguir apoy\u00e1ndolo ante la evidente incapacidad de su\u2026 <a href=\"https:\/\/t.co\/f5nuDFXcrB\" rel=\"nofollow\">https:\/\/t.co\/f5nuDFXcrB<\/a> <a class=\"ws_tweet_time\" href=\"https:\/\/twitter.com\/webadedios\/statuses\/1191950327580377088\">-&gt;<\/a><\/li>\n<li class=\"ws_tweet\">AMLO se la pasa escupiendo al cielo.<br \/>\nNo es lo que M\u00e9xico nesecita.<br \/>\n<a href=\"https:\/\/twitter.com\/search?q=%23AMLORenunciaYa&amp;src=hash\">#AMLORenunciaYa<\/a> <a class=\"ws_tweet_time\" href=\"https:\/\/twitter.com\/webadedios\/statuses\/1191950236522090497\">-&gt;<\/a><\/li>\n<li class=\"ws_tweet\">A todos se les exigi\u00f3, a todos se les reclamo, a todos se les cargo la responsabilidad de SU gobierno independiente\u2026 <a href=\"https:\/\/t.co\/AN6AkgqnxA\" rel=\"nofollow\">https:\/\/t.co\/AN6AkgqnxA<\/a> <a class=\"ws_tweet_time\" href=\"https:\/\/twitter.com\/webadedios\/statuses\/1191949308272226305\">-&gt;<\/a><\/li>\n<li class=\"ws_tweet\">La neta prefiero aceptar la ayuda de Trump a escuchar a un imb\u00e9cil diciendo que estamos felices cuando la insegurid\u2026 <a href=\"https:\/\/t.co\/zJLmNJD47Y\" rel=\"nofollow\">https:\/\/t.co\/zJLmNJD47Y<\/a> <a class=\"ws_tweet_time\" href=\"https:\/\/twitter.com\/webadedios\/statuses\/1191949176071999488\">-&gt;<\/a><\/li>\n<li class=\"ws_tweet\">RT <a href=\"https:\/\/twitter.com\/ElFinanciero_Mx\">@ElFinanciero_Mx<\/a>: La Suprema Corte de Justicia de la Naci\u00f3n valid\u00f3 este martes los preceptos que establecen que las personas pueden lleg\u2026 <a class=\"ws_tweet_time\" href=\"https:\/\/twitter.com\/webadedios\/statuses\/1191948253643890688\">-&gt;<\/a><\/li>\n<li class=\"ws_tweet\">RT <a href=\"https:\/\/twitter.com\/SerKBronn\">@SerKBronn<\/a>: <a href=\"https:\/\/twitter.com\/lopezobrador_\">@lopezobrador_<\/a> \u00bfA que chingados fue hace un mes a ese hospital, si los iba a dejar morir solos? \u00bfA tomarse fotos y ver danza\u2026 <a class=\"ws_tweet_time\" href=\"https:\/\/twitter.com\/webadedios\/statuses\/1191948168860225537\">-&gt;<\/a><\/li>\n<li class=\"ws_tweet\">RT <a href=\"https:\/\/twitter.com\/Faitelson_ESPN\">@Faitelson_ESPN<\/a>: Lo de Rayados es incre\u00edble: Traen a un holand\u00e9s ++Vincent Janssen++, del Tottenham, seguramente car\u00edsimo, para que teng\u2026 <a class=\"ws_tweet_time\" href=\"https:\/\/twitter.com\/webadedios\/statuses\/1191947810859634689\">-&gt;<\/a><\/li>\n<li class=\"ws_tweet\">RT <a href=\"https:\/\/twitter.com\/InvictosSomos\">@InvictosSomos<\/a>: El primer grito de gol de Hirving Lozano en UEFA Champions League con el Napoli. Anotaciones que NO se olvidan. <a href=\"https:\/\/\u2026\" rel=\"nofollow\">https:\/\/\u2026<\/a> <a class=\"ws_tweet_time\" href=\"https:\/\/twitter.com\/webadedios\/statuses\/1191823647733927939\">-&gt;<\/a><\/li>\n<li class=\"ws_tweet\">El mismo discurso de siempre: estaban en el lugar equivocado en el momento equivocado.\n<p>Pero el lugar es todo el p\u2026 <a href=\"https:\/\/t.co\/D75ntlZqUo\" rel=\"nofollow\">https:\/\/t.co\/D75ntlZqUo<\/a> <a class=\"ws_tweet_time\" href=\"https:\/\/twitter.com\/webadedios\/statuses\/1191823227959627776\">-&gt;<\/a><\/li>\n<li class=\"ws_tweet\">Lo que le pas\u00f3 a la familia LeBaron nos indigna y nos llena de temor a todas las madres del pa\u00eds  . Vivimos en un p\u2026 <a href=\"https:\/\/t.co\/GLJw5Dj2Qq\" rel=\"nofollow\">https:\/\/t.co\/GLJw5Dj2Qq<\/a> <a class=\"ws_tweet_time\" href=\"https:\/\/twitter.com\/webadedios\/statuses\/1191823092881997829\">-&gt;<\/a><\/li>\n<li class=\"ws_tweet\">Propongo menos <a href=\"https:\/\/twitter.com\/search?q=%23ma&amp;src=hash\">#ma<\/a>\u00f1aneras para que se enfoquen en estrategia y firmeza al tema <a href=\"https:\/\/twitter.com\/search?q=%23antimafia&amp;src=hash\">#antimafia<\/a> y <a href=\"https:\/\/twitter.com\/search?q=%23seguridad&amp;src=hash\">#seguridad<\/a> en sus reuniones. <a class=\"ws_tweet_time\" href=\"https:\/\/twitter.com\/webadedios\/statuses\/1191819453673033728\">-&gt;<\/a><\/li>\n<li class=\"ws_tweet\">RT <a href=\"https:\/\/twitter.com\/CGuevaraCasas\">@CGuevaraCasas<\/a>: Sr presidente o quien le lleve la cuenta. Los <a href=\"https:\/\/twitter.com\/search?q=%23LeBaron&amp;src=hash\">#LeBaron<\/a> son mexicanos. Los asesinatos fueron en M\u00e9xico. Los delincuentes\u2026 <a class=\"ws_tweet_time\" href=\"https:\/\/twitter.com\/webadedios\/statuses\/1191819366301655041\">-&gt;<\/a><\/li>\n<li class=\"ws_tweet\">RT <a href=\"https:\/\/twitter.com\/ClickMKT2016\">@ClickMKT2016<\/a>: \u00a1Se enoj\u00f3 el Charolastra!\ud83d\ude31\ud83d\ude31\n<p>Por el tema LeBar\u00f3n, el actor Gael Garc\u00eda arremeti\u00f3 contra el presidente L\u00f3pez Obrador: &quot;Par\u2026 <a class=\"ws_tweet_time\" href=\"https:\/\/twitter.com\/webadedios\/statuses\/1191819248185860098\">-&gt;<\/a><\/li>\n<li class=\"ws_tweet\">Devin, 13 a\u00f1os, sobrevivi\u00f3 la masacre de la familia <a href=\"https:\/\/twitter.com\/search?q=%23LeBaron&amp;src=hash\">#LeBaron<\/a> y recorri\u00f3 22km para pedir ayuda. Murieron 6 ni\u00f1os, 3 mujeres. <a class=\"ws_tweet_time\" href=\"https:\/\/twitter.com\/webadedios\/statuses\/1191818845557792769\">-&gt;<\/a><\/li>\n<li class=\"ws_tweet\">\u201cLa ineptitud de los pol\u00edticos la paga el pueblo\u201d.\n<p><a href=\"https:\/\/twitter.com\/search?q=%23LopezHaciendoNarcoHistoria&amp;src=hash\">#LopezHaciendoNarcoHistoria<\/a> <a class=\"ws_tweet_time\" href=\"https:\/\/twitter.com\/webadedios\/statuses\/1191817937461612546\">-&gt;<\/a><\/li>\n<li class=\"ws_tweet\">Hay familias que son como el Cartel de Sinaloa y AMLO.\n<p>Los ni\u00f1os hacen lo que quieran, como el Cartel.<\/p>\n<p>Y los pap\u00e1\u2026 <a href=\"https:\/\/t.co\/mJyHo6v61C\" rel=\"nofollow\">https:\/\/t.co\/mJyHo6v61C<\/a> <a class=\"ws_tweet_time\" href=\"https:\/\/twitter.com\/webadedios\/statuses\/1191817780334616576\">-&gt;<\/a><\/li>\n<li class=\"ws_tweet\">\u00bfY qu\u00e9 culpa tengo yo? &#8211; avestruzeterea &#8211; <a href=\"https:\/\/t.co\/hFloxWt3pd\" rel=\"nofollow\">https:\/\/t.co\/hFloxWt3pd<\/a> <a class=\"ws_tweet_time\" href=\"https:\/\/twitter.com\/webadedios\/statuses\/1191817426670964737\">-&gt;<\/a><\/li>\n<li class=\"ws_tweet\">RT <a href=\"https:\/\/twitter.com\/Azafran_ConMiel\">@Azafran_ConMiel<\/a>: El MEJOR an\u00e1lisis que he le\u00eddo en 16 meses\n<p>\u00bfPor qu\u00e9 estamos donde estamos?<\/p>\n<p>Si Morena no fue tu opci\u00f3n, LEE ESTE ARTI\u2026 <a class=\"ws_tweet_time\" href=\"https:\/\/twitter.com\/webadedios\/statuses\/1191816346188824583\">-&gt;<\/a><\/li>\n<li class=\"ws_tweet\">RT <a href=\"https:\/\/twitter.com\/AlexLebaron1\">@AlexLebaron1<\/a>: Trevor 11 a\u00f1os, feliz. El rostro de las victimas del crimen organizado&#8230; DEP \ud83e\udd7a <a href=\"https:\/\/t.co\/XennuUiu9R\" rel=\"nofollow\">https:\/\/t.co\/XennuUiu9R<\/a> <a class=\"ws_tweet_time\" href=\"https:\/\/twitter.com\/webadedios\/statuses\/1191816148771393538\">-&gt;<\/a><\/li>\n<li class=\"ws_tweet\">RT <a href=\"https:\/\/twitter.com\/yosoylocke\">@yosoylocke<\/a>: De nuevo le pregunto se\u00f1or presidente <a href=\"https:\/\/twitter.com\/lopezobrador_\">@lopezobrador_<\/a>, usted dice que &quot;el que nada debe nada teme&quot;, entonces \u00bfque deudas ten\u2026 <a class=\"ws_tweet_time\" href=\"https:\/\/twitter.com\/webadedios\/statuses\/1191816147764699138\">-&gt;<\/a><\/li>\n<li class=\"ws_tweet\">RT <a href=\"https:\/\/twitter.com\/tumbaburross\">@tumbaburross<\/a>: En Sonora mataron hoy a una mujer y 4 ni\u00f1os, 10 m\u00e1s, est\u00e1n desaparecidos.\n<p>Ah pero L\u00f3pez investigando a los twitteros que\u2026 <a class=\"ws_tweet_time\" href=\"https:\/\/twitter.com\/webadedios\/statuses\/1191582948522414080\">-&gt;<\/a><\/li>\n<li class=\"ws_tweet\">Cuidado, AMO navega con bandera de pendejo <a class=\"ws_tweet_time\" href=\"https:\/\/twitter.com\/webadedios\/statuses\/1191502766868500482\">-&gt;<\/a><\/li>\n<li class=\"ws_tweet\">econom\u00eda 0.1 aparte <a href=\"https:\/\/twitter.com\/search?q=%23Culiacanazo&amp;src=hash\">#Culiacanazo<\/a>  luego Bartlett y Bonilla pasando por Olga S\u00e1nchez cordero siguiendo a Napole\u00f3n G\u00f3\u2026 <a href=\"https:\/\/t.co\/KqfPt7o60m\" rel=\"nofollow\">https:\/\/t.co\/KqfPt7o60m<\/a> <a class=\"ws_tweet_time\" href=\"https:\/\/twitter.com\/webadedios\/statuses\/1191502692713222145\">-&gt;<\/a><\/li>\n<li class=\"ws_tweet\">Pregunta seria: \u00bfsi el pueblo est\u00e1 feliz, feliz, feliz; por qu\u00e9 L\u00f3pez cree que puede haber un golpe de Estado? <a class=\"ws_tweet_time\" href=\"https:\/\/twitter.com\/webadedios\/statuses\/1191502128495439875\">-&gt;<\/a><\/li>\n<li class=\"ws_tweet\">RT <a href=\"https:\/\/twitter.com\/slcuervo\">@slcuervo<\/a>: El gas no solo NO es limpio, ni sostenible, ni &quot;eco&quot; (por mucho que te lo intenten vender as\u00ed) sino que adem\u00e1s de emitir gase\u2026 <a class=\"ws_tweet_time\" href=\"https:\/\/twitter.com\/webadedios\/statuses\/1191466035783852035\">-&gt;<\/a><\/li>\n<li class=\"ws_tweet\">RT <a href=\"https:\/\/twitter.com\/GarcesLaureano\">@GarcesLaureano<\/a>: \u00a1TREMENDO BALAZO EN EL PIE!\n<p>Qui\u00e9nes investigaron la red de bots, hicieron p\u00e9simo su trabajo.<\/p>\n<p>Los detonantes de la con\u2026 <a class=\"ws_tweet_time\" href=\"https:\/\/twitter.com\/webadedios\/statuses\/1191465535709614080\">-&gt;<\/a><\/li>\n<li class=\"ws_tweet\">RT <a href=\"https:\/\/twitter.com\/CartonCalderon\">@CartonCalderon<\/a>: -Ciert\u00edsimo. <a href=\"https:\/\/t.co\/4LZZFgk3kJ\" rel=\"nofollow\">https:\/\/t.co\/4LZZFgk3kJ<\/a> <a class=\"ws_tweet_time\" href=\"https:\/\/twitter.com\/webadedios\/statuses\/1191465306658607105\">-&gt;<\/a><\/li>\n<li class=\"ws_tweet\">RT <a href=\"https:\/\/twitter.com\/Lic_SirLancelot\">@Lic_SirLancelot<\/a>: Peque\u00f1a Reflexi\u00f3n de una estrategia de distracci\u00f3n fallida\ud83e\udd14\ud83e\udd14<br \/>\nQue curioso <a href=\"https:\/\/twitter.com\/lopezobrador_\">@lopezobrador_<\/a>  c\u00f3mo ya es tu costumbre salir\u2026 <a class=\"ws_tweet_time\" href=\"https:\/\/twitter.com\/webadedios\/statuses\/1191465116199456769\">-&gt;<\/a><\/li>\n<li class=\"ws_tweet\">Nos re\u00edamos de las idioteces de la pelicula \u201cLa ley de Herodes\u201d cuando modificaba la Constituci\u00f3n, hoy no me rio. <a class=\"ws_tweet_time\" href=\"https:\/\/twitter.com\/webadedios\/statuses\/1190658038782418946\">-&gt;<\/a><\/li>\n<li class=\"ws_tweet\">Olguita se apendeja y suelta la sopa sin saber que el otro menso de bonilla estaba transmitiendo en vivo. <a class=\"ws_tweet_time\" href=\"https:\/\/twitter.com\/webadedios\/statuses\/1190657921962709000\">-&gt;<\/a><\/li>\n<li class=\"ws_tweet\">RT <a href=\"https:\/\/twitter.com\/OSWALDORIOSM\">@OSWALDORIOSM<\/a>: \u201cNo quise comparar a los periodistas con los perros, hasta eso, yo respeto mucho a los perros\u201d: <a href=\"https:\/\/twitter.com\/lopezobrador_\">@lopezobrador_<\/a>.\n<p>Eso no\u2026 <a class=\"ws_tweet_time\" href=\"https:\/\/twitter.com\/webadedios\/statuses\/1190657645096701952\">-&gt;<\/a><\/li>\n<li class=\"ws_tweet\">RT <a href=\"https:\/\/twitter.com\/FelipeCalderon\">@FelipeCalderon<\/a>: Muy acertado el tweet. Qu\u00e9 cinismo de gobierno, qu\u00e9 pena por la exMinistra. <a href=\"https:\/\/t.co\/0VNN2OkVkF\" rel=\"nofollow\">https:\/\/t.co\/0VNN2OkVkF<\/a> <a class=\"ws_tweet_time\" href=\"https:\/\/twitter.com\/webadedios\/statuses\/1190657426992893952\">-&gt;<\/a><\/li>\n<li class=\"ws_tweet\">RT <a href=\"https:\/\/twitter.com\/ferbelaunzaran\">@ferbelaunzaran<\/a>: Con <a href=\"https:\/\/twitter.com\/EnriqueEnVivo\">@EnriqueEnVivo<\/a>, <a href=\"https:\/\/twitter.com\/M_OlgaSCordero\">@M_OlgaSCordero<\/a> reconoci\u00f3 no saber que la grababan cuando le dijo al gober de BC que la <a href=\"https:\/\/twitter.com\/search?q=%23LeyBonilla&amp;src=hash\">#LeyBonilla<\/a>\u2026 <a class=\"ws_tweet_time\" href=\"https:\/\/twitter.com\/webadedios\/statuses\/1190657372458536961\">-&gt;<\/a><\/li>\n<li class=\"ws_tweet\">El streaming de Apple costar\u00e1 solo $69 pesos y ya est\u00e1 disponible en M\u00e9xico. <a class=\"ws_tweet_time\" href=\"https:\/\/twitter.com\/webadedios\/statuses\/1190657261481410560\">-&gt;<\/a><\/li>\n<li class=\"ws_tweet\">RT <a href=\"https:\/\/twitter.com\/CartonCalderon\">@CartonCalderon<\/a>: Esta de mi colega Waldo (lamento no encontrar su direcci\u00f3n tuitera) est\u00e1 magn\u00edfica.<br \/>\nTal cual las lecciones de periodism\u2026 <a class=\"ws_tweet_time\" href=\"https:\/\/twitter.com\/webadedios\/statuses\/1190381903595134976\">-&gt;<\/a><\/li>\n<li class=\"ws_tweet\">RT <a href=\"https:\/\/twitter.com\/blackylapastor\">@blackylapastor<\/a>: Este disfraz le quedar\u00eda perfecto a mi hermanita <a href=\"https:\/\/twitter.com\/search?q=%23HappyHalloween2019&amp;src=hash\">#HappyHalloween2019<\/a> \ud83d\udd77\ud83d\udc7b <a href=\"https:\/\/t.co\/3pG9NOtfOm\" rel=\"nofollow\">https:\/\/t.co\/3pG9NOtfOm<\/a> <a class=\"ws_tweet_time\" href=\"https:\/\/twitter.com\/webadedios\/statuses\/1190332770020671494\">-&gt;<\/a><\/li>\n<li class=\"ws_tweet\">RT <a href=\"https:\/\/twitter.com\/EnFormulaMor\">@EnFormulaMor<\/a>: \u00a1S\u00ed da miedo! T\u00e1bata Jalil se disfraza de Sarita Sosa y sorprende a todos\n<p><a href=\"https:\/\/t.co\/uhX1gVpWJM\" rel=\"nofollow\">https:\/\/t.co\/uhX1gVpWJM<\/a> <a href=\"https:\/\/t.co\/8CcOgFW\u2026\" rel=\"nofollow\">https:\/\/t.co\/8CcOgFW\u2026<\/a> <a class=\"ws_tweet_time\" href=\"https:\/\/twitter.com\/webadedios\/statuses\/1190306206340042757\">-&gt;<\/a><\/li>\n<li class=\"ws_tweet\">RT <a href=\"https:\/\/twitter.com\/Milenio_M2\">@Milenio_M2<\/a>: \ud83d\udcf8 \u00bfEl m\u00e1s terror\u00edfico?\n<p>T\u00e1bata Jalil usa disfraz de Sarita para <a href=\"https:\/\/twitter.com\/search?q=%23Halloween&amp;src=hash\">#Halloween<\/a> <a href=\"https:\/\/t.co\/yvfx9O3lWO\" rel=\"nofollow\">https:\/\/t.co\/yvfx9O3lWO<\/a> <a href=\"https:\/\/t.co\/1TFnim5E0X\" rel=\"nofollow\">https:\/\/t.co\/1TFnim5E0X<\/a> <a class=\"ws_tweet_time\" href=\"https:\/\/twitter.com\/webadedios\/statuses\/1190305913846030336\">-&gt;<\/a><\/li>\n<li class=\"ws_tweet\">RT <a href=\"https:\/\/twitter.com\/letymaldo\">@letymaldo<\/a>: M\u00e9xico Rendido y humillado ante la delincuencia organizada, somos rehenes del narco, porque as\u00ed lo decidi\u00f3 el &quot;humanista&quot; <a href=\"https:\/\/twitter.com\/l\">@l<\/a>\u2026 <a class=\"ws_tweet_time\" href=\"https:\/\/twitter.com\/webadedios\/statuses\/1190305120984154112\">-&gt;<\/a><\/li>\n<li class=\"ws_tweet\">RT <a href=\"https:\/\/twitter.com\/Globulo_Negro\">@Globulo_Negro<\/a>: Se\u00f1or Presidente, por todos fue conocido que durante el desastre de Culiac\u00e1n, los narcos emplearon armamento de gran cal\u2026 <a class=\"ws_tweet_time\" href=\"https:\/\/twitter.com\/webadedios\/statuses\/1190304949554597888\">-&gt;<\/a><\/li>\n<li class=\"ws_tweet\">RT <a href=\"https:\/\/twitter.com\/monclofrontense\">@monclofrontense<\/a>: Este es el tipo de reporteros que representan a la 4T y sus preguntas a modo <a href=\"https:\/\/twitter.com\/search?q=%23lordlameculo&amp;src=hash\">#lordlameculo<\/a> y que desprecian a la prens\u2026 <a class=\"ws_tweet_time\" href=\"https:\/\/twitter.com\/webadedios\/statuses\/1190304886937866246\">-&gt;<\/a><\/li>\n<li class=\"ws_tweet\">RT <a href=\"https:\/\/twitter.com\/lacornetanegra\">@lacornetanegra<\/a>: Te amo pinshi internet, a ti no Chaparr\u00f3n  <a href=\"https:\/\/twitter.com\/search?q=%23lordlameculo&amp;src=hash\">#lordlameculo<\/a> <a href=\"https:\/\/t.co\/uF9ljggawi\" rel=\"nofollow\">https:\/\/t.co\/uF9ljggawi<\/a> <a class=\"ws_tweet_time\" href=\"https:\/\/twitter.com\/webadedios\/statuses\/1190304847159087104\">-&gt;<\/a><\/li>\n<li class=\"ws_tweet\">RT <a href=\"https:\/\/twitter.com\/jccharc\">@jccharc<\/a>: \u00bfPor qu\u00e9 el demagogo no viaja en estos aviones, y lo hace en comerciales?\n<p>Cada que viaja, estas aeronaves lo hacen en avanzad\u2026 <a class=\"ws_tweet_time\" href=\"https:\/\/twitter.com\/webadedios\/statuses\/1190294002039480321\">-&gt;<\/a><\/li>\n<li class=\"ws_tweet\">RT <a href=\"https:\/\/twitter.com\/jccharc\">@jccharc<\/a>: El PMI sigue bajando&#8230;\n<p>Menos pedidos implica menos producci\u00f3n, que a su vez responde a y genera menos consumo dado que hay m\u2026 <a class=\"ws_tweet_time\" href=\"https:\/\/twitter.com\/webadedios\/statuses\/1190293872179589123\">-&gt;<\/a><\/li>\n<li class=\"ws_tweet\">RT <a href=\"https:\/\/twitter.com\/GianMeda\">@GianMeda<\/a>: El Tribunal Electoral del Poder Judicial de la Federaci\u00f3n, anul\u00f3 el proceso de elecci\u00f3n interna de Morena, al considerar que\u2026 <a class=\"ws_tweet_time\" href=\"https:\/\/twitter.com\/webadedios\/statuses\/1190293711978221568\">-&gt;<\/a><\/li>\n<li class=\"ws_tweet\">RT <a href=\"https:\/\/twitter.com\/PedroFerriz\">@PedroFerriz<\/a>: <a href=\"https:\/\/twitter.com\/search?q=%23AMLO&amp;src=hash\">#AMLO<\/a> irresponsablemente decidi\u00f3 revelar el nombre del encargado de los operativos en contra de capos.<br \/>\nLa Diputada Adrian\u2026 <a class=\"ws_tweet_time\" href=\"https:\/\/twitter.com\/webadedios\/statuses\/1190293603098284032\">-&gt;<\/a><\/li>\n<li class=\"ws_tweet\">Puede haber personas que tengan m\u00e1s talento que t\u00fa, pero no hay excusa para que cualquiera trabaje m\u00e1s que t\u00fa.<br \/>\n Derek Jeter <a class=\"ws_tweet_time\" href=\"https:\/\/twitter.com\/webadedios\/statuses\/1190293423946948608\">-&gt;<\/a><\/li>\n<li class=\"ws_tweet\">No importa el porte si no como se porte <a class=\"ws_tweet_time\" href=\"https:\/\/twitter.com\/webadedios\/statuses\/1190030391354253312\">-&gt;<\/a><\/li>\n<li class=\"ws_tweet\">RT <a href=\"https:\/\/twitter.com\/JACrespo1\">@JACrespo1<\/a>: Impresionantes las maromas de las plumas oficiales para minimizar o incluso exaltar el desastre operativo y comunicacional d\u2026 <a class=\"ws_tweet_time\" href=\"https:\/\/twitter.com\/webadedios\/statuses\/1190028278322647040\">-&gt;<\/a><\/li>\n<li class=\"ws_tweet\"><a href=\"https:\/\/twitter.com\/search?q=%23LaMentiraDelD&amp;src=hash\">#LaMentiraDelD<\/a>\u00eda:\n<p>Yo nunca dije que&#8230;. (cualquier cosa que salga de la boca de AMLO 5 segundos despu\u00e9s) <a class=\"ws_tweet_time\" href=\"https:\/\/twitter.com\/webadedios\/statuses\/1189706034484523009\">-&gt;<\/a><\/li>\n<li class=\"ws_tweet\">RT <a href=\"https:\/\/twitter.com\/SchrodingerLani\">@SchrodingerLani<\/a>: Todos los d\u00edas nos sorprende, todos los d\u00edas nuevas falacias, una m\u00e1s inveros\u00edmil que la anterior. Vive en una realida\u2026 <a class=\"ws_tweet_time\" href=\"https:\/\/twitter.com\/webadedios\/statuses\/1189705732423405568\">-&gt;<\/a><\/li>\n<li class=\"ws_tweet\">RT <a href=\"https:\/\/twitter.com\/SATANFORD1\">@SATANFORD1<\/a>: <a href=\"https:\/\/twitter.com\/search?q=%23LaMentiraDelD&amp;src=hash\">#LaMentiraDelD<\/a>\u00eda\n<p>\u274cEl pueblo est\u00e1 feliz<\/p>\n<p>\u274cDuarte es preso pol\u00edtico<\/p>\n<p>\u274cNo estamos en recesi\u00f3n<\/p>\n<p>\u274cLa corrupci\u00f3n se termina con\u2026 <a class=\"ws_tweet_time\" href=\"https:\/\/twitter.com\/webadedios\/statuses\/1189705538948468736\">-&gt;<\/a><\/li>\n<li class=\"ws_tweet\">En lo que lleva AMLO, PIB se contrae a tasa anual por primera vez desde la crisis de 2009. <a class=\"ws_tweet_time\" href=\"https:\/\/twitter.com\/webadedios\/statuses\/1189705437601501184\">-&gt;<\/a><\/li>\n<li class=\"ws_tweet\">RT <a href=\"https:\/\/twitter.com\/Mexicana1ro\">@Mexicana1ro<\/a>: <a href=\"https:\/\/twitter.com\/search?q=%23LaMentiraDelDia&amp;src=hash\">#LaMentiraDelDia<\/a><br \/>\nLa farsa de la Operaci\u00f3n en Culiac\u00e1n, \u201cLa Paulette de L\u00f3pez\u201d mientras hay una reducci\u00f3n anual de -0.4% r\u2026 <a class=\"ws_tweet_time\" href=\"https:\/\/twitter.com\/webadedios\/statuses\/1189705277232295936\">-&gt;<\/a><\/li>\n<li class=\"ws_tweet\">RT <a href=\"https:\/\/twitter.com\/PicazoRivero\">@PicazoRivero<\/a>: No iban a existir nuevos impuestos o aumentos en los ya existentes, no se quien le crey\u00f3, si el mendigo vgt hojaldra tien\u2026 <a class=\"ws_tweet_time\" href=\"https:\/\/twitter.com\/webadedios\/statuses\/1189705241413005314\">-&gt;<\/a><\/li>\n<li class=\"ws_tweet\">Aun tristeando <a class=\"ws_tweet_time\" href=\"https:\/\/twitter.com\/webadedios\/statuses\/1189696117153390592\">-&gt;<\/a><\/li>\n<li class=\"ws_tweet\">Feliz cumplea\u00f1os a. Mi hermano, no lo fstejo <a class=\"ws_tweet_time\" href=\"https:\/\/twitter.com\/webadedios\/statuses\/1189686231850012673\">-&gt;<\/a><\/li>\n<\/ul>\n<!--CusAds0-->\n<div style=\"font-size: 0px; height: 0px; line-height: 0px; margin: 0; padding: 0; clear: both;\"><\/div>","protected":false},"excerpt":{"rendered":"<p>Mis twitts del 2019-10-30 al 2019-11-05<\/p>\n","protected":false},"author":1,"featured_media":0,"comment_status":"open","ping_status":"open","sticky":false,"template":"","format":"standard","meta":{"footnotes":""},"categories":[2],"tags":[1878,966,1876,1877,1720,60],"class_list":["post-8520","post","type-post","status-publish","format-standard","hentry","category-actividades","tag-digo","tag-red","tag-social","tag-tuits","tag-tweets","tag-twitter"],"_links":{"self":[{"href":"https:\/\/webadedios.com\/blog\/wp-json\/wp\/v2\/posts\/8520","targetHints":{"allow":["GET"]}}],"collection":[{"href":"https:\/\/webadedios.com\/blog\/wp-json\/wp\/v2\/posts"}],"about":[{"href":"https:\/\/webadedios.com\/blog\/wp-json\/wp\/v2\/types\/post"}],"author":[{"embeddable":true,"href":"https:\/\/webadedios.com\/blog\/wp-json\/wp\/v2\/users\/1"}],"replies":[{"embeddable":true,"href":"https:\/\/webadedios.com\/blog\/wp-json\/wp\/v2\/comments?post=8520"}],"version-history":[{"count":0,"href":"https:\/\/webadedios.com\/blog\/wp-json\/wp\/v2\/posts\/8520\/revisions"}],"wp:attachment":[{"href":"https:\/\/webadedios.com\/blog\/wp-json\/wp\/v2\/media?parent=8520"}],"wp:term":[{"taxonomy":"category","embeddable":true,"href":"https:\/\/webadedios.com\/blog\/wp-json\/wp\/v2\/categories?post=8520"},{"taxonomy":"post_tag","embeddable":true,"href":"https:\/\/webadedios.com\/blog\/wp-json\/wp\/v2\/tags?post=8520"}],"curies":[{"name":"wp","href":"https:\/\/api.w.org\/{rel}","templated":true}]}}