{"id":8517,"date":"2019-10-16T05:40:00","date_gmt":"2019-10-16T10:40:00","guid":{"rendered":"http:\/\/webadedios.com\/blog\/?p=8517"},"modified":"2019-10-16T05:40:00","modified_gmt":"2019-10-16T10:40:00","slug":"mis-twitts-del-2019-10-09-al-2019-10-15","status":"publish","type":"post","link":"https:\/\/webadedios.com\/blog\/2019\/actividades\/mis-twitts-del-2019-10-09-al-2019-10-15\/","title":{"rendered":"Mis twitts del 2019-10-09 al 2019-10-15"},"content":{"rendered":"<ul class=\"ws_tweet_list\">\n<li class=\"ws_tweet\">RT <a href=\"https:\/\/twitter.com\/TaxiNissanLeaf\">@TaxiNissanLeaf<\/a>: Un sue\u00f1o roto. Por desgracia anoche un coche impacto por detr\u00e1s del Taxi NISSAN LEAF destrozando la parte trasera. Mi e\u2026 <a class=\"ws_tweet_time\" href=\"https:\/\/twitter.com\/webadedios\/statuses\/1184235889343504385\">-&gt;<\/a><\/li>\n<li class=\"ws_tweet\">RT <a href=\"https:\/\/twitter.com\/ElFinanciero_Mx\">@ElFinanciero_Mx<\/a>: <a href=\"https:\/\/twitter.com\/search?q=%23PorSiNoLoViste&amp;src=hash\">#PorSiNoLoViste<\/a> Los precios de los combustibles retornar\u00e1n desde el martes a los costos bajos tradicionales en Ecuador\u2026 <a class=\"ws_tweet_time\" href=\"https:\/\/twitter.com\/webadedios\/statuses\/1184115094847983616\">-&gt;<\/a><\/li>\n<li class=\"ws_tweet\">RT <a href=\"https:\/\/twitter.com\/FelipeCalderon\">@FelipeCalderon<\/a>: Sobre el caso del Magistrado que otorg\u00f3 Amparos sobre Santa Luc\u00eda y fue depuesto fulminantemente, Carlos Mar\u00edn tiene ot\u2026 <a class=\"ws_tweet_time\" href=\"https:\/\/twitter.com\/webadedios\/statuses\/1184113122409365504\">-&gt;<\/a><\/li>\n<li class=\"ws_tweet\">RT <a href=\"https:\/\/twitter.com\/PedroFerriz\">@PedroFerriz<\/a>: 30 personas emboscaron a los polic\u00edas en Aguililla, Michoac\u00e1n, y nadie hizo nada.<br \/>\n\u00bfHasta cu\u00e1ndo se\u00f1or Presidente <a href=\"https:\/\/twitter.com\/lopezobr\">@lopezobr<\/a>\u2026 <a class=\"ws_tweet_time\" href=\"https:\/\/twitter.com\/webadedios\/statuses\/1184112930897498113\">-&gt;<\/a><\/li>\n<li class=\"ws_tweet\">RT <a href=\"https:\/\/twitter.com\/AlbertoAlatorr1\">@AlbertoAlatorr1<\/a>: Amigos les pido que me ayuden a denunciar la falta de un medicamento en el centro m\u00e9dico de la raza, se llama IMATINIB\u2026 <a class=\"ws_tweet_time\" href=\"https:\/\/twitter.com\/webadedios\/statuses\/1184112532853800962\">-&gt;<\/a><\/li>\n<li class=\"ws_tweet\">RT <a href=\"https:\/\/twitter.com\/ElFinanciero_Mx\">@ElFinanciero_Mx<\/a>: <a href=\"https:\/\/twitter.com\/search?q=%23Opini&amp;src=hash\">#Opini<\/a>\u00f3n Para <a href=\"https:\/\/twitter.com\/PabloHiriart\">@PabloHiriart<\/a> es lamentable que el d\u00eda de la consulta en Baja California, <a href=\"https:\/\/twitter.com\/lopezobrador_\">@lopezobrador_<\/a> visitara el est\u2026 <a class=\"ws_tweet_time\" href=\"https:\/\/twitter.com\/webadedios\/statuses\/1184112484103458816\">-&gt;<\/a><\/li>\n<li class=\"ws_tweet\">Quedan 10 lunes para navidad. <a class=\"ws_tweet_time\" href=\"https:\/\/twitter.com\/webadedios\/statuses\/1183754094579728387\">-&gt;<\/a><\/li>\n<li class=\"ws_tweet\">RT <a href=\"https:\/\/twitter.com\/ferbelaunzaran\">@ferbelaunzaran<\/a>: En el momento de mayor violencia en Guanajuato, AMLO saca la Marina del estado para dej\u00e1rselo por completo a la Guardia\u2026 <a class=\"ws_tweet_time\" href=\"https:\/\/twitter.com\/webadedios\/statuses\/1183753748474191872\">-&gt;<\/a><\/li>\n<li class=\"ws_tweet\">a caray&#8230; me han salido muchas canas <a class=\"ws_tweet_time\" href=\"https:\/\/twitter.com\/webadedios\/statuses\/1183447733883064321\">-&gt;<\/a><\/li>\n<li class=\"ws_tweet\">Viernes con  v de veni vamos a vever vino o verveza <a class=\"ws_tweet_time\" href=\"https:\/\/twitter.com\/webadedios\/statuses\/1182689916033081351\">-&gt;<\/a><\/li>\n<li class=\"ws_tweet\">RT <a href=\"https:\/\/twitter.com\/ruloprado\">@ruloprado<\/a>: Esto es pan y circo para el pueblo bueno ! Es m\u00e1s incongruencia con el mensaje de austeridad que pregonan! <a href=\"https:\/\/twitter.com\/search?q=%23M&amp;src=hash\">#M<\/a>\u00e9xicoReflexivo\u2026 <a class=\"ws_tweet_time\" href=\"https:\/\/twitter.com\/webadedios\/statuses\/1182688039627304960\">-&gt;<\/a><\/li>\n<li class=\"ws_tweet\">RT <a href=\"https:\/\/twitter.com\/MCCadenaL\">@MCCadenaL<\/a>: Excelente manta. Nunca mejor dicho.<br \/>\n<a href=\"https:\/\/twitter.com\/search?q=%23MexicoReflexivo&amp;src=hash\">#MexicoReflexivo<\/a> <a href=\"https:\/\/t.co\/heEVGhDAzn\" rel=\"nofollow\">https:\/\/t.co\/heEVGhDAzn<\/a> <a class=\"ws_tweet_time\" href=\"https:\/\/twitter.com\/webadedios\/statuses\/1182419009494487040\">-&gt;<\/a><\/li>\n<li class=\"ws_tweet\">RT <a href=\"https:\/\/twitter.com\/carlosalazraki\">@carlosalazraki<\/a>: \u00bf En qu\u00e9 pa\u00eds estamos viviendo ?<br \/>\n1ro PREMIAN a 84 normalistas que SECUESTRARON 92 camiones con todo y ch\u00f3feres.<br \/>\n2do Un\u2026 <a class=\"ws_tweet_time\" href=\"https:\/\/twitter.com\/webadedios\/statuses\/1182418802136494080\">-&gt;<\/a><\/li>\n<li class=\"ws_tweet\">Gracias  y felicidades referido de Didi en tu primer viaje <a class=\"ws_tweet_time\" href=\"https:\/\/twitter.com\/webadedios\/statuses\/1182418702727307274\">-&gt;<\/a><\/li>\n<li class=\"ws_tweet\">La cancion de Hakuna Matata calo hondo en mi, cambio mi manera de ver las cosas. <a class=\"ws_tweet_time\" href=\"https:\/\/twitter.com\/webadedios\/statuses\/1182418586360569856\">-&gt;<\/a><\/li>\n<li class=\"ws_tweet\">RT <a href=\"https:\/\/twitter.com\/PedroFerriz\">@PedroFerriz<\/a>: La SCJN tiene la obligaci\u00f3n constitucional de mantener la institucionalidad de M\u00e9xico \ud83c\uddf2\ud83c\uddfd<br \/>\nLa SEDENA sin empacho, se presen\u2026 <a class=\"ws_tweet_time\" href=\"https:\/\/twitter.com\/webadedios\/statuses\/1182329987308953601\">-&gt;<\/a><\/li>\n<li class=\"ws_tweet\">RT <a href=\"https:\/\/twitter.com\/ElFinanciero_Mx\">@ElFinanciero_Mx<\/a>: En los \u00faltimos seis meses los ocho grupos parlamentarios de la C\u00e1mara de Diputados se gastaron y costaron al erario 39\u2026 <a class=\"ws_tweet_time\" href=\"https:\/\/twitter.com\/webadedios\/statuses\/1182329928592826370\">-&gt;<\/a><\/li>\n<li class=\"ws_tweet\">RT <a href=\"https:\/\/twitter.com\/hdemauleon\">@hdemauleon<\/a>: Acaba de ocurrir, bajo el gobierno de \u2066@lopezobrador_\u2069, el d\u00eda m\u00e1s violento desde que se mide la violencia.<br \/>\nSin renuncias,\u2026 <a class=\"ws_tweet_time\" href=\"https:\/\/twitter.com\/webadedios\/statuses\/1182329698870792194\">-&gt;<\/a><\/li>\n<li class=\"ws_tweet\">RT <a href=\"https:\/\/twitter.com\/Potropegaso21\">@Potropegaso21<\/a>: No hay trabajos de baja categor\u00eda, solo actitudes mentales positivas o negativas.<br \/>\n William J. Bennett. <a class=\"ws_tweet_time\" href=\"https:\/\/twitter.com\/webadedios\/statuses\/1182329663525404672\">-&gt;<\/a><\/li>\n<li class=\"ws_tweet\">RT <a href=\"https:\/\/twitter.com\/ElFinanciero_Mx\">@ElFinanciero_Mx<\/a>: <a href=\"https:\/\/twitter.com\/search?q=%23Opini&amp;src=hash\">#Opini<\/a>\u00f3n El ejercicio de la ley no es venganza, es obligaci\u00f3n del funcionario electo y del servidor p\u00fablico. De otra f\u2026 <a class=\"ws_tweet_time\" href=\"https:\/\/twitter.com\/webadedios\/statuses\/1182329588279648257\">-&gt;<\/a><\/li>\n<li class=\"ws_tweet\">RT <a href=\"https:\/\/twitter.com\/ElFinanciero_Mx\">@ElFinanciero_Mx<\/a>: <a href=\"https:\/\/twitter.com\/search?q=%23MonerosFinancieros&amp;src=hash\">#MonerosFinancieros<\/a>: S\u00ed se puede, de <a href=\"https:\/\/twitter.com\/Garcimonero\">@Garcimonero<\/a>. <a href=\"https:\/\/t.co\/hkE7UABvX4\" rel=\"nofollow\">https:\/\/t.co\/hkE7UABvX4<\/a> <a href=\"https:\/\/t.co\/33NKaqNkNZ\" rel=\"nofollow\">https:\/\/t.co\/33NKaqNkNZ<\/a> <a class=\"ws_tweet_time\" href=\"https:\/\/twitter.com\/webadedios\/statuses\/1182329450572242945\">-&gt;<\/a><\/li>\n<li class=\"ws_tweet\">RT <a href=\"https:\/\/twitter.com\/Reforma\">@Reforma<\/a>: Ante exigencia de ANUIES de m\u00e1s recursos para el pr\u00f3ximo a\u00f1o y el anuncio de paro en al menos 25 universidades, L\u00f3pez Obrador\u2026 <a class=\"ws_tweet_time\" href=\"https:\/\/twitter.com\/webadedios\/statuses\/1182077302135558145\">-&gt;<\/a><\/li>\n<li class=\"ws_tweet\">25 universidades p\u00fablicas realizan un paro como protesta a la falta de presupuesto; <a href=\"https:\/\/twitter.com\/lopezobrador_\">@lopezobrador_<\/a><br \/>\n ya les dice enemigos <a class=\"ws_tweet_time\" href=\"https:\/\/twitter.com\/webadedios\/statuses\/1182077153736888322\">-&gt;<\/a><\/li>\n<li class=\"ws_tweet\">AMLO paalizando alpa\u00eds&#8230;\n<p>si, otra vez en este a\u00f1o <a class=\"ws_tweet_time\" href=\"https:\/\/twitter.com\/webadedios\/statuses\/1182076607005151233\">-&gt;<\/a><\/li>\n<li class=\"ws_tweet\">El pr\u00edncipe ya est\u00e1 en su tumba.Descansa en paz, Jos\u00e9. <a href=\"https:\/\/twitter.com\/search?q=%23JoseJosePorSiempre&amp;src=hash\">#JoseJosePorSiempre<\/a> <a href=\"https:\/\/twitter.com\/search?q=%23JoseJoseEsDeM&amp;src=hash\">#JoseJoseEsDeM<\/a>\u00e9xico <a class=\"ws_tweet_time\" href=\"https:\/\/twitter.com\/webadedios\/statuses\/1182056524170043393\">-&gt;<\/a><\/li>\n<li class=\"ws_tweet\">La muerte del pr\u00edncipe me hizo cuestionar mi propia mortalidad y mi gusto por el ron <a class=\"ws_tweet_time\" href=\"https:\/\/twitter.com\/webadedios\/statuses\/1182056429282381828\">-&gt;<\/a><\/li>\n<li class=\"ws_tweet\">RT <a href=\"https:\/\/twitter.com\/ClubRomo\">@ClubRomo<\/a>: Ya est\u00e1s en tu casa PR\u00cdNCIPE \ud83d\udc51 \u2764\ufe0f\ud83d\ude4f\ud83c\udffb\n<p><a href=\"https:\/\/twitter.com\/search?q=%23JoseJose&amp;src=hash\">#JoseJose<\/a> <a href=\"https:\/\/twitter.com\/search?q=%23JoseJosePorSiempre&amp;src=hash\">#JoseJosePorSiempre<\/a> <a href=\"https:\/\/twitter.com\/search?q=%23JoseJoel&amp;src=hash\">#JoseJoel<\/a> <a href=\"https:\/\/twitter.com\/search?q=%23DanielaRomo&amp;src=hash\">#DanielaRomo<\/a> <a href=\"https:\/\/t.co\/gpfAFYAOxM\" rel=\"nofollow\">https:\/\/t.co\/gpfAFYAOxM<\/a> <a class=\"ws_tweet_time\" href=\"https:\/\/twitter.com\/webadedios\/statuses\/1182055382195347457\">-&gt;<\/a><\/li>\n<li class=\"ws_tweet\">RT <a href=\"https:\/\/twitter.com\/CiroGomezL\">@CiroGomezL<\/a>: El <a href=\"https:\/\/twitter.com\/GobiernoMX\">@GobiernoMX<\/a> s\u00ed le dar\u00e1 a los normalistas de Tener\u00eda las 84 plazas que ped\u00edan, a cambio de entregar los 92 camiones que s\u2026 <a class=\"ws_tweet_time\" href=\"https:\/\/twitter.com\/webadedios\/statuses\/1182054420974067713\">-&gt;<\/a><\/li>\n<li class=\"ws_tweet\">No hay presupuesto para las universidades, pero s\u00ed para darle plazas a las personas que secuestraron a 92 chof\u00e9res <a class=\"ws_tweet_time\" href=\"https:\/\/twitter.com\/webadedios\/statuses\/1182047573433049088\">-&gt;<\/a><\/li>\n<li class=\"ws_tweet\">RT <a href=\"https:\/\/twitter.com\/SrDonBot\">@SrDonBot<\/a>: \u00bfY si en vez de hacer PARO, las universidades ROBAN camiones y SECUESTRAN choferes?<br \/>\nLa 4T premia eso y castiga al ciudadano d\u2026 <a class=\"ws_tweet_time\" href=\"https:\/\/twitter.com\/webadedios\/statuses\/1182047504118013953\">-&gt;<\/a><\/li>\n<li class=\"ws_tweet\">Muy estricto con las universidades, pero d\u00e1ndoselas a<br \/>\nTrump<br \/>\nEl PRI y Pe\u00f1a<br \/>\nEl Narco<br \/>\nLos huachicoleros<br \/>\nLa CNTE<br \/>\nLos\u2026 <a href=\"https:\/\/t.co\/2GF3pKKq3s\" rel=\"nofollow\">https:\/\/t.co\/2GF3pKKq3s<\/a> <a class=\"ws_tweet_time\" href=\"https:\/\/twitter.com\/webadedios\/statuses\/1182047231416950786\">-&gt;<\/a><\/li>\n<li class=\"ws_tweet\">Alguien sabe qu\u00e9 mitad del cuerpo de <a href=\"https:\/\/twitter.com\/search?q=%23Jos&amp;src=hash\">#Jos<\/a>\u00e9Jos\u00e9 nos toc\u00f3? Mitad de arriba o mitad de abajo? Ojal\u00e1 no nos hayan enviado pura vrg&#8230; <a class=\"ws_tweet_time\" href=\"https:\/\/twitter.com\/webadedios\/statuses\/1182046429449203715\">-&gt;<\/a><\/li>\n<li class=\"ws_tweet\">Las universidades p\u00fablicas tienen la raz\u00f3n al exigir a las autoridades federales el derecho a recursos suficientes para su operatividad <a class=\"ws_tweet_time\" href=\"https:\/\/twitter.com\/webadedios\/statuses\/1182046055875133441\">-&gt;<\/a><\/li>\n<li class=\"ws_tweet\">La diputada Ana Luc\u00eda Riojas le regal\u00f3 un cigarro de marihuana a Olga S\u00e1nchez Cordero, en medio de una comparecenci\u2026 <a href=\"https:\/\/t.co\/9eOwWbp9C7\" rel=\"nofollow\">https:\/\/t.co\/9eOwWbp9C7<\/a> <a class=\"ws_tweet_time\" href=\"https:\/\/twitter.com\/webadedios\/statuses\/1182044885957955585\">-&gt;<\/a><\/li>\n<li class=\"ws_tweet\">Jos\u00e9 Jos\u00e9 esta recorriendo mis rumbos <a class=\"ws_tweet_time\" href=\"https:\/\/twitter.com\/webadedios\/statuses\/1182042504683823109\">-&gt;<\/a><\/li>\n<li class=\"ws_tweet\">Pues no que s\u00f3lo mandar\u00edan las <a href=\"https:\/\/twitter.com\/search?q=%23SarasBrujas&amp;src=hash\">#SarasBrujas<\/a> la mitad de las cenizas? Ebtonces por que hay un ataud dorado??\n<p> <a href=\"https:\/\/twitter.com\/search?q=%23JoseJoseEsDeMexico&amp;src=hash\">#JoseJoseEsDeMexico<\/a> <a class=\"ws_tweet_time\" href=\"https:\/\/twitter.com\/webadedios\/statuses\/1182042390481248256\">-&gt;<\/a><\/li>\n<li class=\"ws_tweet\">Oigan y &#8230;\u00bfsi nos mandaron tierra esas culeras? <a href=\"https:\/\/twitter.com\/search?q=%23SarasBrujas&amp;src=hash\">#SarasBrujas<\/a> <a href=\"https:\/\/twitter.com\/search?q=%23JoseJoseEsDeMexico&amp;src=hash\">#JoseJoseEsDeMexico<\/a> <a class=\"ws_tweet_time\" href=\"https:\/\/twitter.com\/webadedios\/statuses\/1182041196950097921\">-&gt;<\/a><\/li>\n<li class=\"ws_tweet\">Nobel de Qu\u00edmica para los padres de la bater\u00eda de litio que cambi\u00f3 el comportamiento de la humanidad\n<p><a href=\"https:\/\/twitter.com\/pasa_electrico\">@pasa_electrico<\/a> <a class=\"ws_tweet_time\" href=\"https:\/\/twitter.com\/webadedios\/statuses\/1181950280247791616\">-&gt;<\/a><\/li>\n<li class=\"ws_tweet\">Nobel de Qu\u00edmica a tres investigadores por desarrollar las bater\u00edas de litio <a class=\"ws_tweet_time\" href=\"https:\/\/twitter.com\/webadedios\/statuses\/1181949992132628487\">-&gt;<\/a><\/li>\n<li class=\"ws_tweet\">Habemus nuevo Premio Nobel de Qu\u00edmica: John B. Goodenough, M. Stanley Whittingham y Akira Yoshino. Ellos han trabaj\u2026 <a href=\"https:\/\/t.co\/VlBFAM57m1\" rel=\"nofollow\">https:\/\/t.co\/VlBFAM57m1<\/a> <a class=\"ws_tweet_time\" href=\"https:\/\/twitter.com\/webadedios\/statuses\/1181949913032269825\">-&gt;<\/a><\/li>\n<li class=\"ws_tweet\">Nobel de Qu\u00edmica vai para os pais da bateria recarreg\u00e1vel de \u00edons de l\u00edtio <a class=\"ws_tweet_time\" href=\"https:\/\/twitter.com\/webadedios\/statuses\/1181949826784747522\">-&gt;<\/a><\/li>\n<li class=\"ws_tweet\">RT <a href=\"https:\/\/twitter.com\/FestivalChin\">@FestivalChin<\/a>: Impuestos digitales: a partir de Enero tendr\u00e1s que pagar por todas las apps, si no lo haces te pueden quitar el internet.\u2026 <a class=\"ws_tweet_time\" href=\"https:\/\/twitter.com\/webadedios\/statuses\/1181949365969141760\">-&gt;<\/a><\/li>\n<li class=\"ws_tweet\">Feliz cumplea\u00f1os Don Guillermo del Toro, le deseo lo mejor del mundo\ud83d\udc96\ud83c\udf89\ud83c\udf82 <a class=\"ws_tweet_time\" href=\"https:\/\/twitter.com\/webadedios\/statuses\/1181949211258081280\">-&gt;<\/a><\/li>\n<li class=\"ws_tweet\">\u00a1\u00bfC\u00f3mo que no vino Sarita Buitre al Palacio de Bellas Artes a despedir a Jos\u00e9 Jos\u00e9?! Yo quer\u00eda un aut\u00f3grafo \ud83e\udd14\ud83d\ude41 <a class=\"ws_tweet_time\" href=\"https:\/\/twitter.com\/webadedios\/statuses\/1181948748483694592\">-&gt;<\/a><\/li>\n<li class=\"ws_tweet\">Palacio de Bellas Artes y fans listos para rendir homenaje a Jos\u00e9 Jos\u00e9 <a class=\"ws_tweet_time\" href=\"https:\/\/twitter.com\/webadedios\/statuses\/1181948527401930752\">-&gt;<\/a><\/li>\n<li class=\"ws_tweet\">RT <a href=\"https:\/\/twitter.com\/ElFinanciero_Mx\">@ElFinanciero_Mx<\/a>: <a href=\"https:\/\/twitter.com\/search?q=%23Opini&amp;src=hash\">#Opini<\/a>\u00f3n El lopezobradorismo beligerante de <a href=\"https:\/\/twitter.com\/ArturoZaldivarL\">@ArturoZaldivarL<\/a> puede llevar a la <a href=\"https:\/\/twitter.com\/SCJN\">@SCJN<\/a> a subordinarse al Ejecutivo. Nece\u2026 <a class=\"ws_tweet_time\" href=\"https:\/\/twitter.com\/webadedios\/statuses\/1181941225361936389\">-&gt;<\/a><\/li>\n<li class=\"ws_tweet\">[Blog] Mis twitts del 2019-10-02 al 2019-10-08 &#8211; <a href=\"https:\/\/t.co\/eCAeUaOQzW\" rel=\"nofollow\">https:\/\/t.co\/eCAeUaOQzW<\/a> <a class=\"ws_tweet_time\" href=\"https:\/\/twitter.com\/webadedios\/statuses\/1181887054533271552\">-&gt;<\/a><\/li>\n<\/ul>\n<!--CusAds0-->\n<div style=\"font-size: 0px; height: 0px; line-height: 0px; margin: 0; padding: 0; clear: both;\"><\/div>","protected":false},"excerpt":{"rendered":"<p>Mis twitts del 2019-10-09 al 2019-10-15<\/p>\n","protected":false},"author":1,"featured_media":0,"comment_status":"open","ping_status":"open","sticky":false,"template":"","format":"standard","meta":{"footnotes":""},"categories":[2],"tags":[1878,966,1876,1877,1720,60],"class_list":["post-8517","post","type-post","status-publish","format-standard","hentry","category-actividades","tag-digo","tag-red","tag-social","tag-tuits","tag-tweets","tag-twitter"],"_links":{"self":[{"href":"https:\/\/webadedios.com\/blog\/wp-json\/wp\/v2\/posts\/8517","targetHints":{"allow":["GET"]}}],"collection":[{"href":"https:\/\/webadedios.com\/blog\/wp-json\/wp\/v2\/posts"}],"about":[{"href":"https:\/\/webadedios.com\/blog\/wp-json\/wp\/v2\/types\/post"}],"author":[{"embeddable":true,"href":"https:\/\/webadedios.com\/blog\/wp-json\/wp\/v2\/users\/1"}],"replies":[{"embeddable":true,"href":"https:\/\/webadedios.com\/blog\/wp-json\/wp\/v2\/comments?post=8517"}],"version-history":[{"count":0,"href":"https:\/\/webadedios.com\/blog\/wp-json\/wp\/v2\/posts\/8517\/revisions"}],"wp:attachment":[{"href":"https:\/\/webadedios.com\/blog\/wp-json\/wp\/v2\/media?parent=8517"}],"wp:term":[{"taxonomy":"category","embeddable":true,"href":"https:\/\/webadedios.com\/blog\/wp-json\/wp\/v2\/categories?post=8517"},{"taxonomy":"post_tag","embeddable":true,"href":"https:\/\/webadedios.com\/blog\/wp-json\/wp\/v2\/tags?post=8517"}],"curies":[{"name":"wp","href":"https:\/\/api.w.org\/{rel}","templated":true}]}}