{"id":8516,"date":"2019-10-09T05:40:00","date_gmt":"2019-10-09T10:40:00","guid":{"rendered":"http:\/\/webadedios.com\/blog\/?p=8516"},"modified":"2019-10-09T05:40:00","modified_gmt":"2019-10-09T10:40:00","slug":"mis-twitts-del-2019-10-02-al-2019-10-08","status":"publish","type":"post","link":"https:\/\/webadedios.com\/blog\/2019\/actividades\/mis-twitts-del-2019-10-02-al-2019-10-08\/","title":{"rendered":"Mis twitts del 2019-10-02 al 2019-10-08"},"content":{"rendered":"<ul class=\"ws_tweet_list\">\n<li class=\"ws_tweet\">RT <a href=\"https:\/\/twitter.com\/HuhConH\">@HuhConH<\/a>: Piden respeto insultando.<br \/>\nPiden paz ejerciendo violencia.<br \/>\nPiden tolerancia siendo intolerantes.<br \/>\nPiden libertad de expresi\u00f3n ce\u2026 <a class=\"ws_tweet_time\" href=\"https:\/\/twitter.com\/webadedios\/statuses\/1181670105673031680\">-&gt;<\/a><\/li>\n<li class=\"ws_tweet\">RT <a href=\"https:\/\/twitter.com\/reflexionamex\">@reflexionamex<\/a>: Ya los mismos &quot;ultrafan\u00e1ticos&quot; de la &quot;redYaSabesQuien&quot; se est\u00e1n dando cuenta de que los que crecemos, somos los opositor\u2026 <a class=\"ws_tweet_time\" href=\"https:\/\/twitter.com\/webadedios\/statuses\/1181594308383793152\">-&gt;<\/a><\/li>\n<li class=\"ws_tweet\">Rick y morty el 10 de noviembre\n<p>lo malo, solo 5 episodios <a class=\"ws_tweet_time\" href=\"https:\/\/twitter.com\/webadedios\/statuses\/1181593832053526532\">-&gt;<\/a><\/li>\n<li class=\"ws_tweet\">RT <a href=\"https:\/\/twitter.com\/PedroFerriz\">@PedroFerriz<\/a>: Con el pretexto de que est\u00e1n luchando contra la corrupci\u00f3n y nada ni nadie los detendr\u00e1. El gobierno permite la violencia,\u2026 <a class=\"ws_tweet_time\" href=\"https:\/\/twitter.com\/webadedios\/statuses\/1181549494883803137\">-&gt;<\/a><\/li>\n<li class=\"ws_tweet\">RT <a href=\"https:\/\/twitter.com\/PedroFerriz\">@PedroFerriz<\/a>: \u00a1ENT\u00c9RATE! \ud83d\udde3\ud83d\udc42\ud83c\udffb<br \/>\nLos temas del d\u00eda en <a href=\"https:\/\/twitter.com\/search?q=%23CentralFM&amp;src=hash\">#CentralFM<\/a><br \/>\n\ud83d\udcf0 Se\u00f1ala el Secretario de Hacienda que aunque llevamos un crecimiento medio\u2026 <a class=\"ws_tweet_time\" href=\"https:\/\/twitter.com\/webadedios\/statuses\/1181549281297276928\">-&gt;<\/a><\/li>\n<li class=\"ws_tweet\">Mientras los  <a href=\"https:\/\/twitter.com\/search?q=%23taxistas&amp;src=hash\">#taxistas<\/a> hacen paros y molestias a la circulaci\u00f3n, yo viajo c\u00f3modo en Didi\n<p><a href=\"https:\/\/t.co\/xdxdIuDo1X\" rel=\"nofollow\">https:\/\/t.co\/xdxdIuDo1X<\/a> <a class=\"ws_tweet_time\" href=\"https:\/\/twitter.com\/webadedios\/statuses\/1181192672771485696\">-&gt;<\/a><\/li>\n<li class=\"ws_tweet\">ya no soportas a los <a href=\"https:\/\/twitter.com\/search?q=%23taxistas&amp;src=hash\">#taxistas<\/a> , pues unete tambi\u00e9n a Didi, uber, cabify <a class=\"ws_tweet_time\" href=\"https:\/\/twitter.com\/webadedios\/statuses\/1181192344151814144\">-&gt;<\/a><\/li>\n<li class=\"ws_tweet\">RT <a href=\"https:\/\/twitter.com\/PeatonDelSur\">@PeatonDelSur<\/a>: Los <a href=\"https:\/\/twitter.com\/search?q=%23taxistas&amp;src=hash\">#taxistas<\/a> quieren &quot;piso parejo&quot;, dicen que as\u00ed s\u00ed podr\u00edan dar un buen servicio. Ni cuando ten\u00edan el monopolio lo hac\u00ed\u2026 <a class=\"ws_tweet_time\" href=\"https:\/\/twitter.com\/webadedios\/statuses\/1181191929876422656\">-&gt;<\/a><\/li>\n<li class=\"ws_tweet\">Hasta la madre de los taxis en la CDMX, usa didi\n<p><a href=\"https:\/\/t.co\/ul1oSxIwDm\" rel=\"nofollow\">https:\/\/t.co\/ul1oSxIwDm<\/a> <a class=\"ws_tweet_time\" href=\"https:\/\/twitter.com\/webadedios\/statuses\/1181191393521410055\">-&gt;<\/a><\/li>\n<li class=\"ws_tweet\">\u00a1Obt\u00e9n $200 de regalo en viajes! S\u00f3lo registrate y descarga la app de DiDi.<br \/>\nAdem\u00e1s recibe 30% OFF adicionales ingre\u2026 <a href=\"https:\/\/t.co\/tdh2bPzmKu\" rel=\"nofollow\">https:\/\/t.co\/tdh2bPzmKu<\/a> <a class=\"ws_tweet_time\" href=\"https:\/\/twitter.com\/webadedios\/statuses\/1181191091229466624\">-&gt;<\/a><\/li>\n<li class=\"ws_tweet\">RT <a href=\"https:\/\/twitter.com\/lopezperiodista\">@lopezperiodista<\/a>: As\u00ed ya va la formaci\u00f3n de <a href=\"https:\/\/twitter.com\/search?q=%23taxistas&amp;src=hash\">#taxistas<\/a> en el \u00c1ngel de la Independencia para la marcha de hoy que iniciar\u00e1 a las 8:00 am.\u2026 <a class=\"ws_tweet_time\" href=\"https:\/\/twitter.com\/webadedios\/statuses\/1181187847627386881\">-&gt;<\/a><\/li>\n<li class=\"ws_tweet\">RT <a href=\"https:\/\/twitter.com\/LisLazz\">@LisLazz<\/a>: Desmadre de taxistas ma\u00f1ana<br \/>\n<a href=\"https:\/\/twitter.com\/search?q=%23manifestaci&amp;src=hash\">#manifestaci<\/a>\u00f3n <a href=\"https:\/\/twitter.com\/search?q=%23taxistas&amp;src=hash\">#taxistas<\/a> <a href=\"https:\/\/twitter.com\/search?q=%23CDMX&amp;src=hash\">#CDMX<\/a><\/p>\n<p>La sheinbaum va a acusarlos con sus mam\u00e1s?!? <a href=\"https:\/\/t.co\/avGrVGxj\u2026\" rel=\"nofollow\">https:\/\/t.co\/avGrVGxj\u2026<\/a> <a class=\"ws_tweet_time\" href=\"https:\/\/twitter.com\/webadedios\/statuses\/1181080230502514688\">-&gt;<\/a><\/li>\n<li class=\"ws_tweet\">-\u00bfY si lavamos las unidades, no somos groseros con los clientes y no negamos servicios para que la gente nos vea de\u2026 <a href=\"https:\/\/t.co\/io0Xi6P0kL\" rel=\"nofollow\">https:\/\/t.co\/io0Xi6P0kL<\/a> <a class=\"ws_tweet_time\" href=\"https:\/\/twitter.com\/webadedios\/statuses\/1181080052034949120\">-&gt;<\/a><\/li>\n<li class=\"ws_tweet\"><a href=\"https:\/\/twitter.com\/search?q=%23NoTomesTaxi&amp;src=hash\">#NoTomesTaxi<\/a><br \/>\nBusca otras alternativas&#8230; <a class=\"ws_tweet_time\" href=\"https:\/\/twitter.com\/webadedios\/statuses\/1181079791702876161\">-&gt;<\/a><\/li>\n<li class=\"ws_tweet\">Apoyar\u00eda a los <a href=\"https:\/\/twitter.com\/search?q=%23Taxistas&amp;src=hash\">#Taxistas<\/a> pero &quot;h\u00edjole joven, no voy para all\u00e1&quot;. <a class=\"ws_tweet_time\" href=\"https:\/\/twitter.com\/webadedios\/statuses\/1181079669308829698\">-&gt;<\/a><\/li>\n<li class=\"ws_tweet\"><a href=\"https:\/\/twitter.com\/search?q=%23manifestaci&amp;src=hash\">#manifestaci<\/a>\u00f3n <a href=\"https:\/\/twitter.com\/search?q=%23taxistas&amp;src=hash\">#taxistas<\/a> del d\u00eda lunes 7 de septiembre<br \/>\nLas zonas afectadas ser\u00e1n:<br \/>\n\ud83d\udc49<br \/>\n Norte: Indios Verdes, Insurgen\u2026 <a href=\"https:\/\/t.co\/9zGbMv4EVb\" rel=\"nofollow\">https:\/\/t.co\/9zGbMv4EVb<\/a> <a class=\"ws_tweet_time\" href=\"https:\/\/twitter.com\/webadedios\/statuses\/1181079294191325184\">-&gt;<\/a><\/li>\n<li class=\"ws_tweet\">Quieren apoyo <a href=\"https:\/\/twitter.com\/search?q=%23Taxistas&amp;src=hash\">#Taxistas<\/a> ? Con gusto, pero primero traigan cambio. Vayan a d\u00f3nde se les solicita. Bajenle a su esc\u00e1n\u2026 <a href=\"https:\/\/t.co\/AkNT3C4E6e\" rel=\"nofollow\">https:\/\/t.co\/AkNT3C4E6e<\/a> <a class=\"ws_tweet_time\" href=\"https:\/\/twitter.com\/webadedios\/statuses\/1181079200423403522\">-&gt;<\/a><\/li>\n<li class=\"ws_tweet\">Lo \u00fanico que ganar\u00e1n los <a href=\"https:\/\/twitter.com\/search?q=%23Taxistas&amp;src=hash\">#Taxistas<\/a> con su marcha es aumentar el rechazo de la gente, ya de por s\u00ed alto. <a class=\"ws_tweet_time\" href=\"https:\/\/twitter.com\/webadedios\/statuses\/1181079041350291456\">-&gt;<\/a><\/li>\n<li class=\"ws_tweet\">ma\u00f1ana a la mierda con los taxistas <a class=\"ws_tweet_time\" href=\"https:\/\/twitter.com\/webadedios\/statuses\/1181078533755551745\">-&gt;<\/a><\/li>\n<li class=\"ws_tweet\">RT <a href=\"https:\/\/twitter.com\/adalcortez\">@adalcortez<\/a>: \u201dEl sujeto ideal de un r\u00e9gimen totalitario no es el nazi convencido o el comunista comprometido, son las personas para quie\u2026 <a class=\"ws_tweet_time\" href=\"https:\/\/twitter.com\/webadedios\/statuses\/1180968486954311687\">-&gt;<\/a><\/li>\n<li class=\"ws_tweet\">vi el versa 2020 y me encanto\n<p>el pero es que no es el\u00e9ctrico, pero que gran coche <a class=\"ws_tweet_time\" href=\"https:\/\/twitter.com\/webadedios\/statuses\/1180897820611624961\">-&gt;<\/a><\/li>\n<li class=\"ws_tweet\">RT <a href=\"https:\/\/twitter.com\/calbert57\">@calbert57<\/a>: el Piojo no se escapar\u00e1 del puto castigo que se gan\u00f3 por insultar al \u00e1rbitro. refiri\u00e9ndose a \u00e9l gritando&#8230; \u201c no me pregunte\u2026 <a class=\"ws_tweet_time\" href=\"https:\/\/twitter.com\/webadedios\/statuses\/1180731024180948992\">-&gt;<\/a><\/li>\n<li class=\"ws_tweet\">Cruz Azul le deb\u00eda un juego de estos a su afici\u00f3n. Enhorabuena. <a class=\"ws_tweet_time\" href=\"https:\/\/twitter.com\/webadedios\/statuses\/1180660663766663168\">-&gt;<\/a><\/li>\n<li class=\"ws_tweet\">Siendo muy claro&#8230; Guillermo Ochoa nada que ver con los goles de esta noche.<br \/>\nLa defensa una mierda!!!!! <a class=\"ws_tweet_time\" href=\"https:\/\/twitter.com\/webadedios\/statuses\/1180660427572879360\">-&gt;<\/a><\/li>\n<li class=\"ws_tweet\">Mi Am\u00e9rica siendo goleada por el cruz azul\n<p>A aguantar cartilla, ni modo <a class=\"ws_tweet_time\" href=\"https:\/\/twitter.com\/webadedios\/statuses\/1180660225340301312\">-&gt;<\/a><\/li>\n<li class=\"ws_tweet\">RT <a href=\"https:\/\/twitter.com\/Garcimonero\">@Garcimonero<\/a>: \ud83c\uddf0\ud83c\uddfcActuaremos con forme a derecho<br \/>\n\ud83c\udde7\ud83c\uddf7Actuaremos conforme a derecho<br \/>\n\ud83c\uddea\ud83c\uddf8Actuaremos conforme a derecho<br \/>\n\ud83c\udde9\ud83c\uddeaActuaremos conforme a\u2026 <a class=\"ws_tweet_time\" href=\"https:\/\/twitter.com\/webadedios\/statuses\/1180265599416651777\">-&gt;<\/a><\/li>\n<li class=\"ws_tweet\">RT <a href=\"https:\/\/twitter.com\/PerMexicum\">@PerMexicum<\/a>: P.D.: Falta sumar los gastos de la central avionera de Santa Luc\u00eda. Recordemos que Riobo\u00f3 no vi\u00f3 un cerro. \u00a1UN CERRO!\n<p>Adem\u2026 <a class=\"ws_tweet_time\" href=\"https:\/\/twitter.com\/webadedios\/statuses\/1180224509544210434\">-&gt;<\/a><\/li>\n<li class=\"ws_tweet\">RT <a href=\"https:\/\/twitter.com\/13_iracheta\">@13_iracheta<\/a>: .\n<p>Lo que Claudia gast\u00f3 en camisetas del lamentable cintur\u00f3n de paz, es m\u00e1s de 57 veces lo que L\u00f3pez ahorr\u00f3 con los medica\u2026 <a class=\"ws_tweet_time\" href=\"https:\/\/twitter.com\/webadedios\/statuses\/1180224282900738048\">-&gt;<\/a><\/li>\n<li class=\"ws_tweet\">Estas listo? <a href=\"https:\/\/t.co\/hzPoEhzyti\" rel=\"nofollow\">https:\/\/t.co\/hzPoEhzyti<\/a> <a class=\"ws_tweet_time\" href=\"https:\/\/twitter.com\/webadedios\/statuses\/1180224220397223942\">-&gt;<\/a><\/li>\n<li class=\"ws_tweet\">RT <a href=\"https:\/\/twitter.com\/Potropegaso21\">@Potropegaso21<\/a>: Si quieres ser el mejor, tienes que hacer cosas que otras personas no est\u00e1n dispuestas a hacer.<br \/>\nNo puedes poner un l\u00edmit\u2026 <a class=\"ws_tweet_time\" href=\"https:\/\/twitter.com\/webadedios\/statuses\/1180201594236874754\">-&gt;<\/a><\/li>\n<li class=\"ws_tweet\">resulta que el Dip. Sergio Mayer del partido MORENA es due\u00f1o de una empresa llamada MORENA la cual ha venido cobran\u2026 <a href=\"https:\/\/t.co\/N1lC40v1eV\" rel=\"nofollow\">https:\/\/t.co\/N1lC40v1eV<\/a> <a class=\"ws_tweet_time\" href=\"https:\/\/twitter.com\/webadedios\/statuses\/1179915449682874368\">-&gt;<\/a><\/li>\n<li class=\"ws_tweet\">RT <a href=\"https:\/\/twitter.com\/LaloSerranoZ\">@LaloSerranoZ<\/a>: Sergio Mayer y una hijastra de <a href=\"https:\/\/twitter.com\/search?q=%23JoseJose&amp;src=hash\">#JoseJose<\/a> al parecer cobran  regal\u00edas de la m\u00fasica en redes sociales del Pr\u00edncipe de la Ca\u2026 <a class=\"ws_tweet_time\" href=\"https:\/\/twitter.com\/webadedios\/statuses\/1179915196661456897\">-&gt;<\/a><\/li>\n<li class=\"ws_tweet\">RT <a href=\"https:\/\/twitter.com\/veronicalderon\">@veronicalderon<\/a>: Para rematar el d\u00eda: el diputado Sergio Mayer (<a href=\"https:\/\/twitter.com\/SergioMayerb\">@SergioMayerb<\/a>), de <a href=\"https:\/\/twitter.com\/PartidoMorenaMx\">@PartidoMorenaMx<\/a> y encargado de la Comisi\u00f3n de Cultur\u2026 <a class=\"ws_tweet_time\" href=\"https:\/\/twitter.com\/webadedios\/statuses\/1179914420060917761\">-&gt;<\/a><\/li>\n<li class=\"ws_tweet\">RT <a href=\"https:\/\/twitter.com\/ChumelTorres\">@ChumelTorres<\/a>: \u00a1Toma eso anuncio represor!<br \/>\n<a href=\"https:\/\/t.co\/gabBDoXuRq\" rel=\"nofollow\">https:\/\/t.co\/gabBDoXuRq<\/a> <a class=\"ws_tweet_time\" href=\"https:\/\/twitter.com\/webadedios\/statuses\/1179914229375213568\">-&gt;<\/a><\/li>\n<li class=\"ws_tweet\">RT <a href=\"https:\/\/twitter.com\/FelipeCalderon\">@FelipeCalderon<\/a>: El papel del Estado es hacer valer el Derecho. Es la \u00fanica manera de defender los derechos de todos. A eso ha renunciad\u2026 <a class=\"ws_tweet_time\" href=\"https:\/\/twitter.com\/webadedios\/statuses\/1179913842316447744\">-&gt;<\/a><\/li>\n<li class=\"ws_tweet\">RT <a href=\"https:\/\/twitter.com\/Garcimonero\">@Garcimonero<\/a>: Tambi\u00e9n las de los que protestan por la cancelaci\u00f3n del aeropuerto d\u00e9 Texcoco, la de los tabasque\u00f1os  que se oponen a la l\u2026 <a class=\"ws_tweet_time\" href=\"https:\/\/twitter.com\/webadedios\/statuses\/1179913638250975234\">-&gt;<\/a><\/li>\n<li class=\"ws_tweet\">RT <a href=\"https:\/\/twitter.com\/SergioADippW\">@SergioADippW<\/a>: Chicharito, 2 titularidades, 2 goles!!!!! \ud83d\udd25\ud83d\ude4c\ud83c\udffb\ud83d\udc4f\ud83c\udffb\ud83c\uddf2\ud83c\uddfd <a href=\"https:\/\/twitter.com\/CH14_\">@CH14_<\/a>\n<p> <a href=\"https:\/\/t.co\/K1oCV1o5HD\" rel=\"nofollow\">https:\/\/t.co\/K1oCV1o5HD<\/a> <a class=\"ws_tweet_time\" href=\"https:\/\/twitter.com\/webadedios\/statuses\/1179913429387268096\">-&gt;<\/a><\/li>\n<li class=\"ws_tweet\"><a href=\"https:\/\/twitter.com\/search?q=%23chistecorto&amp;src=hash\">#chistecorto<\/a> \u00bfQu\u00e9 le dijo una iguana a otra iguana? &quot;Somos iguanitas&quot; <a class=\"ws_tweet_time\" href=\"https:\/\/twitter.com\/webadedios\/statuses\/1179790624855343105\">-&gt;<\/a><\/li>\n<li class=\"ws_tweet\"><a href=\"https:\/\/twitter.com\/search?q=%23chistecorto&amp;src=hash\">#chistecorto<\/a> el n\u00famero m\u00e1s ignorante es el uno; porque uno nunca sabe. <a class=\"ws_tweet_time\" href=\"https:\/\/twitter.com\/webadedios\/statuses\/1179790200077246465\">-&gt;<\/a><\/li>\n<li class=\"ws_tweet\"><a href=\"https:\/\/twitter.com\/search?q=%23MeanGirlsDay&amp;src=hash\">#MeanGirlsDay<\/a><br \/>\n\u2014 No tengo nada rosa. <a class=\"ws_tweet_time\" href=\"https:\/\/twitter.com\/webadedios\/statuses\/1179789889879134213\">-&gt;<\/a><\/li>\n<li class=\"ws_tweet\">RT <a href=\"https:\/\/twitter.com\/smgturn\">@smgturn<\/a>: Oficialmente es tres de octubre <a href=\"https:\/\/twitter.com\/search?q=%23MeanGirlsDay&amp;src=hash\">#MeanGirlsDay<\/a>. \ud83d\udc60 <a href=\"https:\/\/t.co\/3k3b5xMbOy\" rel=\"nofollow\">https:\/\/t.co\/3k3b5xMbOy<\/a> <a class=\"ws_tweet_time\" href=\"https:\/\/twitter.com\/webadedios\/statuses\/1179789775357788168\">-&gt;<\/a><\/li>\n<li class=\"ws_tweet\">ya vi que ver en Octubre (series de anime recomendadas)\n<p><a href=\"https:\/\/t.co\/oRy5V24z2T\" rel=\"nofollow\">https:\/\/t.co\/oRy5V24z2T<\/a> <a class=\"ws_tweet_time\" href=\"https:\/\/twitter.com\/webadedios\/statuses\/1179789647590936576\">-&gt;<\/a><\/li>\n<li class=\"ws_tweet\"><a href=\"https:\/\/twitter.com\/search?q=%232DeOctubreNoSeOlvida&amp;src=hash\">#2DeOctubreNoSeOlvida<\/a>\n<p>Hoy el gobierno es el que organiza la marcha, paa no olvidar que el gobierno  puede ser repr\u2026 <a href=\"https:\/\/t.co\/WQiTzsriCx\" rel=\"nofollow\">https:\/\/t.co\/WQiTzsriCx<\/a> <a class=\"ws_tweet_time\" href=\"https:\/\/twitter.com\/webadedios\/statuses\/1179416344019820545\">-&gt;<\/a><\/li>\n<li class=\"ws_tweet\">RT <a href=\"https:\/\/twitter.com\/guruchuirer\">@guruchuirer<\/a>: <a href=\"https:\/\/twitter.com\/lopezobrador_\">@lopezobrador_<\/a> El <a href=\"https:\/\/twitter.com\/search?q=%232DeOctubreNoSeOlvida&amp;src=hash\">#2DeOctubreNoSeOlvida<\/a> y recordaremos con una marcha de PAZ a los ca\u00eddos del 68, no permitamos que los vi\u2026 <a class=\"ws_tweet_time\" href=\"https:\/\/twitter.com\/webadedios\/statuses\/1179416089161342977\">-&gt;<\/a><\/li>\n<li class=\"ws_tweet\">RT <a href=\"https:\/\/twitter.com\/AlfonsoRD\">@AlfonsoRD<\/a>: Nos advirtieron de L\u00f3pez y su tocayo Bartlett.\n<p>Pero \u00bfqu\u00e9 puede salir mal si le damos el &quot;beneficio de la duda&quot;? Dec\u00edan.<\/p>\n<p>\u00bfY\u2026 <a class=\"ws_tweet_time\" href=\"https:\/\/twitter.com\/webadedios\/statuses\/1179415524037611521\">-&gt;<\/a><\/li>\n<li class=\"ws_tweet\">RT <a href=\"https:\/\/twitter.com\/ESEMEJIA\">@ESEMEJIA<\/a>: Si usted es funcionario p\u00fablico de la CDMX y hoy es obligado a salir de su oficina para formar una valla de seguridad tenga u\u2026 <a class=\"ws_tweet_time\" href=\"https:\/\/twitter.com\/webadedios\/statuses\/1179415465447297024\">-&gt;<\/a><\/li>\n<li class=\"ws_tweet\">RT <a href=\"https:\/\/twitter.com\/ContrapesoC\">@ContrapesoC<\/a>: <a href=\"https:\/\/twitter.com\/search?q=%23Partidos&amp;src=hash\">#Partidos<\/a> | AMLO nunca respetar\u00e1 la divisi\u00f3n de poderes: Yeidckol Polevnsky\u00a0https:\/\/t.co\/itjdSAVZ8c <a href=\"https:\/\/t.co\/5TriWnyXl2\" rel=\"nofollow\">https:\/\/t.co\/5TriWnyXl2<\/a> <a class=\"ws_tweet_time\" href=\"https:\/\/twitter.com\/webadedios\/statuses\/1179414625504366592\">-&gt;<\/a><\/li>\n<li class=\"ws_tweet\">RT <a href=\"https:\/\/twitter.com\/beltrandelrio\">@beltrandelrio<\/a>: Posibles posturas oficiales sobre los 16 millones de pesos en impuestos perdonados a Yeidckol Polevnsky:\n<p>1) No es lo m\u2026 <a class=\"ws_tweet_time\" href=\"https:\/\/twitter.com\/webadedios\/statuses\/1179414556856246275\">-&gt;<\/a><\/li>\n<li class=\"ws_tweet\">Yeidckol Polevnsky y Ana Gabriela Guevara recibieron condonaciones del SAT <a class=\"ws_tweet_time\" href=\"https:\/\/twitter.com\/webadedios\/statuses\/1179414495841673220\">-&gt;<\/a><\/li>\n<li class=\"ws_tweet\">RT <a href=\"https:\/\/twitter.com\/jjsolisher\">@jjsolisher<\/a>: Los perdonados del SAT:\n<p>\u2014Diego Fern\u00e1ndez de Cevallos 8,329,996<\/p>\n<p>\u2014Ang\u00e9lica Rivera Hurtado<br \/>\n1,784,676<\/p>\n<p>\u2014Yeidckol Polevnsky<br \/>\n16\u2026 <a class=\"ws_tweet_time\" href=\"https:\/\/twitter.com\/webadedios\/statuses\/1179414425427677186\">-&gt;<\/a><\/li>\n<li class=\"ws_tweet\">RT <a href=\"https:\/\/twitter.com\/tumbaburross\">@tumbaburross<\/a>: Apenas entraba a gobernar Pe\u00f1a Nieto y su gobierno ya condonaba 16 millones de pesos a Yeidckol Polevnsky, con raz\u00f3n Pe\u00f1a\u2026 <a class=\"ws_tweet_time\" href=\"https:\/\/twitter.com\/webadedios\/statuses\/1179414319680905218\">-&gt;<\/a><\/li>\n<li class=\"ws_tweet\">RT <a href=\"https:\/\/twitter.com\/El_Universal_Mx\">@El_Universal_Mx<\/a>: El <a href=\"https:\/\/twitter.com\/SATMX\">@SATMX<\/a> entreg\u00f3 la base de datos de los adeudos fiscales condonados durante los sexenios de Felipe Calder\u00f3n y Pe\u00f1a N\u2026 <a class=\"ws_tweet_time\" href=\"https:\/\/twitter.com\/webadedios\/statuses\/1179414136024895489\">-&gt;<\/a><\/li>\n<li class=\"ws_tweet\">RT <a href=\"https:\/\/twitter.com\/luisperezprensa\">@luisperezprensa<\/a>: Hace unos d\u00edas Yeidckol Polevnsky critic\u00f3 las condonaciones de impuestos a grandes empresarios durante sexenios pasado\u2026 <a class=\"ws_tweet_time\" href=\"https:\/\/twitter.com\/webadedios\/statuses\/1179414079322112003\">-&gt;<\/a><\/li>\n<li class=\"ws_tweet\">SAT condon\u00f3 16 millones de pesos a Yeidckol Polevnsky, en 2013\n<p>\u00bfDe que tama\u00f1o tendr\u00edan que ser sus ingresos para q\u2026 <a href=\"https:\/\/t.co\/Zt8aMaQtPv\" rel=\"nofollow\">https:\/\/t.co\/Zt8aMaQtPv<\/a> <a class=\"ws_tweet_time\" href=\"https:\/\/twitter.com\/webadedios\/statuses\/1179414004529352707\">-&gt;<\/a><\/li>\n<li class=\"ws_tweet\">[Blog] Mis twitts del 2019-09-25 al 2019-10-01 &#8211; <a href=\"https:\/\/t.co\/63hYNqHD6c\" rel=\"nofollow\">https:\/\/t.co\/63hYNqHD6c<\/a> <a class=\"ws_tweet_time\" href=\"https:\/\/twitter.com\/webadedios\/statuses\/1179350337230196738\">-&gt;<\/a><\/li>\n<\/ul>\n<!--CusAds0-->\n<div style=\"font-size: 0px; height: 0px; line-height: 0px; margin: 0; padding: 0; clear: both;\"><\/div>","protected":false},"excerpt":{"rendered":"<p>Mis twitts del 2019-10-02 al 2019-10-08<\/p>\n","protected":false},"author":1,"featured_media":0,"comment_status":"open","ping_status":"open","sticky":false,"template":"","format":"standard","meta":{"footnotes":""},"categories":[2],"tags":[1878,966,1876,1877,1720,60],"class_list":["post-8516","post","type-post","status-publish","format-standard","hentry","category-actividades","tag-digo","tag-red","tag-social","tag-tuits","tag-tweets","tag-twitter"],"_links":{"self":[{"href":"https:\/\/webadedios.com\/blog\/wp-json\/wp\/v2\/posts\/8516","targetHints":{"allow":["GET"]}}],"collection":[{"href":"https:\/\/webadedios.com\/blog\/wp-json\/wp\/v2\/posts"}],"about":[{"href":"https:\/\/webadedios.com\/blog\/wp-json\/wp\/v2\/types\/post"}],"author":[{"embeddable":true,"href":"https:\/\/webadedios.com\/blog\/wp-json\/wp\/v2\/users\/1"}],"replies":[{"embeddable":true,"href":"https:\/\/webadedios.com\/blog\/wp-json\/wp\/v2\/comments?post=8516"}],"version-history":[{"count":0,"href":"https:\/\/webadedios.com\/blog\/wp-json\/wp\/v2\/posts\/8516\/revisions"}],"wp:attachment":[{"href":"https:\/\/webadedios.com\/blog\/wp-json\/wp\/v2\/media?parent=8516"}],"wp:term":[{"taxonomy":"category","embeddable":true,"href":"https:\/\/webadedios.com\/blog\/wp-json\/wp\/v2\/categories?post=8516"},{"taxonomy":"post_tag","embeddable":true,"href":"https:\/\/webadedios.com\/blog\/wp-json\/wp\/v2\/tags?post=8516"}],"curies":[{"name":"wp","href":"https:\/\/api.w.org\/{rel}","templated":true}]}}