{"id":8514,"date":"2019-09-25T05:40:00","date_gmt":"2019-09-25T10:40:00","guid":{"rendered":"http:\/\/webadedios.com\/blog\/?p=8514"},"modified":"2019-09-25T05:40:00","modified_gmt":"2019-09-25T10:40:00","slug":"mis-twitts-del-2019-09-18-al-2019-09-24","status":"publish","type":"post","link":"https:\/\/webadedios.com\/blog\/2019\/actividades\/mis-twitts-del-2019-09-18-al-2019-09-24\/","title":{"rendered":"Mis twitts del 2019-09-18 al 2019-09-24"},"content":{"rendered":"<ul class=\"ws_tweet_list\">\n<li class=\"ws_tweet\">RT <a href=\"https:\/\/twitter.com\/tumbaburross\">@tumbaburross<\/a>: MORENA en Veracruz le dio en la madre  al estado en 1 a\u00f1o, <a href=\"https:\/\/twitter.com\/fgcabezadevaca\">@fgcabezadevaca<\/a> por poner un ejemplo.\n<p>Llev\u00f3 a Tamaulipas al 6\u2026 <a class=\"ws_tweet_time\" href=\"https:\/\/twitter.com\/webadedios\/statuses\/1176558352312217600\">-&gt;<\/a><\/li>\n<li class=\"ws_tweet\">Puebla, Veracruz, Morelos y CDMX rebasan por mucho los \u00edndices delictivos de Guanajuato. <a class=\"ws_tweet_time\" href=\"https:\/\/twitter.com\/webadedios\/statuses\/1176558089299996672\">-&gt;<\/a><\/li>\n<li class=\"ws_tweet\">RT <a href=\"https:\/\/twitter.com\/VicenteFoxQue\">@VicenteFoxQue<\/a>: Rateros en plural,  los miembros del Gobierno,  Morena y 4a corrupci\u00f3n.<br \/>\nS\u00edguelo defendiendo L\u00f3pez!!<\/p>\n<p>Bartlett: primero\u2026 <a class=\"ws_tweet_time\" href=\"https:\/\/twitter.com\/webadedios\/statuses\/1176557828951203840\">-&gt;<\/a><\/li>\n<li class=\"ws_tweet\">RT <a href=\"https:\/\/twitter.com\/El_Universal_Mx\">@El_Universal_Mx<\/a>: <a href=\"https:\/\/twitter.com\/CarlosLoret\">@CarlosLoret<\/a> <a href=\"https:\/\/twitter.com\/search?q=%23BartlettSAdeCV&amp;src=hash\">#BartlettSAdeCV<\/a> El grupo parlamentario del PAN en el Senado, solicit\u00f3 al gobierno federal la separaci\u00f3n d\u2026 <a class=\"ws_tweet_time\" href=\"https:\/\/twitter.com\/webadedios\/statuses\/1176557748831641600\">-&gt;<\/a><\/li>\n<li class=\"ws_tweet\">RT <a href=\"https:\/\/twitter.com\/El_Universal_Mx\">@El_Universal_Mx<\/a>: <a href=\"https:\/\/twitter.com\/search?q=%23BartlettSAdeCV&amp;src=hash\">#BartlettSAdeCV<\/a> El presidente L\u00f3pez Obrador ha dicho que Bartlett est\u00e1 dedicado a ayudarle a limpiar de corrupci\u00f3n la\u2026 <a class=\"ws_tweet_time\" href=\"https:\/\/twitter.com\/webadedios\/statuses\/1176557677620731906\">-&gt;<\/a><\/li>\n<li class=\"ws_tweet\">RT <a href=\"https:\/\/twitter.com\/RallyfastDriver\">@RallyfastDriver<\/a>: Pat\u00e9tico sin duda que bajo nivel que  &quot;presidente&quot; <a href=\"https:\/\/twitter.com\/lopezobrador_\">@lopezobrador_<\/a> tan pinche CUTRE tenemos asco <a href=\"https:\/\/twitter.com\/search?q=%23AmloElFracasoPresiden&amp;src=hash\">#AmloElFracasoPresiden<\/a>\u2026 <a class=\"ws_tweet_time\" href=\"https:\/\/twitter.com\/webadedios\/statuses\/1176557541314170881\">-&gt;<\/a><\/li>\n<li class=\"ws_tweet\">RT <a href=\"https:\/\/twitter.com\/MurilloMelanie\">@MurilloMelanie<\/a>: Al m\u00e1s puro estilo retr\u00f3grada y revanchista que los caracteriza hoy <a href=\"https:\/\/twitter.com\/search?q=%23Morena&amp;src=hash\">#Morena<\/a> en el Senado pretende solicitar la <a href=\"https:\/\/twitter.com\/search?q=%23Desapar&amp;src=hash\">#Desapar<\/a>\u2026 <a class=\"ws_tweet_time\" href=\"https:\/\/twitter.com\/webadedios\/statuses\/1176557475161489409\">-&gt;<\/a><\/li>\n<li class=\"ws_tweet\">RT <a href=\"https:\/\/twitter.com\/Alberto41470613\">@Alberto41470613<\/a>: <a href=\"https:\/\/twitter.com\/El_Universal_Mx\">@El_Universal_Mx<\/a> Amigos todos no termina de pagar favores el vejete..el sexenio m\u00e1s nepotico ,robaran m\u00e1s que nadie, e\u2026 <a class=\"ws_tweet_time\" href=\"https:\/\/twitter.com\/webadedios\/statuses\/1176555500592345093\">-&gt;<\/a><\/li>\n<li class=\"ws_tweet\">RT <a href=\"https:\/\/twitter.com\/VocerodelP\">@VocerodelP<\/a>: Ayer un Vocerlover me dio una teor\u00eda conspiratoria:\n<p>L\u00f3pez est\u00e1 relajando la seguridad y concentrando todo el poder armado\u2026 <a class=\"ws_tweet_time\" href=\"https:\/\/twitter.com\/webadedios\/statuses\/1176555336930643968\">-&gt;<\/a><\/li>\n<li class=\"ws_tweet\">RT <a href=\"https:\/\/twitter.com\/GustavoVela71\">@GustavoVela71<\/a>: Con dinero baila el perro <a href=\"https:\/\/t.co\/UeNsE1fTE5\" rel=\"nofollow\">https:\/\/t.co\/UeNsE1fTE5<\/a> <a class=\"ws_tweet_time\" href=\"https:\/\/twitter.com\/webadedios\/statuses\/1175999393041965057\">-&gt;<\/a><\/li>\n<li class=\"ws_tweet\">RT <a href=\"https:\/\/twitter.com\/evacide\">@evacide<\/a>: An AI that reads privacy policies for me? This is a part of my job that I will gladly cede to robots: <a href=\"https:\/\/t.co\/HZBpE5oMPW\" rel=\"nofollow\">https:\/\/t.co\/HZBpE5oMPW<\/a> <a class=\"ws_tweet_time\" href=\"https:\/\/twitter.com\/webadedios\/statuses\/1175998831596646400\">-&gt;<\/a><\/li>\n<li class=\"ws_tweet\">Is there like a conspiracy against Amy Adams I don\u2019t understand how she could be robbed so many times <a class=\"ws_tweet_time\" href=\"https:\/\/twitter.com\/webadedios\/statuses\/1175989922299338753\">-&gt;<\/a><\/li>\n<li class=\"ws_tweet\">Amy Adams still hasn&#039;t won an award???\ud83d\ude2d<br \/>\nOne day. She will. <a class=\"ws_tweet_time\" href=\"https:\/\/twitter.com\/webadedios\/statuses\/1175989746599976960\">-&gt;<\/a><\/li>\n<li class=\"ws_tweet\">Tuca causa aparatoso accidente <a class=\"ws_tweet_time\" href=\"https:\/\/twitter.com\/webadedios\/statuses\/1175489257915465728\">-&gt;<\/a><\/li>\n<li class=\"ws_tweet\">Imagina que el Tuca te choca y luego te insulta. <a class=\"ws_tweet_time\" href=\"https:\/\/twitter.com\/webadedios\/statuses\/1175488634495086593\">-&gt;<\/a><\/li>\n<li class=\"ws_tweet\">Es una pena lo que la 4T est\u00e1 haciendo con CONACyT, lejos de incentivar la innovaci\u00f3n cient\u00edfica y tecnolog\u00eda la es\u2026 <a href=\"https:\/\/t.co\/j5YEjZH2wK\" rel=\"nofollow\">https:\/\/t.co\/j5YEjZH2wK<\/a> <a class=\"ws_tweet_time\" href=\"https:\/\/twitter.com\/webadedios\/statuses\/1175488447865327616\">-&gt;<\/a><\/li>\n<li class=\"ws_tweet\">Y as\u00ed, <a href=\"https:\/\/twitter.com\/ElenaBuylla\">@ElenaBuylla<\/a> <a href=\"https:\/\/twitter.com\/Conacyt_MX\">@Conacyt_MX<\/a>  y <a href=\"https:\/\/twitter.com\/mariodeleow\">@mariodeleow<\/a>  muestran que a\u00fan en la ciencia, existe el rencor, la marruller\u00eda,\u2026 <a href=\"https:\/\/t.co\/UFahVMRdZg\" rel=\"nofollow\">https:\/\/t.co\/UFahVMRdZg<\/a> <a class=\"ws_tweet_time\" href=\"https:\/\/twitter.com\/webadedios\/statuses\/1175488319406391296\">-&gt;<\/a><\/li>\n<li class=\"ws_tweet\">Lo encuentro verdaderamente grave. Yo no quisiera centrar la discusi\u00f3n en la importancia del perfil del Doctor Lazc\u2026 <a href=\"https:\/\/t.co\/YjjLU1DRDx\" rel=\"nofollow\">https:\/\/t.co\/YjjLU1DRDx<\/a> <a class=\"ws_tweet_time\" href=\"https:\/\/twitter.com\/webadedios\/statuses\/1175488157732802562\">-&gt;<\/a><\/li>\n<li class=\"ws_tweet\">Destituyen a Lazcano luego de criticar al Conacyt\n<p>Simplemente pat\u00e9tico <a class=\"ws_tweet_time\" href=\"https:\/\/twitter.com\/webadedios\/statuses\/1175488074832326658\">-&gt;<\/a><\/li>\n<li class=\"ws_tweet\">RT <a href=\"https:\/\/twitter.com\/Ebe_Mendoza\">@Ebe_Mendoza<\/a>: Lamentablemente el proceder de <a href=\"https:\/\/twitter.com\/Conacyt_MX\">@Conacyt_MX<\/a> <a href=\"https:\/\/t.co\/nXsQCCFN6t\" rel=\"nofollow\">https:\/\/t.co\/nXsQCCFN6t<\/a> <a class=\"ws_tweet_time\" href=\"https:\/\/twitter.com\/webadedios\/statuses\/1175487960189456392\">-&gt;<\/a><\/li>\n<li class=\"ws_tweet\">Antonio Lazcano Araujo, investigador em\u00e9rito de la UNAM, fue destituido como integrante de la Comisi\u00f3n Dictaminador\u2026 <a href=\"https:\/\/t.co\/WtT7uxag9q\" rel=\"nofollow\">https:\/\/t.co\/WtT7uxag9q<\/a> <a class=\"ws_tweet_time\" href=\"https:\/\/twitter.com\/webadedios\/statuses\/1175487888173207552\">-&gt;<\/a><\/li>\n<li class=\"ws_tweet\">Lazcano si estudi\u00f3. No es polit\u00f3logo, comunicologo y otros eufemismo de los comentaristas pagados por <a href=\"https:\/\/twitter.com\/lopezobrador_\">@lopezobrador_<\/a> <a href=\"https:\/\/twitter.com\/Conacyt_MX\">@Conacyt_MX<\/a> <a class=\"ws_tweet_time\" href=\"https:\/\/twitter.com\/webadedios\/statuses\/1175487679607259137\">-&gt;<\/a><\/li>\n<li class=\"ws_tweet\">La CNTE cada d\u00eda confirma m\u00e1s su hambre y su pocas ganas de que este pa\u00eds se instruya\n<p>Denigra a los buenos maestros <a class=\"ws_tweet_time\" href=\"https:\/\/twitter.com\/webadedios\/statuses\/1175155253202870275\">-&gt;<\/a><\/li>\n<li class=\"ws_tweet\">RT <a href=\"https:\/\/twitter.com\/Vanguardia_Mx\">@Vanguardia_Mx<\/a>: CNTE gana y ni\u00f1os pierden con la aprobaci\u00f3n de la reforma educativa, asegura el l\u00edder de la bancada del PRI, Ren\u00e9 Ju\u00e1rez\u2026 <a class=\"ws_tweet_time\" href=\"https:\/\/twitter.com\/webadedios\/statuses\/1175155138090209280\">-&gt;<\/a><\/li>\n<li class=\"ws_tweet\">RT <a href=\"https:\/\/twitter.com\/econoclasta\">@econoclasta<\/a>: Maestros que se pararan frente a un grupo de alumnos sin tener los conocimientos de lo que tienen que ense\u00f1ar y cuyo salar\u2026 <a class=\"ws_tweet_time\" href=\"https:\/\/twitter.com\/webadedios\/statuses\/1175154836989468673\">-&gt;<\/a><\/li>\n<li class=\"ws_tweet\">RT <a href=\"https:\/\/twitter.com\/luisantgarcia\">@luisantgarcia<\/a>: Solo en \ud83c\uddf2\ud83c\uddfd M\u00e9xico:\n<p>Le dicen terrorista a quien hace una broma de p\u00e9simo gusto y le dicen Presidente al que suspende med\u2026 <a class=\"ws_tweet_time\" href=\"https:\/\/twitter.com\/webadedios\/statuses\/1175103472955461634\">-&gt;<\/a><\/li>\n<li class=\"ws_tweet\">RT <a href=\"https:\/\/twitter.com\/GabyMeza8\">@GabyMeza8<\/a>: Ya vi <a href=\"https:\/\/twitter.com\/search?q=%23Joker&amp;src=hash\">#Joker<\/a> y confirmo que NO est\u00e1 censurada, ademas es m\u00e1s violenta una pel\u00edcula de Tarantino. Quien sea que les dijo que\u2026 <a class=\"ws_tweet_time\" href=\"https:\/\/twitter.com\/webadedios\/statuses\/1174933583514886144\">-&gt;<\/a><\/li>\n<li class=\"ws_tweet\">RT <a href=\"https:\/\/twitter.com\/rod_villa1000\">@rod_villa1000<\/a>: A ver, ser\u00e9 muy claro en esto: L\u00f3pez Obrador fue muy directo diciendo que iban a tirar la Reforma Educativa y con su ali\u2026 <a class=\"ws_tweet_time\" href=\"https:\/\/twitter.com\/webadedios\/statuses\/1174933376605679622\">-&gt;<\/a><\/li>\n<li class=\"ws_tweet\">RT <a href=\"https:\/\/twitter.com\/jose_anton\">@jose_anton<\/a>: Los padres que votaron por la 4t muy pronto pagar\u00e1n con sus hijos el haberle entregado la educaci\u00f3n a la mafia de la CNTE..\u2026 <a class=\"ws_tweet_time\" href=\"https:\/\/twitter.com\/webadedios\/statuses\/1174933321165369344\">-&gt;<\/a><\/li>\n<li class=\"ws_tweet\">RT <a href=\"https:\/\/twitter.com\/LeonKrauze\">@LeonKrauze<\/a>: No hay escenario alguno en el que sean justificables las concesiones a la CNTE.<br \/>\nUna de las decisiones m\u00e1s lamentables y tri\u2026 <a class=\"ws_tweet_time\" href=\"https:\/\/twitter.com\/webadedios\/statuses\/1174933248956190720\">-&gt;<\/a><\/li>\n<li class=\"ws_tweet\">RT <a href=\"https:\/\/twitter.com\/VicenteFoxQue\">@VicenteFoxQue<\/a>: Cuando m\u00e1s se requiere, una educaci\u00f3n de calidad, moderna y de excelencia, para competir en el mundo.<br \/>\nEn Mexico, gracias\u2026 <a class=\"ws_tweet_time\" href=\"https:\/\/twitter.com\/webadedios\/statuses\/1174933197827661824\">-&gt;<\/a><\/li>\n<li class=\"ws_tweet\">hoy queda claro que para el Ejecutivo es m\u00e1s importante pagar favores a\u00fan a costa del futuro de ni\u00f1as y ni\u00f1os <a class=\"ws_tweet_time\" href=\"https:\/\/twitter.com\/webadedios\/statuses\/1174932236476370945\">-&gt;<\/a><\/li>\n<li class=\"ws_tweet\">La CNTE de nuevo elegir\u00e1 qui\u00e9n s\u00ed y qui\u00e9n no da clases. Las plazas por m\u00e9rito era muy &quot;neoliberal&quot;. como me dueles M\u00e9xico <a class=\"ws_tweet_time\" href=\"https:\/\/twitter.com\/webadedios\/statuses\/1174931901162778631\">-&gt;<\/a><\/li>\n<li class=\"ws_tweet\">La persona que est\u00e9 contenta, que apoye o que respalde la nueva Ley General de Educaci\u00f3n, me puede dejar de seguir\u2026 <a href=\"https:\/\/t.co\/FHiQqTFPgz\" rel=\"nofollow\">https:\/\/t.co\/FHiQqTFPgz<\/a> <a class=\"ws_tweet_time\" href=\"https:\/\/twitter.com\/webadedios\/statuses\/1174931320541081605\">-&gt;<\/a><\/li>\n<li class=\"ws_tweet\">Pues se oyeron dos alertas, ninguna dice que es simulacro\n<p>Una a las 10:00 la segunda a las 10:02 <a class=\"ws_tweet_time\" href=\"https:\/\/twitter.com\/webadedios\/statuses\/1174700558927704064\">-&gt;<\/a><\/li>\n<li class=\"ws_tweet\">Por mi casa no se oye la alerta s\u00edsmica  \ud83d\udea8 <a class=\"ws_tweet_time\" href=\"https:\/\/twitter.com\/webadedios\/statuses\/1174699985906130944\">-&gt;<\/a><\/li>\n<li class=\"ws_tweet\">Estoy en simulacro <a class=\"ws_tweet_time\" href=\"https:\/\/twitter.com\/webadedios\/statuses\/1174699841680789504\">-&gt;<\/a><\/li>\n<li class=\"ws_tweet\">Saber qu\u00e9 hacer en un sismo puede salvarte la vida o ayudarte a salvar la de alguien&#8230; <a class=\"ws_tweet_time\" href=\"https:\/\/twitter.com\/webadedios\/statuses\/1174694844121456648\">-&gt;<\/a><\/li>\n<li class=\"ws_tweet\">20 minutos para el simulacro con la alerta de un sismo de 8.6.<br \/>\nNo se me vayan a espantar. <a class=\"ws_tweet_time\" href=\"https:\/\/twitter.com\/webadedios\/statuses\/1174694705789046789\">-&gt;<\/a><\/li>\n<li class=\"ws_tweet\">\u00bf Con qu\u00e9 cara encabeza, o est\u00e1 presente, <a href=\"https:\/\/twitter.com\/Claudiashein\">@Claudiashein<\/a> en los memoriales del <a href=\"https:\/\/twitter.com\/search?q=%2319deSeptiembre&amp;src=hash\">#19deSeptiembre<\/a> ?<br \/>\n\ud83d\ude20\ud83d\ude20\ud83d\ude20<\/p>\n<p>Saldos del R\u00e9\u2026 <a href=\"https:\/\/t.co\/5IQsaRFEPp\" rel=\"nofollow\">https:\/\/t.co\/5IQsaRFEPp<\/a> <a class=\"ws_tweet_time\" href=\"https:\/\/twitter.com\/webadedios\/statuses\/1174694345183768576\">-&gt;<\/a><\/li>\n<li class=\"ws_tweet\">RT <a href=\"https:\/\/twitter.com\/apilo\">@apilo<\/a>: La \u201cinjusta-justicia\u201d en tiempos de la 4T:\n<p>&#8211; Eres huachicolero: te perdono y te doy cuota mensual.<\/p>\n<p>&#8211; Eres un porro y mal maes\u2026 <a class=\"ws_tweet_time\" href=\"https:\/\/twitter.com\/webadedios\/statuses\/1174693941565906944\">-&gt;<\/a><\/li>\n<li class=\"ws_tweet\">RT <a href=\"https:\/\/twitter.com\/JoeMarsICon\">@JoeMarsICon<\/a>: Le pese a quien le pese debemos aceptar que L\u00f3pez cumple su palabra.\n<p>No persigui\u00f3 a Pe\u00f1a.<br \/>\nNo persigue criminales.<br \/>\nExoner\u00f3\u2026 <a class=\"ws_tweet_time\" href=\"https:\/\/twitter.com\/webadedios\/statuses\/1174693881373503490\">-&gt;<\/a><\/li>\n<li class=\"ws_tweet\">RT <a href=\"https:\/\/twitter.com\/alex_dm71\">@alex_dm71<\/a>: Cuando las leyes de la 4T disparan en el pie a los de la 4T.<br \/>\nEl hijo de Manuel &quot;Barney&quot; Bartlett,\u00a0Le\u00f3n Manuel Bartlett \u00c1lvar\u2026 <a class=\"ws_tweet_time\" href=\"https:\/\/twitter.com\/webadedios\/statuses\/1174693670047625216\">-&gt;<\/a><\/li>\n<li class=\"ws_tweet\">RT <a href=\"https:\/\/twitter.com\/PedroFerriz\">@PedroFerriz<\/a>: El muro fronterizo S\u00cd VA, ser\u00e1 resistente y seguro.<br \/>\nPero, \u00bfnuestro pa\u00eds aportar\u00e1 alg\u00fan &quot;donativo&quot; a la construcci\u00f3n?<br \/>\nEl Pr\u2026 <a class=\"ws_tweet_time\" href=\"https:\/\/twitter.com\/webadedios\/statuses\/1174693524626968577\">-&gt;<\/a><\/li>\n<li class=\"ws_tweet\">RT <a href=\"https:\/\/twitter.com\/foroelectricos\">@foroelectricos<\/a>: Mercedes confirma que dejar\u00e1 de desarrollar motores di\u00e9sel y gasolina, centr\u00e1ndose en el coche el\u00e9ctrico\n<p><a href=\"https:\/\/t.co\u2026\" rel=\"nofollow\">https:\/\/t.co\u2026<\/a> <a class=\"ws_tweet_time\" href=\"https:\/\/twitter.com\/webadedios\/statuses\/1174693349632151558\">-&gt;<\/a><\/li>\n<li class=\"ws_tweet\">Ver &quot;Reyli Barba &#8211; 16,437 D\u00edas (Versi\u00f3n Luna [Lyric Video])&quot; en YouTube &#8211; <a href=\"https:\/\/t.co\/Z0F7AsWfAD\" rel=\"nofollow\">https:\/\/t.co\/Z0F7AsWfAD<\/a> <a class=\"ws_tweet_time\" href=\"https:\/\/twitter.com\/webadedios\/statuses\/1174435277798019073\">-&gt;<\/a><\/li>\n<li class=\"ws_tweet\">RT <a href=\"https:\/\/twitter.com\/acastagne\">@acastagne<\/a>: En M\u00e9xico ser empresario, tener iniciativa, visi\u00f3n y talento es sin\u00f3nimo de delincuente, se vive bajo la amenaza del SAT, ex\u2026 <a class=\"ws_tweet_time\" href=\"https:\/\/twitter.com\/webadedios\/statuses\/1174417508750811137\">-&gt;<\/a><\/li>\n<li class=\"ws_tweet\">tormenta tropical \u201cLorena\u201d, ubicada frente a las costas de Colima, Jalisco y Michoac\u00e1n, se podr\u00eda convertir en hura\u2026 <a href=\"https:\/\/t.co\/IdQiAGrLRV\" rel=\"nofollow\">https:\/\/t.co\/IdQiAGrLRV<\/a> <a class=\"ws_tweet_time\" href=\"https:\/\/twitter.com\/webadedios\/statuses\/1174417276512153601\">-&gt;<\/a><\/li>\n<li class=\"ws_tweet\">RT <a href=\"https:\/\/twitter.com\/ElAmaDeCasa1\">@ElAmaDeCasa1<\/a>: Los ni\u00f1os siguen muriendo debido a  la delincuencia que L\u00f3pez quiere apapachar. De \u00e9sto no habla, qu\u00e9 raro.\n<p>Muere ni\u00f1a d\u2026 <a class=\"ws_tweet_time\" href=\"https:\/\/twitter.com\/webadedios\/statuses\/1174413460026867712\">-&gt;<\/a><\/li>\n<li class=\"ws_tweet\">RT <a href=\"https:\/\/twitter.com\/lacornetafm\">@lacornetafm<\/a>: Alcaldesa de Tlalpan grita &quot;Viva la 4T&quot; y es abucheada <a href=\"https:\/\/t.co\/yhStiF6Br6\" rel=\"nofollow\">https:\/\/t.co\/yhStiF6Br6<\/a> <a class=\"ws_tweet_time\" href=\"https:\/\/twitter.com\/webadedios\/statuses\/1174413360030507014\">-&gt;<\/a><\/li>\n<li class=\"ws_tweet\">[Blog] Mis twitts del 2019-09-11 al 2019-09-17 &#8211; <a href=\"https:\/\/t.co\/oL0aoVBoS2\" rel=\"nofollow\">https:\/\/t.co\/oL0aoVBoS2<\/a> <a class=\"ws_tweet_time\" href=\"https:\/\/twitter.com\/webadedios\/statuses\/1174276905299775488\">-&gt;<\/a><\/li>\n<li class=\"ws_tweet\">RT <a href=\"https:\/\/twitter.com\/JTrianaT\">@JTrianaT<\/a>: As\u00ed reparten torta y frutsi a los acarreados de morena para el informe de <a href=\"https:\/\/twitter.com\/Claudiashein\">@Claudiashein<\/a>, tienen flanqueado el Congreso de la\u2026 <a class=\"ws_tweet_time\" href=\"https:\/\/twitter.com\/webadedios\/statuses\/1174190629238247424\">-&gt;<\/a><\/li>\n<li class=\"ws_tweet\">RT <a href=\"https:\/\/twitter.com\/juliopatan09\">@juliopatan09<\/a>: Cuanto peor lo hace AMLO, m\u00e1s critican a Felipe Calder\u00f3n, que lleva varios a\u00f1os fuera del poder. \u00bfS\u00ed se dan cuenta de que\u2026 <a class=\"ws_tweet_time\" href=\"https:\/\/twitter.com\/webadedios\/statuses\/1174190577916813312\">-&gt;<\/a><\/li>\n<li class=\"ws_tweet\">RT <a href=\"https:\/\/twitter.com\/GarciaPosti\">@GarciaPosti<\/a>: Existen m\u00faltiples inmundicias en el f\u00fatbol mexicano, pero se opta por castigar festejos de gol. Estamos todos locos!!! <a class=\"ws_tweet_time\" href=\"https:\/\/twitter.com\/webadedios\/statuses\/1174190455426297857\">-&gt;<\/a><\/li>\n<li class=\"ws_tweet\">RT <a href=\"https:\/\/twitter.com\/Garcimonero\">@Garcimonero<\/a>: PROPIEDADES DE BARTLETT EQUIVALEN A 9 CASAS BLANCAS DE PE\u00d1A, y la Casa Blanca NO SE COMPR\u00d3 JAMAS.<br \/>\nPero no veo a nadie de l\u2026 <a class=\"ws_tweet_time\" href=\"https:\/\/twitter.com\/webadedios\/statuses\/1174190225834291201\">-&gt;<\/a><\/li>\n<li class=\"ws_tweet\">RT <a href=\"https:\/\/twitter.com\/jugglerowsky\">@jugglerowsky<\/a>: A pr\u00e1cticamente una semana de entrar en vigor la ley Fintech, se espera que menos del 50% de las empresas de este ramo (+\u2026 <a class=\"ws_tweet_time\" href=\"https:\/\/twitter.com\/webadedios\/statuses\/1174190036792860673\">-&gt;<\/a><\/li>\n<li class=\"ws_tweet\">RT <a href=\"https:\/\/twitter.com\/Lizgottik\">@Lizgottik<\/a>: La repartici\u00f3n del frutsi y la torta, el acarreo en su m\u00e1xima expresi\u00f3n y luego dicen que son feis nius.\n<p>Qu\u00e9 dir\u00e1 Ari Telch\u2026 <a class=\"ws_tweet_time\" href=\"https:\/\/twitter.com\/webadedios\/statuses\/1174189906337456129\">-&gt;<\/a><\/li>\n<li class=\"ws_tweet\">RT <a href=\"https:\/\/twitter.com\/TaniaOrVe\">@TaniaOrVe<\/a>: C\u00f3mo no recordar al Piloto suicida de Germanwings, que se estrell\u00f3 contra los Alpes franceses en 2015, quien ante su frustra\u2026 <a class=\"ws_tweet_time\" href=\"https:\/\/twitter.com\/webadedios\/statuses\/1174189634890489858\">-&gt;<\/a><\/li>\n<\/ul>\n<!--CusAds0-->\n<div style=\"font-size: 0px; height: 0px; line-height: 0px; margin: 0; padding: 0; clear: both;\"><\/div>","protected":false},"excerpt":{"rendered":"<p>Mis twitts del 2019-09-18 al 2019-09-24<\/p>\n","protected":false},"author":1,"featured_media":0,"comment_status":"open","ping_status":"open","sticky":false,"template":"","format":"standard","meta":{"footnotes":""},"categories":[2],"tags":[1878,966,1876,1877,1720,60],"class_list":["post-8514","post","type-post","status-publish","format-standard","hentry","category-actividades","tag-digo","tag-red","tag-social","tag-tuits","tag-tweets","tag-twitter"],"_links":{"self":[{"href":"https:\/\/webadedios.com\/blog\/wp-json\/wp\/v2\/posts\/8514","targetHints":{"allow":["GET"]}}],"collection":[{"href":"https:\/\/webadedios.com\/blog\/wp-json\/wp\/v2\/posts"}],"about":[{"href":"https:\/\/webadedios.com\/blog\/wp-json\/wp\/v2\/types\/post"}],"author":[{"embeddable":true,"href":"https:\/\/webadedios.com\/blog\/wp-json\/wp\/v2\/users\/1"}],"replies":[{"embeddable":true,"href":"https:\/\/webadedios.com\/blog\/wp-json\/wp\/v2\/comments?post=8514"}],"version-history":[{"count":0,"href":"https:\/\/webadedios.com\/blog\/wp-json\/wp\/v2\/posts\/8514\/revisions"}],"wp:attachment":[{"href":"https:\/\/webadedios.com\/blog\/wp-json\/wp\/v2\/media?parent=8514"}],"wp:term":[{"taxonomy":"category","embeddable":true,"href":"https:\/\/webadedios.com\/blog\/wp-json\/wp\/v2\/categories?post=8514"},{"taxonomy":"post_tag","embeddable":true,"href":"https:\/\/webadedios.com\/blog\/wp-json\/wp\/v2\/tags?post=8514"}],"curies":[{"name":"wp","href":"https:\/\/api.w.org\/{rel}","templated":true}]}}