{"id":8505,"date":"2019-08-14T05:40:00","date_gmt":"2019-08-14T10:40:00","guid":{"rendered":"http:\/\/webadedios.com\/blog\/?p=8505"},"modified":"2019-08-14T05:40:00","modified_gmt":"2019-08-14T10:40:00","slug":"mis-twitts-del-2019-08-07-al-2019-08-13","status":"publish","type":"post","link":"https:\/\/webadedios.com\/blog\/2019\/actividades\/mis-twitts-del-2019-08-07-al-2019-08-13\/","title":{"rendered":"Mis twitts del 2019-08-07 al 2019-08-13"},"content":{"rendered":"<ul class=\"ws_tweet_list\">\n<li class=\"ws_tweet\"><a href=\"https:\/\/twitter.com\/search?q=%23OJO&amp;src=hash\">#OJO<\/a> | Una menor de edad denunci\u00f3 que fue drograda y violada dentro de la Escuela Nacional Preparatoria n\u00famero 3, de la UNAM. <a class=\"ws_tweet_time\" href=\"https:\/\/twitter.com\/webadedios\/statuses\/1161436257634922496\">-&gt;<\/a><\/li>\n<li class=\"ws_tweet\"><a href=\"https:\/\/twitter.com\/search?q=%23RosarioSueltaLaSopa&amp;src=hash\">#RosarioSueltaLaSopa<\/a> de las ligas de Bejarano, \u00cdmaz, Padierna, Ponce y amlo!!! <a class=\"ws_tweet_time\" href=\"https:\/\/twitter.com\/webadedios\/statuses\/1161421940629889024\">-&gt;<\/a><\/li>\n<li class=\"ws_tweet\">\u00bfEs culpable Chayo? Que se lo comprueben y la encarcelen. Pero antes no. El vgt pejendejete por venganza, de la man\u2026 <a href=\"https:\/\/t.co\/VuLjgz9oci\" rel=\"nofollow\">https:\/\/t.co\/VuLjgz9oci<\/a> <a class=\"ws_tweet_time\" href=\"https:\/\/twitter.com\/webadedios\/statuses\/1161421728221978632\">-&gt;<\/a><\/li>\n<li class=\"ws_tweet\">RT <a href=\"https:\/\/twitter.com\/JLozanoA\">@JLozanoA<\/a>: \u00a1Madres! As\u00ed se habla. Para que tomen nota <a href=\"https:\/\/twitter.com\/lopezobrador_\">@lopezobrador_<\/a> y <a href=\"https:\/\/twitter.com\/AnaGGuevara\">@AnaGGuevara<\/a>. Vulgares oportunistas. <a href=\"https:\/\/t.co\/AYF4yT9Jmk\" rel=\"nofollow\">https:\/\/t.co\/AYF4yT9Jmk<\/a> <a class=\"ws_tweet_time\" href=\"https:\/\/twitter.com\/webadedios\/statuses\/1161410891113537536\">-&gt;<\/a><\/li>\n<li class=\"ws_tweet\">RT <a href=\"https:\/\/twitter.com\/yosoy8a\">@yosoy8a<\/a>: GRACIAS!!! \ud83d\ude4f NO HAY PALABRAS PARA ESTO!!! GRACIAS POR TODO CARI\u00d1O!!! <a href=\"https:\/\/t.co\/UKurj1PEY7\" rel=\"nofollow\">https:\/\/t.co\/UKurj1PEY7<\/a> <a class=\"ws_tweet_time\" href=\"https:\/\/twitter.com\/webadedios\/statuses\/1161407773340577792\">-&gt;<\/a><\/li>\n<li class=\"ws_tweet\">RT <a href=\"https:\/\/twitter.com\/joserra_espn\">@joserra_espn<\/a>: Duro golpe para el Porto. Invirti\u00f3 en refuerzos pensando en trascender en Champions y hoy qued\u00f3 fuera ante el Krasnodar e\u2026 <a class=\"ws_tweet_time\" href=\"https:\/\/twitter.com\/webadedios\/statuses\/1161407119473676288\">-&gt;<\/a><\/li>\n<li class=\"ws_tweet\">el Porto acaba de quedar eliminado en fase previa<br \/>\n\u274c<br \/>\n\ud83d\ude2c<\/p>\n<p>Fracaso monumental de Los Dragones y qu\u00e9 mala suerte para los ex-americanistas<br \/>\n\ud83d\ude10 <a class=\"ws_tweet_time\" href=\"https:\/\/twitter.com\/webadedios\/statuses\/1161406973721698306\">-&gt;<\/a><\/li>\n<li class=\"ws_tweet\">Marches\u00edn y Matheus se van al Porto para jugar Champio&#8230;&#8230;. ups, esperen&#8230;<br \/>\n\ud83e\udd26\ud83c\udffb\u200d\u2642\ufe0f<br \/>\n\ud83e\udd26\ud83c\udffb\u200d\u2642\ufe0f <a class=\"ws_tweet_time\" href=\"https:\/\/twitter.com\/webadedios\/statuses\/1161406795019116546\">-&gt;<\/a><\/li>\n<li class=\"ws_tweet\">Don GUILLERMO OCHOA lleg\u00f3 a M\u00e9xico. <a class=\"ws_tweet_time\" href=\"https:\/\/twitter.com\/webadedios\/statuses\/1161376316526141440\">-&gt;<\/a><\/li>\n<li class=\"ws_tweet\">\u00a1134 Medallas en los Juegos Panamericanos! \u00a1Felicidades a tod@s l@s deportistas que nos representaron y que nos hac\u2026 <a href=\"https:\/\/t.co\/TvYUFQWJ6R\" rel=\"nofollow\">https:\/\/t.co\/TvYUFQWJ6R<\/a> <a class=\"ws_tweet_time\" href=\"https:\/\/twitter.com\/webadedios\/statuses\/1161015499683241989\">-&gt;<\/a><\/li>\n<li class=\"ws_tweet\">cinismo&#8230;AMLO primero les quit\u00f3 la beca, no les dieron uniforme, los amenazaron con que ellos pagar\u00edan el hotel, y\u2026 <a href=\"https:\/\/t.co\/3gDAgg1nFQ\" rel=\"nofollow\">https:\/\/t.co\/3gDAgg1nFQ<\/a> <a class=\"ws_tweet_time\" href=\"https:\/\/twitter.com\/webadedios\/statuses\/1161015124624384000\">-&gt;<\/a><\/li>\n<li class=\"ws_tweet\">Si L\u00f3pez gan\u00f3 una medalla por no hacer nada por los deportistas mexicanos entonces Guillermo del Toro se merece una\u2026 <a href=\"https:\/\/t.co\/5bOVXZGzdT\" rel=\"nofollow\">https:\/\/t.co\/5bOVXZGzdT<\/a> <a class=\"ws_tweet_time\" href=\"https:\/\/twitter.com\/webadedios\/statuses\/1161014257833717762\">-&gt;<\/a><\/li>\n<li class=\"ws_tweet\">Todos los d\u00edas m\u00e1s del cinismo, hipocres\u00eda y corrupci\u00f3n del gobierno del pejesaurio! <a href=\"https:\/\/twitter.com\/search?q=%23AMLORENUNCIA&amp;src=hash\">#AMLORENUNCIA<\/a> Conacyt <a class=\"ws_tweet_time\" href=\"https:\/\/twitter.com\/webadedios\/statuses\/1161014192389931008\">-&gt;<\/a><\/li>\n<li class=\"ws_tweet\">Cuando lleguen los ni\u00f1os con sus triufos (sin apoyos gubernamentales) de la olimpiada de matem\u00e1ticas seguro la dire\u2026 <a href=\"https:\/\/t.co\/qQCH5egAXS\" rel=\"nofollow\">https:\/\/t.co\/qQCH5egAXS<\/a> <a class=\"ws_tweet_time\" href=\"https:\/\/twitter.com\/webadedios\/statuses\/1161013626410606592\">-&gt;<\/a><\/li>\n<li class=\"ws_tweet\">Resulta que en la Olimpiada de Matem\u00e1ticas<br \/>\nJ\u00f3venes mexicanos que tuvieron apoyo de Guillermo del Toro y de Grupo Mo\u2026 <a href=\"https:\/\/t.co\/PaaK2JwsVF\" rel=\"nofollow\">https:\/\/t.co\/PaaK2JwsVF<\/a> <a class=\"ws_tweet_time\" href=\"https:\/\/twitter.com\/webadedios\/statuses\/1161010394120564742\">-&gt;<\/a><\/li>\n<li class=\"ws_tweet\">De vuelta la burra al maiz!!\n<p><a href=\"https:\/\/twitter.com\/search?q=%23L&amp;src=hash\">#L<\/a>\u00f3pezMienteSiempre <a class=\"ws_tweet_time\" href=\"https:\/\/twitter.com\/webadedios\/statuses\/1161010202616958978\">-&gt;<\/a><\/li>\n<li class=\"ws_tweet\">Se\u00f1or <a href=\"https:\/\/twitter.com\/lopezobrador_\">@lopezobrador_<\/a> En su conferencia de prensa de hoy llam\u00f3 a la Olimpiada Mexicana de Matem\u00e1ticas &quot;sus adversari\u2026 <a href=\"https:\/\/t.co\/9mCJKzO119\" rel=\"nofollow\">https:\/\/t.co\/9mCJKzO119<\/a> <a class=\"ws_tweet_time\" href=\"https:\/\/twitter.com\/webadedios\/statuses\/1161010010241081344\">-&gt;<\/a><\/li>\n<li class=\"ws_tweet\">La Olimpiada Mexicana de Matem\u00e1ticas es catalogada por AMLO como &quot;adversarios&quot;&#8230; este hombre ya carece de toda cordura!!! <a class=\"ws_tweet_time\" href=\"https:\/\/twitter.com\/webadedios\/statuses\/1161009152728190977\">-&gt;<\/a><\/li>\n<li class=\"ws_tweet\">RT <a href=\"https:\/\/twitter.com\/ronrics\">@ronrics<\/a>: Vayan al Twitter de Olimpiada de Matem\u00e1ticas para que lean los testimonios. Es una pena que estos chicos y chicas se est\u00e9n que\u2026 <a class=\"ws_tweet_time\" href=\"https:\/\/twitter.com\/webadedios\/statuses\/1161008991402627072\">-&gt;<\/a><\/li>\n<li class=\"ws_tweet\">RT <a href=\"https:\/\/twitter.com\/ElFinanciero_Mx\">@ElFinanciero_Mx<\/a>: &quot;Ya es oficial, <a href=\"https:\/\/twitter.com\/Conacyt_MX\">@Conacyt_MX<\/a> nos ha dejado sin apoyo para el segundo semestre del a\u00f1o, no apoyo para la IMC en Sud\u00e1fric\u2026 <a class=\"ws_tweet_time\" href=\"https:\/\/twitter.com\/webadedios\/statuses\/1160788765029392384\">-&gt;<\/a><\/li>\n<li class=\"ws_tweet\">RT <a href=\"https:\/\/twitter.com\/ElFinanciero_Mx\">@ElFinanciero_Mx<\/a>: Por haber aprobado la &#039;Ley Bonilla&#039; en Baja California, el PAN decidi\u00f3 expulsar a siete diputados locales de esa entid\u2026 <a class=\"ws_tweet_time\" href=\"https:\/\/twitter.com\/webadedios\/statuses\/1160377697052372992\">-&gt;<\/a><\/li>\n<li class=\"ws_tweet\">RT <a href=\"https:\/\/twitter.com\/reformacancha\">@reformacancha<\/a>: Si eso piensa <a href=\"https:\/\/twitter.com\/Ibra_official\">@Ibra_official<\/a> de los Playoffs de la MLS mejor no le pregunten sobre la Ligulla de la <a href=\"https:\/\/twitter.com\/LigaBBVAMX\">@LigaBBVAMX<\/a> \ud83d\ude05. https\u2026 <a class=\"ws_tweet_time\" href=\"https:\/\/twitter.com\/webadedios\/statuses\/1159977320188469249\">-&gt;<\/a><\/li>\n<li class=\"ws_tweet\">RT <a href=\"https:\/\/twitter.com\/marca\">@marca<\/a>: \ud83d\ude48 Para no variar, Ibrahimovic, sin pelos en la lengua al hablar del formato de la MLS:<br \/>\n\ud83d\udde3 &quot;El sistema es una mierda&quot; <a href=\"https:\/\/t.co\u2026\" rel=\"nofollow\">https:\/\/t.co\u2026<\/a> <a class=\"ws_tweet_time\" href=\"https:\/\/twitter.com\/webadedios\/statuses\/1159977257781383174\">-&gt;<\/a><\/li>\n<li class=\"ws_tweet\">RT <a href=\"https:\/\/twitter.com\/SPapasquiaro\">@SPapasquiaro<\/a>: <a href=\"https:\/\/twitter.com\/genarolozano\">@genarolozano<\/a> A ver todos, en buena onda, deben entender que  Genaro representa la \u00fanica medida de moral, el tiene la ver\u2026 <a class=\"ws_tweet_time\" href=\"https:\/\/twitter.com\/webadedios\/statuses\/1159977060976250880\">-&gt;<\/a><\/li>\n<li class=\"ws_tweet\">Frankie Muniz confirma que habr\u00e1 pel\u00edcula de &#039;Malcolm el de en medio&#039; <a class=\"ws_tweet_time\" href=\"https:\/\/twitter.com\/webadedios\/statuses\/1159975959082229761\">-&gt;<\/a><\/li>\n<li class=\"ws_tweet\">RT <a href=\"https:\/\/twitter.com\/Faitelson_ESPN\">@Faitelson_ESPN<\/a>: Al ritmo que vamos, el gobierno tendr\u00e1 que vender o subastar m\u00e1s casas del crimen organizado para pagar becas y premios\u2026 <a class=\"ws_tweet_time\" href=\"https:\/\/twitter.com\/webadedios\/statuses\/1159975392360484864\">-&gt;<\/a><\/li>\n<li class=\"ws_tweet\">Las criticas a <a href=\"https:\/\/twitter.com\/search?q=%23YalitzaAparicio&amp;src=hash\">#YalitzaAparicio<\/a> por &quot;cobrar por su trabajo&quot; &#8211; qui\u00e9n lo hace gratis? -, est\u00e1n cargadas de racismo, c\u2026 <a href=\"https:\/\/t.co\/5vgdrVh7Vm\" rel=\"nofollow\">https:\/\/t.co\/5vgdrVh7Vm<\/a> <a class=\"ws_tweet_time\" href=\"https:\/\/twitter.com\/webadedios\/statuses\/1159975339847798790\">-&gt;<\/a><\/li>\n<li class=\"ws_tweet\">Robo a la casa de la moneda que est\u00e1 cerca de una de las avenidas m\u00e1s concurridas de la cuidad de M\u00e9xico y una bala\u2026 <a href=\"https:\/\/t.co\/OXJGZFDw0H\" rel=\"nofollow\">https:\/\/t.co\/OXJGZFDw0H<\/a> <a class=\"ws_tweet_time\" href=\"https:\/\/twitter.com\/webadedios\/statuses\/1159974491604312066\">-&gt;<\/a><\/li>\n<li class=\"ws_tweet\">Reportan balacera en inmediaciones del Metro Copilco <a class=\"ws_tweet_time\" href=\"https:\/\/twitter.com\/webadedios\/statuses\/1159974382678228993\">-&gt;<\/a><\/li>\n<li class=\"ws_tweet\">Parece que la estupidez es requisito para ser diputado <a class=\"ws_tweet_time\" href=\"https:\/\/twitter.com\/webadedios\/statuses\/1159974151127556096\">-&gt;<\/a><\/li>\n<li class=\"ws_tweet\">La diputada Mar\u00eda Rosete S\u00e1nchez del PES present\u00f3 una iniciativa para castigar el uso de los t\u00e9rminos lord y lady y\u2026 <a href=\"https:\/\/t.co\/qNYN48Oebi\" rel=\"nofollow\">https:\/\/t.co\/qNYN48Oebi<\/a> <a class=\"ws_tweet_time\" href=\"https:\/\/twitter.com\/webadedios\/statuses\/1159973991790120961\">-&gt;<\/a><\/li>\n<li class=\"ws_tweet\">RT <a href=\"https:\/\/twitter.com\/ConAcento_not\">@ConAcento_not<\/a>: <a href=\"https:\/\/twitter.com\/search?q=%23Nacional&amp;src=hash\">#Nacional<\/a> Diputada de PES busca castigar uso de lords y ladies en redes sociales; la bautizan como <a href=\"https:\/\/twitter.com\/search?q=%23LadyCensura&amp;src=hash\">#LadyCensura<\/a> <a href=\"https:\/\/\u2026\" rel=\"nofollow\">https:\/\/\u2026<\/a> <a class=\"ws_tweet_time\" href=\"https:\/\/twitter.com\/webadedios\/statuses\/1159973304792440832\">-&gt;<\/a><\/li>\n<li class=\"ws_tweet\">ETIQUETAR A ALGUIEN COMO &quot;LORD O LADY&quot; PODR\u00cdA SER CASTIGADO.\n<p>Mencion\u00f3 la diputada de PES <a href=\"https:\/\/twitter.com\/DipMariaRosete\">@DipMariaRosete<\/a><br \/>\n a la cua\u2026 <a href=\"https:\/\/t.co\/y7rOK1ucXo\" rel=\"nofollow\">https:\/\/t.co\/y7rOK1ucXo<\/a> <a class=\"ws_tweet_time\" href=\"https:\/\/twitter.com\/webadedios\/statuses\/1159973208700989440\">-&gt;<\/a><\/li>\n<li class=\"ws_tweet\">Los de morena haciendo caravana con sombrero ajeno. Ni un p. peso para la F1 porque se lo pasaste al<br \/>\n\ud83d\udc19<br \/>\n para su tr\u2026 <a href=\"https:\/\/t.co\/eeczM1amYq\" rel=\"nofollow\">https:\/\/t.co\/eeczM1amYq<\/a> <a class=\"ws_tweet_time\" href=\"https:\/\/twitter.com\/webadedios\/statuses\/1159972852885573632\">-&gt;<\/a><\/li>\n<li class=\"ws_tweet\">La \u00faltima especie de Tapir vive al sur de nuestro pa\u00eds; sin embargo, la construcci\u00f3n del Tren Maya pone en riesgo su h\u00e1bitat. <a class=\"ws_tweet_time\" href=\"https:\/\/twitter.com\/webadedios\/statuses\/1159972642927075329\">-&gt;<\/a><\/li>\n<li class=\"ws_tweet\">Invertir en un evento que genera una derrama econ\u00f3mica y aparte entretenimiento ES de aplaudirse, el tren Maya NO e\u2026 <a href=\"https:\/\/t.co\/3Yin6OhQ6y\" rel=\"nofollow\">https:\/\/t.co\/3Yin6OhQ6y<\/a> <a class=\"ws_tweet_time\" href=\"https:\/\/twitter.com\/webadedios\/statuses\/1159972068722712576\">-&gt;<\/a><\/li>\n<li class=\"ws_tweet\">RT <a href=\"https:\/\/twitter.com\/foroelectricos\">@foroelectricos<\/a>: El FIAT 500 el\u00e9ctrico que llegar\u00e1 en 2020 no ser\u00e1 completamente nuevo <a href=\"https:\/\/t.co\/lGgrx1j6gF\" rel=\"nofollow\">https:\/\/t.co\/lGgrx1j6gF<\/a> <a class=\"ws_tweet_time\" href=\"https:\/\/twitter.com\/webadedios\/statuses\/1159915622035333126\">-&gt;<\/a><\/li>\n<li class=\"ws_tweet\">RT <a href=\"https:\/\/twitter.com\/joserra_espn\">@joserra_espn<\/a>: M\u00e9xico logr\u00f3 m\u00e1s de 100 medallas en los juegos Panamericanos de Lima 2019, han sido los juegos de mayor \u00e9xito fuera de M\u00e9\u2026 <a class=\"ws_tweet_time\" href=\"https:\/\/twitter.com\/webadedios\/statuses\/1159910219977252869\">-&gt;<\/a><\/li>\n<li class=\"ws_tweet\">RT <a href=\"https:\/\/twitter.com\/joserra_espn\">@joserra_espn<\/a>: Ojal\u00e1 que ning\u00fan directivo, ning\u00fan pol\u00edtico se suba al carro del \u00e9xito. De aqu\u00ed en adelante se apoye a los atletas con be\u2026 <a class=\"ws_tweet_time\" href=\"https:\/\/twitter.com\/webadedios\/statuses\/1159910172501979136\">-&gt;<\/a><\/li>\n<li class=\"ws_tweet\">RT <a href=\"https:\/\/twitter.com\/foroelectricos\">@foroelectricos<\/a>: La nueva generaci\u00f3n de bater\u00edas de estado s\u00f3lido permitir\u00e1 disponer de 100 millones de coches el\u00e9ctricos para el a\u00f1o 20\u2026 <a class=\"ws_tweet_time\" href=\"https:\/\/twitter.com\/webadedios\/statuses\/1159909904934739968\">-&gt;<\/a><\/li>\n<li class=\"ws_tweet\">GBP\/USD extiende la ca\u00edda, se dirige al cierre semanal m\u00e1s bajo desde 1985 <a class=\"ws_tweet_time\" href=\"https:\/\/twitter.com\/webadedios\/statuses\/1159909696607850496\">-&gt;<\/a><\/li>\n<li class=\"ws_tweet\">El Arsenal confirm\u00f3 el traspaso definitivo de David Luiz <a class=\"ws_tweet_time\" href=\"https:\/\/twitter.com\/webadedios\/statuses\/1159622717450141696\">-&gt;<\/a><\/li>\n<li class=\"ws_tweet\">\u00bfQue opinas <a href=\"https:\/\/twitter.com\/m_ebrard\">@m_ebrard<\/a> de los 13 muertos en Uruapan?\n<p>\u00bfDe los 5 linchados en Puebla?<\/p>\n<p>Supongo que nada&#8230;.<\/p>\n<p>\u00a1 Vamos requetebi\u00e9n ! <a class=\"ws_tweet_time\" href=\"https:\/\/twitter.com\/webadedios\/statuses\/1159621623646957569\">-&gt;<\/a><\/li>\n<li class=\"ws_tweet\">19 los cuerpos dejados en 3 sitios de Uruapan<br \/>\n-Vamos <a href=\"https:\/\/twitter.com\/lopezobrador_\">@lopezobrador_<\/a><br \/>\n di lo tuyo.<br \/>\n-&quot;yo tengo otros datos&quot;<\/p>\n<p><a href=\"https:\/\/twitter.com\/search?q=%23Uruapan&amp;src=hash\">#Uruapan<\/a> <a class=\"ws_tweet_time\" href=\"https:\/\/twitter.com\/webadedios\/statuses\/1159621408319791104\">-&gt;<\/a><\/li>\n<li class=\"ws_tweet\">RT <a href=\"https:\/\/twitter.com\/blogdelnarcomx\">@blogdelnarcomx<\/a>: No eran tacos eran Hamburguesas, mientras Sicarios colgaban y tiraban cad\u00e1veres en el puente del bulevar Industrial en\u2026 <a class=\"ws_tweet_time\" href=\"https:\/\/twitter.com\/webadedios\/statuses\/1159620816528728065\">-&gt;<\/a><\/li>\n<li class=\"ws_tweet\">RT <a href=\"https:\/\/twitter.com\/Diegol90Mx\">@Diegol90Mx<\/a>: Mi M\u00e9xico \ud83c\uddf2\ud83c\uddfd\ud83d\udc94\n<p>Donde tienes que vivir con el miedo d\u00eda a d\u00eda y seguir adelante. <\/p>\n<p>Una persona puso su puesto de comida en U\u2026 <a class=\"ws_tweet_time\" href=\"https:\/\/twitter.com\/webadedios\/statuses\/1159620723490590722\">-&gt;<\/a><\/li>\n<li class=\"ws_tweet\">RT <a href=\"https:\/\/twitter.com\/elchituri\">@elchituri<\/a>: Un vendedor de hamburguesas de Uruapan, Michoac\u00e1n, instal\u00f3 su puesto en medio de cuerpos colgados de un puente y cad\u00e1veres t\u2026 <a class=\"ws_tweet_time\" href=\"https:\/\/twitter.com\/webadedios\/statuses\/1159620514874368002\">-&gt;<\/a><\/li>\n<li class=\"ws_tweet\">RT <a href=\"https:\/\/twitter.com\/VicenteFoxQue\">@VicenteFoxQue<\/a>: Y la Guardia Nacional Militarizada?<br \/>\nY las promesas y compromisos del presidente L\u00f3pez?, donde quedan a 8 meses de gobier\u2026 <a class=\"ws_tweet_time\" href=\"https:\/\/twitter.com\/webadedios\/statuses\/1159620442682023937\">-&gt;<\/a><\/li>\n<li class=\"ws_tweet\">RT <a href=\"https:\/\/twitter.com\/Faitelson_ESPN\">@Faitelson_ESPN<\/a>: Contra todos los pron\u00f3sticos, el deporte mexicano ha \u201cdado la cara\u201d en los Jueves Panamericanos de Lima 2019.<br \/>\nImag\u00ednens\u2026 <a class=\"ws_tweet_time\" href=\"https:\/\/twitter.com\/webadedios\/statuses\/1159618489004507146\">-&gt;<\/a><\/li>\n<li class=\"ws_tweet\">RT <a href=\"https:\/\/twitter.com\/PedroFerriz\">@PedroFerriz<\/a>: Morena prometi\u00f3 reducir 50% del financiamiento p\u00fablico a Partidos Pol\u00edticos. Ahora que es Gobierno olvida la propuesta y a\u2026 <a class=\"ws_tweet_time\" href=\"https:\/\/twitter.com\/webadedios\/statuses\/1159618130387308544\">-&gt;<\/a><\/li>\n<li class=\"ws_tweet\">Mi cuenta de Masterpass fue eliminada, solo la use una o dos veces<br \/>\nadi\u00f3s <a class=\"ws_tweet_time\" href=\"https:\/\/twitter.com\/webadedios\/statuses\/1159359443500457984\">-&gt;<\/a><\/li>\n<li class=\"ws_tweet\">[Blog] Mis twitts del 2019-07-31 al 2019-08-06 &#8211; <a href=\"https:\/\/t.co\/vHU4uRfrLG\" rel=\"nofollow\">https:\/\/t.co\/vHU4uRfrLG<\/a> <a class=\"ws_tweet_time\" href=\"https:\/\/twitter.com\/webadedios\/statuses\/1159056618769780738\">-&gt;<\/a><\/li>\n<li class=\"ws_tweet\"><a href=\"https:\/\/twitter.com\/search?q=%23LadyPi&amp;src=hash\">#LadyPi<\/a>\u00f1ata\n<p><a href=\"https:\/\/t.co\/Ph8wQCfVYc\" rel=\"nofollow\">https:\/\/t.co\/Ph8wQCfVYc<\/a> <a class=\"ws_tweet_time\" href=\"https:\/\/twitter.com\/webadedios\/statuses\/1158987475731255296\">-&gt;<\/a><\/li>\n<li class=\"ws_tweet\">Espero que por la ma\u00f1ana tengamos noticias de que encontraron a la pinche loca de <a href=\"https:\/\/twitter.com\/search?q=%23LadyPi&amp;src=hash\">#LadyPi<\/a>\u00f1ata junto con su familia.\u2026 <a href=\"https:\/\/t.co\/JqfuWvfAXl\" rel=\"nofollow\">https:\/\/t.co\/JqfuWvfAXl<\/a> <a class=\"ws_tweet_time\" href=\"https:\/\/twitter.com\/webadedios\/statuses\/1158986912650027009\">-&gt;<\/a><\/li>\n<li class=\"ws_tweet\">RT <a href=\"https:\/\/twitter.com\/ladeicaza\">@ladeicaza<\/a>: \u00bfQu\u00e9 ocurrir\u00e1 ma\u00f1ana? \u00bfdetenci\u00f3n de <a href=\"https:\/\/twitter.com\/search?q=%23LadyPi&amp;src=hash\">#LadyPi<\/a>\u00f1ata? \u00bfDetenci\u00f3n de cacos <a href=\"https:\/\/twitter.com\/search?q=%23CasaDeMoneda&amp;src=hash\">#CasaDeMoneda<\/a>? <a href=\"https:\/\/twitter.com\/Claudiashein\">@Claudiashein<\/a> la tiene f\u00e1cil pues todos\u2026 <a class=\"ws_tweet_time\" href=\"https:\/\/twitter.com\/webadedios\/statuses\/1158986614229614592\">-&gt;<\/a><\/li>\n<li class=\"ws_tweet\">El hombre que le susurraba a los asnos <a href=\"https:\/\/twitter.com\/search?q=%23T&amp;src=hash\">#T<\/a>\u00edtulosParaLaBiograf\u00edaDeL\u00f3pez <a class=\"ws_tweet_time\" href=\"https:\/\/twitter.com\/webadedios\/statuses\/1158967642251825152\">-&gt;<\/a><\/li>\n<li class=\"ws_tweet\"><a href=\"https:\/\/twitter.com\/search?q=%23T&amp;src=hash\">#T<\/a>\u00edtulosParaLaBiograf\u00edaDeL\u00f3pez\n<p>Cr\u00f3nica de un desastre anunciado. <a class=\"ws_tweet_time\" href=\"https:\/\/twitter.com\/webadedios\/statuses\/1158967279582945281\">-&gt;<\/a><\/li>\n<li class=\"ws_tweet\">Mis otros datos&#8230; <a href=\"https:\/\/twitter.com\/search?q=%23T&amp;src=hash\">#T<\/a>\u00edtulosParaLaBiograf\u00edaDeL\u00f3pez <a class=\"ws_tweet_time\" href=\"https:\/\/twitter.com\/webadedios\/statuses\/1158967127241625600\">-&gt;<\/a><\/li>\n<li class=\"ws_tweet\">\u00bfQuien se rob\u00f3 mi crecimiento econ\u00f3mico? <a href=\"https:\/\/twitter.com\/search?q=%23T&amp;src=hash\">#T<\/a>\u00edtulosParaLaBiograf\u00edaDeL\u00f3pez <a class=\"ws_tweet_time\" href=\"https:\/\/twitter.com\/webadedios\/statuses\/1158966917366996992\">-&gt;<\/a><\/li>\n<\/ul>\n<!--CusAds0-->\n<div style=\"font-size: 0px; height: 0px; line-height: 0px; margin: 0; padding: 0; clear: both;\"><\/div>","protected":false},"excerpt":{"rendered":"<p>Mis twitts del 2019-08-07 al 2019-08-13<\/p>\n","protected":false},"author":1,"featured_media":0,"comment_status":"open","ping_status":"open","sticky":false,"template":"","format":"standard","meta":{"footnotes":""},"categories":[2],"tags":[1878,966,1876,1877,1720,60],"class_list":["post-8505","post","type-post","status-publish","format-standard","hentry","category-actividades","tag-digo","tag-red","tag-social","tag-tuits","tag-tweets","tag-twitter"],"_links":{"self":[{"href":"https:\/\/webadedios.com\/blog\/wp-json\/wp\/v2\/posts\/8505","targetHints":{"allow":["GET"]}}],"collection":[{"href":"https:\/\/webadedios.com\/blog\/wp-json\/wp\/v2\/posts"}],"about":[{"href":"https:\/\/webadedios.com\/blog\/wp-json\/wp\/v2\/types\/post"}],"author":[{"embeddable":true,"href":"https:\/\/webadedios.com\/blog\/wp-json\/wp\/v2\/users\/1"}],"replies":[{"embeddable":true,"href":"https:\/\/webadedios.com\/blog\/wp-json\/wp\/v2\/comments?post=8505"}],"version-history":[{"count":0,"href":"https:\/\/webadedios.com\/blog\/wp-json\/wp\/v2\/posts\/8505\/revisions"}],"wp:attachment":[{"href":"https:\/\/webadedios.com\/blog\/wp-json\/wp\/v2\/media?parent=8505"}],"wp:term":[{"taxonomy":"category","embeddable":true,"href":"https:\/\/webadedios.com\/blog\/wp-json\/wp\/v2\/categories?post=8505"},{"taxonomy":"post_tag","embeddable":true,"href":"https:\/\/webadedios.com\/blog\/wp-json\/wp\/v2\/tags?post=8505"}],"curies":[{"name":"wp","href":"https:\/\/api.w.org\/{rel}","templated":true}]}}