{"id":8502,"date":"2019-07-31T05:40:00","date_gmt":"2019-07-31T10:40:00","guid":{"rendered":"http:\/\/webadedios.com\/blog\/2019\/actividades\/mis-twitts-del-2019-07-24-al-2019-07-30\/"},"modified":"2019-07-31T05:40:00","modified_gmt":"2019-07-31T10:40:00","slug":"mis-twitts-del-2019-07-24-al-2019-07-30","status":"publish","type":"post","link":"https:\/\/webadedios.com\/blog\/2019\/actividades\/mis-twitts-del-2019-07-24-al-2019-07-30\/","title":{"rendered":"Mis twitts del 2019-07-24 al 2019-07-30"},"content":{"rendered":"<ul class=\"ws_tweet_list\">\n<li class=\"ws_tweet\">Blender 2.80! <a class=\"ws_tweet_time\" href=\"https:\/\/twitter.com\/webadedios\/statuses\/1156374388096286721\">-&gt;<\/a><\/li>\n<li class=\"ws_tweet\">Para que reelegirse si puede ampliar el mandato. <a class=\"ws_tweet_time\" href=\"https:\/\/twitter.com\/webadedios\/statuses\/1156373720883171328\">-&gt;<\/a><\/li>\n<li class=\"ws_tweet\">manifestarte en tabasco puede acarrearte hasta 13 a\u00f1os de prisi\u00f3n.\n<p>adi\u00f3s poco a poco a nuestras libertades <a class=\"ws_tweet_time\" href=\"https:\/\/twitter.com\/webadedios\/statuses\/1156373488766263297\">-&gt;<\/a><\/li>\n<li class=\"ws_tweet\">RT <a href=\"https:\/\/twitter.com\/ElFinanciero_Mx\">@ElFinanciero_Mx<\/a>: La estimaci\u00f3n media de 11 analistas consultados por Bloomberg apunta a una contracci\u00f3n de 0.1% en el PIB, lo que confi\u2026 <a class=\"ws_tweet_time\" href=\"https:\/\/twitter.com\/webadedios\/statuses\/1156373277805350912\">-&gt;<\/a><\/li>\n<li class=\"ws_tweet\">RT <a href=\"https:\/\/twitter.com\/JLozanoA\">@JLozanoA<\/a>: \u00bfC\u00f3mo chingaos se llamaba aquel que bloqueaba, en Tabasco, pozos petroleros en los a\u00f1os noventa? Es para una tarea. <a href=\"https:\/\/t\u2026\" rel=\"nofollow\">https:\/\/t\u2026<\/a> <a class=\"ws_tweet_time\" href=\"https:\/\/twitter.com\/webadedios\/statuses\/1156373079003684864\">-&gt;<\/a><\/li>\n<li class=\"ws_tweet\">RT <a href=\"https:\/\/twitter.com\/PedroFerriz\">@PedroFerriz<\/a>: <a href=\"https:\/\/twitter.com\/search?q=%23LeyGarrote&amp;src=hash\">#LeyGarrote<\/a> Tabasco, que prev\u00e9 castigos de hasta 20 a\u00f1os de c\u00e1rcel a quien bloquee carreteras y obstruya obra p\u00fablica, no\u2026 <a class=\"ws_tweet_time\" href=\"https:\/\/twitter.com\/webadedios\/statuses\/1156372955921813504\">-&gt;<\/a><\/li>\n<li class=\"ws_tweet\">RT <a href=\"https:\/\/twitter.com\/CartonCalderon\">@CartonCalderon<\/a>: No se hagan bolas:<br \/>\nManifestarse pac\u00edficamente es, y siempre ser\u00e1, un DERECHO.<br \/>\nBloquear v\u00edas de comunicaci\u00f3n es, y siemp\u2026 <a class=\"ws_tweet_time\" href=\"https:\/\/twitter.com\/webadedios\/statuses\/1156372805484761089\">-&gt;<\/a><\/li>\n<li class=\"ws_tweet\">RT <a href=\"https:\/\/twitter.com\/ElFinanciero_Mx\">@ElFinanciero_Mx<\/a>: <a href=\"https:\/\/twitter.com\/search?q=%23Opini&amp;src=hash\">#Opini<\/a>\u00f3n Tal vez <a href=\"https:\/\/twitter.com\/lopezobrador_\">@lopezobrador_<\/a> no miente cuando asegura que no va a reelegirse. Basta con que en el Congreso le ampl\u00ed\u2026 <a class=\"ws_tweet_time\" href=\"https:\/\/twitter.com\/webadedios\/statuses\/1156372530623582213\">-&gt;<\/a><\/li>\n<li class=\"ws_tweet\">Agust\u00edn Marches\u00edn es nuevo portero del Porto.  Para cubrir la baja de Iker Casillas. <a class=\"ws_tweet_time\" href=\"https:\/\/twitter.com\/webadedios\/statuses\/1156371912794214403\">-&gt;<\/a><\/li>\n<li class=\"ws_tweet\">feliz por la llegada de gallese, un gran arquero, triste por la salida de marchesin, un gran arquero <a href=\"https:\/\/twitter.com\/search?q=%23Am&amp;src=hash\">#Am<\/a>\u00e9rica <a class=\"ws_tweet_time\" href=\"https:\/\/twitter.com\/webadedios\/statuses\/1156371775338557441\">-&gt;<\/a><\/li>\n<li class=\"ws_tweet\">Pedro Gallese, el h\u00e9roe de Per\u00fa en la Copa Am\u00e9rica, llegar\u00eda a Copa a suplir la baja de Agust\u00edn Marches\u00edn <a class=\"ws_tweet_time\" href=\"https:\/\/twitter.com\/webadedios\/statuses\/1156371628974120963\">-&gt;<\/a><\/li>\n<li class=\"ws_tweet\">Marches\u00edn<br \/>\n\ud83c\udde6\ud83c\uddf7<br \/>\n ser\u00e1 arquero de Porto<br \/>\n\ud83c\uddf5\ud83c\uddf9<br \/>\nFirmar\u00e1 hasta el 30 de junio de 2023. <a class=\"ws_tweet_time\" href=\"https:\/\/twitter.com\/webadedios\/statuses\/1156371490914353152\">-&gt;<\/a><\/li>\n<li class=\"ws_tweet\">RT <a href=\"https:\/\/twitter.com\/losexpulsados\">@losexpulsados<\/a>: As\u00ed rompi\u00f3 en llanto Agust\u00edn Marchesin al ser informado que su transferencia con el Porto es un hecho.<br \/>\n\u00bfAlguien duda que\u2026 <a class=\"ws_tweet_time\" href=\"https:\/\/twitter.com\/webadedios\/statuses\/1156371288795033601\">-&gt;<\/a><\/li>\n<li class=\"ws_tweet\">RT <a href=\"https:\/\/twitter.com\/record_mexico\">@record_mexico<\/a>: \u00daLTIMA HORA \ud83d\udea8\ud83d\udea8\n<p>Marches\u00edn estaba entrenando en Coapa cuando Miguel Herrera lo llam\u00f3 para llevarlo a la oficina, tiempo d\u2026 <a class=\"ws_tweet_time\" href=\"https:\/\/twitter.com\/webadedios\/statuses\/1156371134184665088\">-&gt;<\/a><\/li>\n<li class=\"ws_tweet\">RT <a href=\"https:\/\/twitter.com\/Donvix\">@Donvix<\/a>: Hay tanta ignorancia y resentimiento en este tuit, que parece haber sido escrito por las chamaquitas de la pel\u00edcula &quot;Mam\u00e1&quot;. htt\u2026 <a class=\"ws_tweet_time\" href=\"https:\/\/twitter.com\/webadedios\/statuses\/1156071123911630849\">-&gt;<\/a><\/li>\n<li class=\"ws_tweet\">RT <a href=\"https:\/\/twitter.com\/Nachsoyyo\">@Nachsoyyo<\/a>: Quiero muchas cosas pero no necesito ninguna. <a class=\"ws_tweet_time\" href=\"https:\/\/twitter.com\/webadedios\/statuses\/1156070460641226758\">-&gt;<\/a><\/li>\n<li class=\"ws_tweet\">RT <a href=\"https:\/\/twitter.com\/PedroFerriz\">@PedroFerriz<\/a>: Javier Jimenez Espri\u00fa acaba de liquidar parte de los contratos fallidos del NAICM, con m\u00f3dicos 14,220 millones de pesos.<br \/>\nQ\u2026 <a class=\"ws_tweet_time\" href=\"https:\/\/twitter.com\/webadedios\/statuses\/1156070115332579328\">-&gt;<\/a><\/li>\n<li class=\"ws_tweet\">RT <a href=\"https:\/\/twitter.com\/PedroFerriz\">@PedroFerriz<\/a>: \u00a1ENT\u00c9RATE!<br \/>\n<a href=\"https:\/\/twitter.com\/search?q=%23CentralFM&amp;src=hash\">#CentralFM<\/a> <\/p>\n<p>\ud83d\udcf0 La 4aT purifica. Reyna Mar\u00eda Basilio Ortiz, inhabilitada 15 a\u00f1os y condenada a pagar una deuda d\u2026 <a class=\"ws_tweet_time\" href=\"https:\/\/twitter.com\/webadedios\/statuses\/1156069985481084931\">-&gt;<\/a><\/li>\n<li class=\"ws_tweet\">y dije: &quot;#deaqu\u00edsoy&quot; tantas veces&#8230; <a class=\"ws_tweet_time\" href=\"https:\/\/twitter.com\/webadedios\/statuses\/1155555342283153409\">-&gt;<\/a><\/li>\n<li class=\"ws_tweet\">M\u00e9xico logra segundo oro en Taekwondo Poomsae, ahora en parejas.  <a href=\"https:\/\/twitter.com\/search?q=%23JuegosPanamericanos2019&amp;src=hash\">#JuegosPanamericanos2019<\/a> <a href=\"https:\/\/twitter.com\/search?q=%23M&amp;src=hash\">#M<\/a>\u00e9xico <a class=\"ws_tweet_time\" href=\"https:\/\/twitter.com\/webadedios\/statuses\/1155555046005923841\">-&gt;<\/a><\/li>\n<li class=\"ws_tweet\">ganaron los Pumas <a class=\"ws_tweet_time\" href=\"https:\/\/twitter.com\/webadedios\/statuses\/1155553245823164416\">-&gt;<\/a><\/li>\n<li class=\"ws_tweet\">Un intento de asalto contra un Polic\u00eda Federal termin\u00f3 en un tiroteo con varios heridos y un menor de edad muerto e\u2026 <a href=\"https:\/\/t.co\/zW6H0iRipN\" rel=\"nofollow\">https:\/\/t.co\/zW6H0iRipN<\/a> <a class=\"ws_tweet_time\" href=\"https:\/\/twitter.com\/webadedios\/statuses\/1155194170836967425\">-&gt;<\/a><\/li>\n<li class=\"ws_tweet\">RT <a href=\"https:\/\/twitter.com\/OsmarReyesM\">@OsmarReyesM<\/a>: Es como en la UNAM <a href=\"https:\/\/t.co\/tSNXutBBPR\" rel=\"nofollow\">https:\/\/t.co\/tSNXutBBPR<\/a> <a class=\"ws_tweet_time\" href=\"https:\/\/twitter.com\/webadedios\/statuses\/1155192688926478342\">-&gt;<\/a><\/li>\n<li class=\"ws_tweet\">En la UNAM  desparece la carrera de Ingenier\u00eda en Sistemas, regresa la mecanograf\u00eda aplicada!!!! <a class=\"ws_tweet_time\" href=\"https:\/\/twitter.com\/webadedios\/statuses\/1155192470592008193\">-&gt;<\/a><\/li>\n<li class=\"ws_tweet\">&#8211; \u00bfY ese vato es chairo?<br \/>\n&#8211; Pues se manifest\u00f3 en la UNAM porque su hijo no se qued\u00f3 en prepa 6 con 30 aciertos<br \/>\n&#8211; \u00a1Ah, con raz\u00f3n! <a class=\"ws_tweet_time\" href=\"https:\/\/twitter.com\/webadedios\/statuses\/1155192222897311745\">-&gt;<\/a><\/li>\n<li class=\"ws_tweet\">RT <a href=\"https:\/\/twitter.com\/RuidoEnLaRed\">@RuidoEnLaRed<\/a>: &quot;Nel, wey&quot;.\ud83d\udcaa<br \/>\nEn la &quot;ciudad segura&quot;, un conductor grab\u00f3 el momento en que lo quer\u00edan asaltar en \u00c1lvaro Obreg\u00f3n y c\u00f3mo logr\u2026 <a class=\"ws_tweet_time\" href=\"https:\/\/twitter.com\/webadedios\/statuses\/1154915379434725376\">-&gt;<\/a><\/li>\n<li class=\"ws_tweet\">RT <a href=\"https:\/\/twitter.com\/ESPNBoxeo\">@ESPNBoxeo<\/a>: El campe\u00f3n, Julio C\u00e9sar Ch\u00e1vez manda mensaje a las autoridades correspondientes luego de sufrir un asalto\n<p><a href=\"https:\/\/twitter.com\/Jcchavez115\">@Jcchavez115<\/a> htt\u2026 <a class=\"ws_tweet_time\" href=\"https:\/\/twitter.com\/webadedios\/statuses\/1154915250266955776\">-&gt;<\/a><\/li>\n<li class=\"ws_tweet\">RT <a href=\"https:\/\/twitter.com\/Potropegaso21\">@Potropegaso21<\/a>: M\u00e1s all\u00e1 de la velocidad del \u201cgato\u201d&#8230; Estoy seguro que Gignac no quiso tirar a porter\u00eda por no pegarle al gatito!!!\ud83e\udd23\ud83e\udd23\ud83e\udd23\ud83e\udd23\u2026 <a class=\"ws_tweet_time\" href=\"https:\/\/twitter.com\/webadedios\/statuses\/1154910848403595264\">-&gt;<\/a><\/li>\n<li class=\"ws_tweet\">RT <a href=\"https:\/\/twitter.com\/joseyuste\">@joseyuste<\/a>: Mala idea que pensemos en cerrar el <a href=\"https:\/\/twitter.com\/coneval\">@coneval<\/a> porque no es lo mismo medir, como lo hace bastante bien el <a href=\"https:\/\/twitter.com\/INEGI_INFORMA\">@INEGI_INFORMA<\/a> , que\u2026 <a class=\"ws_tweet_time\" href=\"https:\/\/twitter.com\/webadedios\/statuses\/1154910740438032384\">-&gt;<\/a><\/li>\n<li class=\"ws_tweet\">RT <a href=\"https:\/\/twitter.com\/joserra_espn\">@joserra_espn<\/a>: Gran campe\u00f3n de Boxeo, Julio Cesar Ch\u00e1vez fue noqueado por la delincuencia, pierde su reloj, pierde sus cadenas pero lo m\u2026 <a class=\"ws_tweet_time\" href=\"https:\/\/twitter.com\/webadedios\/statuses\/1154910676474896384\">-&gt;<\/a><\/li>\n<li class=\"ws_tweet\">RT <a href=\"https:\/\/twitter.com\/EVIDEGARAY\">@EVIDEGARAY<\/a>: Estos son los n\u00fameros desde los que intentaron defraudarme\/extorsionarme:<br \/>\n35 0679 8887<br \/>\n35 0414 1247<br \/>\n35 0679 9005<br \/>\nSi los re\u2026 <a class=\"ws_tweet_time\" href=\"https:\/\/twitter.com\/webadedios\/statuses\/1154910652525436928\">-&gt;<\/a><\/li>\n<li class=\"ws_tweet\">RT <a href=\"https:\/\/twitter.com\/jugglerowsky\">@jugglerowsky<\/a>: Conviertes a Bansefi en banco de 1er. piso, asumes que el mexicano ahorra, subestimas la talacha de banca privada para re\u2026 <a class=\"ws_tweet_time\" href=\"https:\/\/twitter.com\/webadedios\/statuses\/1154910595742932992\">-&gt;<\/a><\/li>\n<li class=\"ws_tweet\"><a href=\"https:\/\/twitter.com\/search?q=%23L&amp;src=hash\">#L<\/a>\u00f3pezEsTanIneptoQue ha convertido a M\u00e9xico en lider de asesinatos <a class=\"ws_tweet_time\" href=\"https:\/\/twitter.com\/webadedios\/statuses\/1154873483530264576\">-&gt;<\/a><\/li>\n<li class=\"ws_tweet\"><a href=\"https:\/\/twitter.com\/search?q=%23MisOtrosDatosDicenQue&amp;src=hash\">#MisOtrosDatosDicenQue<\/a>  <a href=\"https:\/\/twitter.com\/search?q=%23L&amp;src=hash\">#L<\/a>\u00f3pezEsTanIneptoQue lleg\u00f3 al poder para no poder <a class=\"ws_tweet_time\" href=\"https:\/\/twitter.com\/webadedios\/statuses\/1154873407147823105\">-&gt;<\/a><\/li>\n<li class=\"ws_tweet\">Me temo q L\u00f3pez construye su Dictadura a paso veloz Destruye instituciones independientes Une ultra derecha y ultra\u2026 <a href=\"https:\/\/t.co\/AUyUeD7smG\" rel=\"nofollow\">https:\/\/t.co\/AUyUeD7smG<\/a> <a class=\"ws_tweet_time\" href=\"https:\/\/twitter.com\/webadedios\/statuses\/1154872945573027840\">-&gt;<\/a><\/li>\n<li class=\"ws_tweet\">RT <a href=\"https:\/\/twitter.com\/pablo_majluf\">@pablo_majluf<\/a>: La quitan Internet a la UNAM.\n<p>\u00bfSaben qu\u00e9 no le van a quitar? <\/p>\n<p>Las mafias sindicales y administrativas que le chupan su\u2026 <a class=\"ws_tweet_time\" href=\"https:\/\/twitter.com\/webadedios\/statuses\/1154872741553737728\">-&gt;<\/a><\/li>\n<li class=\"ws_tweet\">Ojal\u00e1 corrijan lo del internet en la unam antes de inscripciones e inicio de clases <a class=\"ws_tweet_time\" href=\"https:\/\/twitter.com\/webadedios\/statuses\/1154872406961532928\">-&gt;<\/a><\/li>\n<li class=\"ws_tweet\">RT <a href=\"https:\/\/twitter.com\/DespistadoMx\">@DespistadoMx<\/a>: El l\u00edder &quot;espiritual&quot; AMLO prometi\u00f3 internet a nivel nacional, sin embargo a la UNAM y a otras universidades p\u00fablicas les\u2026 <a class=\"ws_tweet_time\" href=\"https:\/\/twitter.com\/webadedios\/statuses\/1154872184990515201\">-&gt;<\/a><\/li>\n<li class=\"ws_tweet\">RT <a href=\"https:\/\/twitter.com\/raulconde\">@raulconde<\/a>: Aqu\u00ed el cinismo comunicado de la <a href=\"https:\/\/twitter.com\/SCT_mx\">@SCT_mx<\/a> donde confirma que le quitaron la conexi\u00f3n de internet a la <a href=\"https:\/\/twitter.com\/UNAM_MX\">@UNAM_MX<\/a> . Por eso vota\u2026 <a class=\"ws_tweet_time\" href=\"https:\/\/twitter.com\/webadedios\/statuses\/1154871577110044672\">-&gt;<\/a><\/li>\n<li class=\"ws_tweet\">RT <a href=\"https:\/\/twitter.com\/MomentsES\">@MomentsES<\/a>: \u26a1\ufe0f La <a href=\"https:\/\/twitter.com\/UNAM_MX\">@UNAM_MX<\/a> afirma que no ha tenido afectaciones mayores por la suspensi\u00f3n del servicio de la Red Nacional de Impulso a l\u2026 <a class=\"ws_tweet_time\" href=\"https:\/\/twitter.com\/webadedios\/statuses\/1154871477822513152\">-&gt;<\/a><\/li>\n<li class=\"ws_tweet\">No s\u00f3lo es a la UNAM, son MUCHAS universidades afectadas, adem\u00e1s de hospitales y centros de gobierno. <a class=\"ws_tweet_time\" href=\"https:\/\/twitter.com\/webadedios\/statuses\/1154871288688775168\">-&gt;<\/a><\/li>\n<li class=\"ws_tweet\">SCT deja sin internet a la UNAM <a class=\"ws_tweet_time\" href=\"https:\/\/twitter.com\/webadedios\/statuses\/1154871179196477440\">-&gt;<\/a><\/li>\n<li class=\"ws_tweet\">Nuestra m\u00e1xima casa de estudios NO merece este trato. Y a parte sale a justificar \u201cafectaciones menores\u201d. \ud83e\udd37\ud83c\udffb\u200d\u2642\ufe0f <a class=\"ws_tweet_time\" href=\"https:\/\/twitter.com\/webadedios\/statuses\/1154870866112647168\">-&gt;<\/a><\/li>\n<li class=\"ws_tweet\">RT <a href=\"https:\/\/twitter.com\/ElFinanciero_Mx\">@ElFinanciero_Mx<\/a>: <a href=\"https:\/\/twitter.com\/search?q=%23Opini&amp;src=hash\">#Opini<\/a>\u00f3n Las instituciones aut\u00f3nomas estorban para gobernar; acotan los mandatos y los m\u00e1rgenes de maniobra de cualqui\u2026 <a class=\"ws_tweet_time\" href=\"https:\/\/twitter.com\/webadedios\/statuses\/1154870672818151426\">-&gt;<\/a><\/li>\n<li class=\"ws_tweet\">RT <a href=\"https:\/\/twitter.com\/ElFinanciero_Mx\">@ElFinanciero_Mx<\/a>: \u00bfQu\u00e9 le espera a M\u00e9xico despu\u00e9s de que el IGAE a tasa anual sin ajuste estacional lig\u00f3 su segundo mes con contraccione\u2026 <a class=\"ws_tweet_time\" href=\"https:\/\/twitter.com\/webadedios\/statuses\/1154870334744662016\">-&gt;<\/a><\/li>\n<li class=\"ws_tweet\">JP Morgan nos colocar\u00e1 en recesi\u00f3n t\u00e9cnica.\n<p>Guarden el tuit <a class=\"ws_tweet_time\" href=\"https:\/\/twitter.com\/webadedios\/statuses\/1154870267656704001\">-&gt;<\/a><\/li>\n<li class=\"ws_tweet\">La \u00fanica bancada que vot\u00f3 en contra fue el PRD; este dictamen pasa a discutirse en lo particular art\u00edculo por art\u00edc\u2026 <a href=\"https:\/\/t.co\/sHFjHTQldO\" rel=\"nofollow\">https:\/\/t.co\/sHFjHTQldO<\/a> <a class=\"ws_tweet_time\" href=\"https:\/\/twitter.com\/webadedios\/statuses\/1154554833262862337\">-&gt;<\/a><\/li>\n<li class=\"ws_tweet\">La  Ley de Extinci\u00f3n de Dominio te considerar\u00e1 culpable, aun cuando ning\u00fan juez no haya dicho que lo eres. Viola la\u2026 <a href=\"https:\/\/t.co\/PaYZQo8Duu\" rel=\"nofollow\">https:\/\/t.co\/PaYZQo8Duu<\/a> <a class=\"ws_tweet_time\" href=\"https:\/\/twitter.com\/webadedios\/statuses\/1154554666639749121\">-&gt;<\/a><\/li>\n<li class=\"ws_tweet\">Diputados aprueban Ley de Extinci\u00f3n de Dominio; ahora pasa al Ejecutivo\n<p>Dicha ley ser\u00e1 aplicable a\u00fan y cuando no h\u2026 <a href=\"https:\/\/t.co\/05waMyRe13\" rel=\"nofollow\">https:\/\/t.co\/05waMyRe13<\/a> <a class=\"ws_tweet_time\" href=\"https:\/\/twitter.com\/webadedios\/statuses\/1154554575178756096\">-&gt;<\/a><\/li>\n<li class=\"ws_tweet\">El resultado del estudio de impacto ambiental de <a href=\"https:\/\/twitter.com\/SEMARNAT_mx\">@SEMARNAT_mx<\/a> sobre el Aeropuerto de Santa Luc\u00eda no es novedad. Obv\u2026 <a href=\"https:\/\/t.co\/GUG2FktkQQ\" rel=\"nofollow\">https:\/\/t.co\/GUG2FktkQQ<\/a> <a class=\"ws_tweet_time\" href=\"https:\/\/twitter.com\/webadedios\/statuses\/1154553698351308801\">-&gt;<\/a><\/li>\n<li class=\"ws_tweet\">En <a href=\"https:\/\/twitter.com\/search?q=%23amlolandia&amp;src=hash\">#amlolandia<\/a> la construcci\u00f3n de Santa Luc\u00eda mejorar\u00e1 el ambiente, es neta? Como se atreve <a href=\"https:\/\/twitter.com\/SEMARNAT_mx\">@SEMARNAT_mx<\/a> ? <a class=\"ws_tweet_time\" href=\"https:\/\/twitter.com\/webadedios\/statuses\/1154553537591779331\">-&gt;<\/a><\/li>\n<li class=\"ws_tweet\">Por dos horas me sent\u00ed en 1990 cuando solo pod\u00edas comunicarte por llamadas y tenias que caminar mirando tu alrededo\u2026 <a href=\"https:\/\/t.co\/dK1hoZgoU8\" rel=\"nofollow\">https:\/\/t.co\/dK1hoZgoU8<\/a> <a class=\"ws_tweet_time\" href=\"https:\/\/twitter.com\/webadedios\/statuses\/1154552751130664960\">-&gt;<\/a><\/li>\n<li class=\"ws_tweet\">RT <a href=\"https:\/\/twitter.com\/ElFinanciero_Mx\">@ElFinanciero_Mx<\/a>: <a href=\"https:\/\/twitter.com\/search?q=%23Opini&amp;src=hash\">#Opini<\/a>\u00f3n La realidad es que hoy se tramita en el Congreso local una Ley que despojar\u00eda de sus bienes inmuebles a un ci\u2026 <a class=\"ws_tweet_time\" href=\"https:\/\/twitter.com\/webadedios\/statuses\/1154421863424176133\">-&gt;<\/a><\/li>\n<li class=\"ws_tweet\">RT <a href=\"https:\/\/twitter.com\/E_Q_\">@E_Q_<\/a>: Sin crecimiento no habr\u00e1 bienestar  <a href=\"https:\/\/twitter.com\/search?q=%23MisCoordenadas&amp;src=hash\">#MisCoordenadas<\/a> <a href=\"https:\/\/t.co\/Yi4vVSuTPb\" rel=\"nofollow\">https:\/\/t.co\/Yi4vVSuTPb<\/a>  <a href=\"https:\/\/twitter.com\/ElFinanciero_Mx\">@ElFinanciero_Mx<\/a>  <a href=\"https:\/\/twitter.com\/ElFinancieroTv\">@ElFinancieroTv<\/a>  <a href=\"https:\/\/twitter.com\/asilascosasw\">@asilascosasw<\/a> <a class=\"ws_tweet_time\" href=\"https:\/\/twitter.com\/webadedios\/statuses\/1154421809380503560\">-&gt;<\/a><\/li>\n<li class=\"ws_tweet\">RT <a href=\"https:\/\/twitter.com\/EVIDEGARAY\">@EVIDEGARAY<\/a>: \u00a1Gracias M\u00e9xico! Me menciona s\u00f3lo a mi, pero es un logro de <a href=\"https:\/\/twitter.com\/jrsestaca\">@jrsestaca<\/a> y <a href=\"https:\/\/twitter.com\/lacornetafm\">@lacornetafm<\/a> <a href=\"https:\/\/twitter.com\/search?q=%23Gracias&amp;src=hash\">#Gracias<\/a> <a href=\"https:\/\/t.co\/dXYVGs2CKu\" rel=\"nofollow\">https:\/\/t.co\/dXYVGs2CKu<\/a> <a class=\"ws_tweet_time\" href=\"https:\/\/twitter.com\/webadedios\/statuses\/1154421502781075456\">-&gt;<\/a><\/li>\n<li class=\"ws_tweet\">77 a\u00f1itos de mi mater <a class=\"ws_tweet_time\" href=\"https:\/\/twitter.com\/webadedios\/statuses\/1154401753464483845\">-&gt;<\/a><\/li>\n<li class=\"ws_tweet\">Feliz cumplea\u00f1os Mater <a class=\"ws_tweet_time\" href=\"https:\/\/twitter.com\/webadedios\/statuses\/1154401671864344577\">-&gt;<\/a><\/li>\n<li class=\"ws_tweet\">RT <a href=\"https:\/\/twitter.com\/ferbelaunzaran\">@ferbelaunzaran<\/a>: Que no se haga <a href=\"https:\/\/twitter.com\/lopezobrador_\">@lopezobrador_<\/a>, s\u00ed tiene vela en el entierro.\n<p>El Ejecutivo, a trav\u00e9s de la Consejer\u00eda Jur\u00eddica, tiene l\u2026 <a class=\"ws_tweet_time\" href=\"https:\/\/twitter.com\/webadedios\/statuses\/1154094153069973509\">-&gt;<\/a><\/li>\n<li class=\"ws_tweet\">[Blog] Mis twitts del 2019-07-17 al 2019-07-23 &#8211; <a href=\"https:\/\/t.co\/8q0yoiI2RY\" rel=\"nofollow\">https:\/\/t.co\/8q0yoiI2RY<\/a> <a class=\"ws_tweet_time\" href=\"https:\/\/twitter.com\/webadedios\/statuses\/1153983184863924224\">-&gt;<\/a><\/li>\n<\/ul>\n<!--CusAds0-->\n<div style=\"font-size: 0px; height: 0px; line-height: 0px; margin: 0; padding: 0; clear: both;\"><\/div>","protected":false},"excerpt":{"rendered":"<p>Mis twitts del 2019-07-24 al 2019-07-30<\/p>\n","protected":false},"author":1,"featured_media":0,"comment_status":"open","ping_status":"open","sticky":false,"template":"","format":"standard","meta":{"footnotes":""},"categories":[2],"tags":[1878,966,1876,1877,1720,60],"class_list":["post-8502","post","type-post","status-publish","format-standard","hentry","category-actividades","tag-digo","tag-red","tag-social","tag-tuits","tag-tweets","tag-twitter"],"_links":{"self":[{"href":"https:\/\/webadedios.com\/blog\/wp-json\/wp\/v2\/posts\/8502","targetHints":{"allow":["GET"]}}],"collection":[{"href":"https:\/\/webadedios.com\/blog\/wp-json\/wp\/v2\/posts"}],"about":[{"href":"https:\/\/webadedios.com\/blog\/wp-json\/wp\/v2\/types\/post"}],"author":[{"embeddable":true,"href":"https:\/\/webadedios.com\/blog\/wp-json\/wp\/v2\/users\/1"}],"replies":[{"embeddable":true,"href":"https:\/\/webadedios.com\/blog\/wp-json\/wp\/v2\/comments?post=8502"}],"version-history":[{"count":0,"href":"https:\/\/webadedios.com\/blog\/wp-json\/wp\/v2\/posts\/8502\/revisions"}],"wp:attachment":[{"href":"https:\/\/webadedios.com\/blog\/wp-json\/wp\/v2\/media?parent=8502"}],"wp:term":[{"taxonomy":"category","embeddable":true,"href":"https:\/\/webadedios.com\/blog\/wp-json\/wp\/v2\/categories?post=8502"},{"taxonomy":"post_tag","embeddable":true,"href":"https:\/\/webadedios.com\/blog\/wp-json\/wp\/v2\/tags?post=8502"}],"curies":[{"name":"wp","href":"https:\/\/api.w.org\/{rel}","templated":true}]}}