{"id":8498,"date":"2019-07-03T05:40:00","date_gmt":"2019-07-03T10:40:00","guid":{"rendered":"http:\/\/webadedios.com\/blog\/2019\/actividades\/mis-twitts-del-2019-06-26-al-2019-07-02\/"},"modified":"2019-07-03T05:40:00","modified_gmt":"2019-07-03T10:40:00","slug":"mis-twitts-del-2019-06-26-al-2019-07-02","status":"publish","type":"post","link":"https:\/\/webadedios.com\/blog\/2019\/actividades\/mis-twitts-del-2019-06-26-al-2019-07-02\/","title":{"rendered":"Mis twitts del 2019-06-26 al 2019-07-02"},"content":{"rendered":"<ul class=\"ws_tweet_list\">\n<li class=\"ws_tweet\">Golazo de Brasil, que gran jugada <a class=\"ws_tweet_time\" href=\"https:\/\/twitter.com\/webadedios\/statuses\/1146219240271339521\">-&gt;<\/a><\/li>\n<li class=\"ws_tweet\">Estoy seguro que Argentina &#8211; Brasil, nos dar\u00e1n buen espect\u00e1culo. <a href=\"https:\/\/twitter.com\/search?q=%23copaamerica&amp;src=hash\">#copaamerica<\/a> <a class=\"ws_tweet_time\" href=\"https:\/\/twitter.com\/webadedios\/statuses\/1146217245988835330\">-&gt;<\/a><\/li>\n<li class=\"ws_tweet\">RT <a href=\"https:\/\/twitter.com\/VicenteFoxQue\">@VicenteFoxQue<\/a>: M\u00e1s claro ni el agua!<br \/>\nAguas, Nos est\u00e1n llevando al baile!<br \/>\nChairos,aguas ustedes tambi\u00e9n est\u00e1n avalando una regresi\u00f3n a t\u2026 <a class=\"ws_tweet_time\" href=\"https:\/\/twitter.com\/webadedios\/statuses\/1146216876504158209\">-&gt;<\/a><\/li>\n<li class=\"ws_tweet\">RT <a href=\"https:\/\/twitter.com\/VicenteFoxQue\">@VicenteFoxQue<\/a>: L\u00f3pez, por servir a trump, traicionas y maltratas a estos seres humanos<br \/>\nNo tienes estrategia ni pol\u00edtica P\u00fablica para ma\u2026 <a class=\"ws_tweet_time\" href=\"https:\/\/twitter.com\/webadedios\/statuses\/1146216686456061952\">-&gt;<\/a><\/li>\n<li class=\"ws_tweet\">Voy Argentina <a class=\"ws_tweet_time\" href=\"https:\/\/twitter.com\/webadedios\/statuses\/1146216612317552640\">-&gt;<\/a><\/li>\n<li class=\"ws_tweet\">RT <a href=\"https:\/\/twitter.com\/ElFinanciero_Mx\">@ElFinanciero_Mx<\/a>: \u201cNo somos acarreados\u201d, dec\u00edan quienes llegaron en grupos de hasta 400 personas desde diversas alcald\u00edas de la capital\u2026 <a class=\"ws_tweet_time\" href=\"https:\/\/twitter.com\/webadedios\/statuses\/1146158015327932418\">-&gt;<\/a><\/li>\n<li class=\"ws_tweet\">RT <a href=\"https:\/\/twitter.com\/NBALAKERSBLOG\">@NBALAKERSBLOG<\/a>: Los Lakers firmaron oficialmente a Zach Norvell Jr. a un contrato de doble-v\u00eda.\n<p>Hoy debutar\u00e1 como titular en el Califor\u2026 <a class=\"ws_tweet_time\" href=\"https:\/\/twitter.com\/webadedios\/statuses\/1145844920277786625\">-&gt;<\/a><\/li>\n<li class=\"ws_tweet\">RT <a href=\"https:\/\/twitter.com\/fulbo_fulbo\">@fulbo_fulbo<\/a>: \u00bfPor qu\u00e9 Guardiola cambi\u00f3 a Messi de posici\u00f3n? Porque el que te hace ganar el partido no puede correr todo el tiempo al de\u2026 <a class=\"ws_tweet_time\" href=\"https:\/\/twitter.com\/webadedios\/statuses\/1145843964664324099\">-&gt;<\/a><\/li>\n<li class=\"ws_tweet\">RT <a href=\"https:\/\/twitter.com\/hdemauleon\">@hdemauleon<\/a>: En el comunicado oficial del gobierno de la CDMX nos informan que la cita para el festejo de AMLO ser\u00e1 en el \u201chasta bandera\u2026 <a class=\"ws_tweet_time\" href=\"https:\/\/twitter.com\/webadedios\/statuses\/1145734351952457728\">-&gt;<\/a><\/li>\n<li class=\"ws_tweet\">dos personas lesionadas tras explosi\u00f3n en ducto de <a href=\"https:\/\/twitter.com\/Pemex\">@Pemex<\/a> en <a href=\"https:\/\/twitter.com\/search?q=%23Celaya&amp;src=hash\">#Celaya<\/a>. Eran trabajadores que realizaban tareas de limpieza en el R\u00edo Laja. <a class=\"ws_tweet_time\" href=\"https:\/\/twitter.com\/webadedios\/statuses\/1145734142128218112\">-&gt;<\/a><\/li>\n<li class=\"ws_tweet\">Explosi\u00f3n en ductos de hidrocarburo de Pemex en la zona sur de Celaya, Guanajuato. <a class=\"ws_tweet_time\" href=\"https:\/\/twitter.com\/webadedios\/statuses\/1145733956442230791\">-&gt;<\/a><\/li>\n<li class=\"ws_tweet\">Feliz <a href=\"https:\/\/twitter.com\/search?q=%23DiaDelingeniero&amp;src=hash\">#DiaDelingeniero<\/a>\n<p>ya se la saben <a href=\"https:\/\/t.co\/Xhhx7UCkmL\" rel=\"nofollow\">https:\/\/t.co\/Xhhx7UCkmL<\/a> <a class=\"ws_tweet_time\" href=\"https:\/\/twitter.com\/webadedios\/statuses\/1145726240227319815\">-&gt;<\/a><\/li>\n<li class=\"ws_tweet\">Feliz <a href=\"https:\/\/twitter.com\/search?q=%23DiaDelingeniero&amp;src=hash\">#DiaDelingeniero<\/a> <a href=\"https:\/\/t.co\/mmTiZB9z8X\" rel=\"nofollow\">https:\/\/t.co\/mmTiZB9z8X<\/a> <a class=\"ws_tweet_time\" href=\"https:\/\/twitter.com\/webadedios\/statuses\/1145726121935343616\">-&gt;<\/a><\/li>\n<li class=\"ws_tweet\">de la palabra ENGINE que significa ingenio por invento o m\u00e1quina inventada \ud83d\udee0\ufe0f se desprende la palabra <a href=\"https:\/\/twitter.com\/search?q=%23ingeniero&amp;src=hash\">#ingeniero<\/a>, q\u2026 <a href=\"https:\/\/t.co\/RJcHXBH36f\" rel=\"nofollow\">https:\/\/t.co\/RJcHXBH36f<\/a> <a class=\"ws_tweet_time\" href=\"https:\/\/twitter.com\/webadedios\/statuses\/1145725673589399558\">-&gt;<\/a><\/li>\n<li class=\"ws_tweet\"><a href=\"https:\/\/twitter.com\/search?q=%23DiaDelingeniero&amp;src=hash\">#DiaDelingeniero<\/a> muchas Felicidades a cada una de las personas que ejercen alguna de las ramas de la ingenier\u00eda \ud83d\udc4d\ud83d\udc4f <a href=\"https:\/\/t.co\/Q4iEjmYAvy\" rel=\"nofollow\">https:\/\/t.co\/Q4iEjmYAvy<\/a> <a class=\"ws_tweet_time\" href=\"https:\/\/twitter.com\/webadedios\/statuses\/1145724738658013184\">-&gt;<\/a><\/li>\n<li class=\"ws_tweet\">Feliz <a href=\"https:\/\/twitter.com\/search?q=%23DiaDelingeniero&amp;src=hash\">#DiaDelingeniero<\/a> <a href=\"https:\/\/t.co\/kosBvKYERY\" rel=\"nofollow\">https:\/\/t.co\/kosBvKYERY<\/a> <a class=\"ws_tweet_time\" href=\"https:\/\/twitter.com\/webadedios\/statuses\/1145724486165114880\">-&gt;<\/a><\/li>\n<li class=\"ws_tweet\">Que el s\u00e9ptimo mes del a\u00f1o 2019, sea el puente y la v\u00eda para consolidarlo\ud83e\udd1e\ud83c\udffc    <a href=\"https:\/\/twitter.com\/search?q=%23BienvenidoJulio&amp;src=hash\">#BienvenidoJulio<\/a> \ud83d\ude4f\ud83c\udffc <a href=\"https:\/\/t.co\/YYrO8vcmLH\" rel=\"nofollow\">https:\/\/t.co\/YYrO8vcmLH<\/a> <a class=\"ws_tweet_time\" href=\"https:\/\/twitter.com\/webadedios\/statuses\/1145724158728425474\">-&gt;<\/a><\/li>\n<li class=\"ws_tweet\">RT <a href=\"https:\/\/twitter.com\/ChumelTorres\">@ChumelTorres<\/a>: Adi\u00f3s estancias infantiles<br \/>\nAdi\u00f3s comedores comunitarios<br \/>\nAdi\u00f3s cultura<br \/>\nAdi\u00f3s Conacyt<br \/>\nAdi\u00f3s unidades urbanas del IMSS<br \/>\nRecha\u2026 <a class=\"ws_tweet_time\" href=\"https:\/\/twitter.com\/webadedios\/statuses\/1145723940167397377\">-&gt;<\/a><\/li>\n<li class=\"ws_tweet\">RT <a href=\"https:\/\/twitter.com\/climagic\">@climagic<\/a>: gunzip when the partition is nearly full <a href=\"https:\/\/t.co\/VkjbDjCpJl\" rel=\"nofollow\">https:\/\/t.co\/VkjbDjCpJl<\/a> <a class=\"ws_tweet_time\" href=\"https:\/\/twitter.com\/webadedios\/statuses\/1145723828385001472\">-&gt;<\/a><\/li>\n<li class=\"ws_tweet\">\u00bfc\u00f3mo va la operaci\u00f3n bikini, ya listas??? <a class=\"ws_tweet_time\" href=\"https:\/\/twitter.com\/webadedios\/statuses\/1145723732889088007\">-&gt;<\/a><\/li>\n<li class=\"ws_tweet\">RT <a href=\"https:\/\/twitter.com\/Salimgol\">@Salimgol<\/a>: Como dir\u00eda Memo R\u00edos, \u00a1aplausos!<br \/>\n\ud83d\udc4f\ud83d\udc4f\ud83d\udc4f\ud83d\udc4f\ud83d\udc4f\ud83d\udc4f\ud83d\udc4f\ud83d\udc4f\ud83d\udc4f<br \/>\n<a href=\"https:\/\/twitter.com\/search?q=%23BienvenidoJulio&amp;src=hash\">#BienvenidoJulio<\/a> <a href=\"https:\/\/t.co\/QpNtOnZFv0\" rel=\"nofollow\">https:\/\/t.co\/QpNtOnZFv0<\/a> <a class=\"ws_tweet_time\" href=\"https:\/\/twitter.com\/webadedios\/statuses\/1145722544420470784\">-&gt;<\/a><\/li>\n<li class=\"ws_tweet\">&quot;El fracaso es simplemente una nueva oportunidad de empezar de nuevo, esta vez de forma m\u00e1s inteligente.&quot;<br \/>\n&#8211; Henry F\u2026 <a href=\"https:\/\/t.co\/QetrwIVeT3\" rel=\"nofollow\">https:\/\/t.co\/QetrwIVeT3<\/a> <a class=\"ws_tweet_time\" href=\"https:\/\/twitter.com\/webadedios\/statuses\/1145722340946403328\">-&gt;<\/a><\/li>\n<li class=\"ws_tweet\">RT <a href=\"https:\/\/twitter.com\/Banxico\">@Banxico<\/a>: Encuesta sobre las Expectativas de los Especialistas en Econom\u00eda del Sector Privado: Junio de 2019. <a href=\"https:\/\/t.co\/EAJlTmzcUs\" rel=\"nofollow\">https:\/\/t.co\/EAJlTmzcUs<\/a> ht\u2026 <a class=\"ws_tweet_time\" href=\"https:\/\/twitter.com\/webadedios\/statuses\/1145721516706996224\">-&gt;<\/a><\/li>\n<li class=\"ws_tweet\">RT <a href=\"https:\/\/twitter.com\/ElFinanciero_Mx\">@ElFinanciero_Mx<\/a>: Los analistas consultados por Banxico tambi\u00e9n modificaron sus pron\u00f3sticos respecto al cierre del tipo de cambio para 2\u2026 <a class=\"ws_tweet_time\" href=\"https:\/\/twitter.com\/webadedios\/statuses\/1145721460062900224\">-&gt;<\/a><\/li>\n<li class=\"ws_tweet\">Terminando de ver la segunda temporada de The Tick <a class=\"ws_tweet_time\" href=\"https:\/\/twitter.com\/webadedios\/statuses\/1145564270429704192\">-&gt;<\/a><\/li>\n<li class=\"ws_tweet\">RT <a href=\"https:\/\/twitter.com\/AlejandroSBasso\">@AlejandroSBasso<\/a>: La Corte Suprema opera en modo &quot;Shakira&quot; en Colombia.\n<p>Ciega<br \/>\nSorda<br \/>\nMuda<br \/>\nNo tiene idea de d\u00f3nde est\u00e1n los ladrones.<\/p>\n<p>Be\u2026 <a class=\"ws_tweet_time\" href=\"https:\/\/twitter.com\/webadedios\/statuses\/1145553595863117824\">-&gt;<\/a><\/li>\n<li class=\"ws_tweet\">La verdad sobre la verdad es que es una elecci\u00f3n <a class=\"ws_tweet_time\" href=\"https:\/\/twitter.com\/webadedios\/statuses\/1145394576997388289\">-&gt;<\/a><\/li>\n<li class=\"ws_tweet\">RT <a href=\"https:\/\/twitter.com\/aynaniita\">@aynaniita<\/a>: Mi celular es a prueba de fuego:\n<p>Nunca llamas.<\/p>\n<p>\ud83d\ude1e <a class=\"ws_tweet_time\" href=\"https:\/\/twitter.com\/webadedios\/statuses\/1145357137444519937\">-&gt;<\/a><\/li>\n<li class=\"ws_tweet\">RT <a href=\"https:\/\/twitter.com\/NicolasRomay\">@NicolasRomay<\/a>: .@YoSoy8a sigue siendo ejemplo de todo. Aparece hasta en los partidos que imagin\u00e1bamos no lo necesitar\u00edamos. Est\u00e1 en un n\u2026 <a class=\"ws_tweet_time\" href=\"https:\/\/twitter.com\/webadedios\/statuses\/1145357093773414403\">-&gt;<\/a><\/li>\n<li class=\"ws_tweet\">RT <a href=\"https:\/\/twitter.com\/Trollimbo\">@Trollimbo<\/a>: <a href=\"https:\/\/twitter.com\/search?q=%2330DeJunioProtestaNacional&amp;src=hash\">#30DeJunioProtestaNacional<\/a>\n<p>Compartan! <a href=\"https:\/\/t.co\/p1RhaPhfRc\" rel=\"nofollow\">https:\/\/t.co\/p1RhaPhfRc<\/a> <a class=\"ws_tweet_time\" href=\"https:\/\/twitter.com\/webadedios\/statuses\/1145356946100371456\">-&gt;<\/a><\/li>\n<li class=\"ws_tweet\">RT <a href=\"https:\/\/twitter.com\/lourdes1809\">@lourdes1809<\/a>: Porque no deben humillar a nuestro ej\u00e9rcito .<br \/>\nTe respeto M\u00e9xico y tus instituciones.<br \/>\nTe quiero libre <a href=\"https:\/\/twitter.com\/search?q=%23M&amp;src=hash\">#M<\/a>\u00e9xico<br \/>\n<a href=\"https:\/\/twitter.com\/search?q=%2330DeJunioP&amp;src=hash\">#30DeJunioP<\/a>\u2026 <a class=\"ws_tweet_time\" href=\"https:\/\/twitter.com\/webadedios\/statuses\/1145356888009322496\">-&gt;<\/a><\/li>\n<li class=\"ws_tweet\">RT <a href=\"https:\/\/twitter.com\/JJBeltran1\">@JJBeltran1<\/a>: Estructura electoral creada desde presidencia cuesta 2 mil 500 millones al a\u00f1o. <a href=\"https:\/\/twitter.com\/revistaproceso\">@revistaproceso<\/a><br \/>\n<a href=\"https:\/\/twitter.com\/LContrapeso\">@LContrapeso<\/a> <a href=\"https:\/\/twitter.com\/NSChalecosMx\">@NSChalecosMx<\/a>\u2026 <a class=\"ws_tweet_time\" href=\"https:\/\/twitter.com\/webadedios\/statuses\/1145356835169492993\">-&gt;<\/a><\/li>\n<li class=\"ws_tweet\">RT <a href=\"https:\/\/twitter.com\/DanielaAlmanza_\">@DanielaAlmanza_<\/a>: Con el hastag <a href=\"https:\/\/twitter.com\/search?q=%2330deJunioProtestaNacional&amp;src=hash\">#30deJunioProtestaNacional<\/a>, se est\u00e1 convocando a una marcha por el 1er aniversario del &quot;Error Electoral&quot;\u2026 <a class=\"ws_tweet_time\" href=\"https:\/\/twitter.com\/webadedios\/statuses\/1145356582999527425\">-&gt;<\/a><\/li>\n<li class=\"ws_tweet\">RT <a href=\"https:\/\/twitter.com\/josefinamo63\">@josefinamo63<\/a>: <a href=\"https:\/\/twitter.com\/search?q=%2330deJunioProtestaNacional&amp;src=hash\">#30deJunioProtestaNacional<\/a><br \/>\nPor nuestro ej\u00e9rcito <a href=\"https:\/\/t.co\/4j8d7BwEhf\" rel=\"nofollow\">https:\/\/t.co\/4j8d7BwEhf<\/a> <a class=\"ws_tweet_time\" href=\"https:\/\/twitter.com\/webadedios\/statuses\/1145356476841701376\">-&gt;<\/a><\/li>\n<li class=\"ws_tweet\">Hoy es la gran manifestaci\u00f3n el hartazgo social por este <a href=\"https:\/\/twitter.com\/search?q=%23GobiernoFallido&amp;src=hash\">#GobiernoFallido<\/a>  Inseguridad, corrupci\u00f3n, amenaza a los \u00f3\u2026 <a href=\"https:\/\/t.co\/9KlG338s5e\" rel=\"nofollow\">https:\/\/t.co\/9KlG338s5e<\/a> <a class=\"ws_tweet_time\" href=\"https:\/\/twitter.com\/webadedios\/statuses\/1145356158112292872\">-&gt;<\/a><\/li>\n<li class=\"ws_tweet\">RT <a href=\"https:\/\/twitter.com\/VicenteFoxQue\">@VicenteFoxQue<\/a>: L\u00f3pez, traiciona su propia causa. Hoy Gobierna con:<br \/>\n. TRUMP<br \/>\n. PRI<br \/>\n. LA MAFIA DEL PODER.<br \/>\nY su ideolog\u00eda y pol\u00edticas p\u00fabli\u2026 <a class=\"ws_tweet_time\" href=\"https:\/\/twitter.com\/webadedios\/statuses\/1145336029005660160\">-&gt;<\/a><\/li>\n<li class=\"ws_tweet\">Cada marcha ser\u00e1 m\u00e1s grande, las exigencias se incrementar\u00e1n y los errores del gobierno se multiplicar\u00e1n.\n<p>Su apa\u2026 <a href=\"https:\/\/t.co\/hYkeeEMzic\" rel=\"nofollow\">https:\/\/t.co\/hYkeeEMzic<\/a> <a class=\"ws_tweet_time\" href=\"https:\/\/twitter.com\/webadedios\/statuses\/1145335670577274880\">-&gt;<\/a><\/li>\n<li class=\"ws_tweet\">El defensa puntea primero el bal\u00f3n<br \/>\n\u00a1Fue medio metro fuera del \u00e1rea! <\/p>\n<p><a href=\"https:\/\/twitter.com\/search?q=%23NoEraPenal&amp;src=hash\">#NoEraPenal<\/a><br \/>\n<a href=\"https:\/\/twitter.com\/search?q=%23MexicoVsCostaRica&amp;src=hash\">#MexicoVsCostaRica<\/a> <a class=\"ws_tweet_time\" href=\"https:\/\/twitter.com\/webadedios\/statuses\/1145216577526280192\">-&gt;<\/a><\/li>\n<li class=\"ws_tweet\">Un <a href=\"https:\/\/twitter.com\/search?q=%23NoEraPenal&amp;src=hash\">#NoEraPenal<\/a> para conmemorar el quinto aniversario del <a href=\"https:\/\/twitter.com\/search?q=%23NoEraPenal&amp;src=hash\">#NoEraPenal<\/a>. <a class=\"ws_tweet_time\" href=\"https:\/\/twitter.com\/webadedios\/statuses\/1145216335217082370\">-&gt;<\/a><\/li>\n<li class=\"ws_tweet\">RT <a href=\"https:\/\/twitter.com\/reformacancha\">@reformacancha<\/a>: <a href=\"https:\/\/twitter.com\/search?q=%23NoEraPenal&amp;src=hash\">#NoEraPenal<\/a> 29 de junio 2014<br \/>\n<a href=\"https:\/\/twitter.com\/search?q=%23NoEraPenal&amp;src=hash\">#NoEraPenal<\/a> 29 de junio 2019<br \/>\n\ud83d\ude31\ud83e\udd26\u200d\u2642\ufe0f<br \/>\n \ud83c\uddf2\ud83c\uddfd 1-1  \ud83c\udde8\ud83c\uddf7<br \/>\n<a href=\"https:\/\/twitter.com\/search?q=%23CopaOro&amp;src=hash\">#CopaOro<\/a> <a href=\"https:\/\/t.co\/Yb9YWYFN2c\" rel=\"nofollow\">https:\/\/t.co\/Yb9YWYFN2c<\/a> <a class=\"ws_tweet_time\" href=\"https:\/\/twitter.com\/webadedios\/statuses\/1145216061480087552\">-&gt;<\/a><\/li>\n<li class=\"ws_tweet\">San Memito Ochoa en ti conf\u00edo.. \ud83d\ude4f\ud83d\ude4f\ud83d\ude4f\ud83d\ude4f <a href=\"https:\/\/twitter.com\/search?q=%23CopaOro&amp;src=hash\">#CopaOro<\/a> <a href=\"https:\/\/t.co\/0N3kXalk9N\" rel=\"nofollow\">https:\/\/t.co\/0N3kXalk9N<\/a> <a class=\"ws_tweet_time\" href=\"https:\/\/twitter.com\/webadedios\/statuses\/1145215651692384257\">-&gt;<\/a><\/li>\n<li class=\"ws_tweet\">Adem\u00e1s el 2 de julio d\u00eda del partido contra haiti habr\u00e1 eclipse solar. El sol es el m\u00e1ximo dios azteca . <a class=\"ws_tweet_time\" href=\"https:\/\/twitter.com\/webadedios\/statuses\/1145215043002404864\">-&gt;<\/a><\/li>\n<li class=\"ws_tweet\">Carlos Vela nos cambi\u00f3 por Haiti <a href=\"https:\/\/t.co\/j2CWV1vEUM\" rel=\"nofollow\">https:\/\/t.co\/j2CWV1vEUM<\/a> <a class=\"ws_tweet_time\" href=\"https:\/\/twitter.com\/webadedios\/statuses\/1145214924152553472\">-&gt;<\/a><\/li>\n<li class=\"ws_tweet\">RT <a href=\"https:\/\/twitter.com\/jorgeberry\">@jorgeberry<\/a>: Gan\u00f3 M\u00e9xico a Costa Rica, pero con muchos problemas. Tanto as\u00ed, que me oreocupa Hait\u00ed. Matosas le dio una lecci\u00f3n a Martino\u2026 <a class=\"ws_tweet_time\" href=\"https:\/\/twitter.com\/webadedios\/statuses\/1145213995424653313\">-&gt;<\/a><\/li>\n<li class=\"ws_tweet\">tras empatar a 1 gol, la selecci\u00f3n mexicana logra su pase a semifinales de la <a href=\"https:\/\/twitter.com\/search?q=%23CopaOro&amp;src=hash\">#CopaOro<\/a> en penales, Ochoa <a href=\"https:\/\/twitter.com\/yosoy8a\">@yosoy8a<\/a> el h\u00e9roe otra vez <a class=\"ws_tweet_time\" href=\"https:\/\/twitter.com\/webadedios\/statuses\/1145207303244845057\">-&gt;<\/a><\/li>\n<\/ul>\n<!--CusAds0-->\n<div style=\"font-size: 0px; height: 0px; line-height: 0px; margin: 0; padding: 0; clear: both;\"><\/div>","protected":false},"excerpt":{"rendered":"<p>Mis twitts del 2019-06-26 al 2019-07-02<\/p>\n","protected":false},"author":1,"featured_media":0,"comment_status":"open","ping_status":"open","sticky":false,"template":"","format":"standard","meta":{"footnotes":""},"categories":[2],"tags":[1878,966,1876,1877,1720,60],"class_list":["post-8498","post","type-post","status-publish","format-standard","hentry","category-actividades","tag-digo","tag-red","tag-social","tag-tuits","tag-tweets","tag-twitter"],"_links":{"self":[{"href":"https:\/\/webadedios.com\/blog\/wp-json\/wp\/v2\/posts\/8498","targetHints":{"allow":["GET"]}}],"collection":[{"href":"https:\/\/webadedios.com\/blog\/wp-json\/wp\/v2\/posts"}],"about":[{"href":"https:\/\/webadedios.com\/blog\/wp-json\/wp\/v2\/types\/post"}],"author":[{"embeddable":true,"href":"https:\/\/webadedios.com\/blog\/wp-json\/wp\/v2\/users\/1"}],"replies":[{"embeddable":true,"href":"https:\/\/webadedios.com\/blog\/wp-json\/wp\/v2\/comments?post=8498"}],"version-history":[{"count":0,"href":"https:\/\/webadedios.com\/blog\/wp-json\/wp\/v2\/posts\/8498\/revisions"}],"wp:attachment":[{"href":"https:\/\/webadedios.com\/blog\/wp-json\/wp\/v2\/media?parent=8498"}],"wp:term":[{"taxonomy":"category","embeddable":true,"href":"https:\/\/webadedios.com\/blog\/wp-json\/wp\/v2\/categories?post=8498"},{"taxonomy":"post_tag","embeddable":true,"href":"https:\/\/webadedios.com\/blog\/wp-json\/wp\/v2\/tags?post=8498"}],"curies":[{"name":"wp","href":"https:\/\/api.w.org\/{rel}","templated":true}]}}