{"id":8496,"date":"2019-06-19T05:40:00","date_gmt":"2019-06-19T10:40:00","guid":{"rendered":"http:\/\/webadedios.com\/blog\/?p=8496"},"modified":"2019-06-19T05:40:00","modified_gmt":"2019-06-19T10:40:00","slug":"mis-twitts-del-2019-06-12-al-2019-06-18","status":"publish","type":"post","link":"https:\/\/webadedios.com\/blog\/2019\/actividades\/mis-twitts-del-2019-06-12-al-2019-06-18\/","title":{"rendered":"Mis twitts del 2019-06-12 al 2019-06-18"},"content":{"rendered":"<ul class=\"ws_tweet_list\">\n<li class=\"ws_tweet\">Nueva ley de cultura c\u00edvica proh\u00edbe piropos <a class=\"ws_tweet_time\" href=\"https:\/\/twitter.com\/webadedios\/statuses\/1141078483575160841\">-&gt;<\/a><\/li>\n<li class=\"ws_tweet\">Ahora decir piropos s las mujeres es c\u00e1rcel <a class=\"ws_tweet_time\" href=\"https:\/\/twitter.com\/webadedios\/statuses\/1141078358299676675\">-&gt;<\/a><\/li>\n<li class=\"ws_tweet\">Con la contrataci\u00f3n de Oribe Peralta, las Chivas se colocan al nivel del Necaxa al recibir las sobras del Am\u00e9rica. <a class=\"ws_tweet_time\" href=\"https:\/\/twitter.com\/webadedios\/statuses\/1141072725873762309\">-&gt;<\/a><\/li>\n<li class=\"ws_tweet\">Chivas contrata un jugador americanista, que adem\u00e1s era suplente, como un logro.\n<p>Los viejos en chivas los tratan\u2026 <a href=\"https:\/\/t.co\/Z4xrsgYYJP\" rel=\"nofollow\">https:\/\/t.co\/Z4xrsgYYJP<\/a> <a class=\"ws_tweet_time\" href=\"https:\/\/twitter.com\/webadedios\/statuses\/1141072657993162753\">-&gt;<\/a><\/li>\n<li class=\"ws_tweet\">RT <a href=\"https:\/\/twitter.com\/estoenlinea\">@estoenlinea<\/a>: \u00a1YA HABL\u00d3 EL JEFE! \ud83d\ude0e\ud83d\ude0e\ud83d\ude0e\n<p><a href=\"https:\/\/twitter.com\/search?q=%23ESTO&amp;src=hash\">#ESTO<\/a> dijo Tom\u00e1s Boy sobre la llegada de Oribe <\/p>\n<p>\u27a1\ufe0f <a href=\"https:\/\/t.co\/gySL4uAWOP\" rel=\"nofollow\">https:\/\/t.co\/gySL4uAWOP<\/a> <a href=\"https:\/\/t.co\/Eo70k6380w\" rel=\"nofollow\">https:\/\/t.co\/Eo70k6380w<\/a> <a class=\"ws_tweet_time\" href=\"https:\/\/twitter.com\/webadedios\/statuses\/1141071922496770049\">-&gt;<\/a><\/li>\n<li class=\"ws_tweet\">No pens\u00e9 que estuvieran tan fregadas las chivas, pap\u00e1 les manda a su capit\u00e1n  no les cobran la transferencia y adem\u2026 <a href=\"https:\/\/t.co\/psUFA5bzLd\" rel=\"nofollow\">https:\/\/t.co\/psUFA5bzLd<\/a> <a class=\"ws_tweet_time\" href=\"https:\/\/twitter.com\/webadedios\/statuses\/1141071887151370240\">-&gt;<\/a><\/li>\n<li class=\"ws_tweet\">Est\u00e1n tan mal las Chivas que Oribe contra todo pron\u00f3stico se va a convertir en la estrella de las chivas.<br \/>\nY en el A\u2026 <a href=\"https:\/\/t.co\/z046jqayNk\" rel=\"nofollow\">https:\/\/t.co\/z046jqayNk<\/a> <a class=\"ws_tweet_time\" href=\"https:\/\/twitter.com\/webadedios\/statuses\/1141071611585581056\">-&gt;<\/a><\/li>\n<li class=\"ws_tweet\">RT <a href=\"https:\/\/twitter.com\/telegram_es\">@telegram_es<\/a>: \u00danete a los temas oscuros de Telegram y juntos dominaremos la galaxia. <a href=\"https:\/\/t.co\/MelJ5Oma3n\" rel=\"nofollow\">https:\/\/t.co\/MelJ5Oma3n<\/a> <a class=\"ws_tweet_time\" href=\"https:\/\/twitter.com\/webadedios\/statuses\/1141070800742748162\">-&gt;<\/a><\/li>\n<li class=\"ws_tweet\">RT <a href=\"https:\/\/twitter.com\/MetroCDMX\">@MetroCDMX<\/a>: Conoce el avance de los trenes en la Red y planea tu viaje. Anticipa tu viaje. <a href=\"https:\/\/twitter.com\/search?q=%23MovilidadCDMX&amp;src=hash\">#MovilidadCDMX<\/a> <a href=\"https:\/\/t.co\/LrK5JmLvgx\" rel=\"nofollow\">https:\/\/t.co\/LrK5JmLvgx<\/a> <a class=\"ws_tweet_time\" href=\"https:\/\/twitter.com\/webadedios\/statuses\/1141029768231555073\">-&gt;<\/a><\/li>\n<li class=\"ws_tweet\">Los granaderos ahora son unidad t\u00e1ctica. CDMX <a class=\"ws_tweet_time\" href=\"https:\/\/twitter.com\/webadedios\/statuses\/1141029164537057281\">-&gt;<\/a><\/li>\n<li class=\"ws_tweet\">RT <a href=\"https:\/\/twitter.com\/hdemauleon\">@hdemauleon<\/a>: Obtienen cuatro suspensiones m\u00e1s contra el capricho de construir un aeropuerto en Santa Luc\u00eda, y el capricho de destruir el\u2026 <a class=\"ws_tweet_time\" href=\"https:\/\/twitter.com\/webadedios\/statuses\/1140872847541379074\">-&gt;<\/a><\/li>\n<li class=\"ws_tweet\">RT <a href=\"https:\/\/twitter.com\/webcamsdemexico\">@webcamsdemexico<\/a>: Se\u00f1or humano puedo romper filas un minuto para jugar&#8230;\ud83d\ude02\ud83d\udc4d\n<p>V\u00eda:@LuchoMex.<br \/>\n<a href=\"https:\/\/t.co\/vXg0X0ZVmN\" rel=\"nofollow\">https:\/\/t.co\/vXg0X0ZVmN<\/a> <a class=\"ws_tweet_time\" href=\"https:\/\/twitter.com\/webadedios\/statuses\/1140872692616323072\">-&gt;<\/a><\/li>\n<li class=\"ws_tweet\">RT <a href=\"https:\/\/twitter.com\/joserra_espn\">@joserra_espn<\/a>: Lamentablemente M\u00e9xico tiene que jugar en la CONCACAF. Est\u00e1 sometido, encarcelado, su destino de superaci\u00f3n es muy poco.\u2026 <a class=\"ws_tweet_time\" href=\"https:\/\/twitter.com\/webadedios\/statuses\/1140151484362960901\">-&gt;<\/a><\/li>\n<li class=\"ws_tweet\">RT <a href=\"https:\/\/twitter.com\/Obscimx\">@Obscimx<\/a>: Nos sumamos a la manifestaci\u00f3n ciudadana en contra de la violencia y la inseguridad que est\u00e1 afectando a todos los mexicanos y\u2026 <a class=\"ws_tweet_time\" href=\"https:\/\/twitter.com\/webadedios\/statuses\/1139922145130274817\">-&gt;<\/a><\/li>\n<li class=\"ws_tweet\">Rolita del d\u00eda\n<p>Sick edm beat made on a phone 60fps HD <a href=\"https:\/\/t.co\/5DJkCjSl30\" rel=\"nofollow\">https:\/\/t.co\/5DJkCjSl30<\/a> v\u00eda <a href=\"https:\/\/twitter.com\/YouTube\">@YouTube<\/a> <a class=\"ws_tweet_time\" href=\"https:\/\/twitter.com\/webadedios\/statuses\/1139921859506581504\">-&gt;<\/a><\/li>\n<li class=\"ws_tweet\">RT <a href=\"https:\/\/twitter.com\/joserra_espn\">@joserra_espn<\/a>: Hoy comienza la Copa Am\u00e9rica en Brasil. Recordemos que M\u00e9xico no jugar\u00e1 este torneo ya que se empalma con la Copa Oro, a\u2026 <a class=\"ws_tweet_time\" href=\"https:\/\/twitter.com\/webadedios\/statuses\/1139577333239730176\">-&gt;<\/a><\/li>\n<li class=\"ws_tweet\">Milan anuncia a Paolo Maldini como su nuevo Director Deportivo <a class=\"ws_tweet_time\" href=\"https:\/\/twitter.com\/webadedios\/statuses\/1139576924903301126\">-&gt;<\/a><\/li>\n<li class=\"ws_tweet\">RT <a href=\"https:\/\/twitter.com\/g_quadri\">@g_quadri<\/a>: Cancelaci\u00f3n de contratos de asociaci\u00f3n de PEMEX: Otra vuelta de tuerca para restablecer el monopolio petrolero, impedir el de\u2026 <a class=\"ws_tweet_time\" href=\"https:\/\/twitter.com\/webadedios\/statuses\/1139524194289496064\">-&gt;<\/a><\/li>\n<li class=\"ws_tweet\">Google Drive y Google Fotos dejar\u00edan de sincronizarse a partir del mes de julio. <a class=\"ws_tweet_time\" href=\"https:\/\/twitter.com\/webadedios\/statuses\/1139422827126411264\">-&gt;<\/a><\/li>\n<li class=\"ws_tweet\">Kawhi Leonard joins LeBron James and Kareem Abdul-Jabbar as the only players in NBA history to win championships on\u2026 <a href=\"https:\/\/t.co\/54QRUPeP0h\" rel=\"nofollow\">https:\/\/t.co\/54QRUPeP0h<\/a> <a class=\"ws_tweet_time\" href=\"https:\/\/twitter.com\/webadedios\/statuses\/1139418760974983173\">-&gt;<\/a><\/li>\n<li class=\"ws_tweet\">Por fin termin\u00e9 The Big Bang Theory .. as\u00ed se finaliza una serie <a class=\"ws_tweet_time\" href=\"https:\/\/twitter.com\/webadedios\/statuses\/1139416130487894017\">-&gt;<\/a><\/li>\n<li class=\"ws_tweet\">Ya hubiera yo querido tener el problem\u00f3n que ten\u00eda Juan del Diablo: elegir entre Edith Gonz\u00e1lez y Ana Colchero. <a class=\"ws_tweet_time\" href=\"https:\/\/twitter.com\/webadedios\/statuses\/1139189047912521728\">-&gt;<\/a><\/li>\n<li class=\"ws_tweet\">Se fue a reunir con &quot;Juan del diablo&quot;. \u00a1Que pena! Muy j\u00f3venes ambos\ud83d\ude14 <a class=\"ws_tweet_time\" href=\"https:\/\/twitter.com\/webadedios\/statuses\/1139188502195781632\">-&gt;<\/a><\/li>\n<li class=\"ws_tweet\">Si alguien me pregunta cuando acabo el sexenio de amlo, digo cuando cancelo el <a href=\"https:\/\/twitter.com\/search?q=%23NAIM&amp;src=hash\">#NAIM<\/a> la locura mas grande que ha he\u2026 <a href=\"https:\/\/t.co\/Uj526laxUI\" rel=\"nofollow\">https:\/\/t.co\/Uj526laxUI<\/a> <a class=\"ws_tweet_time\" href=\"https:\/\/twitter.com\/webadedios\/statuses\/1139186223833071616\">-&gt;<\/a><\/li>\n<li class=\"ws_tweet\">se hace lo correcto. Santa Luc\u00eda no es adecuado para ser aeropuerto p\u00fablico, Texcoco si  es adecuado. AMLO por egoc\u2026 <a href=\"https:\/\/t.co\/f89sAR9axZ\" rel=\"nofollow\">https:\/\/t.co\/f89sAR9axZ<\/a> <a class=\"ws_tweet_time\" href=\"https:\/\/twitter.com\/webadedios\/statuses\/1139185974406197251\">-&gt;<\/a><\/li>\n<li class=\"ws_tweet\">El d\u00e9cimo Tribunal determin\u00f3 detener la construcci\u00f3n de la terminal en Santa Luc\u00eda, por no contar con los estudios\u2026 <a href=\"https:\/\/t.co\/Z0lZgpvz8N\" rel=\"nofollow\">https:\/\/t.co\/Z0lZgpvz8N<\/a> <a class=\"ws_tweet_time\" href=\"https:\/\/twitter.com\/webadedios\/statuses\/1139185767807369219\">-&gt;<\/a><\/li>\n<li class=\"ws_tweet\">Que triste lo de Edith Gonzalez, QEPD \ud83d\ude4f\ud83d\udc94 <a class=\"ws_tweet_time\" href=\"https:\/\/twitter.com\/webadedios\/statuses\/1139184290602803201\">-&gt;<\/a><\/li>\n<li class=\"ws_tweet\">RT <a href=\"https:\/\/twitter.com\/Potropegaso21\">@Potropegaso21<\/a>: El poder sobre la subsistencia de un hombre es el poder sobre su voluntad.<br \/>\n Alexander Hamilton <a class=\"ws_tweet_time\" href=\"https:\/\/twitter.com\/webadedios\/statuses\/1139183715572224000\">-&gt;<\/a><\/li>\n<li class=\"ws_tweet\">RT <a href=\"https:\/\/twitter.com\/PedroFerriz\">@PedroFerriz<\/a>: Porfirio Mu\u00f1oz Ledo VS Dolores Padierna Luna \ud83e\udd4a<br \/>\nMientras el presidente de la C\u00e1mara de Diputados advirti\u00f3 que la <a href=\"https:\/\/twitter.com\/search?q=%23GuardiaNa&amp;src=hash\">#GuardiaNa<\/a>\u2026 <a class=\"ws_tweet_time\" href=\"https:\/\/twitter.com\/webadedios\/statuses\/1139183637461708800\">-&gt;<\/a><\/li>\n<li class=\"ws_tweet\">RT <a href=\"https:\/\/twitter.com\/PedroFerriz\">@PedroFerriz<\/a>: Bueno, hasta al canciller Marcelo Ebrard le toc\u00f3 cr\u00edtica. Y todo por invadir facultades y anular funciones de la Secretar\u00ed\u2026 <a class=\"ws_tweet_time\" href=\"https:\/\/twitter.com\/webadedios\/statuses\/1139183553265229825\">-&gt;<\/a><\/li>\n<li class=\"ws_tweet\">El paquete de weex de WhatsApp con video no incluye para telegram, el de WhatsApp simple si. Me cost\u00f3 Carito no ver eso antes. X confuado <a class=\"ws_tweet_time\" href=\"https:\/\/twitter.com\/webadedios\/statuses\/1139040925353742336\">-&gt;<\/a><\/li>\n<li class=\"ws_tweet\">RT <a href=\"https:\/\/twitter.com\/foroelectricos\">@foroelectricos<\/a>: Tesla confirma que dentro de poco tendr\u00e1 coches el\u00e9ctricos con 640 kil\u00f3metros de autonom\u00eda real<br \/>\n <a href=\"https:\/\/t.co\/NFAEwfbPa\u2026\" rel=\"nofollow\">https:\/\/t.co\/NFAEwfbPa\u2026<\/a> <a class=\"ws_tweet_time\" href=\"https:\/\/twitter.com\/webadedios\/statuses\/1139039587408502785\">-&gt;<\/a><\/li>\n<li class=\"ws_tweet\">RT <a href=\"https:\/\/twitter.com\/joseyuste\">@joseyuste<\/a>: Cierto, incluso el director de <a href=\"https:\/\/twitter.com\/Banobras_mx\">@Banobras_mx<\/a> no hab\u00eda querido revelar el aval\u00fao del avi\u00f3n presidencial para no marcar un piso\u2026 <a class=\"ws_tweet_time\" href=\"https:\/\/twitter.com\/webadedios\/statuses\/1139039397742096386\">-&gt;<\/a><\/li>\n<li class=\"ws_tweet\">No mamen neta!!! Dejen de culpar a los anteriores y que se pongan a trabajar y si no pueden que renuncien\u2026 <a href=\"https:\/\/t.co\/FIFJREsC0Y\" rel=\"nofollow\">https:\/\/t.co\/FIFJREsC0Y<\/a> <a class=\"ws_tweet_time\" href=\"https:\/\/twitter.com\/webadedios\/statuses\/1138920657855664129\">-&gt;<\/a><\/li>\n<li class=\"ws_tweet\">Que horrible es observar la apat\u00eda y la falta de inter\u00e9s de nuestra Jefa de Gobierno acerca del tema de la inseguri\u2026 <a href=\"https:\/\/t.co\/voWh22LtZh\" rel=\"nofollow\">https:\/\/t.co\/voWh22LtZh<\/a> <a class=\"ws_tweet_time\" href=\"https:\/\/twitter.com\/webadedios\/statuses\/1138920505476620288\">-&gt;<\/a><\/li>\n<li class=\"ws_tweet\">SEP quita lana a becas de la UNAM para el extranjero <a class=\"ws_tweet_time\" href=\"https:\/\/twitter.com\/webadedios\/statuses\/1138919602430382082\">-&gt;<\/a><\/li>\n<li class=\"ws_tweet\">Los medios haciendo el trabajo de la polic\u00eda. <a class=\"ws_tweet_time\" href=\"https:\/\/twitter.com\/webadedios\/statuses\/1138907823222460416\">-&gt;<\/a><\/li>\n<li class=\"ws_tweet\">\u00bf C\u00f3mo es posible que \u201cLas Pelonas\u201d desde 2007 secuestren y maten y no los hayan ubicado? \ud83e\udd26\ud83c\udffb\u200d\u2640\ufe0f <a class=\"ws_tweet_time\" href=\"https:\/\/twitter.com\/webadedios\/statuses\/1138907325106925568\">-&gt;<\/a><\/li>\n<li class=\"ws_tweet\">Secuestran a periodista en Boca del\u00a0R\u00edo <a class=\"ws_tweet_time\" href=\"https:\/\/twitter.com\/webadedios\/statuses\/1138906517980270596\">-&gt;<\/a><\/li>\n<li class=\"ws_tweet\">RT <a href=\"https:\/\/twitter.com\/JACrespo1\">@JACrespo1<\/a>: Al parecer, s\u00ed hay gente sensata en el gobierno.<br \/>\nRebeli\u00f3n en Semarnat: No quieren dar luz verde a Santa Luc\u00eda, pero&#8230; http\u2026 <a class=\"ws_tweet_time\" href=\"https:\/\/twitter.com\/webadedios\/statuses\/1138905046203162624\">-&gt;<\/a><\/li>\n<li class=\"ws_tweet\">RT <a href=\"https:\/\/twitter.com\/PedroFerriz\">@PedroFerriz<\/a>: Le ponen freno&#8230;<br \/>\nLa <a href=\"https:\/\/twitter.com\/SEMARNAT_mx\">@SEMARNAT_mx<\/a> corrigi\u00f3, otra vez, a <a href=\"https:\/\/twitter.com\/rocionahle\">@rocionahle<\/a>.<br \/>\nLa Manifestaci\u00f3n de Impacto Ambiental sobre Dos Boc\u2026 <a class=\"ws_tweet_time\" href=\"https:\/\/twitter.com\/webadedios\/statuses\/1138817730210127872\">-&gt;<\/a><\/li>\n<li class=\"ws_tweet\">[Blog] Mis twitts del 2019-06-05 al 2019-06-11 &#8211; <a href=\"https:\/\/t.co\/JNcF67Aa56\" rel=\"nofollow\">https:\/\/t.co\/JNcF67Aa56<\/a> <a class=\"ws_tweet_time\" href=\"https:\/\/twitter.com\/webadedios\/statuses\/1138762900284354561\">-&gt;<\/a><\/li>\n<li class=\"ws_tweet\">aveces se cierra una puerta pero se abre una caguama <a class=\"ws_tweet_time\" href=\"https:\/\/twitter.com\/webadedios\/statuses\/1138680133659844608\">-&gt;<\/a><\/li>\n<li class=\"ws_tweet\">Y pues de Daniel Bisogno no ten\u00edamos pruebas&#8230; pero tampoco dudas <a class=\"ws_tweet_time\" href=\"https:\/\/twitter.com\/webadedios\/statuses\/1138679708042895367\">-&gt;<\/a><\/li>\n<li class=\"ws_tweet\">Marchar\u00e1n el pr\u00f3ximo 27 de junio frente a <a href=\"https:\/\/twitter.com\/SEGOB_mx\">@SEGOB_mx<\/a> para denunciar que no han recibido becas y la falta de apoyo pa\u2026 <a href=\"https:\/\/t.co\/0fIf4AeBMa\" rel=\"nofollow\">https:\/\/t.co\/0fIf4AeBMa<\/a> <a class=\"ws_tweet_time\" href=\"https:\/\/twitter.com\/webadedios\/statuses\/1138679092071604224\">-&gt;<\/a><\/li>\n<li class=\"ws_tweet\">Norma Sarabia es la octava periodista asesinada en lo que va del 2019 y la novena en la era de la 4T. <a class=\"ws_tweet_time\" href=\"https:\/\/twitter.com\/webadedios\/statuses\/1138677969533243393\">-&gt;<\/a><\/li>\n<li class=\"ws_tweet\"><a href=\"https:\/\/twitter.com\/search?q=%23Asesinan&amp;src=hash\">#Asesinan<\/a> a la <a href=\"https:\/\/twitter.com\/search?q=%23Periodista&amp;src=hash\">#Periodista<\/a> Norma Sarabia qui\u00e9n cubr\u00eda hechos relacionados en la frontera entre Tabasco y Veracruz. <a class=\"ws_tweet_time\" href=\"https:\/\/twitter.com\/webadedios\/statuses\/1138677814704705538\">-&gt;<\/a><\/li>\n<li class=\"ws_tweet\">CHINGADO&#8230; ACABAN DE MATAR A OTRA PERIODISTA MEXICANA&#8230; Tabasco: matan a periodista Norma Sarabia <a class=\"ws_tweet_time\" href=\"https:\/\/twitter.com\/webadedios\/statuses\/1138677728557883392\">-&gt;<\/a><\/li>\n<\/ul>\n<!--CusAds0-->\n<div style=\"font-size: 0px; height: 0px; line-height: 0px; margin: 0; padding: 0; clear: both;\"><\/div>","protected":false},"excerpt":{"rendered":"<p>Mis twitts del 2019-06-12 al 2019-06-18<\/p>\n","protected":false},"author":1,"featured_media":0,"comment_status":"open","ping_status":"open","sticky":false,"template":"","format":"standard","meta":{"footnotes":""},"categories":[2],"tags":[1878,966,1876,1877,1720,60],"class_list":["post-8496","post","type-post","status-publish","format-standard","hentry","category-actividades","tag-digo","tag-red","tag-social","tag-tuits","tag-tweets","tag-twitter"],"_links":{"self":[{"href":"https:\/\/webadedios.com\/blog\/wp-json\/wp\/v2\/posts\/8496","targetHints":{"allow":["GET"]}}],"collection":[{"href":"https:\/\/webadedios.com\/blog\/wp-json\/wp\/v2\/posts"}],"about":[{"href":"https:\/\/webadedios.com\/blog\/wp-json\/wp\/v2\/types\/post"}],"author":[{"embeddable":true,"href":"https:\/\/webadedios.com\/blog\/wp-json\/wp\/v2\/users\/1"}],"replies":[{"embeddable":true,"href":"https:\/\/webadedios.com\/blog\/wp-json\/wp\/v2\/comments?post=8496"}],"version-history":[{"count":0,"href":"https:\/\/webadedios.com\/blog\/wp-json\/wp\/v2\/posts\/8496\/revisions"}],"wp:attachment":[{"href":"https:\/\/webadedios.com\/blog\/wp-json\/wp\/v2\/media?parent=8496"}],"wp:term":[{"taxonomy":"category","embeddable":true,"href":"https:\/\/webadedios.com\/blog\/wp-json\/wp\/v2\/categories?post=8496"},{"taxonomy":"post_tag","embeddable":true,"href":"https:\/\/webadedios.com\/blog\/wp-json\/wp\/v2\/tags?post=8496"}],"curies":[{"name":"wp","href":"https:\/\/api.w.org\/{rel}","templated":true}]}}