{"id":8495,"date":"2019-06-12T05:40:00","date_gmt":"2019-06-12T10:40:00","guid":{"rendered":"http:\/\/webadedios.com\/blog\/?p=8495"},"modified":"2019-06-12T05:40:00","modified_gmt":"2019-06-12T10:40:00","slug":"mis-twitts-del-2019-06-05-al-2019-06-11","status":"publish","type":"post","link":"https:\/\/webadedios.com\/blog\/2019\/actividades\/mis-twitts-del-2019-06-05-al-2019-06-11\/","title":{"rendered":"Mis twitts del 2019-06-05 al 2019-06-11"},"content":{"rendered":"<ul class=\"ws_tweet_list\">\n<li class=\"ws_tweet\">RT <a href=\"https:\/\/twitter.com\/GlodeJo07\">@GlodeJo07<\/a>: Buenas noches, perdonen la molestia pero \u00bfd\u00f3nde est\u00e1n los que pasan lista y buscan a los 43 de Ayotzinapa?<br \/>\nEs que el preside\u2026 <a class=\"ws_tweet_time\" href=\"https:\/\/twitter.com\/webadedios\/statuses\/1138636309843664896\">-&gt;<\/a><\/li>\n<li class=\"ws_tweet\">RT <a href=\"https:\/\/twitter.com\/ClaudioXGG\">@ClaudioXGG<\/a>: No recuerdo un gobierno mexicano m\u00e1s sujeto a los caprichos y vaivenes pol\u00edticos en EE.UU. que la 4T. Su ceguera, soberbia\u2026 <a class=\"ws_tweet_time\" href=\"https:\/\/twitter.com\/webadedios\/statuses\/1138636273894211584\">-&gt;<\/a><\/li>\n<li class=\"ws_tweet\">RT <a href=\"https:\/\/twitter.com\/agsarubbi\">@agsarubbi<\/a>: Mientras en la <a href=\"https:\/\/twitter.com\/search?q=%23CDMX&amp;src=hash\">#CDMX<\/a> se han incrementado los secuestros en 550% en 2019 y con la indignaci\u00f3n del caso <a href=\"https:\/\/twitter.com\/search?q=%23NorbertoRonquillo&amp;src=hash\">#NorbertoRonquillo<\/a> <a href=\"https:\/\/twitter.com\/lo\">@lo<\/a>\u2026 <a class=\"ws_tweet_time\" href=\"https:\/\/twitter.com\/webadedios\/statuses\/1138636117970960384\">-&gt;<\/a><\/li>\n<li class=\"ws_tweet\">RT <a href=\"https:\/\/twitter.com\/VicenteFoxQue\">@VicenteFoxQue<\/a>: Se internacionaliz\u00f3 la derrota y la CHAMAQUEADA A L\u00f3pez. <a href=\"https:\/\/t.co\/zOpzi2E5jr\" rel=\"nofollow\">https:\/\/t.co\/zOpzi2E5jr<\/a> <a class=\"ws_tweet_time\" href=\"https:\/\/twitter.com\/webadedios\/statuses\/1138590914094477315\">-&gt;<\/a><\/li>\n<li class=\"ws_tweet\">RT <a href=\"https:\/\/twitter.com\/Antonio_Rosique\">@Antonio_Rosique<\/a>: \u201cDime qu\u00e9 palabras usas y te dire qu\u00e9 tipo de realidad est\u00e1s construyendo o destruyendo\u201d: <a href=\"https:\/\/twitter.com\/nickonogues\">@nickonogues<\/a> en <a href=\"https:\/\/twitter.com\/search?q=%23SMWM&amp;src=hash\">#SMWM<\/a>\u00e9xico h\u2026 <a class=\"ws_tweet_time\" href=\"https:\/\/twitter.com\/webadedios\/statuses\/1138590620212224000\">-&gt;<\/a><\/li>\n<li class=\"ws_tweet\">RT <a href=\"https:\/\/twitter.com\/ElFinanciero_Mx\">@ElFinanciero_Mx<\/a>: <a href=\"https:\/\/twitter.com\/search?q=%23Opini&amp;src=hash\">#Opini<\/a>\u00f3n La espada de Democles estar\u00e1 suspendida sobre M\u00e9xico durante 45 d\u00edas, tiempo en el que EU evaluar\u00e1 si las med\u2026 <a class=\"ws_tweet_time\" href=\"https:\/\/twitter.com\/webadedios\/statuses\/1138456738775089153\">-&gt;<\/a><\/li>\n<li class=\"ws_tweet\">RT <a href=\"https:\/\/twitter.com\/PedroFerriz\">@PedroFerriz<\/a>: \u00bfA qui\u00e9n le creemos?<br \/>\nMientras \ud83c\uddfa\ud83c\uddf8 dice que s\u00ed, \ud83c\uddf2\ud83c\uddfd lo niega todo.<br \/>\nEl Coordinador de MORENA en la C\u00e1mara de Diputados, <a href=\"https:\/\/twitter.com\/mari\">@mari<\/a>\u2026 <a class=\"ws_tweet_time\" href=\"https:\/\/twitter.com\/webadedios\/statuses\/1138455247339380737\">-&gt;<\/a><\/li>\n<li class=\"ws_tweet\">RT <a href=\"https:\/\/twitter.com\/Potropegaso21\">@Potropegaso21<\/a>: Una de las pruebas del liderazgo es la habilidad para reconocer un problema antes de que sea una emergencia.<br \/>\n Arnold H.\u2026 <a class=\"ws_tweet_time\" href=\"https:\/\/twitter.com\/webadedios\/statuses\/1138455159938400256\">-&gt;<\/a><\/li>\n<li class=\"ws_tweet\">RT <a href=\"https:\/\/twitter.com\/jose_anton\">@jose_anton<\/a>: Jam\u00e1s en la historia de M\u00e9xico, un Gobierno hab\u00eda iniciado con tan altas cifras de desempleo, inseguridad, violaci\u00f3n a dere\u2026 <a class=\"ws_tweet_time\" href=\"https:\/\/twitter.com\/webadedios\/statuses\/1138309042542133248\">-&gt;<\/a><\/li>\n<li class=\"ws_tweet\">RT <a href=\"https:\/\/twitter.com\/nytimeses\">@nytimeses<\/a>: En lugar de cumplir con su promesa de combatir la violencia con la Guardia Nacional, el gobierno de L\u00f3pez Obrador prefiri\u00f3 o\u2026 <a class=\"ws_tweet_time\" href=\"https:\/\/twitter.com\/webadedios\/statuses\/1138308670507421698\">-&gt;<\/a><\/li>\n<li class=\"ws_tweet\">RT <a href=\"https:\/\/twitter.com\/jrpm9\">@jrpm9<\/a>: Aqu\u00ed podemos ver y escuchar claramente a lopez diciendo que la gasolina VA A BAJAR desde el 1.\u00ba de Diciembre.\n<p><a href=\"https:\/\/twitter.com\/search?q=%23Gansolinazo&amp;src=hash\">#Gansolinazo<\/a> http\u2026 <a class=\"ws_tweet_time\" href=\"https:\/\/twitter.com\/webadedios\/statuses\/1138304092458168326\">-&gt;<\/a><\/li>\n<li class=\"ws_tweet\">Porque para <a href=\"https:\/\/twitter.com\/Claudiashein\">@Claudiashein<\/a> fue mas importante apoyar a AMLO en Tijuana que atender la crisis de inseguridad en la CD\u2026 <a href=\"https:\/\/t.co\/y9yQQhOpz9\" rel=\"nofollow\">https:\/\/t.co\/y9yQQhOpz9<\/a> <a class=\"ws_tweet_time\" href=\"https:\/\/twitter.com\/webadedios\/statuses\/1138303791109988352\">-&gt;<\/a><\/li>\n<li class=\"ws_tweet\">Card\u00edaco el final, Golden Staten remonta y gana <a class=\"ws_tweet_time\" href=\"https:\/\/twitter.com\/webadedios\/statuses\/1138295668299247617\">-&gt;<\/a><\/li>\n<li class=\"ws_tweet\"><a href=\"https:\/\/twitter.com\/search?q=%23WeTheNorth&amp;src=hash\">#WeTheNorth<\/a> 105<br \/>\n<a href=\"https:\/\/twitter.com\/search?q=%23StrengthInNumbers&amp;src=hash\">#StrengthInNumbers<\/a> 106 <a class=\"ws_tweet_time\" href=\"https:\/\/twitter.com\/webadedios\/statuses\/1138295508789805056\">-&gt;<\/a><\/li>\n<li class=\"ws_tweet\">RT <a href=\"https:\/\/twitter.com\/ElFinanciero_Mx\">@ElFinanciero_Mx<\/a>: <a href=\"https:\/\/twitter.com\/search?q=%23Opini&amp;src=hash\">#Opini<\/a>\u00f3n Lo que viene para M\u00e9xico con el acuerdo alcanzado con EU oscilar\u00e1 entre un rid\u00edculo pasajero y una verdadera\u2026 <a class=\"ws_tweet_time\" href=\"https:\/\/twitter.com\/webadedios\/statuses\/1138203527065604096\">-&gt;<\/a><\/li>\n<li class=\"ws_tweet\">Gobernador de New York: El solo dato que tenemos es que el <a href=\"https:\/\/twitter.com\/search?q=%23Helicoptero&amp;src=hash\">#Helicoptero<\/a> tuvo que aterrizar de emergencia, que envue\u2026 <a href=\"https:\/\/t.co\/wfvl3vGwTr\" rel=\"nofollow\">https:\/\/t.co\/wfvl3vGwTr<\/a> <a class=\"ws_tweet_time\" href=\"https:\/\/twitter.com\/webadedios\/statuses\/1138152463012376577\">-&gt;<\/a><\/li>\n<li class=\"ws_tweet\">RT <a href=\"https:\/\/twitter.com\/Faitelson_ESPN\">@Faitelson_ESPN<\/a>: Negocios: As\u00ed como la compr\u00f3, la vendi\u00f3&#8230;<br \/>\nLobos BUAP se convierte en club del ascenso&#8230; <a class=\"ws_tweet_time\" href=\"https:\/\/twitter.com\/webadedios\/statuses\/1138152202223181825\">-&gt;<\/a><\/li>\n<li class=\"ws_tweet\">RT <a href=\"https:\/\/twitter.com\/joserra_espn\">@joserra_espn<\/a>: Lobos BUAP ya no ser\u00e1 equipo de primera en la LMX, lo confirm\u00f3 Manolo Lapuente, quien dijo &quot;Me duele, tengo coraje, dimos\u2026 <a class=\"ws_tweet_time\" href=\"https:\/\/twitter.com\/webadedios\/statuses\/1138152066940100608\">-&gt;<\/a><\/li>\n<li class=\"ws_tweet\">RT <a href=\"https:\/\/twitter.com\/PedroFerriz\">@PedroFerriz<\/a>: Dice el <a href=\"https:\/\/twitter.com\/INAImexico\">@INAImexico<\/a> que muy bonito el  <a href=\"https:\/\/twitter.com\/search?q=%23TrenMaya&amp;src=hash\">#TrenMaya<\/a> y todo, pero&#8230;<br \/>\nCu\u00e1ndo har\u00e1n p\u00fablicos los costos y las empresas a las que\u2026 <a class=\"ws_tweet_time\" href=\"https:\/\/twitter.com\/webadedios\/statuses\/1138152001022418949\">-&gt;<\/a><\/li>\n<li class=\"ws_tweet\">RT <a href=\"https:\/\/twitter.com\/ElFinanciero_Mx\">@ElFinanciero_Mx<\/a>: #\u00daLTIMAHORA Helic\u00f3ptero se impacta contra un edificio en Nueva York. <a href=\"https:\/\/t.co\/zDzpfVtBap\" rel=\"nofollow\">https:\/\/t.co\/zDzpfVtBap<\/a> <a href=\"https:\/\/t.co\/peuNb3WCNn\" rel=\"nofollow\">https:\/\/t.co\/peuNb3WCNn<\/a> <a class=\"ws_tweet_time\" href=\"https:\/\/twitter.com\/webadedios\/statuses\/1138151841974378496\">-&gt;<\/a><\/li>\n<li class=\"ws_tweet\">RT <a href=\"https:\/\/twitter.com\/ahope71\">@ahope71<\/a>: Perd\u00f3n por cuestionar la mano franca, \u00bfpero a qu\u00e9 m\u00e1s se comprometieron? Porque el vecino dice que hay acuerdos que permanecen\u2026 <a class=\"ws_tweet_time\" href=\"https:\/\/twitter.com\/webadedios\/statuses\/1137894912316366848\">-&gt;<\/a><\/li>\n<li class=\"ws_tweet\">RT <a href=\"https:\/\/twitter.com\/NBAMEX\">@NBAMEX<\/a>: ( \u2022\u2022)                                (\u2022\u2022 )<br \/>\n( \u0e07 )\u0e07                              \u0b67( \u0b67 )<br \/>\n\/\ufe36\\                                  \/\ufe36\\\u2026 <a class=\"ws_tweet_time\" href=\"https:\/\/twitter.com\/webadedios\/statuses\/1137894649559998465\">-&gt;<\/a><\/li>\n<li class=\"ws_tweet\">RT <a href=\"https:\/\/twitter.com\/Faitelson_ESPN\">@Faitelson_ESPN<\/a>: Doce Roland Garros, 18 Grand Slams&#8230;<br \/>\nHace tiempo que Rafael Nadal dej\u00f3 de ser un maravilloso tenista para convertirse\u2026 <a class=\"ws_tweet_time\" href=\"https:\/\/twitter.com\/webadedios\/statuses\/1137773324979834885\">-&gt;<\/a><\/li>\n<li class=\"ws_tweet\">primera vez que me pasa, <a href=\"https:\/\/twitter.com\/Cabify_Mexico\">@Cabify_Mexico<\/a> me cobro dos viajes cancelados, ya puse mi queja\n<p>Y aparte de cancelados, me los cargaron mas caros <a class=\"ws_tweet_time\" href=\"https:\/\/twitter.com\/webadedios\/statuses\/1137605702699180033\">-&gt;<\/a><\/li>\n<li class=\"ws_tweet\">RT <a href=\"https:\/\/twitter.com\/Faitelson_ESPN\">@Faitelson_ESPN<\/a>: El campe\u00f3n del mundo, Francia, con su equipo de lujo (Griezmann, Mbape\u00e9, Pogba, Giroud) cae en Turqu\u00eda por las eliminat\u2026 <a class=\"ws_tweet_time\" href=\"https:\/\/twitter.com\/webadedios\/statuses\/1137503144991219713\">-&gt;<\/a><\/li>\n<li class=\"ws_tweet\">RT <a href=\"https:\/\/twitter.com\/VicenteFoxQue\">@VicenteFoxQue<\/a>: Ay L\u00f3pez, \u00bfd\u00f3nde quedaron tus palabras? Igual que todas tus promesas, ya se las llev\u00f3 el viento.\n<p>Pura labia, pura menti\u2026 <a class=\"ws_tweet_time\" href=\"https:\/\/twitter.com\/webadedios\/statuses\/1137482821952507905\">-&gt;<\/a><\/li>\n<li class=\"ws_tweet\">RT <a href=\"https:\/\/twitter.com\/RubenAguilar\">@RubenAguilar<\/a>: El presidente cede a las exigencias de Trump en pol\u00edtica migratoria. No es una buena decisi\u00f3n. As\u00ed se elije el camino de\u2026 <a class=\"ws_tweet_time\" href=\"https:\/\/twitter.com\/webadedios\/statuses\/1137378719490871297\">-&gt;<\/a><\/li>\n<li class=\"ws_tweet\">AMLO transform\u00f3 a todo M\u00e9xico en el muro de Trump <a class=\"ws_tweet_time\" href=\"https:\/\/twitter.com\/webadedios\/statuses\/1137378516813668352\">-&gt;<\/a><\/li>\n<li class=\"ws_tweet\">Eso no de un acuerdo, fue recibir instrucciones <a class=\"ws_tweet_time\" href=\"https:\/\/twitter.com\/webadedios\/statuses\/1137378408739024896\">-&gt;<\/a><\/li>\n<li class=\"ws_tweet\">Por lo pronto no habr\u00e1 construcci\u00f3n del aeropuerto en Santa Luc\u00eda, un juez detuvo la obra.\n<p>  el ganso ya se cans\u00f3 <a href=\"https:\/\/twitter.com\/lopezobrador_\">@lopezobrador_<\/a> <a class=\"ws_tweet_time\" href=\"https:\/\/twitter.com\/webadedios\/statuses\/1137158195028385794\">-&gt;<\/a><\/li>\n<li class=\"ws_tweet\">La estrategia de lord cacahuate, escuchar comiendo cacahuates y luego s\u00f3lo decir &quot;yes, sir&quot; <a class=\"ws_tweet_time\" href=\"https:\/\/twitter.com\/webadedios\/statuses\/1137157485335371776\">-&gt;<\/a><\/li>\n<li class=\"ws_tweet\">No que  no iban a militarizar la frontera? Donde qued\u00f3 toda la verborrea de ayuda x humanidad al migrante s\u00f3lo les\u2026 <a href=\"https:\/\/t.co\/7VYOVqWArR\" rel=\"nofollow\">https:\/\/t.co\/7VYOVqWArR<\/a> <a class=\"ws_tweet_time\" href=\"https:\/\/twitter.com\/webadedios\/statuses\/1137157050100801536\">-&gt;<\/a><\/li>\n<li class=\"ws_tweet\">Amlo  ir\u00e1 a Tijuana,\n<p>har\u00e1  una marcha (acto 1)   <\/p>\n<p>pasar\u00e1  revista a los 6 mi miembros de la guardia nacional q\u2026 <a href=\"https:\/\/t.co\/vFHX6AvgcI\" rel=\"nofollow\">https:\/\/t.co\/vFHX6AvgcI<\/a> <a class=\"ws_tweet_time\" href=\"https:\/\/twitter.com\/webadedios\/statuses\/1137156848514195457\">-&gt;<\/a><\/li>\n<li class=\"ws_tweet\">\u00bfCu\u00e1l es la viabilidad de la econom\u00eda mexicana si la fortaleza de su moneda, el peso, en lugar de soportarse por la\u2026 <a href=\"https:\/\/t.co\/6w3zUwHmj0\" rel=\"nofollow\">https:\/\/t.co\/6w3zUwHmj0<\/a> <a class=\"ws_tweet_time\" href=\"https:\/\/twitter.com\/webadedios\/statuses\/1137156235608973312\">-&gt;<\/a><\/li>\n<li class=\"ws_tweet\">Trump suspends plan to impose tariffs on Mexico, says Mexico &#039;has agreed to take strong measures&#039; on migrants. <a class=\"ws_tweet_time\" href=\"https:\/\/twitter.com\/webadedios\/statuses\/1137156087738785792\">-&gt;<\/a><\/li>\n<li class=\"ws_tweet\">Otra que gana Trump, una amenaza il\u00f3gica y ahora ya les tenemos que hacer la chamba que no quieren <a class=\"ws_tweet_time\" href=\"https:\/\/twitter.com\/webadedios\/statuses\/1137155951197392896\">-&gt;<\/a><\/li>\n<li class=\"ws_tweet\">Hay ya un sinn\u00famero de casos en los cuales L\u00f3pez ha actuado en contra de los intereses del pa\u00eds. Es irrisorio prete\u2026 <a href=\"https:\/\/t.co\/4z3M6kNvgM\" rel=\"nofollow\">https:\/\/t.co\/4z3M6kNvgM<\/a> <a class=\"ws_tweet_time\" href=\"https:\/\/twitter.com\/webadedios\/statuses\/1137132505742610433\">-&gt;<\/a><\/li>\n<li class=\"ws_tweet\">No es de la luz del mundo es di\u00e1cono de la La Luz del Ganzo <a class=\"ws_tweet_time\" href=\"https:\/\/twitter.com\/webadedios\/statuses\/1137131965839265792\">-&gt;<\/a><\/li>\n<li class=\"ws_tweet\"><a href=\"https:\/\/twitter.com\/search?q=%23L&amp;src=hash\">#L<\/a>\u00f3pezNOesM\u00e9xico no confundan el no validar las p\u00e9simas estrategias y decisiones del Gobierno Federal con no tener\u2026 <a href=\"https:\/\/t.co\/KbiigT9JIx\" rel=\"nofollow\">https:\/\/t.co\/KbiigT9JIx<\/a> <a class=\"ws_tweet_time\" href=\"https:\/\/twitter.com\/webadedios\/statuses\/1137131597537447936\">-&gt;<\/a><\/li>\n<li class=\"ws_tweet\">\u00bfD\u00f3nde consigue AMLO gente tan pendeja?<br \/>\n\u00bfPor qu\u00e9 se junta AMLO con gente tan pendeja? <a class=\"ws_tweet_time\" href=\"https:\/\/twitter.com\/webadedios\/statuses\/1137064541756502016\">-&gt;<\/a><\/li>\n<li class=\"ws_tweet\"><a href=\"https:\/\/twitter.com\/search?q=%23VictorManuelToledo&amp;src=hash\">#VictorManuelToledo<\/a>, se event\u00f3 la chula declaraci\u00f3n de \u201cgigantescas aspas que giran para atrapar el aire de los ter\u2026 <a href=\"https:\/\/t.co\/LmSetSMGPK\" rel=\"nofollow\">https:\/\/t.co\/LmSetSMGPK<\/a> <a class=\"ws_tweet_time\" href=\"https:\/\/twitter.com\/webadedios\/statuses\/1137064208657465345\">-&gt;<\/a><\/li>\n<li class=\"ws_tweet\">El nuevo titular de la <a href=\"https:\/\/twitter.com\/SEMARNAT_mx\">@SEMARNAT_mx<\/a>  se opone a la energ\u00eda e\u00f3lica porque le \u201croba el aire a los pueblos  ind\u00edgenas\u201d\u2026 <a href=\"https:\/\/t.co\/uITfhYEKTn\" rel=\"nofollow\">https:\/\/t.co\/uITfhYEKTn<\/a> <a class=\"ws_tweet_time\" href=\"https:\/\/twitter.com\/webadedios\/statuses\/1137063938863054849\">-&gt;<\/a><\/li>\n<li class=\"ws_tweet\">De no creerse. V\u00edctor Manuel Toledo, titular <a href=\"https:\/\/twitter.com\/SEMARNAT_mx\">@SEMARNAT_mx<\/a>  dijo que necesitamos tecnolog\u00eda para que cambiemos el ch\u2026 <a href=\"https:\/\/t.co\/lYk4en5FDt\" rel=\"nofollow\">https:\/\/t.co\/lYk4en5FDt<\/a> <a class=\"ws_tweet_time\" href=\"https:\/\/twitter.com\/webadedios\/statuses\/1137063704330031104\">-&gt;<\/a><\/li>\n<li class=\"ws_tweet\">El titular de SEMARNAT dice que la las aspas para generar energ\u00eda e\u00f3lica le roba el aire a los ind\u00edgenas.\n<p> La pre\u2026 <a href=\"https:\/\/t.co\/H6RSa673IQ\" rel=\"nofollow\">https:\/\/t.co\/H6RSa673IQ<\/a> <a class=\"ws_tweet_time\" href=\"https:\/\/twitter.com\/webadedios\/statuses\/1137063423139811328\">-&gt;<\/a><\/li>\n<li class=\"ws_tweet\">mientras tanto, Francia proh\u00edbe la venta de coches de gasolina y di\u00e9sel para 2040 <a class=\"ws_tweet_time\" href=\"https:\/\/twitter.com\/webadedios\/statuses\/1137063290834685952\">-&gt;<\/a><\/li>\n<li class=\"ws_tweet\">\u00bfVas a cargar gasolina? Ahora pagar\u00e1s m\u00e1s de 4 pesos, por cada litro, por concepto de IEPS. <a class=\"ws_tweet_time\" href=\"https:\/\/twitter.com\/webadedios\/statuses\/1137062801862725632\">-&gt;<\/a><\/li>\n<li class=\"ws_tweet\">sube la gasolina,<br \/>\nsi, AMLO otra vez <a class=\"ws_tweet_time\" href=\"https:\/\/twitter.com\/webadedios\/statuses\/1137062585734455298\">-&gt;<\/a><\/li>\n<li class=\"ws_tweet\">M\u00e9xico es un gran pa\u00eds que requiere estadistas y diplom\u00e1ticos preparados,  capaces y dignos de representar y defend\u2026 <a href=\"https:\/\/t.co\/TRMX4i5Etf\" rel=\"nofollow\">https:\/\/t.co\/TRMX4i5Etf<\/a> <a class=\"ws_tweet_time\" href=\"https:\/\/twitter.com\/webadedios\/statuses\/1137062342204829698\">-&gt;<\/a><\/li>\n<li class=\"ws_tweet\">RT <a href=\"https:\/\/twitter.com\/MonerosMex\">@MonerosMex<\/a>: <a href=\"https:\/\/twitter.com\/search?q=%23ConmigoNocuentesAMLO&amp;src=hash\">#ConmigoNocuentesAMLO<\/a><br \/>\nPides unidad pero te empe\u00f1as en dividir a la sociedad.<\/p>\n<p>Cosecha lo que siembras.<\/p>\n<p>Caricatura de <a href=\"https:\/\/twitter.com\/mone\">@mone<\/a>\u2026 <a class=\"ws_tweet_time\" href=\"https:\/\/twitter.com\/webadedios\/statuses\/1137062138185441282\">-&gt;<\/a><\/li>\n<li class=\"ws_tweet\">RT <a href=\"https:\/\/twitter.com\/MovistarTenis\">@MovistarTenis<\/a>: Nadal y Federer: \u00a1No os retir\u00e9is nunca! \ud83d\ude4f<br \/>\nEsta batalla la gan\u00f3 Rafa: 6-3, 6-4 y 6-2. <a href=\"https:\/\/t.co\/b9MpknZ84u\" rel=\"nofollow\">https:\/\/t.co\/b9MpknZ84u<\/a> <a class=\"ws_tweet_time\" href=\"https:\/\/twitter.com\/webadedios\/statuses\/1137029906880192513\">-&gt;<\/a><\/li>\n<li class=\"ws_tweet\">RT <a href=\"https:\/\/twitter.com\/Faitelson_ESPN\">@Faitelson_ESPN<\/a>: Rafa Nadal demuestra que es el \u201cRey de Paris\u201d y el mejor tenista de todos los tiempos sobre arcilla.<br \/>\nImpresionante dem\u2026 <a class=\"ws_tweet_time\" href=\"https:\/\/twitter.com\/webadedios\/statuses\/1137029860684120064\">-&gt;<\/a><\/li>\n<li class=\"ws_tweet\">RT <a href=\"https:\/\/twitter.com\/2010MisterChip\">@2010MisterChip<\/a>: Rafa Nadal va a jugar su decimosegunda final de Roland Garros. Te dejo elegir a cualquier pareja de jugadores en la his\u2026 <a class=\"ws_tweet_time\" href=\"https:\/\/twitter.com\/webadedios\/statuses\/1137029730874667008\">-&gt;<\/a><\/li>\n<li class=\"ws_tweet\">palabras de Rafael <a href=\"https:\/\/twitter.com\/search?q=%23Nadal&amp;src=hash\">#Nadal<\/a>: &quot;Es un placer poder enfrentarme a Federer. Es increible lo que hace. Para mi es el mejor jugador de la historia&quot;. <a class=\"ws_tweet_time\" href=\"https:\/\/twitter.com\/webadedios\/statuses\/1137029660582326273\">-&gt;<\/a><\/li>\n<li class=\"ws_tweet\">Rafael Nadal derrota a Roger Federer y avanza a la final del Abierto de Francia <a class=\"ws_tweet_time\" href=\"https:\/\/twitter.com\/webadedios\/statuses\/1137029507565654016\">-&gt;<\/a><\/li>\n<\/ul>\n<!--CusAds0-->\n<div style=\"font-size: 0px; height: 0px; line-height: 0px; margin: 0; padding: 0; clear: both;\"><\/div>","protected":false},"excerpt":{"rendered":"<p>Mis twitts del 2019-06-05 al 2019-06-11<\/p>\n","protected":false},"author":1,"featured_media":0,"comment_status":"open","ping_status":"open","sticky":false,"template":"","format":"standard","meta":{"footnotes":""},"categories":[2],"tags":[1878,966,1876,1877,1720,60],"class_list":["post-8495","post","type-post","status-publish","format-standard","hentry","category-actividades","tag-digo","tag-red","tag-social","tag-tuits","tag-tweets","tag-twitter"],"_links":{"self":[{"href":"https:\/\/webadedios.com\/blog\/wp-json\/wp\/v2\/posts\/8495","targetHints":{"allow":["GET"]}}],"collection":[{"href":"https:\/\/webadedios.com\/blog\/wp-json\/wp\/v2\/posts"}],"about":[{"href":"https:\/\/webadedios.com\/blog\/wp-json\/wp\/v2\/types\/post"}],"author":[{"embeddable":true,"href":"https:\/\/webadedios.com\/blog\/wp-json\/wp\/v2\/users\/1"}],"replies":[{"embeddable":true,"href":"https:\/\/webadedios.com\/blog\/wp-json\/wp\/v2\/comments?post=8495"}],"version-history":[{"count":0,"href":"https:\/\/webadedios.com\/blog\/wp-json\/wp\/v2\/posts\/8495\/revisions"}],"wp:attachment":[{"href":"https:\/\/webadedios.com\/blog\/wp-json\/wp\/v2\/media?parent=8495"}],"wp:term":[{"taxonomy":"category","embeddable":true,"href":"https:\/\/webadedios.com\/blog\/wp-json\/wp\/v2\/categories?post=8495"},{"taxonomy":"post_tag","embeddable":true,"href":"https:\/\/webadedios.com\/blog\/wp-json\/wp\/v2\/tags?post=8495"}],"curies":[{"name":"wp","href":"https:\/\/api.w.org\/{rel}","templated":true}]}}