{"id":8493,"date":"2019-05-29T05:40:00","date_gmt":"2019-05-29T10:40:00","guid":{"rendered":"http:\/\/webadedios.com\/blog\/?p=8493"},"modified":"2019-05-29T05:40:00","modified_gmt":"2019-05-29T10:40:00","slug":"mis-twitts-del-2019-05-22-al-2019-05-28","status":"publish","type":"post","link":"https:\/\/webadedios.com\/blog\/2019\/actividades\/mis-twitts-del-2019-05-22-al-2019-05-28\/","title":{"rendered":"Mis twitts del 2019-05-22 al 2019-05-28"},"content":{"rendered":"<ul class=\"ws_tweet_list\">\n<li class=\"ws_tweet\">RT <a href=\"https:\/\/twitter.com\/luisalonsoramos\">@luisalonsoramos<\/a>: Ahora resulta que el cerro siempre s\u00ed estorba, y que las tres pistas no podr\u00e1n operar simult\u00e1neamente. \ud83e\udd26\ud83c\udffb\u200d\u2642\ufe0f\n<p>No es de\u2026 <a class=\"ws_tweet_time\" href=\"https:\/\/twitter.com\/webadedios\/statuses\/1133484423524040710\">-&gt;<\/a><\/li>\n<li class=\"ws_tweet\">RT <a href=\"https:\/\/twitter.com\/CartonCalderon\">@CartonCalderon<\/a>: Hace un a\u00f1o sub\u00ed este folleto a las redes sociales. Lamento comprobar que tuve raz\u00f3n &#8230;y hasta me qued\u00e9 corto. Piensen\u2026 <a class=\"ws_tweet_time\" href=\"https:\/\/twitter.com\/webadedios\/statuses\/1133251948197629953\">-&gt;<\/a><\/li>\n<li class=\"ws_tweet\">RT <a href=\"https:\/\/twitter.com\/MaxKaiser75\">@MaxKaiser75<\/a>: Ni 10 mil a\u00f1os de cajas chinas nos pueden distraer de lo importante:\n<p>1. El sistema de salud p\u00fablica est\u00e1 en su peor crisi\u2026 <a class=\"ws_tweet_time\" href=\"https:\/\/twitter.com\/webadedios\/statuses\/1133251818807603205\">-&gt;<\/a><\/li>\n<li class=\"ws_tweet\">RT <a href=\"https:\/\/twitter.com\/joseyuste\">@joseyuste<\/a>: Tiene raz\u00f3n la comunidad jud\u00eda: inaceptable la publicidad del partido pol\u00edtico m\u00e1s racista, antisemita y sanguinario https:\/\u2026 <a class=\"ws_tweet_time\" href=\"https:\/\/twitter.com\/webadedios\/statuses\/1133251592482955266\">-&gt;<\/a><\/li>\n<li class=\"ws_tweet\">RT <a href=\"https:\/\/twitter.com\/SergioSarmiento\">@SergioSarmiento<\/a>: La Tierra empez\u00f3 a formarse hace unos 4,550 millones de a\u00f1os. El presidente dice que ya hab\u00eda seres humanos en Am\u00e9rica\u2026 <a class=\"ws_tweet_time\" href=\"https:\/\/twitter.com\/webadedios\/statuses\/1133251472571944960\">-&gt;<\/a><\/li>\n<li class=\"ws_tweet\">RT <a href=\"https:\/\/twitter.com\/DeniseDresserG\">@DeniseDresserG<\/a>: \u00bfEstar\u00eda usted dispuesto a sacrificar la vida de su madre enferma de c\u00e1ncer para aumentar la producci\u00f3n de petr\u00f3leo? \u00bfP\u2026 <a class=\"ws_tweet_time\" href=\"https:\/\/twitter.com\/webadedios\/statuses\/1133251424333303809\">-&gt;<\/a><\/li>\n<li class=\"ws_tweet\">RT <a href=\"https:\/\/twitter.com\/webcamsdemexico\">@webcamsdemexico<\/a>: T\u00fa eres mi amiiiiigo fieeeel<br \/>\nT\u00fa eres mi amiiiigo fiel<br \/>\n\ud83c\udfbc\ud83c\udfb5\ud83c\udfbc <\/p>\n<p>V\u00eda: <a href=\"https:\/\/twitter.com\/_ElTioYeye_\">@_ElTioYeye_<\/a>.<br \/>\n<a href=\"https:\/\/t.co\/bi6FSc7NSb\" rel=\"nofollow\">https:\/\/t.co\/bi6FSc7NSb<\/a> <a class=\"ws_tweet_time\" href=\"https:\/\/twitter.com\/webadedios\/statuses\/1133251346466054145\">-&gt;<\/a><\/li>\n<li class=\"ws_tweet\">Bloquear las cuentas de Altos Hornos de M\u00e9xico (AHMSA) es el primer pas\u00f3 a una expropiaci\u00f3n  \ud83d\udc49 20,000 trabajadores\u2026 <a href=\"https:\/\/t.co\/jRkS7bLphv\" rel=\"nofollow\">https:\/\/t.co\/jRkS7bLphv<\/a> <a class=\"ws_tweet_time\" href=\"https:\/\/twitter.com\/webadedios\/statuses\/1133250627386187776\">-&gt;<\/a><\/li>\n<li class=\"ws_tweet\">RT <a href=\"https:\/\/twitter.com\/jose_anton\">@jose_anton<\/a>: Al m\u00e1s puro estilo de la Venezuela socialista, en M\u00e9xico CANAL 11 Y CANAL 22 se convierten en CANALES CHAIROS al servicio d\u2026 <a class=\"ws_tweet_time\" href=\"https:\/\/twitter.com\/webadedios\/statuses\/1133138014778142723\">-&gt;<\/a><\/li>\n<li class=\"ws_tweet\">ya convirtiendo en sucursal de Morena el canal 11&#8230; pues resulta que tambi\u00e9n el canal 22.<br \/>\nAMLO vive de propaganda\u2026 <a href=\"https:\/\/t.co\/SxULmX0e0d\" rel=\"nofollow\">https:\/\/t.co\/SxULmX0e0d<\/a> <a class=\"ws_tweet_time\" href=\"https:\/\/twitter.com\/webadedios\/statuses\/1133137841842794497\">-&gt;<\/a><\/li>\n<li class=\"ws_tweet\">No usar la palabra chairo y solo discutir ideas, ni una semana y ya me esta costando trabajo <a class=\"ws_tweet_time\" href=\"https:\/\/twitter.com\/webadedios\/statuses\/1133136977816150016\">-&gt;<\/a><\/li>\n<li class=\"ws_tweet\">de verdad que no quiero usar ya la palabra chairo&#8230; pero defender que M\u00e9xico se fundo hace 10000 a\u00f1os y que invent\u2026 <a href=\"https:\/\/t.co\/2dKpeYkIEH\" rel=\"nofollow\">https:\/\/t.co\/2dKpeYkIEH<\/a> <a class=\"ws_tweet_time\" href=\"https:\/\/twitter.com\/webadedios\/statuses\/1133136818352865280\">-&gt;<\/a><\/li>\n<li class=\"ws_tweet\">RT <a href=\"https:\/\/twitter.com\/Lu22583481\">@Lu22583481<\/a>: <a href=\"https:\/\/twitter.com\/armando_regil\">@armando_regil<\/a> As\u00ed es como tiene a sus seguidores, ya no s\u00e9 si hipnotizados, fanatizados, o apendejados&#8230;. pero esta ca\u00f1\u00f3n\u2026 <a class=\"ws_tweet_time\" href=\"https:\/\/twitter.com\/webadedios\/statuses\/1133136370229219329\">-&gt;<\/a><\/li>\n<li class=\"ws_tweet\">RT <a href=\"https:\/\/twitter.com\/armando_regil\">@armando_regil<\/a>: Lo peor no es que AMLO diga que M\u00e9xico se fund\u00f3 hace m\u00e1s de 10 mil a\u00f1os y que ya hab\u00eda universidades e imprentas lo cual\u2026 <a class=\"ws_tweet_time\" href=\"https:\/\/twitter.com\/webadedios\/statuses\/1133136330391785472\">-&gt;<\/a><\/li>\n<li class=\"ws_tweet\">RT <a href=\"https:\/\/twitter.com\/Donvix\">@Donvix<\/a>: Exactamente esto: para quien no conoce de n\u00fameros, cualquiera cantidad sirve para cualquier fin, pues en su torpe cabecita los\u2026 <a class=\"ws_tweet_time\" href=\"https:\/\/twitter.com\/webadedios\/statuses\/1133135838848667648\">-&gt;<\/a><\/li>\n<li class=\"ws_tweet\">[RIP] Falleci\u00f3 Tam, el \u00faltimo rinoceronte de Sumatra macho en Malasia: \ud83d\ude22 <a class=\"ws_tweet_time\" href=\"https:\/\/twitter.com\/webadedios\/statuses\/1133135454495301633\">-&gt;<\/a><\/li>\n<li class=\"ws_tweet\">Mi equipo son los Lakers, pero tro a\u00f1o mas que voy con Golden State en las finales <a class=\"ws_tweet_time\" href=\"https:\/\/twitter.com\/webadedios\/statuses\/1133134992001970176\">-&gt;<\/a><\/li>\n<li class=\"ws_tweet\">RT <a href=\"https:\/\/twitter.com\/Angelo_Barrera\">@Angelo_Barrera<\/a>: As\u00ed se ven 3 d\u00e9cadas de \u00e9xitos, esfuerzo y trabajo en equipo de 4 personas.<br \/>\nGran d\u00eda para <a href=\"https:\/\/twitter.com\/cafetacvba\">@cafetacvba<\/a> y todos los que l\u2026 <a class=\"ws_tweet_time\" href=\"https:\/\/twitter.com\/webadedios\/statuses\/1133115280660541440\">-&gt;<\/a><\/li>\n<li class=\"ws_tweet\">RT <a href=\"https:\/\/twitter.com\/MomentsES\">@MomentsES<\/a>: \u26a1\ufe0f Pachucos, cholos y chundos&#8230; Hoy s\u00ed checa andar de tacuche por los primeros 30 a\u00f1os de vida de <a href=\"https:\/\/twitter.com\/cafetacvba\">@cafetacvba<\/a> \ud83d\udd74\n<p><a href=\"https:\/\/twitter.com\/search?q=%2330CafeTac&amp;src=hash\">#30CafeTac<\/a>\u2026 <a class=\"ws_tweet_time\" href=\"https:\/\/twitter.com\/webadedios\/statuses\/1133114997649956864\">-&gt;<\/a><\/li>\n<li class=\"ws_tweet\">RT <a href=\"https:\/\/twitter.com\/daniel_tr1\">@daniel_tr1<\/a>: Super chingon su <a href=\"https:\/\/twitter.com\/search?q=%23HotSale&amp;src=hash\">#HotSale<\/a> subi\u00f3 de precio!!! <a href=\"https:\/\/twitter.com\/amazonmex\">@amazonmex<\/a> <a href=\"https:\/\/t.co\/0LBRjw0EaZ\" rel=\"nofollow\">https:\/\/t.co\/0LBRjw0EaZ<\/a> <a class=\"ws_tweet_time\" href=\"https:\/\/twitter.com\/webadedios\/statuses\/1133114873183916038\">-&gt;<\/a><\/li>\n<li class=\"ws_tweet\">RT <a href=\"https:\/\/twitter.com\/ferbelaunzaran\">@ferbelaunzaran<\/a>: Mientras tanto en la SEP&#8230;\n<p>-\u00a1Detengan impresi\u00f3n de libros de texto!<\/p>\n<p>-\u00bfQu\u00e9 pas\u00f3?<\/p>\n<p>-@lopezobrador_ dijo que M\u00e9xico se\u2026 <a class=\"ws_tweet_time\" href=\"https:\/\/twitter.com\/webadedios\/statuses\/1133114508350820355\">-&gt;<\/a><\/li>\n<li class=\"ws_tweet\">Compuse algo que el actualizar descompuse <a class=\"ws_tweet_time\" href=\"https:\/\/twitter.com\/webadedios\/statuses\/1133069531247783936\">-&gt;<\/a><\/li>\n<li class=\"ws_tweet\">RT <a href=\"https:\/\/twitter.com\/ElFinanciero_Mx\">@ElFinanciero_Mx<\/a>: <a href=\"https:\/\/twitter.com\/search?q=%23MonerosFinancieros&amp;src=hash\">#MonerosFinancieros<\/a>: Las cinco fases, de <a href=\"https:\/\/twitter.com\/Garcimonero\">@Garcimonero<\/a> <a href=\"https:\/\/t.co\/tqPUdMZU7V\" rel=\"nofollow\">https:\/\/t.co\/tqPUdMZU7V<\/a> <a href=\"https:\/\/t.co\/hK0pP7av4L\" rel=\"nofollow\">https:\/\/t.co\/hK0pP7av4L<\/a> <a class=\"ws_tweet_time\" href=\"https:\/\/twitter.com\/webadedios\/statuses\/1133063466921746432\">-&gt;<\/a><\/li>\n<li class=\"ws_tweet\">AMLO se\u00f1al\u00f3 que la cultura Olmeca floreci\u00f3 hace alrededor de 1000 a 1500 a\u00f1os a.C., mientras que el INAH indica que\u2026 <a href=\"https:\/\/t.co\/eCrR8q6Phy\" rel=\"nofollow\">https:\/\/t.co\/eCrR8q6Phy<\/a> <a class=\"ws_tweet_time\" href=\"https:\/\/twitter.com\/webadedios\/statuses\/1133063297446621185\">-&gt;<\/a><\/li>\n<li class=\"ws_tweet\">RT <a href=\"https:\/\/twitter.com\/RicardoRSAE\">@RicardoRSAE<\/a>: En <a href=\"https:\/\/twitter.com\/search?q=%23SubastasSAE&amp;src=hash\">#SubastasSAE<\/a> se ofertaron 82 lotes de veh\u00edculos, de los cuales, se vendieron 65, obteniendo 28.4 mdp. La venta de estos\u2026 <a class=\"ws_tweet_time\" href=\"https:\/\/twitter.com\/webadedios\/statuses\/1133062862908342274\">-&gt;<\/a><\/li>\n<li class=\"ws_tweet\">RT <a href=\"https:\/\/twitter.com\/Faitelson_ESPN\">@Faitelson_ESPN<\/a>: Nahuel Guzm\u00e1n fue tan importante que ensombreci\u00f3  la figura de Andr\u00e9 Pierre Gignac\u2026 <a class=\"ws_tweet_time\" href=\"https:\/\/twitter.com\/webadedios\/statuses\/1132979909012459521\">-&gt;<\/a><\/li>\n<li class=\"ws_tweet\">RT <a href=\"https:\/\/twitter.com\/mediotiempo\">@mediotiempo<\/a>: El mejor DT de nuestra \u00e9poca \ud83c\udfc6\ud83c\udfc6\ud83c\udfc6\ud83c\udfc6\ud83c\udfc6\ud83c\udfc6\ud83c\udfc6\n<p>Tuca Ferretti llega a siete t\u00edtulos de Liga y empata a Don Nacho Trelles como el m\u00e1s\u2026 <a class=\"ws_tweet_time\" href=\"https:\/\/twitter.com\/webadedios\/statuses\/1132873894237528064\">-&gt;<\/a><\/li>\n<li class=\"ws_tweet\">RT <a href=\"https:\/\/twitter.com\/tdn_twit\">@tdn_twit<\/a>: La tercera etapa del Tuca con <a href=\"https:\/\/twitter.com\/TigresOficial\">@TigresOficial<\/a> (2010)\n<p>\ud83c\udfc62011 CAMPE\u00d3N Liga<br \/>\n\ud83c\udfc62014 CAMPE\u00d3N Copa<br \/>\n\ud83c\udfc62015 CAMPE\u00d3N Liga<br \/>\n\ud83c\udfc62015 CAMPE\u00d3N d\u2026 <a class=\"ws_tweet_time\" href=\"https:\/\/twitter.com\/webadedios\/statuses\/1132873786485874689\">-&gt;<\/a><\/li>\n<li class=\"ws_tweet\">RT <a href=\"https:\/\/twitter.com\/ferbelaunzaran\">@ferbelaunzaran<\/a>: Yo no aplaudo la renuncia de la titular de <a href=\"https:\/\/twitter.com\/SEMARNAT_mx\">@SEMARNAT_mx<\/a>.\n<p>Cuestiono que <a href=\"https:\/\/twitter.com\/lopezobrador_\">@lopezobrador_<\/a> la haya nombrado.<\/p>\n<p>Dice AMLO que\u2026 <a class=\"ws_tweet_time\" href=\"https:\/\/twitter.com\/webadedios\/statuses\/1132662513420689409\">-&gt;<\/a><\/li>\n<li class=\"ws_tweet\">RT <a href=\"https:\/\/twitter.com\/JTrianaT\">@JTrianaT<\/a>: AMLO recorta de forma grotesca el presupuesto para salud afectando a millones de personas, y al mismo tiempo crea la \u2018Oficina\u2026 <a class=\"ws_tweet_time\" href=\"https:\/\/twitter.com\/webadedios\/statuses\/1132661971797594113\">-&gt;<\/a><\/li>\n<li class=\"ws_tweet\">Es viernes y lo \u00fanico que quiero es ir a la cama, hacerme taquito con mi s\u00e1bana y dormir 20 horas seguidas. Bendita\u2026 <a href=\"https:\/\/t.co\/S65vlEDdcl\" rel=\"nofollow\">https:\/\/t.co\/S65vlEDdcl<\/a> <a class=\"ws_tweet_time\" href=\"https:\/\/twitter.com\/webadedios\/statuses\/1132084744441749512\">-&gt;<\/a><\/li>\n<li class=\"ws_tweet\">11.532 personas fueron v\u00edctimas de homicidio doloso y femicidio entre enero y abril en territorio mexicano\n<p>cu\u00e1ntos m\u00e1s AMLO <a class=\"ws_tweet_time\" href=\"https:\/\/twitter.com\/webadedios\/statuses\/1132083029923569665\">-&gt;<\/a><\/li>\n<li class=\"ws_tweet\">Los primeros cuatro meses de 2019 fueron los m\u00e1s violentos en la historia reciente de M\u00e9xico. <a class=\"ws_tweet_time\" href=\"https:\/\/twitter.com\/webadedios\/statuses\/1132082891234709504\">-&gt;<\/a><\/li>\n<li class=\"ws_tweet\">RT <a href=\"https:\/\/twitter.com\/Juezcentral\">@Juezcentral<\/a>: OFICIAL. Mbapp\u00e9 no pudo. Lionel Messi se acaba de convertir en el primer futbolista en ganar 6 botas de oro. Lleva 3 segui\u2026 <a class=\"ws_tweet_time\" href=\"https:\/\/twitter.com\/webadedios\/statuses\/1132076141873913858\">-&gt;<\/a><\/li>\n<li class=\"ws_tweet\">RT <a href=\"https:\/\/twitter.com\/InvictosSomos\">@InvictosSomos<\/a>: \u2794 M\u00e1s goles (50) en la presente temporada: Lionel Messi.<br \/>\n\u2794 M\u00e1s goles (36) en la presente Liga: Lionel Messi.<br \/>\n\u2794 M\u00e1s gol\u2026 <a class=\"ws_tweet_time\" href=\"https:\/\/twitter.com\/webadedios\/statuses\/1132076091038945285\">-&gt;<\/a><\/li>\n<li class=\"ws_tweet\">RT <a href=\"https:\/\/twitter.com\/InvictosSomos\">@InvictosSomos<\/a>: LA SEXTA. Lionel Messi se acaba de convertir en el primer jugador que gana seis Botas de Oro en TODA la historia del dep\u2026 <a class=\"ws_tweet_time\" href=\"https:\/\/twitter.com\/webadedios\/statuses\/1132076043811151874\">-&gt;<\/a><\/li>\n<li class=\"ws_tweet\">RT <a href=\"https:\/\/twitter.com\/RealGDT\">@RealGDT<\/a>: A. ver, les ofrezco cubrir los boletos de avi\u00f3n para todos los 12 integrantes del equipo de Olimpiadas Matem\u00e1ticas en Sud\u00e1fric\u2026 <a class=\"ws_tweet_time\" href=\"https:\/\/twitter.com\/webadedios\/statuses\/1132074899504324609\">-&gt;<\/a><\/li>\n<li class=\"ws_tweet\"><a href=\"https:\/\/t.co\/kkHSp2V1vu\" rel=\"nofollow\">https:\/\/t.co\/kkHSp2V1vu<\/a> <a class=\"ws_tweet_time\" href=\"https:\/\/twitter.com\/webadedios\/statuses\/1132053720001388546\">-&gt;<\/a><\/li>\n<li class=\"ws_tweet\">RT <a href=\"https:\/\/twitter.com\/VicenteFoxQue\">@VicenteFoxQue<\/a>: Vale <a href=\"https:\/\/t.co\/cGmm5aoBGz\" rel=\"nofollow\">https:\/\/t.co\/cGmm5aoBGz<\/a> <a class=\"ws_tweet_time\" href=\"https:\/\/twitter.com\/webadedios\/statuses\/1132052888530882560\">-&gt;<\/a><\/li>\n<li class=\"ws_tweet\">RT <a href=\"https:\/\/twitter.com\/hdemauleon\">@hdemauleon<\/a>: Dura, dur\u00edsima columna de \u2066@CarlosLoret\u2069.<br \/>\n\ud83d\udc47\ud83c\udffb<br \/>\n\u00bfPrimero los pobres o primero el ganso? <a href=\"https:\/\/t.co\/SE6k6q7Cyf\" rel=\"nofollow\">https:\/\/t.co\/SE6k6q7Cyf<\/a> <a class=\"ws_tweet_time\" href=\"https:\/\/twitter.com\/webadedios\/statuses\/1132052827826720768\">-&gt;<\/a><\/li>\n<li class=\"ws_tweet\">RT <a href=\"https:\/\/twitter.com\/AaronToponce\">@AaronToponce<\/a>: The honest truth, as much as I hate to admit it. <a href=\"https:\/\/t.co\/GaNlYzh3Q5\" rel=\"nofollow\">https:\/\/t.co\/GaNlYzh3Q5<\/a> <a class=\"ws_tweet_time\" href=\"https:\/\/twitter.com\/webadedios\/statuses\/1132052714999951360\">-&gt;<\/a><\/li>\n<li class=\"ws_tweet\">RT <a href=\"https:\/\/twitter.com\/Garcimonero\">@Garcimonero<\/a>: \u00bfCuantas mujeres muertas por c\u00e1ncer de mama costar\u00e1n la refiner\u00eda de 2 bocas, el tren maya, los partidos de beisbol y el a\u2026 <a class=\"ws_tweet_time\" href=\"https:\/\/twitter.com\/webadedios\/statuses\/1132052507415449601\">-&gt;<\/a><\/li>\n<li class=\"ws_tweet\">RT <a href=\"https:\/\/twitter.com\/monerorictus\">@monerorictus<\/a>: &quot;\u00bfPero tenemos salud?&quot; Cart\u00f3n publicado en <a href=\"https:\/\/twitter.com\/ElFinanciero_Mx\">@ElFinanciero_Mx<\/a> <a href=\"https:\/\/t.co\/AzSY6zTbXw\" rel=\"nofollow\">https:\/\/t.co\/AzSY6zTbXw<\/a> <a class=\"ws_tweet_time\" href=\"https:\/\/twitter.com\/webadedios\/statuses\/1132052451383828481\">-&gt;<\/a><\/li>\n<li class=\"ws_tweet\">RT <a href=\"https:\/\/twitter.com\/econokafka\">@econokafka<\/a>: M\u00e9xico 2023\n<p>&#8211; \u00a1Mam\u00e1, no hay comida!<br \/>\n+ Ni modo, saca al perico de la jaula y fr\u00edelo.<br \/>\n&#8211; \u00a1Pero no hay aceite!<\/p>\n<p>+ \u00a1Pues hi\u00e9rve\u2026 <a class=\"ws_tweet_time\" href=\"https:\/\/twitter.com\/webadedios\/statuses\/1132050661015773185\">-&gt;<\/a><\/li>\n<li class=\"ws_tweet\">RT <a href=\"https:\/\/twitter.com\/CarlosLoret\">@CarlosLoret<\/a>: \u00bfNo hay dinero? Les dejo este vide\u00edto de <a href=\"https:\/\/twitter.com\/search?q=%23TercerGrado&amp;src=hash\">#TercerGrado<\/a> <a href=\"https:\/\/t.co\/JebkfI24Ow\" rel=\"nofollow\">https:\/\/t.co\/JebkfI24Ow<\/a> <a class=\"ws_tweet_time\" href=\"https:\/\/twitter.com\/webadedios\/statuses\/1132050517214076928\">-&gt;<\/a><\/li>\n<li class=\"ws_tweet\">RT <a href=\"https:\/\/twitter.com\/j_lec_gar\">@j_lec_gar<\/a>: Que no hubiera un rey absoluto, sino varios, como antes de la llegada de Aegon el conquistador, cada quien reinando su tierr\u2026 <a class=\"ws_tweet_time\" href=\"https:\/\/twitter.com\/webadedios\/statuses\/1132050127454183426\">-&gt;<\/a><\/li>\n<li class=\"ws_tweet\">RT <a href=\"https:\/\/twitter.com\/j_lec_gar\">@j_lec_gar<\/a>: Arya le robara el rostro a Gusano Gris y matara a Daenerys. John montara a Drogon y quemara a los inmaculados y a los Dothra\u2026 <a class=\"ws_tweet_time\" href=\"https:\/\/twitter.com\/webadedios\/statuses\/1132050114246250496\">-&gt;<\/a><\/li>\n<li class=\"ws_tweet\">RT <a href=\"https:\/\/twitter.com\/j_lec_gar\">@j_lec_gar<\/a>: <a href=\"https:\/\/twitter.com\/search?q=%23JuegoDeTronos&amp;src=hash\">#JuegoDeTronos<\/a> <a href=\"https:\/\/twitter.com\/search?q=%23GameofThrones&amp;src=hash\">#GameofThrones<\/a>\n<p>Mi final de GOT<\/p>\n<p>Jaimie se quedara con Brienne y que el matara a Cersei, una escena simila\u2026 <a class=\"ws_tweet_time\" href=\"https:\/\/twitter.com\/webadedios\/statuses\/1132050094323318784\">-&gt;<\/a><\/li>\n<li class=\"ws_tweet\">Morena no es como el PRI. Es peor. <a class=\"ws_tweet_time\" href=\"https:\/\/twitter.com\/webadedios\/statuses\/1132050078527627270\">-&gt;<\/a><\/li>\n<li class=\"ws_tweet\">RT <a href=\"https:\/\/twitter.com\/ANDROMACO64\">@ANDROMACO64<\/a>: \ud83d\udc46@sandyaguilera y <a href=\"https:\/\/twitter.com\/carlospozossoto\">@carlospozossoto<\/a> confunden la biograf\u00eda de .@brozoxmiswebs, la cual, es ficci\u00f3n, con la de Victor Trujil\u2026 <a class=\"ws_tweet_time\" href=\"https:\/\/twitter.com\/webadedios\/statuses\/1132049901553147904\">-&gt;<\/a><\/li>\n<li class=\"ws_tweet\">RT <a href=\"https:\/\/twitter.com\/ANDROMACO64\">@ANDROMACO64<\/a>: Esta es la calidad de los reporteros que acuden a las ma\u00f1aneras.\n<p>Esta claro que son improvisados y traen l\u00ednea de atacar\u2026 <a class=\"ws_tweet_time\" href=\"https:\/\/twitter.com\/webadedios\/statuses\/1132049831214624768\">-&gt;<\/a><\/li>\n<li class=\"ws_tweet\">RT <a href=\"https:\/\/twitter.com\/reformanacional\">@reformanacional<\/a>: Juan Carlos Tadeo Mart\u00ednez, esposo de una diputada por Morena en Jalisco, es accionista de Abisalud, empresa vinculada\u2026 <a class=\"ws_tweet_time\" href=\"https:\/\/twitter.com\/webadedios\/statuses\/1131757515648188417\">-&gt;<\/a><\/li>\n<li class=\"ws_tweet\">RT <a href=\"https:\/\/twitter.com\/VicenteFoxQue\">@VicenteFoxQue<\/a>: La mafia en el poder<br \/>\nLos fifis.<br \/>\nLos neoliberales<br \/>\nLos corruptos<br \/>\nLos expresidentes<br \/>\nLos empresarios<br \/>\nLos medioambientalistas\u2026 <a class=\"ws_tweet_time\" href=\"https:\/\/twitter.com\/webadedios\/statuses\/1131592169058373632\">-&gt;<\/a><\/li>\n<li class=\"ws_tweet\">RT <a href=\"https:\/\/twitter.com\/ludhriqazcb\">@ludhriqazcb<\/a>: <a href=\"https:\/\/twitter.com\/search?q=%23ContingenciasAmbientales&amp;src=hash\">#ContingenciasAmbientales<\/a> en lugar de que la inepta de <a href=\"https:\/\/twitter.com\/Claudiashein\">@Claudiashein<\/a>  haga algo para evitar que los camiones y micros haga\u2026 <a class=\"ws_tweet_time\" href=\"https:\/\/twitter.com\/webadedios\/statuses\/1131336426728116231\">-&gt;<\/a><\/li>\n<li class=\"ws_tweet\">RT <a href=\"https:\/\/twitter.com\/Cris0zz\">@Cris0zz<\/a>: A ver hijos de su <a href=\"https:\/\/twitter.com\/CAMegalopolis\">@CAMegalopolis<\/a> , en su plan de <a href=\"https:\/\/twitter.com\/search?q=%23contingenciasambientales&amp;src=hash\">#contingenciasambientales<\/a>  se la dejan caer a la poblaci\u00f3n \u00fanicamente. P\u00f3ngan\u2026 <a class=\"ws_tweet_time\" href=\"https:\/\/twitter.com\/webadedios\/statuses\/1131336349133561856\">-&gt;<\/a><\/li>\n<li class=\"ws_tweet\">Los que tenemos veh\u00edculos con holograma 0 y 00 en buen estado no podremos circular. El transporte p\u00fablico en malas\u2026 <a href=\"https:\/\/t.co\/hTcbJcgRe1\" rel=\"nofollow\">https:\/\/t.co\/hTcbJcgRe1<\/a> <a class=\"ws_tweet_time\" href=\"https:\/\/twitter.com\/webadedios\/statuses\/1131336155293786114\">-&gt;<\/a><\/li>\n<li class=\"ws_tweet\">Natura compra a Avon <a class=\"ws_tweet_time\" href=\"https:\/\/twitter.com\/webadedios\/statuses\/1131335742284795910\">-&gt;<\/a><\/li>\n<li class=\"ws_tweet\">Jefa de Gobierno de la Ciudad de M\u00e9xico, Claudia Sheinbaum destac\u00f3 que los \u00fanicos veh\u00edculos que no parar\u00edan ser\u00edan\u2026 <a href=\"https:\/\/t.co\/SZiSOmxxj9\" rel=\"nofollow\">https:\/\/t.co\/SZiSOmxxj9<\/a> <a class=\"ws_tweet_time\" href=\"https:\/\/twitter.com\/webadedios\/statuses\/1131335501460459520\">-&gt;<\/a><\/li>\n<li class=\"ws_tweet\">Se acuerdan como era el hoy no circula al principio? Pues bueno, lo que provoc\u00f3 fue m\u00e1s compra de autos. El nuevo plan es regresar al viejo <a class=\"ws_tweet_time\" href=\"https:\/\/twitter.com\/webadedios\/statuses\/1131335008529113088\">-&gt;<\/a><\/li>\n<li class=\"ws_tweet\">os <a href=\"https:\/\/twitter.com\/search?q=%23verificentros&amp;src=hash\">#verificentros<\/a> s\u00f3lo sirven para esquilmar a la ciudadan\u00eda, en beneficio de unos cuantos. \u00a1Ci\u00e9rrenlos! Cobren la\u2026 <a href=\"https:\/\/t.co\/UruIKBpCQN\" rel=\"nofollow\">https:\/\/t.co\/UruIKBpCQN<\/a> <a class=\"ws_tweet_time\" href=\"https:\/\/twitter.com\/webadedios\/statuses\/1131334841012752386\">-&gt;<\/a><\/li>\n<\/ul>\n<!--CusAds0-->\n<div style=\"font-size: 0px; height: 0px; line-height: 0px; margin: 0; padding: 0; clear: both;\"><\/div>","protected":false},"excerpt":{"rendered":"<p>Mis twitts del 2019-05-22 al 2019-05-28<\/p>\n","protected":false},"author":1,"featured_media":0,"comment_status":"open","ping_status":"open","sticky":false,"template":"","format":"standard","meta":{"footnotes":""},"categories":[2],"tags":[1878,966,1876,1877,1720,60],"class_list":["post-8493","post","type-post","status-publish","format-standard","hentry","category-actividades","tag-digo","tag-red","tag-social","tag-tuits","tag-tweets","tag-twitter"],"_links":{"self":[{"href":"https:\/\/webadedios.com\/blog\/wp-json\/wp\/v2\/posts\/8493","targetHints":{"allow":["GET"]}}],"collection":[{"href":"https:\/\/webadedios.com\/blog\/wp-json\/wp\/v2\/posts"}],"about":[{"href":"https:\/\/webadedios.com\/blog\/wp-json\/wp\/v2\/types\/post"}],"author":[{"embeddable":true,"href":"https:\/\/webadedios.com\/blog\/wp-json\/wp\/v2\/users\/1"}],"replies":[{"embeddable":true,"href":"https:\/\/webadedios.com\/blog\/wp-json\/wp\/v2\/comments?post=8493"}],"version-history":[{"count":0,"href":"https:\/\/webadedios.com\/blog\/wp-json\/wp\/v2\/posts\/8493\/revisions"}],"wp:attachment":[{"href":"https:\/\/webadedios.com\/blog\/wp-json\/wp\/v2\/media?parent=8493"}],"wp:term":[{"taxonomy":"category","embeddable":true,"href":"https:\/\/webadedios.com\/blog\/wp-json\/wp\/v2\/categories?post=8493"},{"taxonomy":"post_tag","embeddable":true,"href":"https:\/\/webadedios.com\/blog\/wp-json\/wp\/v2\/tags?post=8493"}],"curies":[{"name":"wp","href":"https:\/\/api.w.org\/{rel}","templated":true}]}}