{"id":8488,"date":"2019-05-15T05:40:00","date_gmt":"2019-05-15T10:40:00","guid":{"rendered":"http:\/\/webadedios.com\/blog\/?p=8488"},"modified":"2019-05-15T05:40:00","modified_gmt":"2019-05-15T10:40:00","slug":"mis-twitts-del-2019-05-08-al-2019-05-14","status":"publish","type":"post","link":"https:\/\/webadedios.com\/blog\/2019\/actividades\/mis-twitts-del-2019-05-08-al-2019-05-14\/","title":{"rendered":"Mis twitts del 2019-05-08 al 2019-05-14"},"content":{"rendered":"<ul class=\"ws_tweet_list\">\n<li class=\"ws_tweet\">RT <a href=\"https:\/\/twitter.com\/MElenaPerezJaen\">@MElenaPerezJaen<\/a>: <a href=\"https:\/\/twitter.com\/ChumelTorres\">@ChumelTorres<\/a> <a href=\"https:\/\/twitter.com\/ChumelTorres\">@ChumelTorres<\/a> y <a href=\"https:\/\/twitter.com\/brozoxmiswebs\">@brozoxmiswebs<\/a><br \/>\nMe encontr\u00e9 esto del <a href=\"https:\/\/twitter.com\/search?q=%23videoesc&amp;src=hash\">#videoesc<\/a>\u00e1ndalo de Ren\u00e9 <a href=\"https:\/\/twitter.com\/search?q=%23Bejarano&amp;src=hash\">#Bejarano<\/a> Seguramente moner\u2026 <a class=\"ws_tweet_time\" href=\"https:\/\/twitter.com\/webadedios\/statuses\/1128280906379268096\">-&gt;<\/a><\/li>\n<li class=\"ws_tweet\">RT <a href=\"https:\/\/twitter.com\/hectorlopez198\">@hectorlopez198<\/a>: Ni Buffon, Ni Casillas, Ni De Gea, Ni Neuer, ni cualquier otro portero del mundo ha sido tricampe\u00f3n de UCL. El \u00fanico es\u2026 <a class=\"ws_tweet_time\" href=\"https:\/\/twitter.com\/webadedios\/statuses\/1128151673652772865\">-&gt;<\/a><\/li>\n<li class=\"ws_tweet\">Real Madrid le comunic\u00f3 a Keylor Navas que no seguir\u00e1  en el club la pr\u00f3xima temporada. Durante los cinco a\u00f1os de e\u2026 <a href=\"https:\/\/t.co\/S35edZS7iV\" rel=\"nofollow\">https:\/\/t.co\/S35edZS7iV<\/a> <a class=\"ws_tweet_time\" href=\"https:\/\/twitter.com\/webadedios\/statuses\/1128150912600616961\">-&gt;<\/a><\/li>\n<li class=\"ws_tweet\">RT <a href=\"https:\/\/twitter.com\/jorgeacast\">@jorgeacast<\/a>: Miren, con lo que se va a gastar en Dos Bocas, podr\u00edamos comprar 16 de estas en Texas si lo que queremos es refinar por ref\u2026 <a class=\"ws_tweet_time\" href=\"https:\/\/twitter.com\/webadedios\/statuses\/1128135074942201856\">-&gt;<\/a><\/li>\n<li class=\"ws_tweet\">RT <a href=\"https:\/\/twitter.com\/maca_online\">@maca_online<\/a>: Oye <a href=\"https:\/\/twitter.com\/Claudiashein\">@Claudiashein<\/a> te manda este tuit <a href=\"https:\/\/twitter.com\/Claudiashein\">@Claudiashein<\/a> <a href=\"https:\/\/t.co\/yj7OpHMM5P\" rel=\"nofollow\">https:\/\/t.co\/yj7OpHMM5P<\/a> <a class=\"ws_tweet_time\" href=\"https:\/\/twitter.com\/webadedios\/statuses\/1128134946441265153\">-&gt;<\/a><\/li>\n<li class=\"ws_tweet\">RT <a href=\"https:\/\/twitter.com\/MaxKaiser75\">@MaxKaiser75<\/a>: \u201cAl Poder se le revisa! No se le aplaude!\u201d\n<p>Bravo <a href=\"https:\/\/twitter.com\/brozoxmiswebs\">@brozoxmiswebs<\/a> por la respuesta de hoy! \ud83d\udc4a\ud83c\udffb\ud83d\udc4a\ud83c\udffb\ud83d\udc4f\ud83c\udffb\ud83d\udc4f\ud83c\udffb Mi solidaridad completa\u2026 <a class=\"ws_tweet_time\" href=\"https:\/\/twitter.com\/webadedios\/statuses\/1128134175444414466\">-&gt;<\/a><\/li>\n<li class=\"ws_tweet\">RT <a href=\"https:\/\/twitter.com\/es_fajer\">@es_fajer<\/a>: Gran idea cancelar las Subastas <a href=\"https:\/\/twitter.com\/CenaceMexico\">@CenaceMexico<\/a> , apostarle a fuentes f\u00f3siles y a Refiner\u00edas y frenar la Transici\u00f3n Energ\u00e9tica!\u2026 <a class=\"ws_tweet_time\" href=\"https:\/\/twitter.com\/webadedios\/statuses\/1128134045798473728\">-&gt;<\/a><\/li>\n<li class=\"ws_tweet\">RT <a href=\"https:\/\/twitter.com\/FelipeCalderon\">@FelipeCalderon<\/a>: El gobierno cancel\u00f3 el programa de empleo temporal para prevenir incendios y redujo el presupuesto de CONAFOR que los c\u2026 <a class=\"ws_tweet_time\" href=\"https:\/\/twitter.com\/webadedios\/statuses\/1128133959144095744\">-&gt;<\/a><\/li>\n<li class=\"ws_tweet\">RT <a href=\"https:\/\/twitter.com\/ceciliasotog\">@ceciliasotog<\/a>: El nuevo gobierno desapareci\u00f3 el Programa de Empleo Temporal. Una de las secretar\u00edas que m\u00e1s lo usaba era <a href=\"https:\/\/twitter.com\/SEMARNAT_mx\">@SEMARNAT_mx<\/a> p\u2026 <a class=\"ws_tweet_time\" href=\"https:\/\/twitter.com\/webadedios\/statuses\/1128133883717877760\">-&gt;<\/a><\/li>\n<li class=\"ws_tweet\">Estamos en \u00e9poca de hombres d\u00e9biles en M\u00e9xico <a href=\"https:\/\/t.co\/UobmNJmoeP\" rel=\"nofollow\">https:\/\/t.co\/UobmNJmoeP<\/a> <a class=\"ws_tweet_time\" href=\"https:\/\/twitter.com\/webadedios\/statuses\/1128133578078994432\">-&gt;<\/a><\/li>\n<li class=\"ws_tweet\">\u00bfPor qu\u00e9 Ingrid Coronado es TT? \u00bfAbandon\u00f3 a otro marido con c\u00e1ncer? <a class=\"ws_tweet_time\" href=\"https:\/\/twitter.com\/webadedios\/statuses\/1128106596687650816\">-&gt;<\/a><\/li>\n<li class=\"ws_tweet\">solo hoy llevamos una muerte en Polanco debido a un asalto,  una balacera en Tepito, dejando tres muertos y un heri\u2026 <a href=\"https:\/\/t.co\/y489gr1JCS\" rel=\"nofollow\">https:\/\/t.co\/y489gr1JCS<\/a> <a class=\"ws_tweet_time\" href=\"https:\/\/twitter.com\/webadedios\/statuses\/1128106236770123776\">-&gt;<\/a><\/li>\n<li class=\"ws_tweet\">neta dijeron que era bruma para no hacer nada&#8230; no mames\n<p>solo los chairos les creen sus pendejadas <a href=\"https:\/\/t.co\/M4IG8ceENy\" rel=\"nofollow\">https:\/\/t.co\/M4IG8ceENy<\/a> <a class=\"ws_tweet_time\" href=\"https:\/\/twitter.com\/webadedios\/statuses\/1128105973770539008\">-&gt;<\/a><\/li>\n<li class=\"ws_tweet\">necesita es m\u00e1s y mejor infraestructura para promover el uso de autos  h\u00edbridos y el\u00e9ctricos, adem\u00e1s de soluciones\u2026 <a href=\"https:\/\/t.co\/bfmCAvHoa5\" rel=\"nofollow\">https:\/\/t.co\/bfmCAvHoa5<\/a> <a class=\"ws_tweet_time\" href=\"https:\/\/twitter.com\/webadedios\/statuses\/1128105395829055490\">-&gt;<\/a><\/li>\n<li class=\"ws_tweet\">RT <a href=\"https:\/\/twitter.com\/luisfer_zebadua\">@luisfer_zebadua<\/a>: As\u00ed se miraba la ciudad de M\u00e9xico a las cuatro de la tarde del d\u00eda de hoy. <a href=\"https:\/\/twitter.com\/search?q=%23contaminacioncdmx&amp;src=hash\">#contaminacioncdmx<\/a> <a href=\"https:\/\/t.co\/DbjOWJ4wrL\" rel=\"nofollow\">https:\/\/t.co\/DbjOWJ4wrL<\/a> <a class=\"ws_tweet_time\" href=\"https:\/\/twitter.com\/webadedios\/statuses\/1128105264224382977\">-&gt;<\/a><\/li>\n<li class=\"ws_tweet\">-No ha habido pol\u00edtica ambiental<br \/>\n-No hubo estrategia para prevenir incendios forestales<br \/>\n-No hay ninguna medida\u2026 <a href=\"https:\/\/t.co\/Y0ecOcjj43\" rel=\"nofollow\">https:\/\/t.co\/Y0ecOcjj43<\/a> <a class=\"ws_tweet_time\" href=\"https:\/\/twitter.com\/webadedios\/statuses\/1128105098926809088\">-&gt;<\/a><\/li>\n<li class=\"ws_tweet\">Me sorprende lo tibio de los pronunciamientos oficiales.  Se requieren acciones r\u00e1pidas y eficaces <a href=\"https:\/\/twitter.com\/Claudiashein\">@Claudiashein<\/a> <a href=\"https:\/\/twitter.com\/search?q=%23ContaminacionCDMX&amp;src=hash\">#ContaminacionCDMX<\/a> <a class=\"ws_tweet_time\" href=\"https:\/\/twitter.com\/webadedios\/statuses\/1128104899890249728\">-&gt;<\/a><\/li>\n<li class=\"ws_tweet\">En la Ciudad de M\u00e9xico respirar tiene efectos nocivos para la salud. <a class=\"ws_tweet_time\" href=\"https:\/\/twitter.com\/webadedios\/statuses\/1128104373966516225\">-&gt;<\/a><\/li>\n<li class=\"ws_tweet\">RT <a href=\"https:\/\/twitter.com\/MacroRedQR\">@MacroRedQR<\/a>: \u00a1Siempre hay un tuit! Le recuerdan a Sheinbaum quejas por contaminaci\u00f3n <a href=\"https:\/\/t.co\/uhPLFZzOre\" rel=\"nofollow\">https:\/\/t.co\/uhPLFZzOre<\/a> <a class=\"ws_tweet_time\" href=\"https:\/\/twitter.com\/webadedios\/statuses\/1128098081638113280\">-&gt;<\/a><\/li>\n<li class=\"ws_tweet\">[spoiler alert]<br \/>\nsilogismos l\u00f3gicos<\/p>\n<p>Saben quien tiene los ojos verdes?<br \/>\nDaenerys.   <\/p>\n<p>Saben quien mata a Cerci?<br \/>\nJ\u2026 <a href=\"https:\/\/t.co\/K5CJNM8iOZ\" rel=\"nofollow\">https:\/\/t.co\/K5CJNM8iOZ<\/a> <a class=\"ws_tweet_time\" href=\"https:\/\/twitter.com\/webadedios\/statuses\/1128094229669003264\">-&gt;<\/a><\/li>\n<li class=\"ws_tweet\">Con el dolor en el alma debo decir: <a href=\"https:\/\/twitter.com\/search?q=%23ayra&amp;src=hash\">#ayra<\/a> ve por esos ojos verdes!!! <a href=\"https:\/\/twitter.com\/search?q=%23got&amp;src=hash\">#got<\/a> <a class=\"ws_tweet_time\" href=\"https:\/\/twitter.com\/webadedios\/statuses\/1128093630713999365\">-&gt;<\/a><\/li>\n<li class=\"ws_tweet\">Ayra va a cerrar los ojos verdes&#8230; osea que&#8230; no mames no mames nooooooooooooo <a class=\"ws_tweet_time\" href=\"https:\/\/twitter.com\/webadedios\/statuses\/1128093472303529985\">-&gt;<\/a><\/li>\n<li class=\"ws_tweet\">\u201cQue puteado qued\u00f3 Winterfell\u201d<br \/>\n&#8211; No chingue mi reina, esta es la CDMx   <\/p>\n<p><a href=\"https:\/\/twitter.com\/search?q=%23GameOfThrones&amp;src=hash\">#GameOfThrones<\/a> <a class=\"ws_tweet_time\" href=\"https:\/\/twitter.com\/webadedios\/statuses\/1128092690321686538\">-&gt;<\/a><\/li>\n<li class=\"ws_tweet\">de esta temporada de game of trhones, mi opini\u00f3n en una imagen\n<p>GOT <a href=\"https:\/\/t.co\/HrlWHFWqAY\" rel=\"nofollow\">https:\/\/t.co\/HrlWHFWqAY<\/a> <a class=\"ws_tweet_time\" href=\"https:\/\/twitter.com\/webadedios\/statuses\/1128092203472105472\">-&gt;<\/a><\/li>\n<li class=\"ws_tweet\">No estar\u00e9 muy de acuerdo con algunos temas que toca, pero de que tiene  huevos para plantarse frente a los chiaros\u2026 <a href=\"https:\/\/t.co\/5KZVHRJbqa\" rel=\"nofollow\">https:\/\/t.co\/5KZVHRJbqa<\/a> <a class=\"ws_tweet_time\" href=\"https:\/\/twitter.com\/webadedios\/statuses\/1128091667779735553\">-&gt;<\/a><\/li>\n<li class=\"ws_tweet\">RT <a href=\"https:\/\/twitter.com\/Gerardo74263342\">@Gerardo74263342<\/a>: Que curioso que el hombre mas l\u00facido de M\u00e9xico se vista de payaso para hablar <a href=\"https:\/\/twitter.com\/brozoxmiswebs\">@brozoxmiswebs<\/a> mientras que el se\u00f1or  <a href=\"https:\/\/twitter.com\/l\">@l<\/a>\u2026 <a class=\"ws_tweet_time\" href=\"https:\/\/twitter.com\/webadedios\/statuses\/1128091360651874304\">-&gt;<\/a><\/li>\n<li class=\"ws_tweet\">RT <a href=\"https:\/\/twitter.com\/Se_les_dijo\">@Se_les_dijo<\/a>: <a href=\"https:\/\/twitter.com\/search?q=%23TeamBrozo&amp;src=hash\">#TeamBrozo<\/a> pobre imbecil del <a href=\"https:\/\/twitter.com\/NachoRgz\">@NachoRgz<\/a> le cerraron el hocico jajaja \ud83d\ude02\ud83d\ude06\ud83d\ude02\ud83d\ude06 que dif\u00edcil es ser chairo jajaja <a href=\"https:\/\/t.co\/5fi\u2026\" rel=\"nofollow\">https:\/\/t.co\/5fi\u2026<\/a> <a class=\"ws_tweet_time\" href=\"https:\/\/twitter.com\/webadedios\/statuses\/1128091180141547520\">-&gt;<\/a><\/li>\n<li class=\"ws_tweet\">TV P\u00fablica como medio d Adoctrimaniento: Canal 22 el Chamuco con El Fisgon, Helguera, Patricio, etc Dr Dr Ackerman\u2026 <a href=\"https:\/\/t.co\/wP6qLxySxX\" rel=\"nofollow\">https:\/\/t.co\/wP6qLxySxX<\/a> <a class=\"ws_tweet_time\" href=\"https:\/\/twitter.com\/webadedios\/statuses\/1128090951975677952\">-&gt;<\/a><\/li>\n<li class=\"ws_tweet\">Los moneros se volvieron propaganda. Muy pronto en tele nacional, por cierto.\n<p><a href=\"https:\/\/twitter.com\/search?q=%23chayoteros&amp;src=hash\">#chayoteros<\/a> <a href=\"https:\/\/t.co\/gkW1hS0igd\" rel=\"nofollow\">https:\/\/t.co\/gkW1hS0igd<\/a> <a class=\"ws_tweet_time\" href=\"https:\/\/twitter.com\/webadedios\/statuses\/1128090083423338496\">-&gt;<\/a><\/li>\n<li class=\"ws_tweet\">RT <a href=\"https:\/\/twitter.com\/elpropiokaliman\">@elpropiokaliman<\/a>: <a href=\"https:\/\/twitter.com\/monerohernandez\">@monerohernandez<\/a> Defender a un ladr\u00f3n corrupto como Bejarano por un huesito tan insignificante en la televisi\u00f3n del es\u2026 <a class=\"ws_tweet_time\" href=\"https:\/\/twitter.com\/webadedios\/statuses\/1128089638843944960\">-&gt;<\/a><\/li>\n<li class=\"ws_tweet\">RT <a href=\"https:\/\/twitter.com\/GlodeJo07\">@GlodeJo07<\/a>: 1er acto:<br \/>\nBejarano es un corrupto,lo \u201ccachan\u201d y va a la c\u00e1rcel.<br \/>\n2do acto:<br \/>\nGana AMLO y Bejarano reaparece en la vida pol\u00edtica\u2026 <a class=\"ws_tweet_time\" href=\"https:\/\/twitter.com\/webadedios\/statuses\/1128089484912930817\">-&gt;<\/a><\/li>\n<li class=\"ws_tweet\">defender a Bejarano es de lo m\u00e1s pat\u00e9tico que ver\u00e1n hoy <a class=\"ws_tweet_time\" href=\"https:\/\/twitter.com\/webadedios\/statuses\/1128089212241231872\">-&gt;<\/a><\/li>\n<li class=\"ws_tweet\">\u00bfEs neta que est\u00e1n defendiendo a Bejarano? <a class=\"ws_tweet_time\" href=\"https:\/\/twitter.com\/webadedios\/statuses\/1128089082855350273\">-&gt;<\/a><\/li>\n<li class=\"ws_tweet\">RT <a href=\"https:\/\/twitter.com\/GlodeJo07\">@GlodeJo07<\/a>: Siempre es bonito recordar, \u00bfverdad amigues chaires?<br \/>\nAqu\u00ed una probadita del por qu\u00e9 NO SE DEFIENDE A BEJARANO.<br \/>\nBesos \ud83d\ude18<br \/>\n htt\u2026 <a class=\"ws_tweet_time\" href=\"https:\/\/twitter.com\/webadedios\/statuses\/1128088853846396930\">-&gt;<\/a><\/li>\n<li class=\"ws_tweet\">RT <a href=\"https:\/\/twitter.com\/brozoxmiswebs\">@brozoxmiswebs<\/a>: <a href=\"https:\/\/twitter.com\/monerohernandez\">@monerohernandez<\/a> \u00bfTe refieres a Bejarano, Pepe? \u00bfCu\u00e1l montaje? S\u00ed sucedi\u00f3. La entrega del dinero, las ligas, el contuber\u2026 <a class=\"ws_tweet_time\" href=\"https:\/\/twitter.com\/webadedios\/statuses\/1128088770987921408\">-&gt;<\/a><\/li>\n<li class=\"ws_tweet\">parece que el plan de este sexenio es que se mueran los enfermos\n<p>verificando si es verdad que cerraron ka mejor cl\u2026 <a href=\"https:\/\/t.co\/gZTjEyJopJ\" rel=\"nofollow\">https:\/\/t.co\/gZTjEyJopJ<\/a> <a class=\"ws_tweet_time\" href=\"https:\/\/twitter.com\/webadedios\/statuses\/1128088699227582465\">-&gt;<\/a><\/li>\n<li class=\"ws_tweet\">RT <a href=\"https:\/\/twitter.com\/HemofiliaXXI\">@HemofiliaXXI<\/a>: Hoy el <a href=\"https:\/\/twitter.com\/Tu_IMSS\">@Tu_IMSS<\/a> est\u00e1 elimin\u00f3 lo que fue la mejor cl\u00ednica de hemofilia de M\u00e9xico, con reconocimiento internacional y avala\u2026 <a class=\"ws_tweet_time\" href=\"https:\/\/twitter.com\/webadedios\/statuses\/1128087813927440384\">-&gt;<\/a><\/li>\n<li class=\"ws_tweet\">Las herederas no le entend\u00ed nada <a class=\"ws_tweet_time\" href=\"https:\/\/twitter.com\/webadedios\/statuses\/1128060010532167680\">-&gt;<\/a><\/li>\n<li class=\"ws_tweet\">RT <a href=\"https:\/\/twitter.com\/ferbelaunzaran\">@ferbelaunzaran<\/a>: A la falta de argumentos, el pejismo siempre recurre al compl\u00f3 del innombrable.\n<p>Justo cuando <a href=\"https:\/\/twitter.com\/brozoxmiswebs\">@brozoxmiswebs<\/a> hace cr\u00edti\u2026 <a class=\"ws_tweet_time\" href=\"https:\/\/twitter.com\/webadedios\/statuses\/1128043677853593601\">-&gt;<\/a><\/li>\n<li class=\"ws_tweet\">RT <a href=\"https:\/\/twitter.com\/OSWALDORIOSM\">@OSWALDORIOSM<\/a>: \u00a1Cof, cof, cof, cof!\n<p>A\u00fan en medio de tanta contaminacion&#8230; <\/p>\n<p>\u00a1Siempre hay un tuit! <\/p>\n<p>\u00bfVerdad, <a href=\"https:\/\/twitter.com\/Claudiashein\">@Claudiashein<\/a>? <\/p>\n<p>\ud83d\udc47\ud83c\udffc http\u2026 <a class=\"ws_tweet_time\" href=\"https:\/\/twitter.com\/webadedios\/statuses\/1128043547410751490\">-&gt;<\/a><\/li>\n<li class=\"ws_tweet\">RT <a href=\"https:\/\/twitter.com\/maite_valiente\">@maite_valiente<\/a>: Este es el video que enfureci\u00f3 a los amlovers donde Brozo se\u00f1ala q las ma\u00f1aneras son un montaje, un espect\u00e1culo \u201cpre-pr\u2026 <a class=\"ws_tweet_time\" href=\"https:\/\/twitter.com\/webadedios\/statuses\/1128043256825163778\">-&gt;<\/a><\/li>\n<li class=\"ws_tweet\">RT <a href=\"https:\/\/twitter.com\/AndresCitizen1\">@AndresCitizen1<\/a>: En resumen\n<p>Zedillo le dieron una bomba<br \/>\nEstall\u00f3 la crisis, colaps\u00e1mos, pedimos prestado y se g\u00e9nero un fobaproa<br \/>\nSalimo\u2026 <a class=\"ws_tweet_time\" href=\"https:\/\/twitter.com\/webadedios\/statuses\/1127946113682747392\">-&gt;<\/a><\/li>\n<li class=\"ws_tweet\">Como pueden hablar de deudas anteriores cuando AMLO esta desfalcando nuestras reservas y endeudando generaciones futuras <a class=\"ws_tweet_time\" href=\"https:\/\/twitter.com\/webadedios\/statuses\/1127946033546371073\">-&gt;<\/a><\/li>\n<li class=\"ws_tweet\">AMLO creo el peor desabasto de combustible, debilit\u00f3 la moneda, cancel\u00f3 el aeropuerto, endeudando a los mexicanos p\u2026 <a href=\"https:\/\/t.co\/XidZ1Jaumw\" rel=\"nofollow\">https:\/\/t.co\/XidZ1Jaumw<\/a> <a class=\"ws_tweet_time\" href=\"https:\/\/twitter.com\/webadedios\/statuses\/1127945805392777216\">-&gt;<\/a><\/li>\n<li class=\"ws_tweet\">4 meses que lleva Amlo endeudando y arruinando a M\u00e9xico en lo econ\u00f3mico, en lo jur\u00eddico, en lo legislativo, en lo diplom\u00e1tico&#8230; en todo. <a class=\"ws_tweet_time\" href=\"https:\/\/twitter.com\/webadedios\/statuses\/1127945602208227328\">-&gt;<\/a><\/li>\n<li class=\"ws_tweet\">Con AMLO y MORENA. El contribuyente mexicano va a pagar aprox. 1800 millones de d\u00f3lares y el TUA hasta 2046 por un\u2026 <a href=\"https:\/\/t.co\/GAfiFeNut2\" rel=\"nofollow\">https:\/\/t.co\/GAfiFeNut2<\/a> <a class=\"ws_tweet_time\" href=\"https:\/\/twitter.com\/webadedios\/statuses\/1127945431516893185\">-&gt;<\/a><\/li>\n<li class=\"ws_tweet\">AMLO pide m\u00e1s dinero para sus programas endeudando m\u00e1s al pa\u00eds&#8230;\n<p>y no crea fuentes de empleo ni inversi\u00f3n (peor aun, auyenta la inversi\u00f3n) <a class=\"ws_tweet_time\" href=\"https:\/\/twitter.com\/webadedios\/statuses\/1127945119657644032\">-&gt;<\/a><\/li>\n<li class=\"ws_tweet\">RT <a href=\"https:\/\/twitter.com\/VicenteFoxQue\">@VicenteFoxQue<\/a>: L\u00f3pez, cuando entender\u00e1s que no va por ah\u00ed<br \/>\nLa \u00fanica y mejor alternativa de financiaci\u00f3n es la Reforma Energ\u00eda y la inve\u2026 <a class=\"ws_tweet_time\" href=\"https:\/\/twitter.com\/webadedios\/statuses\/1127944457570136064\">-&gt;<\/a><\/li>\n<li class=\"ws_tweet\">RT <a href=\"https:\/\/twitter.com\/econoclasta\">@econoclasta<\/a>: En el universo paralelo de L\u00f3pez se pueden construir refiner\u00edas en manglares y trenes en la selva y no hay cuete. <a href=\"https:\/\/\u2026\" rel=\"nofollow\">https:\/\/\u2026<\/a> <a class=\"ws_tweet_time\" href=\"https:\/\/twitter.com\/webadedios\/statuses\/1127943362361942016\">-&gt;<\/a><\/li>\n<li class=\"ws_tweet\">RT <a href=\"https:\/\/twitter.com\/ponchohd\">@ponchohd<\/a>: Si le echas la culpa al pasado, te va a ir de la chingada.<br \/>\n&#8211;<br \/>\n&#8211;<br \/>\n&#8211;<br \/>\n&#8211;<br \/>\n&#8211;<br \/>\nMi mam\u00e1 <a class=\"ws_tweet_time\" href=\"https:\/\/twitter.com\/webadedios\/statuses\/1127943313309536256\">-&gt;<\/a><\/li>\n<li class=\"ws_tweet\">RT <a href=\"https:\/\/twitter.com\/AndradeVidales\">@AndradeVidales<\/a>: <a href=\"https:\/\/twitter.com\/GlodeJo07\">@GlodeJo07<\/a> Brozo NO minti\u00f3. 162d\u00edas de Bandazos, EGO y Ocurrencias ma\u00f1aneras: El NAIM, Sta Lucia, Tren Maya, Pemex, Dos\u2026 <a class=\"ws_tweet_time\" href=\"https:\/\/twitter.com\/webadedios\/statuses\/1127921051466444801\">-&gt;<\/a><\/li>\n<li class=\"ws_tweet\">Entran 3 bancos a Refinanciar la deuda de Pemex;  HSBC, JP Morgan y Mitsuho Bank: Refinanciarse es \u201cpedir prestado\u2026 <a href=\"https:\/\/t.co\/95tmj7b2E3\" rel=\"nofollow\">https:\/\/t.co\/95tmj7b2E3<\/a> <a class=\"ws_tweet_time\" href=\"https:\/\/twitter.com\/webadedios\/statuses\/1127920827876425729\">-&gt;<\/a><\/li>\n<li class=\"ws_tweet\">Pemex ahora es una de las empresas con m\u00e1s deuda del mundo, que no es especialista en construcci\u00f3n. <a class=\"ws_tweet_time\" href=\"https:\/\/twitter.com\/webadedios\/statuses\/1127920373364928513\">-&gt;<\/a><\/li>\n<li class=\"ws_tweet\">ampliar cr\u00e9ditos tambi\u00e9n es endeudar, <a class=\"ws_tweet_time\" href=\"https:\/\/twitter.com\/webadedios\/statuses\/1127920214333636608\">-&gt;<\/a><\/li>\n<li class=\"ws_tweet\">El presidente Andr\u00e9s Manuel L\u00f3pez Obrador anunci\u00f3 este lunes la firma de  un acuerdo con HSBC, JP Morgan y Mizuho S\u2026 <a href=\"https:\/\/t.co\/qY1yZ8S8uP\" rel=\"nofollow\">https:\/\/t.co\/qY1yZ8S8uP<\/a> <a class=\"ws_tweet_time\" href=\"https:\/\/twitter.com\/webadedios\/statuses\/1127918704770060290\">-&gt;<\/a><\/li>\n<li class=\"ws_tweet\">M\u00e1s de 2.000 detenidos en Venezuela en 2019 por razones pol\u00edticas, seg\u00fan ONG <a class=\"ws_tweet_time\" href=\"https:\/\/twitter.com\/webadedios\/statuses\/1127904951475351552\">-&gt;<\/a><\/li>\n<li class=\"ws_tweet\">&#039;Brozo&#039; asegura que hay elenco fijo con &#039;papel de reportero&#039;&#8230;&#8230;.\n<p>y yo tambi\u00e9n <a class=\"ws_tweet_time\" href=\"https:\/\/twitter.com\/webadedios\/statuses\/1127904062891012096\">-&gt;<\/a><\/li>\n<li class=\"ws_tweet\">Cruz Azul haci\u00e9ndonos re\u00edr desde 1997.<br \/>\n<a href=\"https:\/\/twitter.com\/search?q=%23CruzAzulVsAmerica&amp;src=hash\">#CruzAzulVsAmerica<\/a> <a class=\"ws_tweet_time\" href=\"https:\/\/twitter.com\/webadedios\/statuses\/1127752121502322691\">-&gt;<\/a><\/li>\n<li class=\"ws_tweet\">El <a href=\"https:\/\/twitter.com\/ClubAmerica\">@ClubAmerica<\/a> elimin\u00f3 al <a href=\"https:\/\/twitter.com\/Cruz_Azul_FC\">@Cruz_Azul_FC<\/a> no importa cuando lean esto. <a href=\"https:\/\/twitter.com\/search?q=%23VamosAm&amp;src=hash\">#VamosAm<\/a>\u00e9rica <a href=\"https:\/\/twitter.com\/search?q=%23Cl&amp;src=hash\">#Cl<\/a>\u00e1sicoJoven <a href=\"https:\/\/twitter.com\/search?q=%23CruzAzulVSAm&amp;src=hash\">#CruzAzulVSAm<\/a>\u00e9rica <a class=\"ws_tweet_time\" href=\"https:\/\/twitter.com\/webadedios\/statuses\/1127751856690749451\">-&gt;<\/a><\/li>\n<\/ul>\n<!--CusAds0-->\n<div style=\"font-size: 0px; height: 0px; line-height: 0px; margin: 0; padding: 0; clear: both;\"><\/div>","protected":false},"excerpt":{"rendered":"<p>Mis twitts del 2019-05-08 al 2019-05-14<\/p>\n","protected":false},"author":1,"featured_media":0,"comment_status":"open","ping_status":"open","sticky":false,"template":"","format":"standard","meta":{"footnotes":""},"categories":[2],"tags":[1878,966,1876,1877,1720,60],"class_list":["post-8488","post","type-post","status-publish","format-standard","hentry","category-actividades","tag-digo","tag-red","tag-social","tag-tuits","tag-tweets","tag-twitter"],"_links":{"self":[{"href":"https:\/\/webadedios.com\/blog\/wp-json\/wp\/v2\/posts\/8488","targetHints":{"allow":["GET"]}}],"collection":[{"href":"https:\/\/webadedios.com\/blog\/wp-json\/wp\/v2\/posts"}],"about":[{"href":"https:\/\/webadedios.com\/blog\/wp-json\/wp\/v2\/types\/post"}],"author":[{"embeddable":true,"href":"https:\/\/webadedios.com\/blog\/wp-json\/wp\/v2\/users\/1"}],"replies":[{"embeddable":true,"href":"https:\/\/webadedios.com\/blog\/wp-json\/wp\/v2\/comments?post=8488"}],"version-history":[{"count":0,"href":"https:\/\/webadedios.com\/blog\/wp-json\/wp\/v2\/posts\/8488\/revisions"}],"wp:attachment":[{"href":"https:\/\/webadedios.com\/blog\/wp-json\/wp\/v2\/media?parent=8488"}],"wp:term":[{"taxonomy":"category","embeddable":true,"href":"https:\/\/webadedios.com\/blog\/wp-json\/wp\/v2\/categories?post=8488"},{"taxonomy":"post_tag","embeddable":true,"href":"https:\/\/webadedios.com\/blog\/wp-json\/wp\/v2\/tags?post=8488"}],"curies":[{"name":"wp","href":"https:\/\/api.w.org\/{rel}","templated":true}]}}