{"id":8487,"date":"2019-05-08T05:40:00","date_gmt":"2019-05-08T10:40:00","guid":{"rendered":"http:\/\/webadedios.com\/blog\/?p=8487"},"modified":"2019-05-08T05:40:00","modified_gmt":"2019-05-08T10:40:00","slug":"mis-twitts-del-2019-05-01-al-2019-05-07","status":"publish","type":"post","link":"https:\/\/webadedios.com\/blog\/2019\/actividades\/mis-twitts-del-2019-05-01-al-2019-05-07\/","title":{"rendered":"Mis twitts del 2019-05-01 al 2019-05-07"},"content":{"rendered":"<ul class=\"ws_tweet_list\">\n<li class=\"ws_tweet\">Ha renunciado Romo, Ebrad, S\u00e1nchez Cordero, Uz\u00faa, pero como todo dictador no acepta renuncias.\n<p>esperando confirmci\u00f3n <a class=\"ws_tweet_time\" href=\"https:\/\/twitter.com\/webadedios\/statuses\/1125848399968972800\">-&gt;<\/a><\/li>\n<li class=\"ws_tweet\">el gobierno de la cdmx, debido a la inseguridad que existe en la ciudad y la culpa es desde los anteriores gobierno\u2026 <a href=\"https:\/\/t.co\/uCy8EOLL2w\" rel=\"nofollow\">https:\/\/t.co\/uCy8EOLL2w<\/a> <a class=\"ws_tweet_time\" href=\"https:\/\/twitter.com\/webadedios\/statuses\/1125847973743812609\">-&gt;<\/a><\/li>\n<li class=\"ws_tweet\">1er. acto entra Romo y renuncia  y no la acepta<br \/>\n2do. acto entra Ebrad y  renuncia y no la aceptan,<br \/>\n3er. acto entra\u2026 <a href=\"https:\/\/t.co\/vNwtF5mK3i\" rel=\"nofollow\">https:\/\/t.co\/vNwtF5mK3i<\/a> <a class=\"ws_tweet_time\" href=\"https:\/\/twitter.com\/webadedios\/statuses\/1125847681195233282\">-&gt;<\/a><\/li>\n<li class=\"ws_tweet\">RT <a href=\"https:\/\/twitter.com\/PedroFerriz\">@PedroFerriz<\/a>: Sobre la construcci\u00f3n del <a href=\"https:\/\/twitter.com\/search?q=%23TrenMaya&amp;src=hash\">#TrenMaya<\/a>, exigen al Gobierno Federal apegarse a la legalidad, ser congruente con el principio j\u2026 <a class=\"ws_tweet_time\" href=\"https:\/\/twitter.com\/webadedios\/statuses\/1125828013378162688\">-&gt;<\/a><\/li>\n<li class=\"ws_tweet\">RT <a href=\"https:\/\/twitter.com\/Arouet_V\">@Arouet_V<\/a>: La miseria humana se exhibe en quienes descalifican a los manifestantes contra <a href=\"https:\/\/twitter.com\/lopezobrador_\">@lopezobrador_<\/a> porque usan marcas y tienen la\u2026 <a class=\"ws_tweet_time\" href=\"https:\/\/twitter.com\/webadedios\/statuses\/1125807233814749185\">-&gt;<\/a><\/li>\n<li class=\"ws_tweet\">RT <a href=\"https:\/\/twitter.com\/GameOfThrones\">@GameOfThrones<\/a>: News from Winterfell.\n<p>The latte that appeared in the episode was a mistake. <\/p>\n<p><a href=\"https:\/\/twitter.com\/search?q=%23Daenerys&amp;src=hash\">#Daenerys<\/a> had ordered an herbal tea. http\u2026 <a class=\"ws_tweet_time\" href=\"https:\/\/twitter.com\/webadedios\/statuses\/1125803165163692037\">-&gt;<\/a><\/li>\n<li class=\"ws_tweet\">En CDMX no existe la readaptaci\u00f3n social, ning\u00fan ladr\u00f3n va a encontrar  trabajo con la misma remuneraci\u00f3n econ\u00f3mica\u2026 <a href=\"https:\/\/t.co\/GU80uZqxzn\" rel=\"nofollow\">https:\/\/t.co\/GU80uZqxzn<\/a> <a class=\"ws_tweet_time\" href=\"https:\/\/twitter.com\/webadedios\/statuses\/1125539490997600256\">-&gt;<\/a><\/li>\n<li class=\"ws_tweet\">RT <a href=\"https:\/\/twitter.com\/Donvix\">@Donvix<\/a>: Tres agresores contra un escolta, y con la ventaja de la sorpresa, y el balance es: uno muerto, uno herido de gravedad, y otro\u2026 <a class=\"ws_tweet_time\" href=\"https:\/\/twitter.com\/webadedios\/statuses\/1125539160331309058\">-&gt;<\/a><\/li>\n<li class=\"ws_tweet\">Qu\u00e9 bueno que H\u00e9ctor de Maule\u00f3n est\u00e9 bien asi cmo su escolta, al parecer fue intento de robo y no atentado (dos cos\u2026 <a href=\"https:\/\/t.co\/8mG1nl8d4G\" rel=\"nofollow\">https:\/\/t.co\/8mG1nl8d4G<\/a> <a class=\"ws_tweet_time\" href=\"https:\/\/twitter.com\/webadedios\/statuses\/1125538633354743808\">-&gt;<\/a><\/li>\n<li class=\"ws_tweet\">RT <a href=\"https:\/\/twitter.com\/aguilarcamin\">@aguilarcamin<\/a>: No hubo un atentado contra el escritor  Hector de Mauleon. Fue un intento de robo de auto. El escritor comia en un restor\u2026 <a class=\"ws_tweet_time\" href=\"https:\/\/twitter.com\/webadedios\/statuses\/1125538207318327296\">-&gt;<\/a><\/li>\n<li class=\"ws_tweet\">Amenazan a Maule\u00f3n y trae escolta que le ha salvado la vida&#8230;\n<p>\u00bfqu\u00e9 hago yo que me amenazan los chairos todos los\u2026 <a href=\"https:\/\/t.co\/c1H4xFUjdD\" rel=\"nofollow\">https:\/\/t.co\/c1H4xFUjdD<\/a> <a class=\"ws_tweet_time\" href=\"https:\/\/twitter.com\/webadedios\/statuses\/1125519884161564672\">-&gt;<\/a><\/li>\n<li class=\"ws_tweet\">RT <a href=\"https:\/\/twitter.com\/obititlan\">@obititlan<\/a>: Lo que encontrar\u00e1n.<br \/>\n<a href=\"https:\/\/twitter.com\/reforma\">@reforma<\/a> <a href=\"https:\/\/twitter.com\/reformaopinion\">@reformaopinion<\/a> <a href=\"https:\/\/t.co\/qImRPUm5XZ\" rel=\"nofollow\">https:\/\/t.co\/qImRPUm5XZ<\/a> <a class=\"ws_tweet_time\" href=\"https:\/\/twitter.com\/webadedios\/statuses\/1125519226930958344\">-&gt;<\/a><\/li>\n<li class=\"ws_tweet\">RT <a href=\"https:\/\/twitter.com\/hdemauleon\">@hdemauleon<\/a>: La marcha de la oposici\u00f3n.<br \/>\n\ud83d\udc47 <a href=\"https:\/\/t.co\/ALUIZxxH1X\" rel=\"nofollow\">https:\/\/t.co\/ALUIZxxH1X<\/a> <a class=\"ws_tweet_time\" href=\"https:\/\/twitter.com\/webadedios\/statuses\/1125519027948929024\">-&gt;<\/a><\/li>\n<li class=\"ws_tweet\">RT <a href=\"https:\/\/twitter.com\/hdemauleon\">@hdemauleon<\/a>: \ud83d\udc47 <a href=\"https:\/\/t.co\/Tz7lj2rcEj\" rel=\"nofollow\">https:\/\/t.co\/Tz7lj2rcEj<\/a> <a class=\"ws_tweet_time\" href=\"https:\/\/twitter.com\/webadedios\/statuses\/1125518824307081216\">-&gt;<\/a><\/li>\n<li class=\"ws_tweet\">, iban asaltar al periodista H\u00e9ctor de Maule\u00f3n pero su escolta lo defiende y mata a un delincuente. Ocurri\u00f3 en la e\u2026 <a href=\"https:\/\/t.co\/SDKybyRqyz\" rel=\"nofollow\">https:\/\/t.co\/SDKybyRqyz<\/a> <a class=\"ws_tweet_time\" href=\"https:\/\/twitter.com\/webadedios\/statuses\/1125518028098109441\">-&gt;<\/a><\/li>\n<li class=\"ws_tweet\">El nuevo tr\u00e1iler de <a href=\"https:\/\/twitter.com\/search?q=%23SpiderManFarFromHome&amp;src=hash\">#SpiderManFarFromHome<\/a> est\u00e1 lleno de spoilers\n<p>boicot <a class=\"ws_tweet_time\" href=\"https:\/\/twitter.com\/webadedios\/statuses\/1125418538724921344\">-&gt;<\/a><\/li>\n<li class=\"ws_tweet\">RT <a href=\"https:\/\/twitter.com\/VicenteFoxQue\">@VicenteFoxQue<\/a>: L\u00f3pez,no todo es ahorro,es importante,pero MAS importante es crecer invirtiendo<br \/>\nM\u00e1s importante rodearte d talentos aunqu\u2026 <a class=\"ws_tweet_time\" href=\"https:\/\/twitter.com\/webadedios\/statuses\/1125415864185040897\">-&gt;<\/a><\/li>\n<li class=\"ws_tweet\">Los opositores al Gobierno tienen derecho a manifestarse <a class=\"ws_tweet_time\" href=\"https:\/\/twitter.com\/webadedios\/statuses\/1125415815489163264\">-&gt;<\/a><\/li>\n<li class=\"ws_tweet\">Esto es reflejo de un gobierno que no da confianza.\n<p> <a href=\"https:\/\/twitter.com\/search?q=%23AmloMXTeReclama&amp;src=hash\">#AmloMXTeReclama<\/a> <a class=\"ws_tweet_time\" href=\"https:\/\/twitter.com\/webadedios\/statuses\/1125415198305738759\">-&gt;<\/a><\/li>\n<li class=\"ws_tweet\">2-Llantas incendiadas: 0<br \/>\n-Barricadas: 0<br \/>\n-Bombas molotov: 0<br \/>\n-Cohetones: 0<br \/>\n-Piedras lanzadas: 0<br \/>\n-Vehiculos privados d\u2026 <a href=\"https:\/\/t.co\/7QNCltiok8\" rel=\"nofollow\">https:\/\/t.co\/7QNCltiok8<\/a> <a class=\"ws_tweet_time\" href=\"https:\/\/twitter.com\/webadedios\/statuses\/1125414765185179648\">-&gt;<\/a><\/li>\n<li class=\"ws_tweet\">-Saldos de la marcha:<br \/>\n-Camiones secuestrados: 0<br \/>\n-Comercios vandalizados: 0<br \/>\n-Monumentos da\u00f1ados: 0<br \/>\n-Grafitis en monu\u2026 <a href=\"https:\/\/t.co\/HlE0c2QFyI\" rel=\"nofollow\">https:\/\/t.co\/HlE0c2QFyI<\/a> <a class=\"ws_tweet_time\" href=\"https:\/\/twitter.com\/webadedios\/statuses\/1125414715944046592\">-&gt;<\/a><\/li>\n<li class=\"ws_tweet\">Viene un nuevo ciclo de recortes. De verdad que la econom\u00eda no es lo suyo \u2066@GobiernoMX\u2069 \u2066@lopezobrador_\u2069 <a href=\"https:\/\/twitter.com\/search?q=%23AmloMxTeReclama&amp;src=hash\">#AmloMxTeReclama<\/a> <a class=\"ws_tweet_time\" href=\"https:\/\/twitter.com\/webadedios\/statuses\/1125414436271947776\">-&gt;<\/a><\/li>\n<li class=\"ws_tweet\">Lo que mas les arde, fue el reclamo digno y no un partido dando tortas a acarriados. Eso es lo que les cala y por e\u2026 <a href=\"https:\/\/t.co\/m1Bq5ilGjX\" rel=\"nofollow\">https:\/\/t.co\/m1Bq5ilGjX<\/a> <a class=\"ws_tweet_time\" href=\"https:\/\/twitter.com\/webadedios\/statuses\/1125413922532728832\">-&gt;<\/a><\/li>\n<li class=\"ws_tweet\">Un d\u00eda dicen que son puros fif\u00eds de clase media y alta y por eso no vale la marcha y al otro que son acarreados por\u2026 <a href=\"https:\/\/t.co\/qIT4yzl0lk\" rel=\"nofollow\">https:\/\/t.co\/qIT4yzl0lk<\/a> <a class=\"ws_tweet_time\" href=\"https:\/\/twitter.com\/webadedios\/statuses\/1125413600603119617\">-&gt;<\/a><\/li>\n<li class=\"ws_tweet\"><a href=\"https:\/\/twitter.com\/search?q=%23AmloMXTeReclama&amp;src=hash\">#AmloMXTeReclama<\/a> dejar de usar el resentimiento y la envidia como herramienta de manipulaci\u00f3n a los m\u00e1s ignorantes <a class=\"ws_tweet_time\" href=\"https:\/\/twitter.com\/webadedios\/statuses\/1125413398546718720\">-&gt;<\/a><\/li>\n<li class=\"ws_tweet\">Mi consejo a los aficionados de cruz azul&#8230; No se ilusionen <a class=\"ws_tweet_time\" href=\"https:\/\/twitter.com\/webadedios\/statuses\/1125412862967582720\">-&gt;<\/a><\/li>\n<li class=\"ws_tweet\">Cruz azul le toca pap\u00e1 en liguilla, Am\u00e9rica gran favorito <a class=\"ws_tweet_time\" href=\"https:\/\/twitter.com\/webadedios\/statuses\/1125412661229961217\">-&gt;<\/a><\/li>\n<li class=\"ws_tweet\">Hasta Daenerys necesita un caf\u00e9 bien caliente los lunes <a href=\"https:\/\/t.co\/1wfJFqY1bx\" rel=\"nofollow\">https:\/\/t.co\/1wfJFqY1bx<\/a> <a class=\"ws_tweet_time\" href=\"https:\/\/twitter.com\/webadedios\/statuses\/1125375713866145792\">-&gt;<\/a><\/li>\n<li class=\"ws_tweet\">RT <a href=\"https:\/\/twitter.com\/PedroFerriz\">@PedroFerriz<\/a>: Monterrey, hoy.<br \/>\nEn 6 meses esto representar\u00e1 una resistencia total.<br \/>\nSi no es Morena, ni PAN ni PRI. Debemos formar la ba\u2026 <a class=\"ws_tweet_time\" href=\"https:\/\/twitter.com\/webadedios\/statuses\/1125375130891423745\">-&gt;<\/a><\/li>\n<li class=\"ws_tweet\">RT <a href=\"https:\/\/twitter.com\/carlosalazraki\">@carlosalazraki<\/a>: \u00bf Alguien me puede explicar porque ning\u00fan peri\u00f3dico excepto El Universal ha publicado algo de las marchas ?<br \/>\nMmmmm \ud83e\udd14\ud83e\udd14\ud83e\udd14 M\u2026 <a class=\"ws_tweet_time\" href=\"https:\/\/twitter.com\/webadedios\/statuses\/1125375063488913408\">-&gt;<\/a><\/li>\n<li class=\"ws_tweet\">Viendo Game of Thrones <a class=\"ws_tweet_time\" href=\"https:\/\/twitter.com\/webadedios\/statuses\/1125275371698569216\">-&gt;<\/a><\/li>\n<li class=\"ws_tweet\">Pues no asciende Dorados <a class=\"ws_tweet_time\" href=\"https:\/\/twitter.com\/webadedios\/statuses\/1125264076932898817\">-&gt;<\/a><\/li>\n<li class=\"ws_tweet\">RT <a href=\"https:\/\/twitter.com\/BisnietAhuizote\">@BisnietAhuizote<\/a>: Cuando era oposici\u00f3n <a href=\"https:\/\/twitter.com\/lopezobrador_\">@lopezobrador_<\/a> hubiera denunciado el despilfarro del gobierno. Hoy, protege el derroche de <a href=\"https:\/\/twitter.com\/rocio\">@rocio<\/a>\u2026 <a class=\"ws_tweet_time\" href=\"https:\/\/twitter.com\/webadedios\/statuses\/1125081243668840448\">-&gt;<\/a><\/li>\n<li class=\"ws_tweet\">RT <a href=\"https:\/\/twitter.com\/IdaliaAlma\">@IdaliaAlma<\/a>: 12,000 muertos en los meses de tu gobierno <a href=\"https:\/\/twitter.com\/search?q=%23AMLORENUNCIA&amp;src=hash\">#AMLORENUNCIA<\/a> <a href=\"https:\/\/twitter.com\/search?q=%23AmloMxTeReclama&amp;src=hash\">#AmloMxTeReclama<\/a> <a href=\"https:\/\/t.co\/8toyzp5CCn\" rel=\"nofollow\">https:\/\/t.co\/8toyzp5CCn<\/a> <a class=\"ws_tweet_time\" href=\"https:\/\/twitter.com\/webadedios\/statuses\/1125081150349824000\">-&gt;<\/a><\/li>\n<li class=\"ws_tweet\">RT <a href=\"https:\/\/twitter.com\/VicenteFoxQue\">@VicenteFoxQue<\/a>: \u00a1ATENTOS MEXICANOS!<br \/>\nYa no est\u00e1s en campa\u00f1a, M\u00e9xico necesita un presidente no un HABLADOR.<br \/>\n\u00a1Un\u00e1monos! <a href=\"https:\/\/t.co\/9ADSK\u2026\" rel=\"nofollow\">https:\/\/t.co\/9ADSK\u2026<\/a> <a class=\"ws_tweet_time\" href=\"https:\/\/twitter.com\/webadedios\/statuses\/1124813161599782913\">-&gt;<\/a><\/li>\n<li class=\"ws_tweet\">Nadie tiene calidad moral para cuestionar a AMLO seg\u00fan AMLO. <a class=\"ws_tweet_time\" href=\"https:\/\/twitter.com\/webadedios\/statuses\/1124696518236229632\">-&gt;<\/a><\/li>\n<li class=\"ws_tweet\">\ud83d\ude41 <a href=\"https:\/\/t.co\/SD1Ja3h5Iw\" rel=\"nofollow\">https:\/\/t.co\/SD1Ja3h5Iw<\/a> <a class=\"ws_tweet_time\" href=\"https:\/\/twitter.com\/webadedios\/statuses\/1124696493947068419\">-&gt;<\/a><\/li>\n<li class=\"ws_tweet\">Feliz d\u00eda de Star Wars a todos los sensibles a la fuerza \u00a1Hoy es nuestro d\u00eda!<br \/>\n <a href=\"https:\/\/twitter.com\/search?q=%23MayThe4thBeWithYou&amp;src=hash\">#MayThe4thBeWithYou<\/a> <a href=\"https:\/\/twitter.com\/search?q=%23StarWarsDay2019&amp;src=hash\">#StarWarsDay2019<\/a> <a href=\"https:\/\/t.co\/RsruPmnCdk\" rel=\"nofollow\">https:\/\/t.co\/RsruPmnCdk<\/a> <a class=\"ws_tweet_time\" href=\"https:\/\/twitter.com\/webadedios\/statuses\/1124694901541801985\">-&gt;<\/a><\/li>\n<li class=\"ws_tweet\">recortan Gobierno por salvar a Pemex \/ Pemex afila la tijera: despide a 1,952 empleados <a class=\"ws_tweet_time\" href=\"https:\/\/twitter.com\/webadedios\/statuses\/1124692197494939648\">-&gt;<\/a><\/li>\n<li class=\"ws_tweet\">RT <a href=\"https:\/\/twitter.com\/Garcimonero\">@Garcimonero<\/a>: Sin huachicoleros aumentaron en este trimestre las tomas clandestinas en ductos de PEMEX y sin corrupci\u00f3n en PEMEX la para\u2026 <a class=\"ws_tweet_time\" href=\"https:\/\/twitter.com\/webadedios\/statuses\/1124335246219075584\">-&gt;<\/a><\/li>\n<li class=\"ws_tweet\">RT <a href=\"https:\/\/twitter.com\/foroelectricos\">@foroelectricos<\/a>: El Hyundai IONIQ El\u00e9ctrico se renueva con m\u00e1s autonom\u00eda y potencia <a href=\"https:\/\/t.co\/urek1CRDKJ\" rel=\"nofollow\">https:\/\/t.co\/urek1CRDKJ<\/a> <a href=\"https:\/\/twitter.com\/search?q=%23Hyundai&amp;src=hash\">#Hyundai<\/a> <a href=\"https:\/\/twitter.com\/search?q=%23HyundaiIONIQ&amp;src=hash\">#HyundaiIONIQ<\/a> <a href=\"https:\/\/twitter.com\/Hyun\">@Hyun<\/a>\u2026 <a class=\"ws_tweet_time\" href=\"https:\/\/twitter.com\/webadedios\/statuses\/1124335010994098176\">-&gt;<\/a><\/li>\n<li class=\"ws_tweet\">RT <a href=\"https:\/\/twitter.com\/CMATIENZO\">@CMATIENZO<\/a>: \u00bfQu\u00e9 es el populismo?\n<p>&quot;La pat\u00e9tica creencia de que la ignorancia de los individuos se transforma en sabidur\u00eda por el mero h\u2026 <a class=\"ws_tweet_time\" href=\"https:\/\/twitter.com\/webadedios\/statuses\/1124295137918627841\">-&gt;<\/a><\/li>\n<li class=\"ws_tweet\">300,000 muertos en tres sexenios  (216 meses), en 4 meses de AMLO  11,500 s\u00f3lo saca las cuentas y tan s\u00f3lo en su se\u2026 <a href=\"https:\/\/t.co\/4XtfOzuJgJ\" rel=\"nofollow\">https:\/\/t.co\/4XtfOzuJgJ<\/a> <a class=\"ws_tweet_time\" href=\"https:\/\/twitter.com\/webadedios\/statuses\/1124294612200325120\">-&gt;<\/a><\/li>\n<li class=\"ws_tweet\">Aun tengo madre <a class=\"ws_tweet_time\" href=\"https:\/\/twitter.com\/webadedios\/statuses\/1124282799748415488\">-&gt;<\/a><\/li>\n<li class=\"ws_tweet\">M\u00e9xico de los pa\u00edses con los impuestos m\u00e1s altos, pero no es acorde a la obra p\u00fablica.\n<p>Es curioso que pa\u00edses con\u2026 <a href=\"https:\/\/t.co\/lH18qkNWVy\" rel=\"nofollow\">https:\/\/t.co\/lH18qkNWVy<\/a> <a class=\"ws_tweet_time\" href=\"https:\/\/twitter.com\/webadedios\/statuses\/1124103640053092352\">-&gt;<\/a><\/li>\n<li class=\"ws_tweet\">Morena pretende subir impuestos a tabaco, alcohol y chatarra <a class=\"ws_tweet_time\" href=\"https:\/\/twitter.com\/webadedios\/statuses\/1124103433043288067\">-&gt;<\/a><\/li>\n<li class=\"ws_tweet\">el impuesto a la tenencia no se va a inventar ni se va a incrementar, ni  nada, simple y sencillamente creemos, que\u2026 <a href=\"https:\/\/t.co\/HgeXiZC6CP\" rel=\"nofollow\">https:\/\/t.co\/HgeXiZC6CP<\/a> <a class=\"ws_tweet_time\" href=\"https:\/\/twitter.com\/webadedios\/statuses\/1124102757093453824\">-&gt;<\/a><\/li>\n<li class=\"ws_tweet\">Gobierno mexicano considerar emprender una reforma fiscal. Entre sus  sugerencias est\u00e1 ampliar la base gravable del\u2026 <a href=\"https:\/\/t.co\/EPLbQU1x8R\" rel=\"nofollow\">https:\/\/t.co\/EPLbQU1x8R<\/a> <a class=\"ws_tweet_time\" href=\"https:\/\/twitter.com\/webadedios\/statuses\/1124102299524247553\">-&gt;<\/a><\/li>\n<li class=\"ws_tweet\">RT <a href=\"https:\/\/twitter.com\/hugosanchez_9\">@hugosanchez_9<\/a>: Hola Macho, <a href=\"https:\/\/twitter.com\/IkerCasillas\">@IkerCasillas<\/a> deseo que te recuperes r\u00e1pidamente. Eres un<br \/>\ngrande como persona, futbolista y amigo. Todos des\u2026 <a class=\"ws_tweet_time\" href=\"https:\/\/twitter.com\/webadedios\/statuses\/1124100399718383616\">-&gt;<\/a><\/li>\n<li class=\"ws_tweet\">[RIP] Peter Mayhew, actor que interpret\u00f3 a Chewbacca en Star Wars\n<p>May The Force be with you. <a class=\"ws_tweet_time\" href=\"https:\/\/twitter.com\/webadedios\/statuses\/1124094222745899008\">-&gt;<\/a><\/li>\n<li class=\"ws_tweet\">RT <a href=\"https:\/\/twitter.com\/rpascoep\">@rpascoep<\/a>: Los paralelismos entre Siria y Venezuela son inquietantes.  Dos gobiernos reprimiendo sin piedad a sus pueblos, apoyados por\u2026 <a class=\"ws_tweet_time\" href=\"https:\/\/twitter.com\/webadedios\/statuses\/1124089018638114819\">-&gt;<\/a><\/li>\n<\/ul>\n<!--CusAds0-->\n<div style=\"font-size: 0px; height: 0px; line-height: 0px; margin: 0; padding: 0; clear: both;\"><\/div>","protected":false},"excerpt":{"rendered":"<p>Mis twitts del 2019-05-01 al 2019-05-07<\/p>\n","protected":false},"author":1,"featured_media":0,"comment_status":"open","ping_status":"open","sticky":false,"template":"","format":"standard","meta":{"footnotes":""},"categories":[2],"tags":[1878,966,1876,1877,1720,60],"class_list":["post-8487","post","type-post","status-publish","format-standard","hentry","category-actividades","tag-digo","tag-red","tag-social","tag-tuits","tag-tweets","tag-twitter"],"_links":{"self":[{"href":"https:\/\/webadedios.com\/blog\/wp-json\/wp\/v2\/posts\/8487","targetHints":{"allow":["GET"]}}],"collection":[{"href":"https:\/\/webadedios.com\/blog\/wp-json\/wp\/v2\/posts"}],"about":[{"href":"https:\/\/webadedios.com\/blog\/wp-json\/wp\/v2\/types\/post"}],"author":[{"embeddable":true,"href":"https:\/\/webadedios.com\/blog\/wp-json\/wp\/v2\/users\/1"}],"replies":[{"embeddable":true,"href":"https:\/\/webadedios.com\/blog\/wp-json\/wp\/v2\/comments?post=8487"}],"version-history":[{"count":0,"href":"https:\/\/webadedios.com\/blog\/wp-json\/wp\/v2\/posts\/8487\/revisions"}],"wp:attachment":[{"href":"https:\/\/webadedios.com\/blog\/wp-json\/wp\/v2\/media?parent=8487"}],"wp:term":[{"taxonomy":"category","embeddable":true,"href":"https:\/\/webadedios.com\/blog\/wp-json\/wp\/v2\/categories?post=8487"},{"taxonomy":"post_tag","embeddable":true,"href":"https:\/\/webadedios.com\/blog\/wp-json\/wp\/v2\/tags?post=8487"}],"curies":[{"name":"wp","href":"https:\/\/api.w.org\/{rel}","templated":true}]}}