{"id":8486,"date":"2019-05-01T05:40:00","date_gmt":"2019-05-01T10:40:00","guid":{"rendered":"http:\/\/webadedios.com\/blog\/?p=8486"},"modified":"2019-05-01T05:40:00","modified_gmt":"2019-05-01T10:40:00","slug":"mis-twitts-del-2019-04-24-al-2019-04-30","status":"publish","type":"post","link":"https:\/\/webadedios.com\/blog\/2019\/actividades\/mis-twitts-del-2019-04-24-al-2019-04-30\/","title":{"rendered":"Mis twitts del 2019-04-24 al 2019-04-30"},"content":{"rendered":"<ul class=\"ws_tweet_list\">\n<li class=\"ws_tweet\">RT <a href=\"https:\/\/twitter.com\/VicenteFoxQue\">@VicenteFoxQue<\/a>: Ni siquiera Trump miente tanto como L\u00f3pez.\n<p>El Economista,<br \/>\nDel 1 al 17 de abril, el presidente ha dicho 22 afirmacione\u2026 <a class=\"ws_tweet_time\" href=\"https:\/\/twitter.com\/webadedios\/statuses\/1123264194449739776\">-&gt;<\/a><\/li>\n<li class=\"ws_tweet\">No se mucho de Ley de trabajo, pero la reforma, se basa en los requerimientos del Tratado de Libre Comercio de Esta\u2026 <a href=\"https:\/\/t.co\/Mkxg8Hiuf4\" rel=\"nofollow\">https:\/\/t.co\/Mkxg8Hiuf4<\/a> <a class=\"ws_tweet_time\" href=\"https:\/\/twitter.com\/webadedios\/statuses\/1123263192237473793\">-&gt;<\/a><\/li>\n<li class=\"ws_tweet\">El 30 de mayo arrancar\u00e1 el tratado de libre comercio africano tras la ratificaci\u00f3n de 22 estados y se espera pueda\u2026 <a href=\"https:\/\/t.co\/Yk6B4sdDDi\" rel=\"nofollow\">https:\/\/t.co\/Yk6B4sdDDi<\/a> <a class=\"ws_tweet_time\" href=\"https:\/\/twitter.com\/webadedios\/statuses\/1123263054685323264\">-&gt;<\/a><\/li>\n<li class=\"ws_tweet\">PIB de M\u00e9xico cae 0.2% en primer trimestre de 2019\n<p>M\u00e9xico con AMLO ya con n\u00fameros negativos <a class=\"ws_tweet_time\" href=\"https:\/\/twitter.com\/webadedios\/statuses\/1123252562289930240\">-&gt;<\/a><\/li>\n<li class=\"ws_tweet\">Hoy comienza la Operaci\u00f3n Libertad, un proceso, y no algo de un solo d\u00eda <a href=\"https:\/\/twitter.com\/search?q=%23OperacionLibertad&amp;src=hash\">#OperacionLibertad<\/a> <a href=\"https:\/\/twitter.com\/search?q=%23Venezuela&amp;src=hash\">#Venezuela<\/a> <a class=\"ws_tweet_time\" href=\"https:\/\/twitter.com\/webadedios\/statuses\/1123251781939728385\">-&gt;<\/a><\/li>\n<li class=\"ws_tweet\">Tengo amigos venezolanos y se la a\u00f1oranza de estar en su pa\u00eds, merecen estar en su naci\u00f3n con una vida digna.\n<p>Fuerza Venezuela. \ud83c\uddfb\ud83c\uddea <a class=\"ws_tweet_time\" href=\"https:\/\/twitter.com\/webadedios\/statuses\/1123244869697376257\">-&gt;<\/a><\/li>\n<li class=\"ws_tweet\">Miles de venezolanos han salido a las calles de caracas para atender el llamado del presidente encargado de ese pa\u00ed\u2026 <a href=\"https:\/\/t.co\/eiv9s3uLsV\" rel=\"nofollow\">https:\/\/t.co\/eiv9s3uLsV<\/a> <a class=\"ws_tweet_time\" href=\"https:\/\/twitter.com\/webadedios\/statuses\/1123244720736673792\">-&gt;<\/a><\/li>\n<li class=\"ws_tweet\">M\u00c9XICO, todo con los venezolanos&#8230;. con Maduro nada&#8230; <a class=\"ws_tweet_time\" href=\"https:\/\/twitter.com\/webadedios\/statuses\/1123244489257168896\">-&gt;<\/a><\/li>\n<li class=\"ws_tweet\"><a href=\"https:\/\/twitter.com\/search?q=%23VENEZUELA&amp;src=hash\">#VENEZUELA<\/a> Levantamiento Militar en Venezuela liderado por Juan Guaid\u00f3 &#8211; Se agrava la situaci\u00f3n en Caracas <a class=\"ws_tweet_time\" href=\"https:\/\/twitter.com\/webadedios\/statuses\/1123243676745043969\">-&gt;<\/a><\/li>\n<li class=\"ws_tweet\">Con la muerte por disparo de arma de fuego de la estudiante Aid\u00e9 Mendoza, suman 3 las alumnas fallecidas del CCH Oriente en medio a\u00f1o <a class=\"ws_tweet_time\" href=\"https:\/\/twitter.com\/webadedios\/statuses\/1123108609573969921\">-&gt;<\/a><\/li>\n<li class=\"ws_tweet\">No today <a href=\"https:\/\/twitter.com\/search?q=%23Arya&amp;src=hash\">#Arya<\/a> <a href=\"https:\/\/twitter.com\/search?q=%23AryaStark&amp;src=hash\">#AryaStark<\/a> <a href=\"https:\/\/t.co\/XGIYHgzIYz\" rel=\"nofollow\">https:\/\/t.co\/XGIYHgzIYz<\/a> <a class=\"ws_tweet_time\" href=\"https:\/\/twitter.com\/webadedios\/statuses\/1122959041557348357\">-&gt;<\/a><\/li>\n<li class=\"ws_tweet\">RT <a href=\"https:\/\/twitter.com\/ferbelaunzaran\">@ferbelaunzaran<\/a>: \u00bfDe qu\u00e9 tama\u00f1o ser\u00e1 el fanatismo para que quieran proponer a <a href=\"https:\/\/twitter.com\/lopezobrador_\">@lopezobrador_<\/a> como Premio Nobel de la Paz?\n<p>\u00bfY cu\u00e1les son\u2026 <a class=\"ws_tweet_time\" href=\"https:\/\/twitter.com\/webadedios\/statuses\/1122956097185251329\">-&gt;<\/a><\/li>\n<li class=\"ws_tweet\">&#8230;Premio Nobel de la paz.<br \/>\nMe orin\u00e9 \ud83e\udd23 <a class=\"ws_tweet_time\" href=\"https:\/\/twitter.com\/webadedios\/statuses\/1122955953119399936\">-&gt;<\/a><\/li>\n<li class=\"ws_tweet\">RT <a href=\"https:\/\/twitter.com\/edelamadrid\">@edelamadrid<\/a>: Da pena el AICM y el trato que le damos a nuestros visitantes. Debiera decir a la entrada Bienvenido a un pa\u00eds en v\u00edas de\u2026 <a class=\"ws_tweet_time\" href=\"https:\/\/twitter.com\/webadedios\/statuses\/1122950013607448576\">-&gt;<\/a><\/li>\n<li class=\"ws_tweet\">RT <a href=\"https:\/\/twitter.com\/slcuervo\">@slcuervo<\/a>: Con este <a href=\"https:\/\/twitter.com\/search?q=%23NissanLEAF&amp;src=hash\">#NissanLEAF<\/a> tambi\u00e9n se mueve uno muy bien por las Islas Canarias \ud83d\ude04<br \/>\n<a href=\"https:\/\/twitter.com\/search?q=%23pasatealoelectrico&amp;src=hash\">#pasatealoelectrico<\/a> <a href=\"https:\/\/t.co\/VhGFAspg9K\" rel=\"nofollow\">https:\/\/t.co\/VhGFAspg9K<\/a> <a class=\"ws_tweet_time\" href=\"https:\/\/twitter.com\/webadedios\/statuses\/1122949564472930305\">-&gt;<\/a><\/li>\n<li class=\"ws_tweet\">RT <a href=\"https:\/\/twitter.com\/V_TrujilloM\">@V_TrujilloM<\/a>: Para evitar el jueguito de los rehenes, los linchamientos en abonos o la misericordia de tu silencio: nombres y pruebas, p\u2026 <a class=\"ws_tweet_time\" href=\"https:\/\/twitter.com\/webadedios\/statuses\/1122949506868436993\">-&gt;<\/a><\/li>\n<li class=\"ws_tweet\">RT <a href=\"https:\/\/twitter.com\/VicenteFoxQue\">@VicenteFoxQue<\/a>: Para cuando funciona la Guardia Militar??<br \/>\nSeguimos perdida tras perdida de vidas humanas.<br \/>\nEstos son los resultados cuand\u2026 <a class=\"ws_tweet_time\" href=\"https:\/\/twitter.com\/webadedios\/statuses\/1122883889578610688\">-&gt;<\/a><\/li>\n<li class=\"ws_tweet\">RT <a href=\"https:\/\/twitter.com\/GameOfThrones\">@GameOfThrones<\/a>: Stick em with the pointy end. <a href=\"https:\/\/twitter.com\/search?q=%23AryaStark&amp;src=hash\">#AryaStark<\/a> <a href=\"https:\/\/twitter.com\/Maisie_Williams\">@Maisie_Williams<\/a> <a href=\"https:\/\/twitter.com\/search?q=%23NotToday&amp;src=hash\">#NotToday<\/a> <a href=\"https:\/\/t.co\/o1csaGXgUu\" rel=\"nofollow\">https:\/\/t.co\/o1csaGXgUu<\/a> <a class=\"ws_tweet_time\" href=\"https:\/\/twitter.com\/webadedios\/statuses\/1122883580013813761\">-&gt;<\/a><\/li>\n<li class=\"ws_tweet\">Se acab\u00f3 la temporada con el PSV para Hirving Lozano por la lesi\u00f3n en la rodilla que sufri\u00f3 el jueves 25 de abril. <a class=\"ws_tweet_time\" href=\"https:\/\/twitter.com\/webadedios\/statuses\/1122879187122098177\">-&gt;<\/a><\/li>\n<li class=\"ws_tweet\">creer que todo tiene soluci\u00f3n no es optimismo, es talento. <a class=\"ws_tweet_time\" href=\"https:\/\/twitter.com\/webadedios\/statuses\/1122879073305468929\">-&gt;<\/a><\/li>\n<li class=\"ws_tweet\">faltan 57 d\u00edas para vacaciones,\n<p>menos:<br \/>\n\u2714 30 de abril<br \/>\n\u2714 1\u00b0 de mayo<br \/>\n\u2714 10 de mayo<br \/>\n\u2714 15 de mayo<br \/>\n\u2714 24 de mayo y 14 de\u2026 <a href=\"https:\/\/t.co\/bBsJTHzxCM\" rel=\"nofollow\">https:\/\/t.co\/bBsJTHzxCM<\/a> <a class=\"ws_tweet_time\" href=\"https:\/\/twitter.com\/webadedios\/statuses\/1122878486698430464\">-&gt;<\/a><\/li>\n<li class=\"ws_tweet\">ya solo faltan 35 d\u00edas de clases. <a class=\"ws_tweet_time\" href=\"https:\/\/twitter.com\/webadedios\/statuses\/1122878077187559424\">-&gt;<\/a><\/li>\n<li class=\"ws_tweet\">RT <a href=\"https:\/\/twitter.com\/amerika_jake\">@amerika_jake<\/a>: Que triste se han acabado mis vacaciones    <a href=\"https:\/\/twitter.com\/search?q=%23RegresoAClases&amp;src=hash\">#RegresoAClases<\/a> y haci ayer me la pase <a href=\"https:\/\/t.co\/JnQwaFZk6G\" rel=\"nofollow\">https:\/\/t.co\/JnQwaFZk6G<\/a> <a class=\"ws_tweet_time\" href=\"https:\/\/twitter.com\/webadedios\/statuses\/1122877822962479104\">-&gt;<\/a><\/li>\n<li class=\"ws_tweet\">RT <a href=\"https:\/\/twitter.com\/PedroFerriz\">@PedroFerriz<\/a>: \ud83d\udcf0 En algunos lugares como la CDMX y Veracruz ha iniciado operaciones la <a href=\"https:\/\/twitter.com\/search?q=%23GuardiaNacional&amp;src=hash\">#GuardiaNacional<\/a>, sus primeros reportes indican un\u2026 <a class=\"ws_tweet_time\" href=\"https:\/\/twitter.com\/webadedios\/statuses\/1122842296720949249\">-&gt;<\/a><\/li>\n<li class=\"ws_tweet\">RT <a href=\"https:\/\/twitter.com\/alvaritoalfaro\">@alvaritoalfaro<\/a>: Arya Se\u00f1ora de los mil rostros, viola herreros, mata reyes de la noche, la que cierra ojos marrones, verdes y AZULES!!,\u2026 <a class=\"ws_tweet_time\" href=\"https:\/\/twitter.com\/webadedios\/statuses\/1122802536593809408\">-&gt;<\/a><\/li>\n<li class=\"ws_tweet\"><a href=\"https:\/\/twitter.com\/search?q=%23NotToday&amp;src=hash\">#NotToday<\/a> <a class=\"ws_tweet_time\" href=\"https:\/\/twitter.com\/webadedios\/statuses\/1122802235073880066\">-&gt;<\/a><\/li>\n<li class=\"ws_tweet\">No Today <a class=\"ws_tweet_time\" href=\"https:\/\/twitter.com\/webadedios\/statuses\/1122797783004663809\">-&gt;<\/a><\/li>\n<li class=\"ws_tweet\">No hoy <a class=\"ws_tweet_time\" href=\"https:\/\/twitter.com\/webadedios\/statuses\/1122797751622864896\">-&gt;<\/a><\/li>\n<li class=\"ws_tweet\"><a href=\"https:\/\/twitter.com\/search?q=%23AryaStark&amp;src=hash\">#AryaStark<\/a> <a href=\"https:\/\/twitter.com\/search?q=%23GameOfThrones&amp;src=hash\">#GameOfThrones<\/a> <a href=\"https:\/\/t.co\/kwsKb7MOrK\" rel=\"nofollow\">https:\/\/t.co\/kwsKb7MOrK<\/a> <a class=\"ws_tweet_time\" href=\"https:\/\/twitter.com\/webadedios\/statuses\/1122797448081047552\">-&gt;<\/a><\/li>\n<li class=\"ws_tweet\">Madre de los Dragones, ruega por ellos.<br \/>\nRey del Norte, ruega por ellos.<br \/>\nProtector de los 7 reinos, ruega por ell\u2026 <a href=\"https:\/\/t.co\/FGlqE7rKiy\" rel=\"nofollow\">https:\/\/t.co\/FGlqE7rKiy<\/a> <a class=\"ws_tweet_time\" href=\"https:\/\/twitter.com\/webadedios\/statuses\/1122796004787539968\">-&gt;<\/a><\/li>\n<li class=\"ws_tweet\">Nadie puede matar al Rey de la Noche; nadie lo hizo.  <a href=\"https:\/\/twitter.com\/search?q=%23GameofThrones&amp;src=hash\">#GameofThrones<\/a> <a class=\"ws_tweet_time\" href=\"https:\/\/twitter.com\/webadedios\/statuses\/1122794573942730752\">-&gt;<\/a><\/li>\n<li class=\"ws_tweet\"><a href=\"https:\/\/twitter.com\/search?q=%23AryaStark&amp;src=hash\">#AryaStark<\/a>\n<p>Ojos caf\u00e9s: Walder Frey<br \/>\nOjos azules: Rey de la Noche<br \/>\nOjos verdes: Cersei Lannister <a class=\"ws_tweet_time\" href=\"https:\/\/twitter.com\/webadedios\/statuses\/1122794355721297921\">-&gt;<\/a><\/li>\n<li class=\"ws_tweet\">Bran siempre estuvo 2 pasos adelante del Rey de la noche, es el Dr. Strange de Poniente :v\n<p><a href=\"https:\/\/twitter.com\/search?q=%23GameOfThrones&amp;src=hash\">#GameOfThrones<\/a> <a class=\"ws_tweet_time\" href=\"https:\/\/twitter.com\/webadedios\/statuses\/1122794087130783744\">-&gt;<\/a><\/li>\n<li class=\"ws_tweet\">Pero que gran capitulo de <a href=\"https:\/\/twitter.com\/search?q=%23GamefThrones&amp;src=hash\">#GamefThrones<\/a> creo que estoy en shock, no lo puedo creer <a class=\"ws_tweet_time\" href=\"https:\/\/twitter.com\/webadedios\/statuses\/1122793746930851840\">-&gt;<\/a><\/li>\n<li class=\"ws_tweet\">todo lo que sufr\u00ed este fin de semana es indescriptible, entre <a href=\"https:\/\/twitter.com\/search?q=%23Endgame&amp;src=hash\">#Endgame<\/a> y <a href=\"https:\/\/twitter.com\/search?q=%23GameofThrones&amp;src=hash\">#GameofThrones<\/a> me quedo con GOT <a class=\"ws_tweet_time\" href=\"https:\/\/twitter.com\/webadedios\/statuses\/1122793546069815296\">-&gt;<\/a><\/li>\n<li class=\"ws_tweet\">Esta semana fue de los stark. <a href=\"https:\/\/t.co\/gytshnjCkH\" rel=\"nofollow\">https:\/\/t.co\/gytshnjCkH<\/a> <a class=\"ws_tweet_time\" href=\"https:\/\/twitter.com\/webadedios\/statuses\/1122793325151563776\">-&gt;<\/a><\/li>\n<li class=\"ws_tweet\">Cuando cae la nieve y sopla el viento blanco, el lobo solitario muere, pero la manada sobrevive\n<p>\u00bb Eddard Stark <a class=\"ws_tweet_time\" href=\"https:\/\/twitter.com\/webadedios\/statuses\/1122793060172222465\">-&gt;<\/a><\/li>\n<li class=\"ws_tweet\">\u00bfQu\u00e9 le decimos a la muerte?\n<p>Hoy no     <\/p>\n<p><a href=\"https:\/\/twitter.com\/search?q=%23GOT&amp;src=hash\">#GOT<\/a> <a href=\"https:\/\/twitter.com\/search?q=%23GameofThrones&amp;src=hash\">#GameofThrones<\/a> <a class=\"ws_tweet_time\" href=\"https:\/\/twitter.com\/webadedios\/statuses\/1122792806676946945\">-&gt;<\/a><\/li>\n<li class=\"ws_tweet\">Arya te idolatro <a href=\"https:\/\/twitter.com\/search?q=%23BattleForWinterfell&amp;src=hash\">#BattleForWinterfell<\/a><br \/>\n  <a href=\"https:\/\/twitter.com\/search?q=%23GameofThrones&amp;src=hash\">#GameofThrones<\/a> <a href=\"https:\/\/twitter.com\/search?q=%23JuegoDeTronos&amp;src=hash\">#JuegoDeTronos<\/a> <a class=\"ws_tweet_time\" href=\"https:\/\/twitter.com\/webadedios\/statuses\/1122792273874493441\">-&gt;<\/a><\/li>\n<li class=\"ws_tweet\">RT <a href=\"https:\/\/twitter.com\/VicenteFoxQue\">@VicenteFoxQue<\/a>: Que enredos de Morena y todo su clan.<br \/>\nViolencia, amenazas, corrupci\u00f3n y finalmente asesinatos.<br \/>\nEl pa\u00eds necesita m\u00e1s verd\u2026 <a class=\"ws_tweet_time\" href=\"https:\/\/twitter.com\/webadedios\/statuses\/1122680012174516224\">-&gt;<\/a><\/li>\n<li class=\"ws_tweet\">Orgulloso de Bielsa <a class=\"ws_tweet_time\" href=\"https:\/\/twitter.com\/webadedios\/statuses\/1122679402586869760\">-&gt;<\/a><\/li>\n<li class=\"ws_tweet\">RT <a href=\"https:\/\/twitter.com\/FelipeCalderon\">@FelipeCalderon<\/a>: Por lo que se ve, la Reforma Laboral ser\u00e1 un duro golpe para el aparato productivo. Se empeoran las cosas para la econo\u2026 <a class=\"ws_tweet_time\" href=\"https:\/\/twitter.com\/webadedios\/statuses\/1122670097913397248\">-&gt;<\/a><\/li>\n<li class=\"ws_tweet\">RT <a href=\"https:\/\/twitter.com\/GameOfThrones\">@GameOfThrones<\/a>: The Night King is coming. <a href=\"https:\/\/twitter.com\/search?q=%23GameofThrones&amp;src=hash\">#GameofThrones<\/a> <a class=\"ws_tweet_time\" href=\"https:\/\/twitter.com\/webadedios\/statuses\/1122663840053960709\">-&gt;<\/a><\/li>\n<li class=\"ws_tweet\">RT <a href=\"https:\/\/twitter.com\/Faitelson_ESPN\">@Faitelson_ESPN<\/a>: El Toluca no estar\u00e1 en liguilla porqu\u00e9 no lo merec\u00eda&#8230;<br \/>\nXolos y Puebla, jugar\u00e1n en la frontera, por el \u00faltimo boleto di\u2026 <a class=\"ws_tweet_time\" href=\"https:\/\/twitter.com\/webadedios\/statuses\/1122576423259185152\">-&gt;<\/a><\/li>\n<li class=\"ws_tweet\">Despu\u00e9s de ver <a href=\"https:\/\/twitter.com\/search?q=%23AvergersEndgame&amp;src=hash\">#AvergersEndgame<\/a>  ya puedo ver redes sociales sin sentir angustia permanente <a class=\"ws_tweet_time\" href=\"https:\/\/twitter.com\/webadedios\/statuses\/1122382269363175425\">-&gt;<\/a><\/li>\n<li class=\"ws_tweet\">RT <a href=\"https:\/\/twitter.com\/pablo_majluf\">@pablo_majluf<\/a>: Qu\u00e9 grato es conocer a alguien que  despert\u00f3 del obradorismo. Es como recuperar a un hermano que se perdi\u00f3 a\u00f1os en un cul\u2026 <a class=\"ws_tweet_time\" href=\"https:\/\/twitter.com\/webadedios\/statuses\/1122381729183031296\">-&gt;<\/a><\/li>\n<li class=\"ws_tweet\">RT <a href=\"https:\/\/twitter.com\/mundOriginal\">@mundOriginal<\/a>: No quer\u00eda hacer m\u00e1s chistes de pol\u00edtica pero tengo que admitir que el se\u00f1or Lopez Obrador tiene la magia para hacer cambi\u2026 <a class=\"ws_tweet_time\" href=\"https:\/\/twitter.com\/webadedios\/statuses\/1122219216826974208\">-&gt;<\/a><\/li>\n<li class=\"ws_tweet\">&quot;Bienvenido al Aeropuerto de Toluca, su vuelo de trasbordo sale de la terminal de Santa Luc\u00eda en 1 hora&quot; <a href=\"https:\/\/t.co\/Kx32EG8NLu\" rel=\"nofollow\">https:\/\/t.co\/Kx32EG8NLu<\/a> <a class=\"ws_tweet_time\" href=\"https:\/\/twitter.com\/webadedios\/statuses\/1122143177421611009\">-&gt;<\/a><\/li>\n<li class=\"ws_tweet\">Terminal de Santa Luc\u00eda, m\u00e1s cara.<br \/>\nGasolina, m\u00e1s cara.<br \/>\nDesempleo, m\u00e1s alto.<br \/>\nImpunidad, m\u00e1s alta.<br \/>\nDelincuencia, m\u00e1s\u2026 <a href=\"https:\/\/t.co\/O8JiKSvHLI\" rel=\"nofollow\">https:\/\/t.co\/O8JiKSvHLI<\/a> <a class=\"ws_tweet_time\" href=\"https:\/\/twitter.com\/webadedios\/statuses\/1122142717264498690\">-&gt;<\/a><\/li>\n<li class=\"ws_tweet\">Terminal de Santa Lucia  estar\u00e1 en \u00f3ptimas condiciones de operatividad hasta el 2059 y no es broma, as\u00ed lo dijo el arquitecto responsable <a class=\"ws_tweet_time\" href=\"https:\/\/twitter.com\/webadedios\/statuses\/1122142322609750016\">-&gt;<\/a><\/li>\n<li class=\"ws_tweet\">Terminal de Santa Luc\u00eda, opci\u00f3n 66% m\u00e1s cara que el <a href=\"https:\/\/twitter.com\/search?q=%23NuevoAeropuerto&amp;src=hash\">#NuevoAeropuerto<\/a>.\n<p>Se suman los costos por:<br \/>\n&#8211; obras de acceso\u2026 <a href=\"https:\/\/t.co\/y5KDD43BsH\" rel=\"nofollow\">https:\/\/t.co\/y5KDD43BsH<\/a> <a class=\"ws_tweet_time\" href=\"https:\/\/twitter.com\/webadedios\/statuses\/1122141873164910597\">-&gt;<\/a><\/li>\n<li class=\"ws_tweet\">Como cuando cancelas el <a href=\"https:\/\/twitter.com\/search?q=%23NAIM&amp;src=hash\">#NAIM<\/a> por ser car\u00edsimo de Paris y la Terminal de Santa Luc\u00eda es 66% m\u00e1s costosa.. <a class=\"ws_tweet_time\" href=\"https:\/\/twitter.com\/webadedios\/statuses\/1122141598756818945\">-&gt;<\/a><\/li>\n<li class=\"ws_tweet\">en el 2019 la terminal de Santa Luc\u00eda es m\u00e1s del 66% m\u00e1s cara que el NAIM. <a href=\"https:\/\/twitter.com\/search?q=%23SecretoEnElCerro&amp;src=hash\">#SecretoEnElCerro<\/a> <a class=\"ws_tweet_time\" href=\"https:\/\/twitter.com\/webadedios\/statuses\/1122141508839333894\">-&gt;<\/a><\/li>\n<li class=\"ws_tweet\">3 millones de gracias!!! Quiero decir tanto,que solo dir\u00e9 GRACIAS!!!!   <a href=\"https:\/\/twitter.com\/search?q=%23ThankYouAvengers&amp;src=hash\">#ThankYouAvengers<\/a> <a class=\"ws_tweet_time\" href=\"https:\/\/twitter.com\/webadedios\/statuses\/1122141127736463369\">-&gt;<\/a><\/li>\n<li class=\"ws_tweet\"><a href=\"https:\/\/twitter.com\/search?q=%23ThankYouAvengers&amp;src=hash\">#ThankYouAvengers<\/a>  gracias por ser parte de mi infancia y adolescencia, sacarme tantas  risas y l\u00e1grimas, gracias p\u2026 <a href=\"https:\/\/t.co\/EMOpeEVtLz\" rel=\"nofollow\">https:\/\/t.co\/EMOpeEVtLz<\/a> <a class=\"ws_tweet_time\" href=\"https:\/\/twitter.com\/webadedios\/statuses\/1122140932332240896\">-&gt;<\/a><\/li>\n<li class=\"ws_tweet\">El NAIM era un proyecto certificado a nivel internacional y respaldado  por BONOS VERDES. \u00bfTienen idea de cu\u00e1ntos p\u2026 <a href=\"https:\/\/t.co\/SOaSBiG4Ra\" rel=\"nofollow\">https:\/\/t.co\/SOaSBiG4Ra<\/a> <a class=\"ws_tweet_time\" href=\"https:\/\/twitter.com\/webadedios\/statuses\/1122140607961604096\">-&gt;<\/a><\/li>\n<li class=\"ws_tweet\">RT <a href=\"https:\/\/twitter.com\/joseyuste\">@joseyuste<\/a>: El  Aeropuerto de Texcoco estaba bien dise\u00f1ado, por eso fue financiado en 70% por inversi\u00f3n privada., con bonos verdes y Fib\u2026 <a class=\"ws_tweet_time\" href=\"https:\/\/twitter.com\/webadedios\/statuses\/1122140322774028288\">-&gt;<\/a><\/li>\n<li class=\"ws_tweet\">RT <a href=\"https:\/\/twitter.com\/gorez1\">@gorez1<\/a>: N\u00f3 baj\u00f3 la gasolina<br \/>\nNo combate la corrupci\u00f3n<br \/>\nNo combate la violencia<br \/>\nNo genera inversiones<br \/>\nNo propone soluciones<br \/>\nNo mete a la\u2026 <a class=\"ws_tweet_time\" href=\"https:\/\/twitter.com\/webadedios\/statuses\/1121808402697605125\">-&gt;<\/a><\/li>\n<li class=\"ws_tweet\">RT <a href=\"https:\/\/twitter.com\/Carloslopezjone\">@Carloslopezjone<\/a>: En Cuba, al triunfo de la Revoluci\u00f3n Cubana, se crearon los Comit\u00e9s Vecinales Recolucionarios<br \/>\nSu objetivo, denunciar a\u2026 <a class=\"ws_tweet_time\" href=\"https:\/\/twitter.com\/webadedios\/statuses\/1121807917966135296\">-&gt;<\/a><\/li>\n<li class=\"ws_tweet\">&quot;Senadores de Morena&quot; proponen que ma\u00f1ana no salga el sol para que no haga tanto calor <a class=\"ws_tweet_time\" href=\"https:\/\/twitter.com\/webadedios\/statuses\/1121492504988266503\">-&gt;<\/a><\/li>\n<\/ul>\n<!--CusAds0-->\n<div style=\"font-size: 0px; height: 0px; line-height: 0px; margin: 0; padding: 0; clear: both;\"><\/div>","protected":false},"excerpt":{"rendered":"<p>Mis twitts del 2019-04-24 al 2019-04-30<\/p>\n","protected":false},"author":1,"featured_media":0,"comment_status":"open","ping_status":"open","sticky":false,"template":"","format":"standard","meta":{"footnotes":""},"categories":[2],"tags":[1878,966,1876,1877,1720,60],"class_list":["post-8486","post","type-post","status-publish","format-standard","hentry","category-actividades","tag-digo","tag-red","tag-social","tag-tuits","tag-tweets","tag-twitter"],"_links":{"self":[{"href":"https:\/\/webadedios.com\/blog\/wp-json\/wp\/v2\/posts\/8486","targetHints":{"allow":["GET"]}}],"collection":[{"href":"https:\/\/webadedios.com\/blog\/wp-json\/wp\/v2\/posts"}],"about":[{"href":"https:\/\/webadedios.com\/blog\/wp-json\/wp\/v2\/types\/post"}],"author":[{"embeddable":true,"href":"https:\/\/webadedios.com\/blog\/wp-json\/wp\/v2\/users\/1"}],"replies":[{"embeddable":true,"href":"https:\/\/webadedios.com\/blog\/wp-json\/wp\/v2\/comments?post=8486"}],"version-history":[{"count":0,"href":"https:\/\/webadedios.com\/blog\/wp-json\/wp\/v2\/posts\/8486\/revisions"}],"wp:attachment":[{"href":"https:\/\/webadedios.com\/blog\/wp-json\/wp\/v2\/media?parent=8486"}],"wp:term":[{"taxonomy":"category","embeddable":true,"href":"https:\/\/webadedios.com\/blog\/wp-json\/wp\/v2\/categories?post=8486"},{"taxonomy":"post_tag","embeddable":true,"href":"https:\/\/webadedios.com\/blog\/wp-json\/wp\/v2\/tags?post=8486"}],"curies":[{"name":"wp","href":"https:\/\/api.w.org\/{rel}","templated":true}]}}