{"id":8481,"date":"2019-04-17T05:40:00","date_gmt":"2019-04-17T10:40:00","guid":{"rendered":"http:\/\/webadedios.com\/blog\/?p=8481"},"modified":"2019-04-17T05:40:00","modified_gmt":"2019-04-17T10:40:00","slug":"mis-twitts-del-2019-04-10-al-2019-04-16","status":"publish","type":"post","link":"https:\/\/webadedios.com\/blog\/2019\/actividades\/mis-twitts-del-2019-04-10-al-2019-04-16\/","title":{"rendered":"Mis twitts del 2019-04-10 al 2019-04-16"},"content":{"rendered":"<ul class=\"ws_tweet_list\">\n<li class=\"ws_tweet\">RT <a href=\"https:\/\/twitter.com\/FeIipeCaIdderon\">@FeIipeCaIdderon<\/a>: Durante mi sexenio, evad\u00ed la ley y atropell\u00e9 la constituci\u00f3n, jam\u00e1s la respet\u00e9 incluso la traicion\u00e9, la pisote\u00e9 y no l\u2026 <a class=\"ws_tweet_time\" href=\"https:\/\/twitter.com\/webadedios\/statuses\/1118316377767645185\">-&gt;<\/a><\/li>\n<li class=\"ws_tweet\">Sr. presidente <a href=\"https:\/\/twitter.com\/lopezobrador_\">@lopezobrador_<\/a> ni con todo el poder del presidencialismo en M\u00e9xico, usted puede dejar sin efecto una\u2026 <a href=\"https:\/\/t.co\/1viktzGYuh\" rel=\"nofollow\">https:\/\/t.co\/1viktzGYuh<\/a> <a class=\"ws_tweet_time\" href=\"https:\/\/twitter.com\/webadedios\/statuses\/1118316119893446661\">-&gt;<\/a><\/li>\n<li class=\"ws_tweet\">El Presidente est\u00e1 obligado a cumplir y hacer cumplir la Constituci\u00f3n, no tiene facultades para pedir con memor\u00e1ndums que NO se cumpla. <a class=\"ws_tweet_time\" href=\"https:\/\/twitter.com\/webadedios\/statuses\/1118315980525010945\">-&gt;<\/a><\/li>\n<li class=\"ws_tweet\">RT <a href=\"https:\/\/twitter.com\/ferbelaunzaran\">@ferbelaunzaran<\/a>: Sin facultades legales, el presidente gira sin fundar ni motivar un memor\u00e1ndum para que no se cumpla con la Constituci\u00f3\u2026 <a class=\"ws_tweet_time\" href=\"https:\/\/twitter.com\/webadedios\/statuses\/1118312645063532544\">-&gt;<\/a><\/li>\n<li class=\"ws_tweet\">RT <a href=\"https:\/\/twitter.com\/DeniseDresserG\">@DeniseDresserG<\/a>: Toc toc, Sr. Presidente. Ah\u00ed le habla la Constituci\u00f3n record\u00e1ndole que no puede salt\u00e1rsela con un memor\u00e1ndum presidenci\u2026 <a class=\"ws_tweet_time\" href=\"https:\/\/twitter.com\/webadedios\/statuses\/1118312605729415169\">-&gt;<\/a><\/li>\n<li class=\"ws_tweet\">Fabuloso Ajax. Elimin\u00f3 al Madrid y a la Juve de visitante <a class=\"ws_tweet_time\" href=\"https:\/\/twitter.com\/webadedios\/statuses\/1118312277101416453\">-&gt;<\/a><\/li>\n<li class=\"ws_tweet\">RT <a href=\"https:\/\/twitter.com\/2010MisterChip\">@2010MisterChip<\/a>: Cristiano est\u00e1 fuera de las semis de Champions League por primera vez desde 2010. El Real Madrid est\u00e1 fuera de las semi\u2026 <a class=\"ws_tweet_time\" href=\"https:\/\/twitter.com\/webadedios\/statuses\/1118312168578060289\">-&gt;<\/a><\/li>\n<li class=\"ws_tweet\">RT <a href=\"https:\/\/twitter.com\/Juezcentral\">@Juezcentral<\/a>: Sufre como si fuera un debutante. Y pensar que anot\u00f3 TODOS los goles de la Juve en fase de eliminaci\u00f3n directa. Y pensar q\u2026 <a class=\"ws_tweet_time\" href=\"https:\/\/twitter.com\/webadedios\/statuses\/1118312077234458624\">-&gt;<\/a><\/li>\n<li class=\"ws_tweet\"><a href=\"https:\/\/twitter.com\/search?q=%23DontSpoilTheEndgame&amp;src=hash\">#DontSpoilTheEndgame<\/a> <a class=\"ws_tweet_time\" href=\"https:\/\/twitter.com\/webadedios\/statuses\/1118311854076567553\">-&gt;<\/a><\/li>\n<li class=\"ws_tweet\">RT <a href=\"https:\/\/twitter.com\/PedroFerriz\">@PedroFerriz<\/a>: <a href=\"https:\/\/twitter.com\/search?q=%23PorSiTeLoPerdiste&amp;src=hash\">#PorSiTeLoPerdiste<\/a> \ud83d\ude31<br \/>\n<a href=\"https:\/\/twitter.com\/search?q=%23AMLO&amp;src=hash\">#AMLO<\/a> fue criticado en redes sociales por presuntamente amenazar a reporteros que acuden a sus confer\u2026 <a class=\"ws_tweet_time\" href=\"https:\/\/twitter.com\/webadedios\/statuses\/1118159403742527489\">-&gt;<\/a><\/li>\n<li class=\"ws_tweet\">el 12 de noviembre estar\u00e1 disponible Disney+ en Estados Unidos. No obstante,  el servicio de streaming llegar\u00e1 a La\u2026 <a href=\"https:\/\/t.co\/HV2bWhmirn\" rel=\"nofollow\">https:\/\/t.co\/HV2bWhmirn<\/a> <a class=\"ws_tweet_time\" href=\"https:\/\/twitter.com\/webadedios\/statuses\/1117937117739585536\">-&gt;<\/a><\/li>\n<li class=\"ws_tweet\">Disney anunci\u00f3 la salida de su nuevo servicio de streaming, Disney +. Ser\u00e1 activado el pr\u00f3ximo 12 de noviembre <a class=\"ws_tweet_time\" href=\"https:\/\/twitter.com\/webadedios\/statuses\/1117936759390842881\">-&gt;<\/a><\/li>\n<li class=\"ws_tweet\">Disney+ cobrar\u00e1 la mitad de lo que cobra Netflix. <a class=\"ws_tweet_time\" href=\"https:\/\/twitter.com\/webadedios\/statuses\/1117936509041217538\">-&gt;<\/a><\/li>\n<li class=\"ws_tweet\">Acciones de Netflix caen tras el anuncio de Disney+ <a class=\"ws_tweet_time\" href=\"https:\/\/twitter.com\/webadedios\/statuses\/1117936202856960000\">-&gt;<\/a><\/li>\n<li class=\"ws_tweet\">RT <a href=\"https:\/\/twitter.com\/batmonic93\">@batmonic93<\/a>: &quot;<br \/>\nSus campanas que a veces son truenos\u00a0y otras veces parecen cristal&#8230; y siempre ser\u00e1 el alma de la ciudad&quot; <a href=\"https:\/\/twitter.com\/search?q=%23NotreDame&amp;src=hash\">#NotreDame<\/a> htt\u2026 <a class=\"ws_tweet_time\" href=\"https:\/\/twitter.com\/webadedios\/statuses\/1117921239094517761\">-&gt;<\/a><\/li>\n<li class=\"ws_tweet\">Estaba leyendo un comentario en donde dijeron que las g\u00e1rgolas fueron  retiradas hace una semana para la remodelaci\u2026 <a href=\"https:\/\/t.co\/KEeUzEqd4A\" rel=\"nofollow\">https:\/\/t.co\/KEeUzEqd4A<\/a> <a class=\"ws_tweet_time\" href=\"https:\/\/twitter.com\/webadedios\/statuses\/1117920396332949511\">-&gt;<\/a><\/li>\n<li class=\"ws_tweet\">No cabron, no, el ser ateo y alegrarte por lo de Notre Dame no te hace  intelectual, solo te hace quedar como el gi\u2026 <a href=\"https:\/\/t.co\/4120SXlHXC\" rel=\"nofollow\">https:\/\/t.co\/4120SXlHXC<\/a> <a class=\"ws_tweet_time\" href=\"https:\/\/twitter.com\/webadedios\/statuses\/1117919947341074435\">-&gt;<\/a><\/li>\n<li class=\"ws_tweet\">Tard\u00f3 100 a\u00f1os en construirse, m\u00e1s de 900 a\u00f1os de historia,  sobreviviendo a la Revoluci\u00f3n Francesa e incluso a Gue\u2026 <a href=\"https:\/\/t.co\/0ZKV4v8r5t\" rel=\"nofollow\">https:\/\/t.co\/0ZKV4v8r5t<\/a> <a class=\"ws_tweet_time\" href=\"https:\/\/twitter.com\/webadedios\/statuses\/1117919533472333826\">-&gt;<\/a><\/li>\n<li class=\"ws_tweet\">M\u00e1s de 8 siglos de historia, cultura, arte&#8230; Es una p\u00e9rdida para toda la humanidad y es lo que la gente no entiende \ud83d\ude2d\ud83d\udc94 <a href=\"https:\/\/twitter.com\/search?q=%23NotreDame&amp;src=hash\">#NotreDame<\/a> <a class=\"ws_tweet_time\" href=\"https:\/\/twitter.com\/webadedios\/statuses\/1117919267666530304\">-&gt;<\/a><\/li>\n<li class=\"ws_tweet\">Cuando el drag\u00f3n sabe que a eso, aqu\u00ed y en los 7 reinos se le llama incesto. <a href=\"https:\/\/twitter.com\/search?q=%23GameOfThrones&amp;src=hash\">#GameOfThrones<\/a> <a href=\"https:\/\/twitter.com\/search?q=%23JonSnow&amp;src=hash\">#JonSnow<\/a> <a href=\"https:\/\/twitter.com\/search?q=%23Daenerys&amp;src=hash\">#Daenerys<\/a> <a class=\"ws_tweet_time\" href=\"https:\/\/twitter.com\/webadedios\/statuses\/1117700777777225728\">-&gt;<\/a><\/li>\n<li class=\"ws_tweet\">RT <a href=\"https:\/\/twitter.com\/javicoss\">@javicoss<\/a>: Creo que este cap\u00edtulo  de <a href=\"https:\/\/twitter.com\/search?q=%23GameofThrones&amp;src=hash\">#GameofThrones<\/a> es algo pirata, veo raros a <a href=\"https:\/\/twitter.com\/search?q=%23JonSnow&amp;src=hash\">#JonSnow<\/a> y <a href=\"https:\/\/twitter.com\/search?q=%23Daenerys&amp;src=hash\">#Daenerys<\/a> <a href=\"https:\/\/t.co\/PNOF2kUImn\" rel=\"nofollow\">https:\/\/t.co\/PNOF2kUImn<\/a> <a class=\"ws_tweet_time\" href=\"https:\/\/twitter.com\/webadedios\/statuses\/1117699984542130176\">-&gt;<\/a><\/li>\n<li class=\"ws_tweet\">Desde la intro&#8230; <a href=\"https:\/\/twitter.com\/search?q=%23GameofThrones&amp;src=hash\">#GameofThrones<\/a> <a class=\"ws_tweet_time\" href=\"https:\/\/twitter.com\/webadedios\/statuses\/1117699336643723264\">-&gt;<\/a><\/li>\n<li class=\"ws_tweet\"><a href=\"https:\/\/twitter.com\/search?q=%23GameofThrones&amp;src=hash\">#GameofThrones<\/a> <a class=\"ws_tweet_time\" href=\"https:\/\/twitter.com\/webadedios\/statuses\/1117699263067316224\">-&gt;<\/a><\/li>\n<li class=\"ws_tweet\">RT <a href=\"https:\/\/twitter.com\/webcamsdemexico\">@webcamsdemexico<\/a>: <a href=\"https:\/\/twitter.com\/search?q=%23DenunciaCiudadana&amp;src=hash\">#DenunciaCiudadana<\/a> Asi Amaneci\u00f3 La Playa\u26f1\ufe0f En Ciudad Madero Tamaulipas El d\u00eda de hoy\n<p>\u26a0\ufe0f \u00a1Favor de no tirar basura en\u2026 <a class=\"ws_tweet_time\" href=\"https:\/\/twitter.com\/webadedios\/statuses\/1117698889040179200\">-&gt;<\/a><\/li>\n<li class=\"ws_tweet\">Mi celular sali\u00f3 con la mamada de que necesita espacio, al rato dir\u00e1 que necesita conocer a otras personas, que no soy yo, que es \u00e9l. <a class=\"ws_tweet_time\" href=\"https:\/\/twitter.com\/webadedios\/statuses\/1117310043261743105\">-&gt;<\/a><\/li>\n<li class=\"ws_tweet\">RT <a href=\"https:\/\/twitter.com\/Tlahuicole1318\">@Tlahuicole1318<\/a>: Y  dec\u00edan  que  <a href=\"https:\/\/twitter.com\/FelipeCalderon\">@FelipeCalderon<\/a>   era  el  alcoh\u00f3lico<br \/>\nY  esta  mamada  de <a href=\"https:\/\/twitter.com\/MBarbosaMX\">@MBarbosaMX<\/a>  QUE ???????????????<br \/>\n<a href=\"https:\/\/t.c\u2026\" rel=\"nofollow\">https:\/\/t.c\u2026<\/a> <a class=\"ws_tweet_time\" href=\"https:\/\/twitter.com\/webadedios\/statuses\/1117309020984041472\">-&gt;<\/a><\/li>\n<li class=\"ws_tweet\">RT <a href=\"https:\/\/twitter.com\/JTrianaT\">@JTrianaT<\/a>: La obsesi\u00f3n de AMLO con el peri\u00f3dico <a href=\"https:\/\/twitter.com\/Reforma\">@Reforma<\/a> es impresionante.\n<p>Una vez m\u00e1s los calumnia con un lenguaje y un odio atroz, y\u2026 <a class=\"ws_tweet_time\" href=\"https:\/\/twitter.com\/webadedios\/statuses\/1117306105456222209\">-&gt;<\/a><\/li>\n<li class=\"ws_tweet\">RT <a href=\"https:\/\/twitter.com\/tumbaburross\">@tumbaburross<\/a>: Cay\u00f3 46% la generaci\u00f3n de empleos en M\u00e9xico durante Marzo.\n<p>\u00a1El m\u00e1s bajo en 10 a\u00f1os!<\/p>\n<p>En 100 d\u00edas, AMLO ya rompi\u00f3 muchos\u2026 <a class=\"ws_tweet_time\" href=\"https:\/\/twitter.com\/webadedios\/statuses\/1117305611673382912\">-&gt;<\/a><\/li>\n<li class=\"ws_tweet\">Star Wars Episode IX: The Rise of Skywalker <a class=\"ws_tweet_time\" href=\"https:\/\/twitter.com\/webadedios\/statuses\/1116934577896022016\">-&gt;<\/a><\/li>\n<li class=\"ws_tweet\">RT <a href=\"https:\/\/twitter.com\/FranciscoFlora3\">@FranciscoFlora3<\/a>: La \u00fanica Mujer civil al mando de esta FUERZA DE REPRESI\u00d3N PARAMILITAR malamente llamada GUARDIA NACIONAL,  nos la pres\u2026 <a class=\"ws_tweet_time\" href=\"https:\/\/twitter.com\/webadedios\/statuses\/1116725032456261634\">-&gt;<\/a><\/li>\n<li class=\"ws_tweet\">RT <a href=\"https:\/\/twitter.com\/toque_espn\">@toque_espn<\/a>: Agencia de colocaci\u00f3n de ESPN funcion\u00f3 de nuevo.\n<p><a href=\"https:\/\/twitter.com\/search?q=%23Toque&amp;src=hash\">#Toque<\/a> \ud83d\ude05<\/p>\n<p><a href=\"https:\/\/t.co\/BDPifgvMjV\" rel=\"nofollow\">https:\/\/t.co\/BDPifgvMjV<\/a> <a class=\"ws_tweet_time\" href=\"https:\/\/twitter.com\/webadedios\/statuses\/1116724934649294849\">-&gt;<\/a><\/li>\n<li class=\"ws_tweet\">RT <a href=\"https:\/\/twitter.com\/FelipeCalderon\">@FelipeCalderon<\/a>: Las cifras de homicidios en la gr\u00e1fica son las que el Presidente recibe diario de Cisen. Sin embargo, son preliminares\u2026 <a class=\"ws_tweet_time\" href=\"https:\/\/twitter.com\/webadedios\/statuses\/1116724799387119616\">-&gt;<\/a><\/li>\n<li class=\"ws_tweet\">RT <a href=\"https:\/\/twitter.com\/VicenteFoxQue\">@VicenteFoxQue<\/a>: Vale. Cierto y duro aunque duela.<br \/>\nPor favor veanlo!! <a href=\"https:\/\/t.co\/ojQt12SKo3\" rel=\"nofollow\">https:\/\/t.co\/ojQt12SKo3<\/a> <a class=\"ws_tweet_time\" href=\"https:\/\/twitter.com\/webadedios\/statuses\/1116724675332190208\">-&gt;<\/a><\/li>\n<li class=\"ws_tweet\">&quot;\u00bfNo cree que revelar las fuentes es un ataque a la libertad de prensa?&quot;, le pregunt\u00f3 Jorge Ramos (<a href=\"https:\/\/twitter.com\/jorgeramosnews\">@jorgeramosnews<\/a>) a <a href=\"https:\/\/twitter.com\/lopezobrador\">@lopezobrador<\/a> <a class=\"ws_tweet_time\" href=\"https:\/\/twitter.com\/webadedios\/statuses\/1116724480569696263\">-&gt;<\/a><\/li>\n<li class=\"ws_tweet\">Nicol\u00e1s Benedetti ser\u00e1 operado el d\u00eda de ma\u00f1ana de una fractura del quinto metatarsiano del pie derecho.  Su recupe\u2026 <a href=\"https:\/\/t.co\/FJDzQyUHYj\" rel=\"nofollow\">https:\/\/t.co\/FJDzQyUHYj<\/a> <a class=\"ws_tweet_time\" href=\"https:\/\/twitter.com\/webadedios\/statuses\/1116480019675668482\">-&gt;<\/a><\/li>\n<li class=\"ws_tweet\">la SuperCopa MX 2019 ser\u00e1 Cruz Azul vs Necaxa. Bueno,  cada que esa final entra en conflicto por un equipo que es c\u2026 <a href=\"https:\/\/t.co\/62F8CTj3SH\" rel=\"nofollow\">https:\/\/t.co\/62F8CTj3SH<\/a> <a class=\"ws_tweet_time\" href=\"https:\/\/twitter.com\/webadedios\/statuses\/1116479109780201472\">-&gt;<\/a><\/li>\n<li class=\"ws_tweet\">Necaxa es el elegido para jugar la S\u00faper Copa MX 2019 contra Cruz Azul. Am\u00e9rica no participara ya que disputar\u00e1 Campe\u00f3n de Campeones. <a class=\"ws_tweet_time\" href=\"https:\/\/twitter.com\/webadedios\/statuses\/1116478377844707333\">-&gt;<\/a><\/li>\n<li class=\"ws_tweet\">Hoy gana pap\u00e1, <a href=\"https:\/\/twitter.com\/ClubAmerica\">@ClubAmerica<\/a><br \/>\n<a href=\"https:\/\/twitter.com\/search?q=%23PorLaCopaMx&amp;src=hash\">#PorLaCopaMx<\/a> \ud83c\udfc6 <a href=\"https:\/\/t.co\/DRFhGul9jH\" rel=\"nofollow\">https:\/\/t.co\/DRFhGul9jH<\/a> <a class=\"ws_tweet_time\" href=\"https:\/\/twitter.com\/webadedios\/statuses\/1116142453579501568\">-&gt;<\/a><\/li>\n<li class=\"ws_tweet\"><a href=\"https:\/\/twitter.com\/search?q=%23PorLaCopaMX&amp;src=hash\">#PorLaCopaMX<\/a> \ud83c\udfc6 <a href=\"https:\/\/twitter.com\/ClubAmerica\">@ClubAmerica<\/a>\n<p><a href=\"https:\/\/twitter.com\/search?q=%23VamosAm&amp;src=hash\">#VamosAm<\/a>\u00e9rica \ud83d\udc99\ud83d\udc9b<\/p>\n<p><a href=\"https:\/\/twitter.com\/search?q=%23SeVieneLa39&amp;src=hash\">#SeVieneLa39<\/a> <a class=\"ws_tweet_time\" href=\"https:\/\/twitter.com\/webadedios\/statuses\/1116142045800927232\">-&gt;<\/a><\/li>\n<li class=\"ws_tweet\">\u00a1Vamos, <a href=\"https:\/\/twitter.com\/ClubAmerica\">@ClubAmerica<\/a>! <a href=\"https:\/\/twitter.com\/search?q=%23PorLaCopaMx&amp;src=hash\">#PorLaCopaMx<\/a>&#8230;\n<p>Ando con antojo de mole <a class=\"ws_tweet_time\" href=\"https:\/\/twitter.com\/webadedios\/statuses\/1116141837838897153\">-&gt;<\/a><\/li>\n<li class=\"ws_tweet\">no tendr\u00eda problema en cargar mi celular que se termina la pila a cada rato  <a href=\"https:\/\/twitter.com\/search?q=%23SiFueraShazam&amp;src=hash\">#SiFueraShazam<\/a> <a class=\"ws_tweet_time\" href=\"https:\/\/twitter.com\/webadedios\/statuses\/1116141282815033344\">-&gt;<\/a><\/li>\n<li class=\"ws_tweet\"><a href=\"https:\/\/twitter.com\/search?q=%23DetectivePikachu&amp;src=hash\">#DetectivePikachu<\/a> <a href=\"https:\/\/twitter.com\/search?q=%23Charmander&amp;src=hash\">#Charmander<\/a> <a class=\"ws_tweet_time\" href=\"https:\/\/twitter.com\/webadedios\/statuses\/1116140738838921222\">-&gt;<\/a><\/li>\n<li class=\"ws_tweet\"><a href=\"https:\/\/twitter.com\/search?q=%23squirtle&amp;src=hash\">#squirtle<\/a> <a href=\"https:\/\/twitter.com\/search?q=%23charmander&amp;src=hash\">#charmander<\/a> <a href=\"https:\/\/twitter.com\/search?q=%23bulbasaur&amp;src=hash\">#bulbasaur<\/a> <a href=\"https:\/\/twitter.com\/search?q=%23pikachu&amp;src=hash\">#pikachu<\/a> <a href=\"https:\/\/twitter.com\/search?q=%23mewtwo&amp;src=hash\">#mewtwo<\/a> just trying this lol <a class=\"ws_tweet_time\" href=\"https:\/\/twitter.com\/webadedios\/statuses\/1116140698607263744\">-&gt;<\/a><\/li>\n<li class=\"ws_tweet\"><a href=\"https:\/\/twitter.com\/search?q=%23CosasQueSeMeAntojan&amp;src=hash\">#CosasQueSeMeAntojan<\/a> ir al bosque <a class=\"ws_tweet_time\" href=\"https:\/\/twitter.com\/webadedios\/statuses\/1116140511071547392\">-&gt;<\/a><\/li>\n<li class=\"ws_tweet\">Despu\u00e9s de ver la champions me van a sangrar los ojos al ver la copa de oro <a class=\"ws_tweet_time\" href=\"https:\/\/twitter.com\/webadedios\/statuses\/1116140150822719490\">-&gt;<\/a><\/li>\n<li class=\"ws_tweet\">As\u00ed quedan los grupos para la Copa de Oro a iniciar el 15 de junio:<br \/>\nGrupo A: M\u00e9xico, Canad\u00e1, Martinica, Cuba<br \/>\nGrupo\u2026 <a href=\"https:\/\/t.co\/3sNznYdpm6\" rel=\"nofollow\">https:\/\/t.co\/3sNznYdpm6<\/a> <a class=\"ws_tweet_time\" href=\"https:\/\/twitter.com\/webadedios\/statuses\/1116139882567671808\">-&gt;<\/a><\/li>\n<li class=\"ws_tweet\">M\u00e9xico enfrentar\u00e1 a Canad\u00e1, Cuba y Martinica en Copa Oro\n<p>No son Moleros aunque lo parezca, no menospreciar <a class=\"ws_tweet_time\" href=\"https:\/\/twitter.com\/webadedios\/statuses\/1116139818898141184\">-&gt;<\/a><\/li>\n<li class=\"ws_tweet\">Enfrentar\u00e1 el Tri a Canad\u00e1, Martinica y Cuba en Copa\u00a0Oro\n<p>Echenle ganas y no nos confiemos, en papel luce muy f\u00e1cil <a class=\"ws_tweet_time\" href=\"https:\/\/twitter.com\/webadedios\/statuses\/1116139577293660163\">-&gt;<\/a><\/li>\n<li class=\"ws_tweet\"><a href=\"https:\/\/twitter.com\/search?q=%23martino&amp;src=hash\">#martino<\/a> en entrevista dice que <a href=\"https:\/\/twitter.com\/search?q=%23chicharito&amp;src=hash\">#chicharito<\/a> no estar\u00e1 en copa oro <a class=\"ws_tweet_time\" href=\"https:\/\/twitter.com\/webadedios\/statuses\/1116139251991764993\">-&gt;<\/a><\/li>\n<li class=\"ws_tweet\">Tom\u00e1s Boy y chivas juntos&#8230; El chiste se cuenta solo <a class=\"ws_tweet_time\" href=\"https:\/\/twitter.com\/webadedios\/statuses\/1116138664747241472\">-&gt;<\/a><\/li>\n<li class=\"ws_tweet\">Con dolor en mi ri\u00f1\u00f3n derecho <a class=\"ws_tweet_time\" href=\"https:\/\/twitter.com\/webadedios\/statuses\/1116138203092852736\">-&gt;<\/a><\/li>\n<li class=\"ws_tweet\">La bit\u00e1cora aun no arreglo mi theme, pero al menos ya sub\u00ed contenido <a class=\"ws_tweet_time\" href=\"https:\/\/twitter.com\/webadedios\/statuses\/1116138053981097984\">-&gt;<\/a><\/li>\n<li class=\"ws_tweet\">Llevo 2 mese de atraso en algunos proyectos, esta semana espero ponerme al d\u00eda <a class=\"ws_tweet_time\" href=\"https:\/\/twitter.com\/webadedios\/statuses\/1116137818512863239\">-&gt;<\/a><\/li>\n<li class=\"ws_tweet\">[Blog] Vistazo a Shazam &#8211; <a href=\"https:\/\/t.co\/EhiiCTBcCm\" rel=\"nofollow\">https:\/\/t.co\/EhiiCTBcCm<\/a> <a class=\"ws_tweet_time\" href=\"https:\/\/twitter.com\/webadedios\/statuses\/1116129609916080129\">-&gt;<\/a><\/li>\n<li class=\"ws_tweet\">[Blog] Vistazo a C\u00f3mo Entrenar A Tu Drag\u00f3n 3 &#8211; <a href=\"https:\/\/t.co\/zjf1beYlyd\" rel=\"nofollow\">https:\/\/t.co\/zjf1beYlyd<\/a> <a class=\"ws_tweet_time\" href=\"https:\/\/twitter.com\/webadedios\/statuses\/1116129495268954112\">-&gt;<\/a><\/li>\n<li class=\"ws_tweet\">[Blog] Leer\u00e9 Pienso, luego sufro de Giorgio Nardone &amp; Giulio De Santis &#8211; <a href=\"https:\/\/t.co\/HfzqX1gVQc\" rel=\"nofollow\">https:\/\/t.co\/HfzqX1gVQc<\/a> <a class=\"ws_tweet_time\" href=\"https:\/\/twitter.com\/webadedios\/statuses\/1116117483340144640\">-&gt;<\/a><\/li>\n<li class=\"ws_tweet\">RT <a href=\"https:\/\/twitter.com\/MuySuFrida\">@MuySuFrida<\/a>: El presidente pide a Reforma que revele qui\u00e9n le filtr\u00f3 la carta al Rey de Espa\u00f1a.\n<p>Solo hay de dos, sali\u00f3 fue la canciller\u2026 <a class=\"ws_tweet_time\" href=\"https:\/\/twitter.com\/webadedios\/statuses\/1116114775514189825\">-&gt;<\/a><\/li>\n<\/ul>\n<!--CusAds0-->\n<div style=\"font-size: 0px; height: 0px; line-height: 0px; margin: 0; padding: 0; clear: both;\"><\/div>","protected":false},"excerpt":{"rendered":"<p>Mis twitts del 2019-04-10 al 2019-04-16<\/p>\n","protected":false},"author":1,"featured_media":0,"comment_status":"open","ping_status":"open","sticky":false,"template":"","format":"standard","meta":{"footnotes":""},"categories":[2],"tags":[1878,966,1876,1877,1720,60],"class_list":["post-8481","post","type-post","status-publish","format-standard","hentry","category-actividades","tag-digo","tag-red","tag-social","tag-tuits","tag-tweets","tag-twitter"],"_links":{"self":[{"href":"https:\/\/webadedios.com\/blog\/wp-json\/wp\/v2\/posts\/8481","targetHints":{"allow":["GET"]}}],"collection":[{"href":"https:\/\/webadedios.com\/blog\/wp-json\/wp\/v2\/posts"}],"about":[{"href":"https:\/\/webadedios.com\/blog\/wp-json\/wp\/v2\/types\/post"}],"author":[{"embeddable":true,"href":"https:\/\/webadedios.com\/blog\/wp-json\/wp\/v2\/users\/1"}],"replies":[{"embeddable":true,"href":"https:\/\/webadedios.com\/blog\/wp-json\/wp\/v2\/comments?post=8481"}],"version-history":[{"count":0,"href":"https:\/\/webadedios.com\/blog\/wp-json\/wp\/v2\/posts\/8481\/revisions"}],"wp:attachment":[{"href":"https:\/\/webadedios.com\/blog\/wp-json\/wp\/v2\/media?parent=8481"}],"wp:term":[{"taxonomy":"category","embeddable":true,"href":"https:\/\/webadedios.com\/blog\/wp-json\/wp\/v2\/categories?post=8481"},{"taxonomy":"post_tag","embeddable":true,"href":"https:\/\/webadedios.com\/blog\/wp-json\/wp\/v2\/tags?post=8481"}],"curies":[{"name":"wp","href":"https:\/\/api.w.org\/{rel}","templated":true}]}}