{"id":7491,"date":"2014-08-13T12:16:55","date_gmt":"2014-08-13T17:16:55","guid":{"rendered":"http:\/\/webadedios.com\/blog\/?p=7491"},"modified":"2014-08-13T12:16:55","modified_gmt":"2014-08-13T17:16:55","slug":"leere-el-nombre-de-la-rosa-de-umberto-eco","status":"publish","type":"post","link":"https:\/\/webadedios.com\/blog\/2014\/libros-lecturas\/leere-el-nombre-de-la-rosa-de-umberto-eco\/","title":{"rendered":"Leer\u00e9 El nombre de la Rosa de Umberto Eco"},"content":{"rendered":"<p>De mi lista de <a title=\"lista aleer en el 2014\" href=\"http:\/\/webadedios.com\/blog\/libros-2014\/\">libros a leer en este 2014<\/a>,tocaba alguna relectura de alg\u00fan libro que me hubiese gustado mucho, y este le tra\u00eda ganas desde hace tiempo de releer, pr\u00e1cticamente tiene m\u00e1s de 20 a\u00f1os que lo le\u00ed.<\/p>\n<p><img loading=\"lazy\" decoding=\"async\" class=\"alignleft\" src=\"http:\/\/img.webadedios.com\/el_nombre_de_la_rosa_p.jpg\" alt=\"\" width=\"98\" height=\"150\" \/><\/p>\n<p>Soy de los que primero vieron la pelicula, y como me encanto, le\u00ed el libro y me gusto aun mas<\/p>\n<p class=\"biog\"><i>El nombre de la rosa es una novela publicada en 1980<\/i>, de ambientaci\u00f3n medieval e inspirada en el subg\u00e9nero policiaco, en cuyas p\u00e1ginas se combinan a la perfecci\u00f3n todos los temas te\u00f3ricos de la obra de Eco, con una adecuada reconstrucci\u00f3n hist\u00f3rica como escenario de una imaginativa trama y de un s\u00f3lido arte narrativo.<\/p>\n<p class=\"biog\">Se trata de un denso relato que transcurre en una abad\u00eda medieval italiana y donde, con una estructura similar a la de las novelas policiacas, el protagonista, un fraile ingl\u00e9s llamado Guillermo de Baskerville, indaga en una serie de asesinatos y llega a descubrir al autor y a los inductores de todos ellos.<\/p>\n<p><strong>Umberto Eco<\/strong>, piamont\u00e9s de Alessandr\u00eda (italiano). Es miembro del Foro de Sabios de la Unesco desde 1992.<\/p>\n<p>Se doctor\u00f3 en Filosof\u00eda en la Universidad de Tur\u00edn, con L. Pareyson. Su tesis vers\u00f3 sobre <i>El problema est\u00e9tico en Santo Tom\u00e1s<\/i> (1956), y su inter\u00e9s por la filosof\u00eda tomista y la cultura medieval se hace m\u00e1s o menos presente en toda su obra, hasta emerger de manera expl\u00edcita en su novela <i>El nombre de la rosa<\/i> (1980).<img loading=\"lazy\" decoding=\"async\" class=\"alignright\" src=\"http:\/\/img.webadedios.com\/umberto_eco.jpg\" alt=\"\" width=\"216\" height=\"300\" \/><\/p>\n<p>Tras terminar los estudios de Filosof\u00eda en la Universidad de Tur\u00edn en 1954, Eco fue, de 1962 a 1965, profesor agregado de Est\u00e9tica, primero en la Universidad de Tur\u00edn y despu\u00e9s en la de Mil\u00e1n.<\/p>\n<p>En a\u00f1os posteriores contin\u00faa su actividad acad\u00e9mica en diversas universidades, italianas y extranjeras, sobre todo en la Universidad de Bolonia, donde fue profesor de Semi\u00f3tica y en la actualidad es catedr\u00e1tico de Filosof\u00eda. En febrero de 2000 cre\u00f3 en Bolonia la Escuela Superior de Estudios Human\u00edsticos. En 1968 public\u00f3 su primera obra netamente de semi\u00f3tica, \u00abLa structura assente\u00bb, que le llev\u00f3 a su obra m\u00e1s completa sobre la materia, \u00abTratado de semi\u00f3tica general\u00bb, publicado en 1975.<\/p>\n<p>Sin embargo, lo que <strong>m\u00e1s fama le ha dado es su novela \u00abEl nombre de la rosa\u00bb<\/strong>, publicada en 1980, de la que se han hecho numerosas ediciones. Por ella, Eco recibi\u00f3 el premio Strega, en Italia, en 1981, y el premio Medicis, en Francia. Tras el \u00e9xito de la primera, su segunda novela, \u00abEl p\u00e9ndulo de Foucault\u00bb, era muy esperada. Publicada en Italia en octubre de 1988, fue uno de los libros m\u00e1s vendidos ese a\u00f1o. En enero de 1992, Eco present\u00f3 su libro \u00abSemi\u00f3tica, teor\u00eda e historia\u00bb y su \u00abSegundo Diario M\u00ednimo\u00bb, continuaci\u00f3n del libro de apuntes publicado en 1963 con el mismo nombre. Es autor tambi\u00e9n de \u00abLos l\u00edmites de la interpretaci\u00f3n\u00bb (1992), \u00abLa isla del d\u00eda antes\u00bb (1994), \u00abSeis paseos por el bosque\u00bb (1996), y \u00abKant y el ornitorrinco\u00bb (1997).<\/p>\n<p>Es doctor honoris causa por 25 universidades de todo el mundo, entre ellas, la Complutense (1990), la de Tel Aviv (1994), la de Atenas (1995), la de Varsovia (1996), la de Castilla-La Mancha (1997) y la Universidad Libre de Berl\u00edn (1998). Posee numerosos premios y condecoraciones, como la Legi\u00f3n de Honor de Francia. Autor de Baudolino (Plaza &amp; Jan\u00e9s, 2001).<\/p>\n<p><strong>Novelas<\/strong><\/p>\n<ul style=\"margin-top: 0px; margin-bottom: 10px;\">\n<li><strong>El Nombre de la Rosa (1980)<\/strong><\/li>\n<li>El P\u00e9ndulo de Foucault\u00a0(1988)<\/li>\n<li>La Isla del D\u00eda de Antes\u00a0(1994)<\/li>\n<li>Baudolino\u00a0(2000)<\/li>\n<li>La misteriosa llama de la Reina Loana\u00a0(2004)<\/li>\n<li>El cementerio de Praga\u00a0(2010)<\/li>\n<\/ul>\n<p><strong>Otros Trabajos<\/strong><\/p>\n<ul>\n<li>El problema est\u00e9tico en Santo Tom\u00e1s\u00a0(1956)<\/li>\n<li>Arte y belleza en la est\u00e9tica medieval\u00a0(1959)<\/li>\n<li>Obra abierta\u00a0(1962)<\/li>\n<li>Diario m\u00ednimo\u00a0(1963)<\/li>\n<li>Apocal\u00edpticos e Integrados\u00a0(1964)<\/li>\n<li>Las po\u00e9ticas de Joyce\u00a0(1965)<\/li>\n<li>Apuntes para una semiolog\u00eda de las comunicaciones visuales\u00a0(1967)<\/li>\n<li>La definici\u00f3n del arte\u00a0(1968)<\/li>\n<li>La estructura ausente\u00a0(1968)<\/li>\n<li>Socialismo y consolaci\u00f3n (1970)<\/li>\n<li>Las formas del contenido\u00a0(1971)<\/li>\n<li>Signo\u00a0(1971)<\/li>\n<li>Las costumbres de casa\u00a0(1973)<\/li>\n<li>El beato de Li\u00e9bana\u00a0(1973)<\/li>\n<li>Sociolog\u00eda contra psicoan\u00e1lisis (1974)<\/li>\n<li>Tratado de semi\u00f3tica general (1975)<\/li>\n<li>El superhombre de masas\u00a0(1976)<\/li>\n<li>Desde la periferia del imperio\u00a0(1977)<\/li>\n<li>C\u00f3mo se hace una tesis, t\u00e9cnicas y procedimientos de investigaci\u00f3n, estudio y escritura<em>\u00a0<\/em>(1977)<\/li>\n<li>Lector in fabula\u00a0(1979)<\/li>\n<li>Funci\u00f3n y signo: la semi\u00f3tica de la arquitectura<em>\u00a0<\/em>(1980)<\/li>\n<li>De Bibliotheca\u00a0(1981)<\/li>\n<li>Siete a\u00f1os de deseo\u00a0(1983)<\/li>\n<li>Semi\u00f3tica y filosof\u00eda del lenguaje\u00a0(1984)<\/li>\n<li>De los espejos y otros ensayos\u00a0(1985)<\/li>\n<li>Ensayos sobre \u00abEl nombre de la rosa\u00bb (1987)<\/li>\n<li>El signo de los tres (1989)<\/li>\n<li>El extra\u00f1o caso de la Hanau 1609\u00a0(1990)<\/li>\n<li>Los l\u00edmites de la interpretaci\u00f3n\u00a0(1990)<\/li>\n<li>El segundo diario m\u00ednimo\u00a0(1992)<\/li>\n<li>La b\u00fasqueda de la lengua perfecta\u00a0(1993)<\/li>\n<li>Seis paseos por los bosques narrativos\u00a0(1994)<\/li>\n<li>\u00bfEn qu\u00e9 creen los que no creen?\u00a0(1996)<\/li>\n<li>Kant y el ornitorrinco\u00a0(1997)<\/li>\n<li>Cinco escritos morales\u00a0(1997)<\/li>\n<li>La estrategia de la ilusi\u00f3n (1999)<\/li>\n<li>La bustina de Minerva\u00a0(2000)<\/li>\n<li>Apostillas a \u00abEl nombre de la rosa\u00bb y traducci\u00f3n de los textos latinos (2000)<\/li>\n<li>El redescubrimiento de Am\u00e9rica (2002)<\/li>\n<li>Sobre literatura (2005)<\/li>\n<li>La historia de la belleza (2005)<\/li>\n<li>La historia de la fealdad (2007)<\/li>\n<li>A paso de cangrejo\u00a0(2006)<\/li>\n<li>Decir casi lo mismo (2008)<\/li>\n<li>El v\u00e9rtigo de las listas (2009)<\/li>\n<li>Cultura y semi\u00f3tica (2009)<\/li>\n<li>La nueva Edad Media (2010)<\/li>\n<li>Con Carri\u00e8re, Jean Claude, Nadie acabar\u00e1 con los libros (2010)<\/li>\n<li>Confesiones de un joven novelista (2011)<\/li>\n<\/ul>\n<!--CusAds0-->\n<div style=\"font-size: 0px; height: 0px; line-height: 0px; margin: 0; padding: 0; clear: both;\"><\/div>","protected":false},"excerpt":{"rendered":"<p>mis razones para esta releectura del libro El nombre de la rosa de Umberto Eco <\/p>\n","protected":false},"author":1,"featured_media":0,"comment_status":"open","ping_status":"open","sticky":false,"template":"","format":"standard","meta":{"footnotes":""},"categories":[9],"tags":[878,2592,58,747,56,455,1400,576,2574,2591],"class_list":["post-7491","post","type-post","status-publish","format-standard","hentry","category-libros-lecturas","tag-detectives","tag-eco","tag-lectura","tag-lecturas","tag-libro","tag-libros","tag-nombre","tag-novela","tag-rosa","tag-umberto"],"_links":{"self":[{"href":"https:\/\/webadedios.com\/blog\/wp-json\/wp\/v2\/posts\/7491","targetHints":{"allow":["GET"]}}],"collection":[{"href":"https:\/\/webadedios.com\/blog\/wp-json\/wp\/v2\/posts"}],"about":[{"href":"https:\/\/webadedios.com\/blog\/wp-json\/wp\/v2\/types\/post"}],"author":[{"embeddable":true,"href":"https:\/\/webadedios.com\/blog\/wp-json\/wp\/v2\/users\/1"}],"replies":[{"embeddable":true,"href":"https:\/\/webadedios.com\/blog\/wp-json\/wp\/v2\/comments?post=7491"}],"version-history":[{"count":0,"href":"https:\/\/webadedios.com\/blog\/wp-json\/wp\/v2\/posts\/7491\/revisions"}],"wp:attachment":[{"href":"https:\/\/webadedios.com\/blog\/wp-json\/wp\/v2\/media?parent=7491"}],"wp:term":[{"taxonomy":"category","embeddable":true,"href":"https:\/\/webadedios.com\/blog\/wp-json\/wp\/v2\/categories?post=7491"},{"taxonomy":"post_tag","embeddable":true,"href":"https:\/\/webadedios.com\/blog\/wp-json\/wp\/v2\/tags?post=7491"}],"curies":[{"name":"wp","href":"https:\/\/api.w.org\/{rel}","templated":true}]}}