{"id":7418,"date":"2014-06-07T14:45:41","date_gmt":"2014-06-07T19:45:41","guid":{"rendered":"http:\/\/webadedios.com\/blog\/?p=7418"},"modified":"2014-06-07T14:45:41","modified_gmt":"2014-06-07T19:45:41","slug":"53-lesionados-que-no-jugaran-el-mundial-brasil-2014","status":"publish","type":"post","link":"https:\/\/webadedios.com\/blog\/2014\/deportes\/futbol\/mundial-brasil-2014\/53-lesionados-que-no-jugaran-el-mundial-brasil-2014\/","title":{"rendered":"53 lesionados que no jugar\u00e1n el Mundial Brasil 2014"},"content":{"rendered":"<p>Una lista de jugadores que a causa de una lesi\u00f3n no participaran en la <strong>copa del mundo de Brasil 2014<\/strong><\/p>\n<p>&#8230; y contando<\/p>\n<p>&#8230; est\u00e1n cayendo como moscas<\/p>\n<p>a menos de una semana e que inicie el mundial<\/p>\n<div class=\"CSSTableNaranja\" >\n<table>\n<tbody>\n<tr>\n<td><strong><span class=\"caps\">JUGADOR<\/span><\/strong><\/td>\n<td><strong><span class=\"caps\">PA\u00cdS<\/span><\/strong><\/td>\n<td><strong><span class=\"caps\">LESI\u00d3N<\/span><\/strong><\/td>\n<\/tr>\n<tr>\n<td>Hoolger Bastuber<\/td>\n<td>Alemania<\/td>\n<td>Rotura de ligamento cruzado<\/td>\n<\/tr>\n<tr>\n<td>Mario G\u00f3mez<\/td>\n<td>Alemania<\/td>\n<td>No se recuper\u00f3 a tiempo<\/td>\n<\/tr>\n<tr>\n<td>Lars Bender<\/td>\n<td>Alemania<\/td>\n<td>Lesi\u00f3n muscular en el muslo derecho<\/td>\n<\/tr>\n<tr>\n<td>Ilkay G\u00fcndogan<\/td>\n<td>Alemania<\/td>\n<td>Lesi\u00f3n en la espalda<\/td>\n<\/tr>\n<tr>\n<td>Marcel Schmelzer<\/td>\n<td>Alemania<\/td>\n<td>Desgarro de las fibras musculares de la rodilla izquierda<\/td>\n<\/tr>\n<tr>\n<td>Robbie Kruse<\/td>\n<td>Australia<\/td>\n<td>Rotura de ligamento cruzado<\/td>\n<\/tr>\n<tr>\n<td>Rhys Williams<\/td>\n<td>Australia<\/td>\n<td>Rotura de tend\u00f3n de aquiles<\/td>\n<\/tr>\n<tr>\n<td>Trent Saisbury<\/td>\n<td>Australia<\/td>\n<td>Fractura en la r\u00f3tula<\/td>\n<\/tr>\n<tr>\n<td>Christian Benteke<\/td>\n<td>B\u00e9lgica<\/td>\n<td>Rotura de tend\u00f3n de aquiles<\/td>\n<\/tr>\n<tr>\n<td>Silvia Proto<\/td>\n<td>B\u00e9lgica<\/td>\n<td>Fractura en el antebrazo<\/td>\n<\/tr>\n<tr>\n<td>Koen Casteels<\/td>\n<td>B\u00e9lgica<\/td>\n<td>Fractura de tibia<\/td>\n<\/tr>\n<tr>\n<td>Mat\u00edas Fern\u00e1ndez<\/td>\n<td>Chile<\/td>\n<td>Lesi\u00f3n de ligamentos<\/td>\n<\/tr>\n<tr>\n<td>Stefan Medina<\/td>\n<td>Colombia<\/td>\n<td>Lesi\u00f3n tobillo derecho<\/td>\n<\/tr>\n<tr>\n<td>Aquivaldo Mosquera<\/td>\n<td>Colombia<\/td>\n<td>No se recuper\u00f3 a tiempo<\/td>\n<\/tr>\n<tr>\n<td>Edwin Valencia<\/td>\n<td>Colombia<\/td>\n<td>Lesi\u00f3n de meniscos en la rodilla derecha<\/td>\n<\/tr>\n<tr>\n<td>Radamel Falcao<\/td>\n<td>Colombia<\/td>\n<td>No se recuper\u00f3 a tiempo<\/td>\n<\/tr>\n<tr>\n<td>Amaranto Perea<\/td>\n<td>Colombia<\/td>\n<td>Desgarro<\/td>\n<\/tr>\n<tr>\n<td>Kim Jin-Su<\/td>\n<td>Corea del Sur<\/td>\n<td>Lesi\u00f3n en los ligamentos de la rodilla derecha<\/td>\n<\/tr>\n<tr>\n<td>Arouna Kon\u00e9<\/td>\n<td>Costa de Marfil<\/td>\n<td>Lesi\u00f3n de cart\u00edlagos de la rodilla izquierda<\/td>\n<\/tr>\n<tr>\n<td>Bryan Oviedo<\/td>\n<td>Costa Rica<\/td>\n<td>Fractura de tibia y peron\u00e9<\/td>\n<\/tr>\n<tr>\n<td>\u00c1lvaro Sabor\u00edo<\/td>\n<td>Costa Rica<\/td>\n<td>Fractura del quinto metatarsiano<\/td>\n<\/tr>\n<tr>\n<td>Rodney Wallace<\/td>\n<td>Costa Rica<\/td>\n<td>Fractura de tibia<\/td>\n<\/tr>\n<tr>\n<td>Nico Kranjcar<\/td>\n<td>Croacia<\/td>\n<td>Desgarro en el muslo izquierdo<\/td>\n<\/tr>\n<tr>\n<td>Ivan Strinic<\/td>\n<td>Croacia<\/td>\n<td>Desgarro en el muslo izquierdo<\/td>\n<\/tr>\n<tr>\n<td>Ivo Ilicevic<\/td>\n<td>Croacia<\/td>\n<td>Molestias musculares en ambas piernas<\/td>\n<\/tr>\n<tr>\n<td>Jairo Campos<\/td>\n<td>Ecuador<\/td>\n<td>Rotura de tend\u00f3n de aquiles<\/td>\n<\/tr>\n<tr>\n<td>Stuart Holden<\/td>\n<td>Estados Unidos<\/td>\n<td>No se recuper\u00f3 a tiempo<\/td>\n<\/tr>\n<tr>\n<td>V\u00edctor Vald\u00e9s<\/td>\n<td>Espa\u00f1a<\/td>\n<td>Rotura de meniscos<\/td>\n<\/tr>\n<tr>\n<td>\u00c1lvaro Arbeloa<\/td>\n<td>Espa\u00f1a<\/td>\n<td>Fractura en la rotula<\/td>\n<\/tr>\n<tr>\n<td>Jes\u00fas Navas<\/td>\n<td>Espa\u00f1a<\/td>\n<td>Lesi\u00f3n en el tobillo derecho<\/td>\n<\/tr>\n<tr>\n<td>Thiago Alc\u00e1ntara<\/td>\n<td>Espa\u00f1a<\/td>\n<td>Rotura de ligamento interno de la rodilla derecha<\/td>\n<\/tr>\n<tr>\n<td>Jes\u00e9 Rodr\u00edguez<\/td>\n<td>Espa\u00f1a<\/td>\n<td>Rotura de ligamento cruzado de la rodilla derecha<\/td>\n<\/tr>\n<tr>\n<td>Steve Mandanda<\/td>\n<td>Francia<\/td>\n<td>Fisura de una v\u00e9rtebra cervical<\/td>\n<\/tr>\n<tr>\n<td>Clemente Grenier<\/td>\n<td>Francia<\/td>\n<td>Lesi\u00f3n en el abductor derecho<\/td>\n<\/tr>\n<tr>\n<td>Franck Rib\u00e9ry<\/td>\n<td>Francia<\/td>\n<td>Lesi\u00f3n cervical<\/td>\n<\/tr>\n<tr>\n<td>Jerry Akaminko<\/td>\n<td>Ghana<\/td>\n<td>Fractura en el tobillo izquierdo<\/td>\n<\/tr>\n<tr>\n<td>Avraam Papadopoulos<\/td>\n<td>Grecia<\/td>\n<td>No se recuper\u00f3 a tiempo<\/td>\n<\/tr>\n<tr>\n<td>Jetro Willems<\/td>\n<td>Holanda<\/td>\n<td>Rotura de ligamento en la rodilla izquierda<\/td>\n<\/tr>\n<tr>\n<td>Kevin Strootman<\/td>\n<td>Holanda<\/td>\n<td>Rotura de ligamento cruzado en la rodilla derecha<\/td>\n<\/tr>\n<tr>\n<td>Rafael Van der Vaart<\/td>\n<td>Holanda<\/td>\n<td>Lesi\u00f3n en el gemelo de la pierna derecha<\/td>\n<\/tr>\n<tr>\n<td>Gregory Van der Wiel<\/td>\n<td>Holanda<\/td>\n<td>Tendinitis en la rodilla derecha<\/td>\n<\/tr>\n<tr>\n<td>Marco Van Ginkel<\/td>\n<td>Holanda<\/td>\n<td>Rotura de ligamento cruzado en la rodilla derecha<\/td>\n<\/tr>\n<tr>\n<td>Arnold Peralta<\/td>\n<td>Honduras<\/td>\n<td>No se recuper\u00f3 a tiempo<\/td>\n<\/tr>\n<tr>\n<td>Theo Walcott<\/td>\n<td>Inglaterra<\/td>\n<td>Rotura de ligamentos de la rodilla izquierda<\/td>\n<\/tr>\n<tr>\n<td>Jay Rodr\u00edguez<\/td>\n<td>Inglaterra<\/td>\n<td>Rotura de ligamentos de la rodilla derecha<\/td>\n<\/tr>\n<tr>\n<td>Ferydoon Zandi<\/td>\n<td>Ir\u00e1n<\/td>\n<td>Fractura de tibia y peron\u00e9<\/td>\n<\/tr>\n<tr>\n<td>Riccardo Montolivo<\/td>\n<td>Italia<\/td>\n<td>Fractura de tibia<\/td>\n<\/tr>\n<tr>\n<td>Giuseppe Rossi<\/td>\n<td>Italia<\/td>\n<td>No se recuper\u00f3 a tiempo<\/td>\n<\/tr>\n<tr>\n<td>Luis Montes<\/td>\n<td>M\u00e9xico<\/td>\n<td>Fractura de tibia y peron\u00e9<\/td>\n<\/tr>\n<tr>\n<td>Juan Carlos Medina<\/td>\n<td>M\u00e9xico<\/td>\n<td>Lesi\u00f3n en el tobillo derecho<\/td>\n<\/tr>\n<tr>\n<td>Bright Dike<\/td>\n<td>Nigeria<\/td>\n<td>Lesi\u00f3n en el tend\u00f3n de aquiles<\/td>\n<\/tr>\n<tr>\n<td>Bruma<\/td>\n<td>Portugal<\/td>\n<td>Rotura de ligamento cruzado de la rodilla derecha<\/td>\n<\/tr>\n<tr>\n<td>Roman Shirokov<\/td>\n<td>Rusia<\/td>\n<td>Molestias en tal\u00f3n<\/td>\n<\/tr>\n<tr>\n<td>Marco Reus<\/td>\n<td>Alemania<\/td>\n<td>Rotura parcial de ligamento de tobillo<\/td>\n<\/tr>\n<tr>\n<td>Aldo Leao<\/td>\n<td>Colombia<\/td>\n<td>Contusi\u00f3n en la rodilla<\/td>\n<\/tr>\n<\/tbody>\n<\/table>\n<\/div>\n<!--CusAds0-->\n<div style=\"font-size: 0px; height: 0px; line-height: 0px; margin: 0; padding: 0; clear: both;\"><\/div>","protected":false},"excerpt":{"rendered":"<p>Una lista de jugadores que a causa de una lesi\u00f3n no participaran en la copa del mundo de Brasil 2014 &#8230; y contando &#8230; est\u00e1n cayendo como moscas a menos de una semana e que inicie el mundial JUGADOR PA\u00cdS LESI\u00d3N Hoolger Bastuber Alemania Rotura de ligamento cruzado Mario G\u00f3mez Alemania No se recuper\u00f3 a [&hellip;]<\/p>\n","protected":false},"author":1,"featured_media":0,"comment_status":"open","ping_status":"open","sticky":false,"template":"","format":"standard","meta":{"footnotes":""},"categories":[2492],"tags":[2501],"class_list":["post-7418","post","type-post","status-publish","format-standard","hentry","category-mundial-brasil-2014","tag-lesion"],"_links":{"self":[{"href":"https:\/\/webadedios.com\/blog\/wp-json\/wp\/v2\/posts\/7418","targetHints":{"allow":["GET"]}}],"collection":[{"href":"https:\/\/webadedios.com\/blog\/wp-json\/wp\/v2\/posts"}],"about":[{"href":"https:\/\/webadedios.com\/blog\/wp-json\/wp\/v2\/types\/post"}],"author":[{"embeddable":true,"href":"https:\/\/webadedios.com\/blog\/wp-json\/wp\/v2\/users\/1"}],"replies":[{"embeddable":true,"href":"https:\/\/webadedios.com\/blog\/wp-json\/wp\/v2\/comments?post=7418"}],"version-history":[{"count":0,"href":"https:\/\/webadedios.com\/blog\/wp-json\/wp\/v2\/posts\/7418\/revisions"}],"wp:attachment":[{"href":"https:\/\/webadedios.com\/blog\/wp-json\/wp\/v2\/media?parent=7418"}],"wp:term":[{"taxonomy":"category","embeddable":true,"href":"https:\/\/webadedios.com\/blog\/wp-json\/wp\/v2\/categories?post=7418"},{"taxonomy":"post_tag","embeddable":true,"href":"https:\/\/webadedios.com\/blog\/wp-json\/wp\/v2\/tags?post=7418"}],"curies":[{"name":"wp","href":"https:\/\/api.w.org\/{rel}","templated":true}]}}