{"id":7388,"date":"2014-03-04T19:44:57","date_gmt":"2014-03-05T01:44:57","guid":{"rendered":"http:\/\/webadedios.com\/blog\/?p=7388"},"modified":"2014-03-04T19:44:57","modified_gmt":"2014-03-05T01:44:57","slug":"leere-guerra-del-peloponeso-de-tucidides","status":"publish","type":"post","link":"https:\/\/webadedios.com\/blog\/2014\/libros-lecturas\/leere-guerra-del-peloponeso-de-tucidides\/","title":{"rendered":"Leer\u00e9 Guerra del Peloponeso de Tuc\u00eddides"},"content":{"rendered":"<p><img loading=\"lazy\" decoding=\"async\" class=\"alignleft\" alt=\"\" src=\"http:\/\/img.webadedios.com\/guerrapeloponeso_p.jpg\" width=\"94\" height=\"150\" \/> Toca el turno a algo cl\u00e1sico, de historia y vamos recuperando el ritmo de lectura, es otro libro que no me recomendaron, si no que me llamo la atenci\u00f3n y ya llevaba bastante en espera, este a\u00f1o al fin le llega su momento y espero disfrutarlo mucho.<\/p>\n<p>1500 a\u00f1os aproximadamente de que fue escrito, veamos que podemos aprender<\/p>\n<p>Mi <a title=\"lista aleer en el 2014\" href=\"http:\/\/webadedios.com\/blog\/libros-2014\/\">lista de libros a leer en el 2014<\/a><\/p>\n<p>Tenemos pocos datos sobre la vida de Tuc\u00eddides, solo lo que \u00e9l mismo nos cuenta: dice de s\u00ed mismo que es ateniense; sobrevivi\u00f3 a la epidemia de peste que mat\u00f3 a Pericles; pose\u00eda minas de oro en Tracia; en el 424 a. C., durante la Guerra del Peloponeso, fue nombrado estratega de la ciudad de Atenas, confi\u00e1ndosele el mando de una flota encargada de romper el asedio de El m\u00e9todo Anf\u00edpolis, lugar de gran importancia estrat\u00e9gica, en Tracia. Fracas\u00f3 en dicho intento y la ciudad cay\u00f3 en manos del general espartano Br\u00e1sidas, por lo que fue condenado al exilio 20 a\u00f1os (Tuc. V 26). Este hecho le dio la oportunidad de obtener informaci\u00f3n bastante completa, procedente de los dos bandos en conflicto, que utiliz\u00f3 para la composici\u00f3n de la Historia de la Guerra del Peloponeso, en la que narra los acontecimientos ocurridos entre el a\u00f1o 431 a. C. y el 411 a. C. Volvi\u00f3 del exilio veinte a\u00f1os despu\u00e9s, al terminar la guerra. Su fecha de nacimiento pudo estar en torno al 454 a.C.ya que deber\u00eda tener los treinta a\u00f1os para ser nombrado estratego. Los datos sobre su muerte son a\u00fan m\u00e1s confusos. Ciertas fuentes afirman que muere en Atenas, otras que ocurri\u00f3 en Tracia tras la guerra del Peloponeso. Lo cierto es que antes de morir regres\u00f3 a Atenas, en torno al 404.<br \/>\nArist\u00f3crata de nacimiento, recibi\u00f3 una educaci\u00f3n acorde a su rango y asimil\u00f3 las ense\u00f1anzas de los movimientos filos\u00f3ficos y ret\u00f3ricos de su tiempo. Su ni\u00f1ez y juventud coinciden con la \u00e9poca de mayor esplendor de Atenas. Seguramente pas\u00f3 la mayor parte de su exilio en sus posesiones de Tracia, aunque tambi\u00e9n pudo realizar viajes por los escenarios de la guerra.De hecho, al poder viajar libremenyt, como exiliado que era, por toda Grecia, pudo ver la guerra con las perspectivas de los dos bandos enfrentados.<br \/>\nMuri\u00f3 hacia el 400 a.C.<\/p>\n<p>Su obra<\/p>\n<p>Fue autor de<strong> la Historia de la Guerra del Peloponeso<\/strong>, que narra la guerra entre Atenas y Esparta en el siglo V a.C. Esta guerra ocup\u00f3 a una generaci\u00f3n entera, desde 431 hasta 404 a.C., pero Tuc\u00eddides la cuenta hasta el a\u00f1o 411.<\/p>\n<p><strong>Tuc\u00eddides ha sido considerado el padre de la historiograf\u00eda como ciencia,<\/strong> por sus estrictos m\u00e9todos de investigaci\u00f3n y el an\u00e1lisis que realiza de los hechos en base a causa y efecto, sin referencias a ning\u00fan tipo de intervenci\u00f3n divina.<\/p>\n<p><img loading=\"lazy\" decoding=\"async\" class=\"alignright\" alt=\"\" src=\"http:\/\/img.webadedios.com\/tucididesfrase.jpg\" width=\"500\" height=\"193\" \/><br \/>\nTambi\u00e9n se le ha denominado el<strong> padre de la escuela del realismo pol\u00edtico<\/strong>, que examina las relaciones entre los pueblos basadas m\u00e1s en hip\u00f3tesis que en aseveraciones. Sus textos se estudian todav\u00eda en las academias militares de todo el mundo.<br \/>\nTiene un inter\u00e9s especial en profundizar en la naturaleza humana para explicar el comportamiento del hombre en situaciones cr\u00edticas como epidemias, genocidios y la guerra civil.<br \/>\nEs una constante en \u00e9l el cuidado de su metodolog\u00eda: compara informes y versiones sobre los hechos que narra; procura seleccionar el contenido de los discursos de la forma m\u00e1s objetiva posible, sin perder su sentido general. Es, en este sentido, el primer historiador cr\u00edtico.<\/p>\n<p>&nbsp;<\/p>\n<!--CusAds0-->\n<div style=\"font-size: 0px; height: 0px; line-height: 0px; margin: 0; padding: 0; clear: both;\"><\/div>","protected":false},"excerpt":{"rendered":"<p>Toca el turno a algo cl\u00e1sico, de historia y vamos recuperando el ritmo de lectura, es otro libro que no me recomendaron, si no que me llamo la atenci\u00f3n y ya llevaba bastante en espera, este a\u00f1o al fin le llega su momento y espero disfrutarlo mucho. 1500 a\u00f1os aproximadamente de que fue escrito, veamos [&hellip;]<\/p>\n","protected":false},"author":1,"featured_media":0,"comment_status":"open","ping_status":"open","sticky":false,"template":"","format":"standard","meta":{"footnotes":""},"categories":[9],"tags":[],"class_list":["post-7388","post","type-post","status-publish","format-standard","hentry","category-libros-lecturas"],"_links":{"self":[{"href":"https:\/\/webadedios.com\/blog\/wp-json\/wp\/v2\/posts\/7388","targetHints":{"allow":["GET"]}}],"collection":[{"href":"https:\/\/webadedios.com\/blog\/wp-json\/wp\/v2\/posts"}],"about":[{"href":"https:\/\/webadedios.com\/blog\/wp-json\/wp\/v2\/types\/post"}],"author":[{"embeddable":true,"href":"https:\/\/webadedios.com\/blog\/wp-json\/wp\/v2\/users\/1"}],"replies":[{"embeddable":true,"href":"https:\/\/webadedios.com\/blog\/wp-json\/wp\/v2\/comments?post=7388"}],"version-history":[{"count":0,"href":"https:\/\/webadedios.com\/blog\/wp-json\/wp\/v2\/posts\/7388\/revisions"}],"wp:attachment":[{"href":"https:\/\/webadedios.com\/blog\/wp-json\/wp\/v2\/media?parent=7388"}],"wp:term":[{"taxonomy":"category","embeddable":true,"href":"https:\/\/webadedios.com\/blog\/wp-json\/wp\/v2\/categories?post=7388"},{"taxonomy":"post_tag","embeddable":true,"href":"https:\/\/webadedios.com\/blog\/wp-json\/wp\/v2\/tags?post=7388"}],"curies":[{"name":"wp","href":"https:\/\/api.w.org\/{rel}","templated":true}]}}