{"id":7132,"date":"2013-09-01T22:36:40","date_gmt":"2013-09-02T03:36:40","guid":{"rendered":"http:\/\/webadedios.com\/blog\/?p=7132"},"modified":"2013-09-01T22:36:40","modified_gmt":"2013-09-02T03:36:40","slug":"leere-1399-euros-de-frederic-beigbeder","status":"publish","type":"post","link":"https:\/\/webadedios.com\/blog\/2013\/libros-lecturas\/leere-1399-euros-de-frederic-beigbeder\/","title":{"rendered":"Leer\u00e9 13,99 euros de Fr\u00e9d\u00e9ric Beigbeder"},"content":{"rendered":"<p>Ya tocaba un libro de mercadotecnia en\u00a0<a title=\"Libros a leer en el 2013\" href=\"http:\/\/webadedios.com\/blog\/libros-2013\/\" target=\"_blank\">mi lista de libros por leer en este 2013<\/a>, y este me lo recomendaron ya hace mucho tiempo, tanto que no me acuerdo ni quien ni como me lo recomend\u00f3, en fin, suele pasar, sin embargo estaba en la lista y al fin llego su turno.<img loading=\"lazy\" decoding=\"async\" class=\"alignleft\" alt=\"12.99\" src=\"http:\/\/img.webadedios.com\/portadas\/1399euros_portadalibro.150.jpg\" width=\"95\" height=\"150\" \/><\/p>\n<p>Espero bajar el ritmo de lectura, que acabo de leer varios libros de much\u00edsimas p\u00e1ginas, y a llegarme libros mas delgados pues los devor\u00f3, y si no son tan buenos como los que acabo de leer pues dejo de leer, lo digo por que ya me ha pasado.<\/p>\n<p>Adem\u00e1s vengo de leer muy bueno libros, se que este no estara al nivel literario, pero de estos libros saco mas ideas y conceptos<\/p>\n<p><strong>Fr\u00e9d\u00e9ric Beigbeder<\/strong> es un controvertido y afamado escritor franc\u00e9s , quien adem\u00e1s de autor de libros es cr\u00edtico y comentarista, naci\u00f3 en <strong>Neuilly-sur-Seine<\/strong> el <strong>21 de septiembre de 1965<\/strong>.<\/p>\n<p>Tras cursar sus estudios secundarios en los liceos <strong>Montaigne<\/strong> y <strong>Louis-le-Grand<\/strong>, el descendiente del matrimonio conformado por el cazatalentos de origen francoamericano <strong>Jean-Michel Beigbeder<\/strong> y la traductora de novelas rosa <strong>Christine de Chasteigner<\/strong> asisti\u00f3 al Instituto de Estudios Pol\u00edticos de Par\u00eds, donde en 1989 obtuvo una licenciatura en <strong>Ciencias Pol\u00edticas<\/strong>.<\/p>\n<figure style=\"width: 231px\" class=\"wp-caption alignright\"><img loading=\"lazy\" decoding=\"async\" alt=\"Fr\u00e9d\u00e9ric Beigbeder\" src=\"http:\/\/img.webadedios.com\/frederic-beigbeder.jpg\" width=\"231\" height=\"300\" \/><figcaption class=\"wp-caption-text\">Fr\u00e9d\u00e9ric Beigbeder<\/figcaption><\/figure>\n<p>En 1994, despu\u00e9s de haber sumado experiencia como creativo de publicidad, locutor y editor, <strong>Beigbeder<\/strong> cre\u00f3 el premio literario <em><strong>\u201cPrix de Flore\u201d<\/strong><\/em>, un galard\u00f3n concedido de forma anual que tiene como fin realzar la figura una joven promesa de las letras francesas.<\/p>\n<p>A la hora de explicar el por qu\u00e9 de tantas actividades desarrolladas, el novelista afirma que se compromete con m\u00faltiples tareas <em>\u201cmuy deprisa por pura pereza, para acabar pronto y no cansarme\u201d<\/em>, tal como expres\u00f3 en una oportunidad ante <em><strong><a href=\"http:\/\/www.elpais.com\/articulo\/narrativa\/chico\/malo\/Saint-Germain\/elpepuculbab\/20080719elpbabnar_4\/Tes\">\u201cEl Pa\u00eds\u201d<\/a><\/strong><\/em>, uno de los medios que lo entrevist\u00f3 tiempo despu\u00e9s de que fuera detenido por tenencia de coca\u00edna.<\/p>\n<p>Fiel a su perfil pol\u00e9mico, <strong>Beigbeder<\/strong> no ha tenido problemas en reconocer que lleg\u00f3 a elaborar un texto bajo los efectos del \u00e9xtasis, aunque asegur\u00f3 que para motivarse prefiere <em>\u201cel vino y la cerveza\u201d<\/em> porque, seg\u00fan \u00e9l, <em>\u201cla droga retrasa y empeora la escritura\u201d<\/em>.<\/p>\n<p><em><strong>\u201cMemorias de un joven loco\u201d<\/strong><\/em>, <em><strong>\u201cVacaciones en coma\u201d<\/strong><\/em>, <em><strong>\u201cEl amor dura tres a\u00f1os\u201d<\/strong><\/em>, <em><strong>\u201cHistorias en \u00e9xtasis\u201d<\/strong><\/em>, <em><strong>\u201c13,99 euros\u201d<\/strong><\/em> (exitosa obra que, pese a haber generado una gran cantidad de ventas en todo el mundo, motiv\u00f3 su despido de la agencia en la que se ganaba la vida), <em><strong>\u201c\u00daltimo inventario antes de liquidaci\u00f3n\u201d<\/strong><\/em>, <em><strong>\u201cEl rom\u00e1ntico ego\u00edsta\u201d<\/strong><\/em> y <em><strong>\u201cSocorro, perd\u00f3n\u201d<\/strong><\/em> son algunos de los t\u00edtulos que forman parte de la producci\u00f3n literaria de este hombre<\/p>\n<!--CusAds0-->\n<div style=\"font-size: 0px; height: 0px; line-height: 0px; margin: 0; padding: 0; clear: both;\"><\/div>","protected":false},"excerpt":{"rendered":"<p>razones por las que Leer\u00e9 13,99 euros de Fr\u00e9d\u00e9ric Beigbeder<\/p>\n","protected":false},"author":1,"featured_media":0,"comment_status":"open","ping_status":"open","sticky":false,"template":"","format":"standard","meta":{"footnotes":""},"categories":[9],"tags":[2260,2261,2256,747,56,455,2258,2257,2259],"class_list":["post-7132","post","type-post","status-publish","format-standard","hentry","category-libros-lecturas","tag-2260","tag-euros","tag-frederic-beigbeder","tag-lecturas","tag-libro","tag-libros","tag-mercadotecnia","tag-mkt","tag-trece"],"_links":{"self":[{"href":"https:\/\/webadedios.com\/blog\/wp-json\/wp\/v2\/posts\/7132","targetHints":{"allow":["GET"]}}],"collection":[{"href":"https:\/\/webadedios.com\/blog\/wp-json\/wp\/v2\/posts"}],"about":[{"href":"https:\/\/webadedios.com\/blog\/wp-json\/wp\/v2\/types\/post"}],"author":[{"embeddable":true,"href":"https:\/\/webadedios.com\/blog\/wp-json\/wp\/v2\/users\/1"}],"replies":[{"embeddable":true,"href":"https:\/\/webadedios.com\/blog\/wp-json\/wp\/v2\/comments?post=7132"}],"version-history":[{"count":0,"href":"https:\/\/webadedios.com\/blog\/wp-json\/wp\/v2\/posts\/7132\/revisions"}],"wp:attachment":[{"href":"https:\/\/webadedios.com\/blog\/wp-json\/wp\/v2\/media?parent=7132"}],"wp:term":[{"taxonomy":"category","embeddable":true,"href":"https:\/\/webadedios.com\/blog\/wp-json\/wp\/v2\/categories?post=7132"},{"taxonomy":"post_tag","embeddable":true,"href":"https:\/\/webadedios.com\/blog\/wp-json\/wp\/v2\/tags?post=7132"}],"curies":[{"name":"wp","href":"https:\/\/api.w.org\/{rel}","templated":true}]}}