{"id":7120,"date":"2013-08-26T17:33:52","date_gmt":"2013-08-26T22:33:52","guid":{"rendered":"http:\/\/webadedios.com\/blog\/?p=7120"},"modified":"2013-08-26T17:44:11","modified_gmt":"2013-08-26T22:44:11","slug":"mi-escritorio-de-agosto-2013","status":"publish","type":"post","link":"https:\/\/webadedios.com\/blog\/2013\/general\/mi-escritorio-de-agosto-2013\/","title":{"rendered":"Mi escritorio de Agosto 2013"},"content":{"rendered":"<p>Ya llevo mucho tiempo, seguramente m\u00e1s de un a\u00f1o que no colocaba alguna imagen de como lucia mi escritorio, hoy empieza un programa en la televisi\u00f3n abierta mexicana que me gusta mucho, y al poner el wallpaper actualice tambi\u00e9n mi bodega de pantallazos, sea pues, coloco como lucir\u00e1 lo que queda de este mes<\/p>\n<p><a title=\"escritorio_razorqt_ags2kx3_5 por webadedios, en Flickr\" href=\"http:\/\/www.flickr.com\/photos\/webadedios\/9603802032\/\"><img loading=\"lazy\" decoding=\"async\" alt=\"escritorio_razorqt_ags2kx3_5\" src=\"http:\/\/farm8.staticflickr.com\/7443\/9603802032_bd23231f4d.jpg\" width=\"500\" height=\"281\" \/><\/a><\/p>\n<p>Este mes estuve usando Razor-qt, usado con tonalidades oscuras, aparte se puede apreciar el cairo-dock en la parte inferior, el cual solo aparece cuando paso el mouse sobre el esa misma \u00e1rea<\/p>\n<p>\u00faltimamente los fondos de pantalla han sido m\u00e1s con fondos del libro que estoy leyendo, esta otra la traje a principios de Agosto, la imagen es digamos que la portada del uno de los libros de la serie canci\u00f3n de hielo y fuego, \u00abtormenta de espadas\u00bb de George R..R. Martin (<a title=\"razones por las que leer\u00e9 el libro\" href=\"http:\/\/webadedios.com\/blog\/2013\/libros-lecturas\/leere-cancion-de-hielo-y-fuego-libro-iii-tormenta-de-espadas-de-george-r-r-martin\/\">leer\u00e9&#8230;.<\/a>)<\/p>\n<p><a title=\"escritorio_razorqt_ags2kx3_2 por webadedios, en Flickr\" href=\"http:\/\/www.flickr.com\/photos\/webadedios\/9482740681\/\"><img loading=\"lazy\" decoding=\"async\" alt=\"escritorio_razorqt_ags2kx3_2\" src=\"http:\/\/farm3.staticflickr.com\/2858\/9482740681_ddfd74bb0a.jpg\" width=\"500\" height=\"281\" \/><\/a><\/p>\n<p>aqu\u00ed solamente con razor-qt, no he modificado gran cosa, GTK2 menta e iconos Faenza darker<\/p>\n<!--CusAds0-->\n<div style=\"font-size: 0px; height: 0px; line-height: 0px; margin: 0; padding: 0; clear: both;\"><\/div>","protected":false},"excerpt":{"rendered":"<p>pantallazo a como luce mi escritorio linux con razorqt<\/p>\n","protected":false},"author":1,"featured_media":0,"comment_status":"open","ping_status":"open","sticky":false,"template":"","format":"standard","meta":{"footnotes":""},"categories":[1,19],"tags":[712,2894,2248],"class_list":["post-7120","post","type-post","status-publish","format-standard","hentry","category-general","category-linux","tag-escritorio","tag-linux","tag-razor-qt"],"_links":{"self":[{"href":"https:\/\/webadedios.com\/blog\/wp-json\/wp\/v2\/posts\/7120","targetHints":{"allow":["GET"]}}],"collection":[{"href":"https:\/\/webadedios.com\/blog\/wp-json\/wp\/v2\/posts"}],"about":[{"href":"https:\/\/webadedios.com\/blog\/wp-json\/wp\/v2\/types\/post"}],"author":[{"embeddable":true,"href":"https:\/\/webadedios.com\/blog\/wp-json\/wp\/v2\/users\/1"}],"replies":[{"embeddable":true,"href":"https:\/\/webadedios.com\/blog\/wp-json\/wp\/v2\/comments?post=7120"}],"version-history":[{"count":0,"href":"https:\/\/webadedios.com\/blog\/wp-json\/wp\/v2\/posts\/7120\/revisions"}],"wp:attachment":[{"href":"https:\/\/webadedios.com\/blog\/wp-json\/wp\/v2\/media?parent=7120"}],"wp:term":[{"taxonomy":"category","embeddable":true,"href":"https:\/\/webadedios.com\/blog\/wp-json\/wp\/v2\/categories?post=7120"},{"taxonomy":"post_tag","embeddable":true,"href":"https:\/\/webadedios.com\/blog\/wp-json\/wp\/v2\/tags?post=7120"}],"curies":[{"name":"wp","href":"https:\/\/api.w.org\/{rel}","templated":true}]}}