{"id":264,"date":"2005-10-03T16:56:54","date_gmt":"2005-10-03T20:56:54","guid":{"rendered":"http:\/\/webadedios.net\/modules\/wordpress\/?p=264"},"modified":"2005-10-03T17:01:31","modified_gmt":"2005-10-03T21:01:31","slug":"mexico-campeon-del-mundo-sub-17","status":"publish","type":"post","link":"https:\/\/webadedios.com\/blog\/2005\/general\/mexico-campeon-del-mundo-sub-17\/","title":{"rendered":"M\u00e9xico Campe\u00f3n del Mundo Sub 17"},"content":{"rendered":"<p>Ni\u00f1os h\u00e9roes&#8230;. <span id=\"_ctl2_lblPermalink\"><font size=\"3\"><font color=\"#008000\">Me<\/font>xi<font color=\"#ff0000\">co<\/font><\/font><\/span><br \/>\n Campe\u00f3n<\/p>\n<p><img loading=\"lazy\" decoding=\"async\" src=\"http:\/\/webadedios.net\/uploads\/premiacion-mex.jpg\" width=\"220\" height=\"154\" alt=\"campeonessub17\" title=\"campeonessub17\" \/><\/p>\n<p>Con un despliegue de oficio y efectividad y mucha garra y hambre de trinfo, M\u00e9xico consigui\u00f3 el t\u00edtulo del Campeonato Mundial Sub-17 de la FIFA Per\u00fa 2005, tras derrotar contundentemente a Brasil por 3-0.<\/p>\n<p>Que equipazo y que manera de jugar de estos ni\u00f1os h\u00e9roes, El estadio nacional de Lima se llen\u00f3, como si la selecci\u00f3n peruana decidiera el campeonato. Pero es <span id=\"_ctl2_lblPermalink\"><font size=\"3\"><font color=\"#008000\">Me<\/font>xi<font color=\"#ff0000\">co<\/font><\/font><\/span> quien lo ha llenado. Esta vez no es el juego bonito de Brasil, est\u00e1 vez son los \u00eddolos mexicanos.<\/p>\n<p>Mientras yo me encontraba en el estadio equivocado, Brasil cay\u00f3 inobjetablemente por 3-0 ante <span id=\"_ctl2_lblPermalink\"><font size=\"3\"><font color=\"#008000\">Me<\/font>xi<font color=\"#ff0000\">co<\/font><\/font><\/span>, que se consagr\u00f3 como un brillant\u00edsimo campe\u00f3n. El partido se jug\u00f3 en el estadio Nacional de Lima ante 40.000 espectadores (Yo me encontraba en el Estadio Azteca con m\u00e1s de 103,000 espectadores viendo el primer partido de F\u00fatbol Americano de temporada regular fuera de los Estados unidos).<\/p>\n<p>Los mexicanos coronaron con oro una estupenda campa\u00f1a en la que ganaron cinco partidos y s\u00f3lo fueron derrotados en el cierre del Grupo B por Turqu\u00eda,<\/p>\n<p>El delantero mexicano Carlos Vela se adem\u00e1s coron\u00f3 como el m\u00e1ximo goleador del Mundial Sub-17, con cinco tantos en su cuenta<\/p>\n<p>El Campeonato Mundial Sub-17 de la FIFA Per\u00fa 2005 ha pasado a la historia por ser el primero que se disputa \u00edntegramente en estadios con campos de juego artificial. El \u00e9xito de la disputa de los partidos en estos terrenos, que al principio generaron dudas sobre sus condiciones, ha sido resaltado por propios y extra\u00f1os.<\/p>\n<!--CusAds0-->\n<div style=\"font-size: 0px; height: 0px; line-height: 0px; margin: 0; padding: 0; clear: both;\"><\/div>","protected":false},"excerpt":{"rendered":"<p>M\u00e9xico golea 3-0 a Brasil en la final y se consagra campe\u00f3n Mundial Sub-17<\/p>\n","protected":false},"author":1,"featured_media":0,"comment_status":"open","ping_status":"open","sticky":false,"template":"","format":"standard","meta":{"footnotes":""},"categories":[5,1],"tags":[2898],"class_list":["post-264","post","type-post","status-publish","format-standard","hentry","category-futbol","category-general","tag-webadedios"],"_links":{"self":[{"href":"https:\/\/webadedios.com\/blog\/wp-json\/wp\/v2\/posts\/264","targetHints":{"allow":["GET"]}}],"collection":[{"href":"https:\/\/webadedios.com\/blog\/wp-json\/wp\/v2\/posts"}],"about":[{"href":"https:\/\/webadedios.com\/blog\/wp-json\/wp\/v2\/types\/post"}],"author":[{"embeddable":true,"href":"https:\/\/webadedios.com\/blog\/wp-json\/wp\/v2\/users\/1"}],"replies":[{"embeddable":true,"href":"https:\/\/webadedios.com\/blog\/wp-json\/wp\/v2\/comments?post=264"}],"version-history":[{"count":0,"href":"https:\/\/webadedios.com\/blog\/wp-json\/wp\/v2\/posts\/264\/revisions"}],"wp:attachment":[{"href":"https:\/\/webadedios.com\/blog\/wp-json\/wp\/v2\/media?parent=264"}],"wp:term":[{"taxonomy":"category","embeddable":true,"href":"https:\/\/webadedios.com\/blog\/wp-json\/wp\/v2\/categories?post=264"},{"taxonomy":"post_tag","embeddable":true,"href":"https:\/\/webadedios.com\/blog\/wp-json\/wp\/v2\/tags?post=264"}],"curies":[{"name":"wp","href":"https:\/\/api.w.org\/{rel}","templated":true}]}}