{"id":2354,"date":"2011-05-02T19:37:22","date_gmt":"2011-05-03T01:37:22","guid":{"rendered":"http:\/\/webadedios.net\/modules\/wordpress\/?p=2354"},"modified":"2011-05-02T19:37:22","modified_gmt":"2011-05-03T01:37:22","slug":"beato-juan-pablo-ii","status":"publish","type":"post","link":"https:\/\/webadedios.com\/blog\/2011\/general\/beato-juan-pablo-ii\/","title":{"rendered":"Beato Juan Pablo II"},"content":{"rendered":"<figure style=\"width: 232px\" class=\"wp-caption aligncenter\"><img loading=\"lazy\" decoding=\"async\" title=\"Beato\" src=\"http:\/\/img855.imageshack.us\/img855\/1327\/beatojuanpabloiiefejace.jpg\" alt=\"beato\" width=\"232\" height=\"320\" \/><figcaption class=\"wp-caption-text\">Beato Juan Pablo II<\/figcaption><\/figure>\n<p style=\"text-align: center;\"><strong>Beato Juan Pablo II<br \/>\n1 de Mayo de 2011<\/strong><\/p>\n<p style=\"text-align: center;\">Tenemos un nuevo Beato: Juan Pablo II, ruega por nosotros<\/p>\n<p>El actual Papa Benedicto XVI proclam\u00f3 beato esta ma\u00f1ana a su  predecesor, el Papa Juan Pablo II, al inicio de una hist\u00f3rica y  multitudinaria Eucarist\u00eda a la que se estima asistieron m\u00e1s de un mill\u00f3n de  personas de todas partes del mundo y dijo que la fiesta del Papa peregrino se celebrar\u00e1 el 22 de octubre de cada a\u00f1o,<\/p>\n<p>Adem\u00e1s se devel\u00f3\u00a0 la imagen oficial que representa al beato Juan Pablo II, una  fotograf\u00eda que data de 1995, cuando ten\u00eda 74 a\u00f1os de edad y que lo  retrata en primer plano de medio perfil, con una capa roja.<\/p>\n<!--CusAds0-->\n<div style=\"font-size: 0px; height: 0px; line-height: 0px; margin: 0; padding: 0; clear: both;\"><\/div>","protected":false},"excerpt":{"rendered":"<p>recuerdo de la beatificaci\u00f3n de Juan pablo ii<\/p>\n","protected":false},"author":1,"featured_media":0,"comment_status":"open","ping_status":"open","sticky":false,"template":"","format":"standard","meta":{"footnotes":""},"categories":[1,11],"tags":[1212,1211,781],"class_list":["post-2354","post","type-post","status-publish","format-standard","hentry","category-general","category-opiniones","tag-ii","tag-juan-pablo","tag-segundo"],"_links":{"self":[{"href":"https:\/\/webadedios.com\/blog\/wp-json\/wp\/v2\/posts\/2354","targetHints":{"allow":["GET"]}}],"collection":[{"href":"https:\/\/webadedios.com\/blog\/wp-json\/wp\/v2\/posts"}],"about":[{"href":"https:\/\/webadedios.com\/blog\/wp-json\/wp\/v2\/types\/post"}],"author":[{"embeddable":true,"href":"https:\/\/webadedios.com\/blog\/wp-json\/wp\/v2\/users\/1"}],"replies":[{"embeddable":true,"href":"https:\/\/webadedios.com\/blog\/wp-json\/wp\/v2\/comments?post=2354"}],"version-history":[{"count":0,"href":"https:\/\/webadedios.com\/blog\/wp-json\/wp\/v2\/posts\/2354\/revisions"}],"wp:attachment":[{"href":"https:\/\/webadedios.com\/blog\/wp-json\/wp\/v2\/media?parent=2354"}],"wp:term":[{"taxonomy":"category","embeddable":true,"href":"https:\/\/webadedios.com\/blog\/wp-json\/wp\/v2\/categories?post=2354"},{"taxonomy":"post_tag","embeddable":true,"href":"https:\/\/webadedios.com\/blog\/wp-json\/wp\/v2\/tags?post=2354"}],"curies":[{"name":"wp","href":"https:\/\/api.w.org\/{rel}","templated":true}]}}