{"id":2299,"date":"2011-03-21T12:05:07","date_gmt":"2011-03-21T18:05:07","guid":{"rendered":"http:\/\/webadedios.net\/modules\/wordpress\/?p=2299"},"modified":"2011-03-21T12:05:07","modified_gmt":"2011-03-21T18:05:07","slug":"feliz-cumpleanos-twitter","status":"publish","type":"post","link":"https:\/\/webadedios.com\/blog\/2011\/general\/feliz-cumpleanos-twitter\/","title":{"rendered":"Feliz cumplea\u00f1os twitter"},"content":{"rendered":"<p>La red social de twitter y celebra <a href=\"http:\/\/www.fayerwayer.com\/2011\/03\/los-cinco-anos-de-twitter-en-cifras\/\"><\/a> su aniversario n\u00famero cinco, hoy\u00a0 de echo hoy se cumple el aniversario oficial del primer mensaje enviado en la red social. El<strong> 21 de marzo de 2006<\/strong>, el co-fundador de Twitter, <a href=\"http:\/\/www.fayerwayer.com\/tag\/jack-dorsey\/\">Jack Dorsey<\/a>, envi\u00f3 el primer \u2018tweet\u2019:<strong> <\/strong><a href=\"http:\/\/twitter.com\/#%21\/jack\/status\/29\" target=\"_blank\">\u00abInviting coworkers\u00bb (invitando a colaboradores)<\/a>.<\/p>\n<figure style=\"width: 320px\" class=\"wp-caption aligncenter\"><img loading=\"lazy\" decoding=\"async\" title=\"Invitando Colaboradores\" src=\"http:\/\/img156.imageshack.us\/img156\/1989\/primertwitt.png\" alt=\"Invitando Colaboradores\" width=\"320\" height=\"118\" \/><figcaption class=\"wp-caption-text\">Invitando Colaboradores<\/figcaption><\/figure>\n<p>&nbsp;<\/p>\n<p>Susodicho mensaje lo recibi\u00f3 apenas un pu\u00f1ado de personas que trabajaban en el desarrollo de la plataforma \u2013 en comparaci\u00f3n con los 460.000 nuevos usuarios que suma cada d\u00eda actualmente a sus ya sobrepasados 200 millones de usuarios.<\/p>\n<p>Nacido en las cabezas de Dorson, Evan Williams y Biz Stone; en tan s\u00f3lo ocho d\u00edas de arduo trabajo, un 21 de marzo de 2006 Dorsey public\u00f3 el primer tweet con su usuario @jack, invitando a sus compa\u00f1eros de empresa a participar en la nueva red social. Inicialmente el nombre del espacio iba a prescindir de las vocales, y en esa l\u00ednea pueden seguirse las publicaciones que refieren al aniversario con el hashtag #twttr.<\/p>\n<p>Comunicaci\u00f3n web en 140 caracteres. En este concepto pens\u00f3 Jack Dorsey cuando hace cinco a\u00f1os comenz\u00f3 a darle forma al c\u00f3digo de programaci\u00f3n de Twitter, una red social que en la actualidad goza de pleno \u00e9xito de visitas, que es caudal de informaci\u00f3n, y hoy <a href=\"http:\/\/twitter.com\/jack\">@jack<\/a> ha estado recordando esos primeros momentos de la red social en su propia cuenta, contando lo que estaban haciendo hace cinco a\u00f1os. Pese a ser uno de los fundadores, Jack dej\u00f3 la empresa hace alg\u00fan tiempo para trabajar en un nuevo emprendimiento: Square, un sistema de pagos con tarjeta de cr\u00e9dito a trav\u00e9s de tel\u00e9fonos m\u00f3viles.<\/p>\n<p>Algunos de los momentos clave para la red social fueron las elecciones en Estados Unidos, donde el presidente <a href=\"http:\/\/twitter.com\/barackobama\">Barack Obama<\/a> manej\u00f3 parte de su campa\u00f1a a trav\u00e9s de este servicio. Las manifestaciones en Ir\u00e1n tambi\u00e9n fueron un momento notable para el sitio, algo que tambi\u00e9n se ha visto en situaciones de crisis como lo que ocurri\u00f3 en Egipto y T\u00fanez, como tambi\u00e9n tras el terremoto en Jap\u00f3n, en cualquier desastre natural es siempre la primera fuente de informaci\u00f3n. En twitter personalmente he vivido nacimientos, bodas, fallecimientos, divorcios, etc, en definitiva, la vida real de mucha gente que me importa, algo tan poco virtual que choca al principio cuando alguien te pregunta para qu\u00e9 sirve twitter.<\/p>\n<p>De a poco, Twitter ha ido sumando millones de usuarios y alcanza a enviar mil millones de mensajes de 140 caracteres por semana.<\/p>\n<p>En twitter se comparte pr\u00e1cticamente de todo, desde intereses, buenas intenciones, compa\u00f1\u00eda, compa\u00f1erismo y amistad.<\/p>\n<p>El 13 de marzo ha sido el d\u00eda elegido por el co-fundador de Twitter para comenzar con las celebraciones y narrar los pasos iniciales del sitio. Incluso ha incluido el boceto del proyecto dibujado en un cuaderno de papel, y los primeros dise\u00f1os del aspecto de Twitter. Los mismos pueden consultarse en la cuenta de Flickr de Dorsey: <a href=\"http:\/\/www.flickr.com\/photos\/jackdorsey\">www.flickr.com\/photos\/jackdorsey<\/a>. pero e mi me gusta celebrar el nacimiento, no la concepci\u00f3n<\/p>\n<p>enlaces<br \/>\n<a href=\" http:\/\/twitter.com\/jack\"><br \/>\nhttp:\/\/twitter.com\/jack<\/a><br \/>\n<a href=\"http:\/\/www.flickr.com\/photos\/jackdorsey\">http:\/\/www.flickr.com\/photos\/jackdorsey<\/a><\/p>\n<p>&nbsp;<\/p>\n<!--CusAds0-->\n<div style=\"font-size: 0px; height: 0px; line-height: 0px; margin: 0; padding: 0; clear: both;\"><\/div>","protected":false},"excerpt":{"rendered":"<p>aniversario de la red social twitter de su creaci\u00f3n<\/p>\n","protected":false},"author":1,"featured_media":0,"comment_status":"open","ping_status":"open","sticky":false,"template":"","format":"standard","meta":{"footnotes":""},"categories":[1],"tags":[1159,107,1160,1162,960,961,293,1161,1163,60],"class_list":["post-2299","post","type-post","status-publish","format-standard","hentry","category-general","tag-1159","tag-aniversario","tag-cinco","tag-conmemoracion","tag-cumple","tag-cumpleanos","tag-primer","tag-quinto","tag-twit","tag-twitter"],"_links":{"self":[{"href":"https:\/\/webadedios.com\/blog\/wp-json\/wp\/v2\/posts\/2299","targetHints":{"allow":["GET"]}}],"collection":[{"href":"https:\/\/webadedios.com\/blog\/wp-json\/wp\/v2\/posts"}],"about":[{"href":"https:\/\/webadedios.com\/blog\/wp-json\/wp\/v2\/types\/post"}],"author":[{"embeddable":true,"href":"https:\/\/webadedios.com\/blog\/wp-json\/wp\/v2\/users\/1"}],"replies":[{"embeddable":true,"href":"https:\/\/webadedios.com\/blog\/wp-json\/wp\/v2\/comments?post=2299"}],"version-history":[{"count":0,"href":"https:\/\/webadedios.com\/blog\/wp-json\/wp\/v2\/posts\/2299\/revisions"}],"wp:attachment":[{"href":"https:\/\/webadedios.com\/blog\/wp-json\/wp\/v2\/media?parent=2299"}],"wp:term":[{"taxonomy":"category","embeddable":true,"href":"https:\/\/webadedios.com\/blog\/wp-json\/wp\/v2\/categories?post=2299"},{"taxonomy":"post_tag","embeddable":true,"href":"https:\/\/webadedios.com\/blog\/wp-json\/wp\/v2\/tags?post=2299"}],"curies":[{"name":"wp","href":"https:\/\/api.w.org\/{rel}","templated":true}]}}