{"id":211,"date":"2005-07-28T21:38:59","date_gmt":"2005-07-29T00:38:59","guid":{"rendered":"\/?p=211"},"modified":"2005-07-28T21:38:59","modified_gmt":"2005-07-29T00:38:59","slug":"promos-de-mxico-contra-la-delincuencia","status":"publish","type":"post","link":"https:\/\/webadedios.com\/blog\/2005\/opiniones\/promos-de-mxico-contra-la-delincuencia\/","title":{"rendered":"Promos de M\u00e9xico contra la delincuencia"},"content":{"rendered":"<p>Estos spots aparecen en la televisi\u00f3n mexicana y he de decir que la<br \/>\nprimera vez que vi uno de estos, me dio un escalofrio que me recorrio<br \/>\ntodo el cuerpo<\/p>\n<p>El primero que vi fue el de Pedro Galindo (empresario al que los<br \/>\nsecuestradores le cortaron 4 dedos), y no se si decir si fue conmovedor<br \/>\no aterrador, pienso que es m\u00e1s lo segundo.<\/p>\n<p><\/p>\n<div style=\"text-align: center;\"><img decoding=\"async\" src=\"http:\/\/webadedios.freesuperhost.com\/uploads\/pedrogalindo.jpg\" alt=\"pedrogalindo\"><br \/>\n\n<\/div>\n<p>Esperamos que sirva para que las autoridades<br \/>\nse pongan en acci\u00f3n, una marcha ya fue hecha todos de blanco y en<br \/>\nsilencio, y aun asi no hacen nada.<\/p>\n<p>\nUna ciudad contra el miedo, promocionales en la televisi\u00f3n mexicana<br \/>\npara motivar a las autoridades a frenar la oleada de delincuencia<\/p>\n<p>\nEl siguiente es un texto del reportero Ciro G\u00f3mez, me llego por mail,<br \/>\nsi encuentro la fuente (diario o p\u00e1gina) del mismo la citare despu\u00e9s<\/p>\n<table style=\"width: 510px; height: 992px;\" bgcolor=\"#d7d7ac\" border=\"1\">\n<tbody>\n<tr>\n<td>\n<div style=\"text-align: center; font-weight: bold;\">&nbsp;La historia en breve:&nbsp;&nbsp;&nbsp; <font size=\"2\"><span style=\"color: rgb(255, 129, 0);\">\u00c2\u00a1Tengan!,<\/span>&nbsp;&nbsp;<\/font> &nbsp;\n    <\/div>\n<div style=\"text-align: center;\"><span style=\"font-weight: bold; font-style: italic;\"> por Ciro G\u00f3mez Leyva, 15-julio-05<\/span>\n    <\/div>\n<p>\n Las manos de Pedro Galindo.<\/p>\n<p><\/p>\n<p>No recuerdo en mucho tiempo un spot de televisi\u00f3n m\u00e1s estrujante que el<br \/>\nde Pedro Galindo. M\u00e9xico Unido Contra la Delincuencia lo puso al aire<br \/>\nel 28 de junio (al cumplirse un a\u00f1o de la gran marcha contra la<br \/>\ninseguridad) en los canales de Televisa, en horario nocturno.<br \/>\nSeguramente ya lo han visto. Pedro, un secuestrado, describe que cuando<br \/>\nle cortaron el primer dedo sinti\u00f3 dolor; miedo cuando el segundo, rabia<br \/>\ncuando el tercero y fuerza cuando le mutilaron el cuarto. Pero lo que<br \/>\nlo har\u00e1 inolvidable es el desenlace. Pedro sube el tono de voz y le<br \/>\nexige a las autoridades que no mientan, \u00abque trabajen y salven a<br \/>\nnuestra ciudad del miedo, y si les tiembla la mano, \u00c2\u00a1tengan, les presto<br \/>\nlas m\u00edas!\u00bb, remata acercando sus dos manos, muy fuertes, casi hasta<br \/>\ntocar la c\u00e1mara. Tres amputaciones en la izquierda, una en la derecha.<\/p>\n<p>Es brutal. Es impecable para los fines que busca M\u00e9xico Unido Contra la<br \/>\nDelincuencia. \u00abEl objetivo es sensibilizar a los ciudadanos para que<br \/>\ndenuncien\u00bb, dice la presidenta de esa organizaci\u00f3n, Mar\u00eda Elena Morera.<br \/>\n\u00abY tambi\u00e9n presionar a la autoridad para que estimule una cultura de la<br \/>\ndenuncia, y para que los gobiernos tomen de mejor manera la denuncia de<br \/>\nlos ciudadanos\u00bb.<\/p>\n<p> Junto con el de Pedro Galindo est\u00e1 al aire el<br \/>\nspot de Martha Cristiana, una madre a la que le mataron a dos hijos y<br \/>\nahora est\u00e1 embarazada por tercera ocasi\u00f3n. En breve se difundir\u00e1 el<br \/>\ntercer spot de la campa\u00f1a. El personaje ser\u00e1 Talina Fern\u00e1ndez.<\/p>\n<p>Quiz\u00e1 al enterarse de que se trata de Talina Fern\u00e1ndez, e imaginar c\u00f3mo<br \/>\nser\u00e1 el spot, el gobierno del Distrito Federal decidi\u00f3 repetir la<br \/>\nf\u00f3rmula fallida que emple\u00f3 para desacreditar la gran marcha del 27 de<br \/>\njunio de 2004: alegar que se trata de un complot en contra de un<br \/>\ngobierno de izquierda.<\/p>\n<p> Andr\u00e9s Manuel L\u00f3pez Obrador dice ahora<br \/>\nque los responsables de esta campa\u00f1a son Carlos Salinas de Gortari y<br \/>\nsus secuaces. Incre\u00edble, pero cierto. La ciudad no sufre, no teme.<br \/>\nManifestar una inconformidad porque la autoridad no protege y acompa\u00f1a<br \/>\nal ciudadano frente a los criminales es conspirar contra el \u00abgobierno<br \/>\ndemocr\u00e1tico\u00bb. Es incre\u00edble. Es una perversidad.<\/p>\n<p> Pero al igual<br \/>\nque el a\u00f1o pasado, L\u00f3pez Obrador fracasar\u00e1 en su embate contra Pedro,<br \/>\nMartha, Talina. Por una sencilla raz\u00f3n: la gente est\u00e1 dolida, tiene<br \/>\nmiedo, tiene rabia y tiene fuerza. Y quiere meter sus manos en una<br \/>\nlucha en la que el gobierno ha sido arrasado.<\/p>\n<p> Por lo pronto,<br \/>\nla tenacidad de M\u00e9xico Unido Contra la Delincuencia y otras<br \/>\nagrupaciones sirvi\u00f3 para que 936 municipios cuenten ya con el programa<br \/>\n066 de denuncia telef\u00f3nica. El gobierno del DF se resiste a sumarse.<br \/>\nAlega razones t\u00e9cnicas que Telmex ya le explic\u00f3 que no son v\u00e1lidas.<\/p>\n<p>Mientras L\u00f3pez Obrador inventa conspiraciones, gobiernos como el de<br \/>\nAguascalientes ponen en internet todo el proceso de una averiguaci\u00f3n<br \/>\nprevia para que el ciudadano la pueda seguir paso a paso.<\/p>\n<p> Ese<br \/>\nes el camino. La tozudez de algunos gobernantes no podr\u00e1 detener el<br \/>\navance ciudadano. Cada vez ser\u00e1n m\u00e1s quienes le digan \u00ab\u00c2\u00a1Tengan!\u00bb a<br \/>\npol\u00edticos que, como L\u00f3pez Obrador, no quieren ver cu\u00e1ntos dedos le<br \/>\nfaltan a la realidad.<\/p>\n<div style=\"text-align: right;\"><a href=\"mailto:gomezleyva@milenio.com\">Ciro G\u00f3mez Leyva<\/a><\/p><\/div>\n<\/td>\n<\/tr>\n<\/tbody>\n<\/table>\n<p><span style=\"font-weight: bold;\"><br \/>\nfuentes:<\/span><\/p>\n<p><a href=\"http:\/\/mexicounido.org\/index.php?option=com_wrapper&amp;wrap=Videos%20MUCD&amp;Itemid=101\" target=\"_blank\">M\u00e9xico Unido Contra la Delincuencia<\/a><\/p>\n<p><a href=\"http:\/\/www.mexicounido.org\/\">M\u00e9xico Unido Contra la Delincuencia<\/a>, p\u00e1gina principal<\/p>\n<p><a href=\"http:\/\/www.tecnofilia.biz\/iq-zone\/tets.html\" target=\"_self\">Video-Comercial de televisi\u00f3n<\/a><\/p>\n<p><a href=\"http:\/\/www.jornada.unam.mx\/2004\/jun04\/040628\/indexfla.php\">Marcha contra la inseguridad<\/a><\/p>\n<!--CusAds0-->\n<div style=\"font-size: 0px; height: 0px; line-height: 0px; margin: 0; padding: 0; clear: both;\"><\/div>","protected":false},"excerpt":{"rendered":"<p>Una ciudad contra el miedo, promocionales en la televisi\u00f3n mexicana para motivar a las autoridades a frenar la oleada de delincuencia<\/p>\n","protected":false},"author":1,"featured_media":0,"comment_status":"open","ping_status":"open","sticky":false,"template":"","format":"standard","meta":{"footnotes":""},"categories":[11],"tags":[2898],"class_list":["post-211","post","type-post","status-publish","format-standard","hentry","category-opiniones","tag-webadedios"],"_links":{"self":[{"href":"https:\/\/webadedios.com\/blog\/wp-json\/wp\/v2\/posts\/211","targetHints":{"allow":["GET"]}}],"collection":[{"href":"https:\/\/webadedios.com\/blog\/wp-json\/wp\/v2\/posts"}],"about":[{"href":"https:\/\/webadedios.com\/blog\/wp-json\/wp\/v2\/types\/post"}],"author":[{"embeddable":true,"href":"https:\/\/webadedios.com\/blog\/wp-json\/wp\/v2\/users\/1"}],"replies":[{"embeddable":true,"href":"https:\/\/webadedios.com\/blog\/wp-json\/wp\/v2\/comments?post=211"}],"version-history":[{"count":0,"href":"https:\/\/webadedios.com\/blog\/wp-json\/wp\/v2\/posts\/211\/revisions"}],"wp:attachment":[{"href":"https:\/\/webadedios.com\/blog\/wp-json\/wp\/v2\/media?parent=211"}],"wp:term":[{"taxonomy":"category","embeddable":true,"href":"https:\/\/webadedios.com\/blog\/wp-json\/wp\/v2\/categories?post=211"},{"taxonomy":"post_tag","embeddable":true,"href":"https:\/\/webadedios.com\/blog\/wp-json\/wp\/v2\/tags?post=211"}],"curies":[{"name":"wp","href":"https:\/\/api.w.org\/{rel}","templated":true}]}}