{"id":17,"date":"2003-11-19T13:45:26","date_gmt":"2003-11-19T16:45:26","guid":{"rendered":"\/?p=17"},"modified":"2003-11-19T13:45:26","modified_gmt":"2003-11-19T16:45:26","slug":"aniversario-luctuoso-de-mi-padre-jos-antonio-de-dios-prez","status":"publish","type":"post","link":"https:\/\/webadedios.com\/blog\/2003\/duelo\/aniversario-luctuoso-de-mi-padre-jos-antonio-de-dios-prez\/","title":{"rendered":"Aniversario Luctuoso de mi Padre (Jos\u00e9 Antonio De Dios P\u00e9rez)"},"content":{"rendered":"<p>A mi querido Padre quien durmio en la paz del Se\u00f1or un 19 de Noviembre, a quien he de extra\u00f1ar por toda mi vida, a quien sirvio de gran ejemplo de entereza, capacidad, fortaleza y un sin fin de diferentes emociones que me hizo sentir. Por quien doblaron las campanas aquel triste domingo donde todos sus amigos, conocidos y familiares rindieron un \u00faltimo adi\u00f3s, a quien todos los d\u00edas he de recordar como si estuviese en un viaje del que regresar\u00e1 proximamente.<\/p>\n<p>Pap\u00e1, te recordamos con amor, respeto y cari\u00f1o, extra\u00f1amos tu presencia f\u00edsica y tus consejos, pero tu ejemplo y tu gu\u00eda nos dan fuerza para seguir adelante. En nueestra mente y coraz\u00f3n sigues tan presente como siempre, tu imagen, tus palabras, tu sonrisa, tus sue\u00f1os, pero sobre todo, ese ejemplar y \u00fanico amor por mi madre, nos inspiran a seguir ese ejemplo con nuestras familias.<br \/>\nHoy y siempre te buscaremos como una estrella en el Cielo, gozando de Dios, de la Virgen Mar\u00eda<\/p>\n<p>Pap\u00e1, gracias por toda tu vida de entrega para con tu familia por el ejemplo que siempre fuiste para nosotros, de respeto, de entrega, de fortaleza, por el Amor que siempre nos diste. Cuando partiste nos qued\u00f3 un gran dolor que todav\u00eda no alcanza consuelo, sabemos que estas con Dios Ntro. Se\u00f1or, pero nos duele mucho tu ausencia, ojal\u00e1 supieras el Gran Amor que sentimos por t\u00ed, TE AMAMOS PAPA, Y TE EXTRA\u00d1AMOS MUCHO, ES MUY DIFICIL VIVIR SIN TI.<\/p>\n<p>A ti mi padre, mi eterno amigo, compa\u00f1ero y siempre extra\u00f1ado Padre. TE EXTRA\u00d1ARE POR Y PARA SIEMPRE.<\/p>\n<p>Pap\u00e1, por que vives en mi.<\/p>\n<!--CusAds0-->\n<div style=\"font-size: 0px; height: 0px; line-height: 0px; margin: 0; padding: 0; clear: both;\"><\/div>","protected":false},"excerpt":{"rendered":"<p>A mi querido Padre quien durmio en la paz del Se\u00f1or un 19 de Noviembre, a quien he de extra\u00f1ar por toda mi vida, a quien sirvio de gran ejemplo de entereza, capacidad, fortaleza y un sin fin de diferentes emociones que me hizo sentir. Por quien doblaron las campanas aquel triste domingo donde todos [&hellip;]<\/p>\n","protected":false},"author":1,"featured_media":0,"comment_status":"open","ping_status":"open","sticky":false,"template":"","format":"standard","meta":{"footnotes":""},"categories":[7],"tags":[],"class_list":["post-17","post","type-post","status-publish","format-standard","hentry","category-duelo"],"_links":{"self":[{"href":"https:\/\/webadedios.com\/blog\/wp-json\/wp\/v2\/posts\/17","targetHints":{"allow":["GET"]}}],"collection":[{"href":"https:\/\/webadedios.com\/blog\/wp-json\/wp\/v2\/posts"}],"about":[{"href":"https:\/\/webadedios.com\/blog\/wp-json\/wp\/v2\/types\/post"}],"author":[{"embeddable":true,"href":"https:\/\/webadedios.com\/blog\/wp-json\/wp\/v2\/users\/1"}],"replies":[{"embeddable":true,"href":"https:\/\/webadedios.com\/blog\/wp-json\/wp\/v2\/comments?post=17"}],"version-history":[{"count":0,"href":"https:\/\/webadedios.com\/blog\/wp-json\/wp\/v2\/posts\/17\/revisions"}],"wp:attachment":[{"href":"https:\/\/webadedios.com\/blog\/wp-json\/wp\/v2\/media?parent=17"}],"wp:term":[{"taxonomy":"category","embeddable":true,"href":"https:\/\/webadedios.com\/blog\/wp-json\/wp\/v2\/categories?post=17"},{"taxonomy":"post_tag","embeddable":true,"href":"https:\/\/webadedios.com\/blog\/wp-json\/wp\/v2\/tags?post=17"}],"curies":[{"name":"wp","href":"https:\/\/api.w.org\/{rel}","templated":true}]}}